{"id":11035,"date":"2025-03-11T21:10:00","date_gmt":"2025-03-12T00:10:00","guid":{"rendered":"https:\/\/www.correiobraziliense.com.br\/cbradar\/?p=11035"},"modified":"2025-03-10T16:43:20","modified_gmt":"2025-03-10T19:43:20","slug":"toyota-anuncia-o-corolla-hibrido-mais-barato-do-brasil-veja-detalhes","status":"publish","type":"post","link":"https:\/\/www.correiobraziliense.com.br\/cbradar\/toyota-anuncia-o-corolla-hibrido-mais-barato-do-brasil-veja-detalhes\/","title":{"rendered":"Toyota anuncia o Corolla H\u00edbrido mais barato do Brasil, veja detalhes"},"content":{"rendered":"\n<p>O mercado automobil\u00edstico brasileiro est\u00e1 prestes a receber uma novidade significativa com a chegada do&nbsp;<strong>Toyota Corolla GLi Hybrid<\/strong>. Esta vers\u00e3o h\u00edbrida do popular sed\u00e3 da Toyota ser\u00e1 lan\u00e7ada em setembro de 2025, prometendo ser uma op\u00e7\u00e3o mais acess\u00edvel para os consumidores que buscam ve\u00edculos eletrificados. A Toyota do Brasil anunciou que o principal objetivo deste lan\u00e7amento \u00e9 impulsionar as vendas diretas, com uma meta ambiciosa de comercializar 70 mil unidades at\u00e9 o final do ano.<\/p>\n\n\n\n<p>Para atingir essa meta, a Toyota j\u00e1 est\u00e1 oferecendo descontos atrativos em algumas vers\u00f5es de seus ve\u00edculos, incluindo o Corolla <strong>GLi<\/strong>. A pol\u00edtica de desconto \u00e9 aplic\u00e1vel independentemente de o comprador ser um produtor rural ou um cliente <strong>CNPJ <\/strong>adquirindo uma \u00fanica unidade. Este movimento estrat\u00e9gico visa tornar o Corolla GLi Hybrid uma escolha vi\u00e1vel para um p\u00fablico mais amplo.<\/p>\n\n\n\n<h2 class=\"wp-block-heading\"><strong>Quais s\u00e3o as caracter\u00edsticas do Corolla GLi Hybrid?<\/strong><\/h2>\n\n\n\n<p>A vers\u00e3o h\u00edbrida de entrada do Corolla, embora n\u00e3o inclua o pacote de seguran\u00e7a <strong>Toyota Safety Sens<\/strong>e, n\u00e3o \u00e9 considerada b\u00e1sica. O modelo vem equipado com uma s\u00e9rie de recursos que visam proporcionar conforto e conveni\u00eancia aos motoristas. Entre os equipamentos de s\u00e9rie, destacam-se o ar-condicionado, dire\u00e7\u00e3o el\u00e9trica, travas el\u00e9tricas, vidros el\u00e9tricos e rodas de liga leve de 16 polegadas.<\/p>\n\n\n\n<p>A central multim\u00eddia do Corolla GLi Hybrid possui uma tela de 10 polegadas com integra\u00e7\u00e3o sem fio para <strong>Android Auto<\/strong> e <strong>Apple CarPlay<\/strong>, permitindo uma conectividade f\u00e1cil e intuitiva. Al\u00e9m disso, o ve\u00edculo conta com retrovisores externos com ajustes el\u00e9tricos e um quadro de instrumentos de 7 polegadas. No quesito seguran\u00e7a, a vers\u00e3o h\u00edbrida do Corolla Cross GLi est\u00e1 equipada com sete airbags, controle eletr\u00f4nico de estabilidade e tra\u00e7\u00e3o, freios ABS com EBD e sistema Isofix para cadeirinhas infantis.<\/p>\n\n\n\n<figure class=\"wp-block-image size-large\"><img decoding=\"async\" width=\"1024\" height=\"576\" src=\"https:\/\/www.correiobraziliense.com.br\/cbradar\/wp-content\/uploads\/2025\/03\/Toyota-Corolla-GLi-Hybrid-1024x576.png\" alt=\"Toyota lan\u00e7a o Corolla H\u00edbrido mais barato do Brasil, veja detalhes\" class=\"wp-image-11038\" srcset=\"https:\/\/www.correiobraziliense.com.br\/cbradar\/wp-content\/uploads\/2025\/03\/Toyota-Corolla-GLi-Hybrid-1024x576.png 1024w, https:\/\/www.correiobraziliense.com.br\/cbradar\/wp-content\/uploads\/2025\/03\/Toyota-Corolla-GLi-Hybrid-300x169.png 300w, https:\/\/www.correiobraziliense.com.br\/cbradar\/wp-content\/uploads\/2025\/03\/Toyota-Corolla-GLi-Hybrid-768x432.png 768w, https:\/\/www.correiobraziliense.com.br\/cbradar\/wp-content\/uploads\/2025\/03\/Toyota-Corolla-GLi-Hybrid-750x422.png 750w, https:\/\/www.correiobraziliense.com.br\/cbradar\/wp-content\/uploads\/2025\/03\/Toyota-Corolla-GLi-Hybrid-1140x641.png 1140w, https:\/\/www.correiobraziliense.com.br\/cbradar\/wp-content\/uploads\/2025\/03\/Toyota-Corolla-GLi-Hybrid.png 1280w\" sizes=\"(max-width: 1024px) 100vw, 1024px\" \/><figcaption class=\"wp-element-caption\">Toyota Corolla GLi Hybrid. Fonte: divulga\u00e7\u00e3o \/ Corolla<\/figcaption><\/figure>\n\n\n\n<figure class=\"wp-block-image size-large\"><img decoding=\"async\" width=\"1024\" height=\"576\" src=\"https:\/\/www.correiobraziliense.com.br\/cbradar\/wp-content\/uploads\/2025\/03\/Toyota-Corolla-GLi-Hybrid-3-1024x576.png\" alt=\"Toyota lan\u00e7a o Corolla H\u00edbrido mais barato do Brasil, veja detalhes\" class=\"wp-image-11037\" srcset=\"https:\/\/www.correiobraziliense.com.br\/cbradar\/wp-content\/uploads\/2025\/03\/Toyota-Corolla-GLi-Hybrid-3-1024x576.png 1024w, https:\/\/www.correiobraziliense.com.br\/cbradar\/wp-content\/uploads\/2025\/03\/Toyota-Corolla-GLi-Hybrid-3-300x169.png 300w, https:\/\/www.correiobraziliense.com.br\/cbradar\/wp-content\/uploads\/2025\/03\/Toyota-Corolla-GLi-Hybrid-3-768x432.png 768w, https:\/\/www.correiobraziliense.com.br\/cbradar\/wp-content\/uploads\/2025\/03\/Toyota-Corolla-GLi-Hybrid-3-750x422.png 750w, https:\/\/www.correiobraziliense.com.br\/cbradar\/wp-content\/uploads\/2025\/03\/Toyota-Corolla-GLi-Hybrid-3-1140x641.png 1140w, https:\/\/www.correiobraziliense.com.br\/cbradar\/wp-content\/uploads\/2025\/03\/Toyota-Corolla-GLi-Hybrid-3.png 1280w\" sizes=\"(max-width: 1024px) 100vw, 1024px\" \/><figcaption class=\"wp-element-caption\">Toyota Corolla GLi Hybrid. Fonte: divulga\u00e7\u00e3o \/ Corolla<\/figcaption><\/figure>\n\n\n\n<figure class=\"wp-block-image size-large\"><img decoding=\"async\" width=\"1024\" height=\"576\" src=\"https:\/\/www.correiobraziliense.com.br\/cbradar\/wp-content\/uploads\/2025\/03\/Toyota-Corolla-GLi-Hybrid-2-1024x576.png\" alt=\"Toyota lan\u00e7a o Corolla H\u00edbrido mais barato do Brasil, veja detalhes\" class=\"wp-image-11036\" srcset=\"https:\/\/www.correiobraziliense.com.br\/cbradar\/wp-content\/uploads\/2025\/03\/Toyota-Corolla-GLi-Hybrid-2-1024x576.png 1024w, https:\/\/www.correiobraziliense.com.br\/cbradar\/wp-content\/uploads\/2025\/03\/Toyota-Corolla-GLi-Hybrid-2-300x169.png 300w, https:\/\/www.correiobraziliense.com.br\/cbradar\/wp-content\/uploads\/2025\/03\/Toyota-Corolla-GLi-Hybrid-2-768x432.png 768w, https:\/\/www.correiobraziliense.com.br\/cbradar\/wp-content\/uploads\/2025\/03\/Toyota-Corolla-GLi-Hybrid-2-750x422.png 750w, https:\/\/www.correiobraziliense.com.br\/cbradar\/wp-content\/uploads\/2025\/03\/Toyota-Corolla-GLi-Hybrid-2-1140x641.png 1140w, https:\/\/www.correiobraziliense.com.br\/cbradar\/wp-content\/uploads\/2025\/03\/Toyota-Corolla-GLi-Hybrid-2.png 1280w\" sizes=\"(max-width: 1024px) 100vw, 1024px\" \/><figcaption class=\"wp-element-caption\">Toyota Corolla GLi Hybrid. Fonte: divulga\u00e7\u00e3o \/ Corolla<\/figcaption><\/figure>\n\n\n\n<h2 class=\"wp-block-heading\"><strong>Como \u00e9 a motoriza\u00e7\u00e3o e desempenho do Corolla GLi Hybrid?<\/strong><\/h2>\n\n\n\n<p>O&nbsp;<strong>Corolla GLi Hybrid<\/strong>&nbsp;combina um motor 1.8 16V de ciclo Atkinson flex com dois motores el\u00e9tricos, conhecidos como MG1 e MG2. O motor a combust\u00e3o oferece 101 cv quando abastecido com etanol e 98 cv com gasolina, mantendo um torque de 14,5 kgfm. Os motores el\u00e9tricos, por sua vez, geram 72 cv de pot\u00eancia e 16,6 kgfm de torque.<\/p>\n\n\n\n<p>O sistema h\u00edbrido do ve\u00edculo proporciona uma pot\u00eancia combinada de 122 cv e utiliza um c\u00e2mbio CVT. O Corolla GLi Hybrid oferece modos de condu\u00e7\u00e3o variados, incluindo Normal, Eco, Power e EV, permitindo que os motoristas adaptem a experi\u00eancia de dire\u00e7\u00e3o \u00e0s suas necessidades espec\u00edficas. Essa flexibilidade \u00e9 um dos atrativos do modelo, que busca atender a diferentes perfis de consumidores.<\/p>\n\n\n\n<h2 class=\"wp-block-heading\"><strong>Qual \u00e9 a expectativa para o Corolla GLi Hybrid no mercado brasileiro?<\/strong><\/h2>\n\n\n\n<p>A expectativa \u00e9 que o lan\u00e7amento do Corolla GLi Hybrid fortale\u00e7a ainda mais a presen\u00e7a da Toyota no mercado brasileiro, especialmente no segmento de ve\u00edculos eletrificados. Combinando inova\u00e7\u00e3o, tecnologia e acessibilidade, o novo modelo promete conquistar consumidores e atingir as metas de vendas estabelecidas para 2026. A introdu\u00e7\u00e3o de uma vers\u00e3o h\u00edbrida mais acess\u00edvel do Corolla \u00e9 um passo estrat\u00e9gico para a Toyota, que busca expandir sua participa\u00e7\u00e3o no mercado de ve\u00edculos sustent\u00e1veis.<\/p>\n\n\n\n<p>O Corolla GLi Hybrid representa uma combina\u00e7\u00e3o de efici\u00eancia energ\u00e9tica e tecnologia avan\u00e7ada, caracter\u00edsticas que est\u00e3o se tornando cada vez mais valorizadas pelos consumidores. Com a crescente demanda por ve\u00edculos que ofere\u00e7am menor impacto ambiental, a Toyota est\u00e1 bem posicionada para atender a essas expectativas com o lan\u00e7amento deste modelo inovador.<\/p>\n","protected":false},"excerpt":{"rendered":"<p>A Toyota do Brasil lan\u00e7ar\u00e1 o Corolla GLi Hybrid em setembro de 2025, oferecendo tecnologia avan\u00e7ada e efici\u00eancia a um pre\u00e7o acess\u00edvel.<\/p>\n","protected":false},"author":3,"featured_media":11038,"comment_status":"open","ping_status":"open","sticky":false,"template":"","format":"standard","meta":{"_yoast_wpseo_focuskw":"Corolla H\u00edbrido","_yoast_wpseo_title":"%%title%%","_yoast_wpseo_metadesc":"A Toyota do Brasil lan\u00e7ar\u00e1 o Corolla GLi Hybrid em setembro de 2025, oferecendo tecnologia avan\u00e7ada e efici\u00eancia a um pre\u00e7o acess\u00edvel.","jnews-multi-image_gallery":[],"jnews_single_post":{"format":"standard"},"jnews_primary_category":[],"jnews_social_meta":[],"jnews_override_counter":[],"footnotes":""},"categories":[122],"post_tag":[1766,1418],"class_list":["post-11035","post","type-post","status-publish","format-standard","has-post-thumbnail","hentry","category-automobilismo","tag-corolla","tag-toyota"],"yoast_head":"<!-- This site is optimized with the Yoast SEO plugin v24.6 - https:\/\/yoast.com\/wordpress\/plugins\/seo\/ -->\n<title>Toyota anuncia o Corolla H\u00edbrido mais barato do Brasil, veja detalhes<\/title>\n<meta name=\"description\" content=\"A Toyota do Brasil lan\u00e7ar\u00e1 o Corolla GLi Hybrid em setembro de 2025, oferecendo tecnologia avan\u00e7ada e efici\u00eancia a um pre\u00e7o acess\u00edvel.\" \/>\n<meta name=\"robots\" content=\"index, follow, max-snippet:-1, max-image-preview:large, max-video-preview:-1\" \/>\n<link rel=\"canonical\" href=\"https:\/\/www.correiobraziliense.com.br\/cbradar\/toyota-anuncia-o-corolla-hibrido-mais-barato-do-brasil-veja-detalhes\/\" \/>\n<meta property=\"og:locale\" content=\"pt_BR\" \/>\n<meta property=\"og:type\" content=\"article\" \/>\n<meta property=\"og:title\" content=\"Toyota anuncia o Corolla H\u00edbrido mais barato do Brasil, veja detalhes\" \/>\n<meta property=\"og:description\" content=\"A Toyota do Brasil lan\u00e7ar\u00e1 o Corolla GLi Hybrid em setembro de 2025, oferecendo tecnologia avan\u00e7ada e efici\u00eancia a um pre\u00e7o acess\u00edvel.\" \/>\n<meta property=\"og:url\" content=\"https:\/\/www.correiobraziliense.com.br\/cbradar\/toyota-anuncia-o-corolla-hibrido-mais-barato-do-brasil-veja-detalhes\/\" \/>\n<meta property=\"og:site_name\" content=\"Correio Braziliense - Radar\" \/>\n<meta property=\"article:published_time\" content=\"2025-03-12T00:10:00+00:00\" \/>\n<meta property=\"og:image\" content=\"https:\/\/www.correiobraziliense.com.br\/cbradar\/wp-content\/uploads\/2025\/03\/Toyota-Corolla-GLi-Hybrid.png\" \/>\n\t<meta property=\"og:image:width\" content=\"1280\" \/>\n\t<meta property=\"og:image:height\" content=\"720\" \/>\n\t<meta property=\"og:image:type\" content=\"image\/png\" \/>\n<meta name=\"author\" content=\"Larissa Carvalho\" \/>\n<meta name=\"twitter:card\" content=\"summary_large_image\" \/>\n<meta name=\"twitter:label1\" content=\"Escrito por\" \/>\n\t<meta name=\"twitter:data1\" content=\"Larissa Carvalho\" \/>\n\t<meta name=\"twitter:label2\" content=\"Est. tempo de leitura\" \/>\n\t<meta name=\"twitter:data2\" content=\"4 minutos\" \/>\n<!-- \/ Yoast SEO plugin. -->","yoast_head_json":{"title":"Toyota anuncia o Corolla H\u00edbrido mais barato do Brasil, veja detalhes","description":"A Toyota do Brasil lan\u00e7ar\u00e1 o Corolla GLi Hybrid em setembro de 2025, oferecendo tecnologia avan\u00e7ada e efici\u00eancia a um pre\u00e7o acess\u00edvel.","robots":{"index":"index","follow":"follow","max-snippet":"max-snippet:-1","max-image-preview":"max-image-preview:large","max-video-preview":"max-video-preview:-1"},"canonical":"https:\/\/www.correiobraziliense.com.br\/cbradar\/toyota-anuncia-o-corolla-hibrido-mais-barato-do-brasil-veja-detalhes\/","og_locale":"pt_BR","og_type":"article","og_title":"Toyota anuncia o Corolla H\u00edbrido mais barato do Brasil, veja detalhes","og_description":"A Toyota do Brasil lan\u00e7ar\u00e1 o Corolla GLi Hybrid em setembro de 2025, oferecendo tecnologia avan\u00e7ada e efici\u00eancia a um pre\u00e7o acess\u00edvel.","og_url":"https:\/\/www.correiobraziliense.com.br\/cbradar\/toyota-anuncia-o-corolla-hibrido-mais-barato-do-brasil-veja-detalhes\/","og_site_name":"Correio Braziliense - Radar","article_published_time":"2025-03-12T00:10:00+00:00","og_image":[{"width":1280,"height":720,"url":"https:\/\/www.correiobraziliense.com.br\/cbradar\/wp-content\/uploads\/2025\/03\/Toyota-Corolla-GLi-Hybrid.png","type":"image\/png"}],"author":"Larissa Carvalho","twitter_card":"summary_large_image","twitter_misc":{"Escrito por":"Larissa Carvalho","Est. tempo de leitura":"4 minutos"},"schema":{"@context":"https:\/\/schema.org","@graph":[{"@type":"WebPage","@id":"https:\/\/www.correiobraziliense.com.br\/cbradar\/toyota-anuncia-o-corolla-hibrido-mais-barato-do-brasil-veja-detalhes\/","url":"https:\/\/www.correiobraziliense.com.br\/cbradar\/toyota-anuncia-o-corolla-hibrido-mais-barato-do-brasil-veja-detalhes\/","name":"Toyota anuncia o Corolla H\u00edbrido mais barato do Brasil, veja detalhes","isPartOf":{"@id":"https:\/\/www.correiobraziliense.com.br\/cbradar\/#website"},"primaryImageOfPage":{"@id":"https:\/\/www.correiobraziliense.com.br\/cbradar\/toyota-anuncia-o-corolla-hibrido-mais-barato-do-brasil-veja-detalhes\/#primaryimage"},"image":{"@id":"https:\/\/www.correiobraziliense.com.br\/cbradar\/toyota-anuncia-o-corolla-hibrido-mais-barato-do-brasil-veja-detalhes\/#primaryimage"},"thumbnailUrl":"https:\/\/www.correiobraziliense.com.br\/cbradar\/wp-content\/uploads\/2025\/03\/Toyota-Corolla-GLi-Hybrid.png","datePublished":"2025-03-12T00:10:00+00:00","author":{"@id":"https:\/\/www.correiobraziliense.com.br\/cbradar\/#\/schema\/person\/58422787644df994b53a19d3e56c1513"},"description":"A Toyota do Brasil lan\u00e7ar\u00e1 o Corolla GLi Hybrid em setembro de 2025, oferecendo tecnologia avan\u00e7ada e efici\u00eancia a um pre\u00e7o acess\u00edvel.","breadcrumb":{"@id":"https:\/\/www.correiobraziliense.com.br\/cbradar\/toyota-anuncia-o-corolla-hibrido-mais-barato-do-brasil-veja-detalhes\/#breadcrumb"},"inLanguage":"pt-BR","potentialAction":[{"@type":"ReadAction","target":["https:\/\/www.correiobraziliense.com.br\/cbradar\/toyota-anuncia-o-corolla-hibrido-mais-barato-do-brasil-veja-detalhes\/"]}]},{"@type":"ImageObject","inLanguage":"pt-BR","@id":"https:\/\/www.correiobraziliense.com.br\/cbradar\/toyota-anuncia-o-corolla-hibrido-mais-barato-do-brasil-veja-detalhes\/#primaryimage","url":"https:\/\/www.correiobraziliense.com.br\/cbradar\/wp-content\/uploads\/2025\/03\/Toyota-Corolla-GLi-Hybrid.png","contentUrl":"https:\/\/www.correiobraziliense.com.br\/cbradar\/wp-content\/uploads\/2025\/03\/Toyota-Corolla-GLi-Hybrid.png","width":1280,"height":720,"caption":"Toyota Corolla GLi Hybrid. Fonte: divulga\u00e7\u00e3o \/ Corolla"},{"@type":"BreadcrumbList","@id":"https:\/\/www.correiobraziliense.com.br\/cbradar\/toyota-anuncia-o-corolla-hibrido-mais-barato-do-brasil-veja-detalhes\/#breadcrumb","itemListElement":[{"@type":"ListItem","position":1,"name":"In\u00edcio","item":"https:\/\/www.correiobraziliense.com.br\/cbradar\/"},{"@type":"ListItem","position":2,"name":"Toyota anuncia o Corolla H\u00edbrido mais barato do Brasil, veja detalhes"}]},{"@type":"WebSite","@id":"https:\/\/www.correiobraziliense.com.br\/cbradar\/#website","url":"https:\/\/www.correiobraziliense.com.br\/cbradar\/","name":"Correio Braziliense - Radar","description":"Acompanhe as \u00faltimas not\u00edcias e fique bem informado sobre tudo o que acontece no Brasil e no mundo.","potentialAction":[{"@type":"SearchAction","target":{"@type":"EntryPoint","urlTemplate":"https:\/\/www.correiobraziliense.com.br\/cbradar\/?s={search_term_string}"},"query-input":{"@type":"PropertyValueSpecification","valueRequired":true,"valueName":"search_term_string"}}],"inLanguage":"pt-BR"},{"@type":"Person","@id":"https:\/\/www.correiobraziliense.com.br\/cbradar\/#\/schema\/person\/58422787644df994b53a19d3e56c1513","name":"Larissa Carvalho","image":{"@type":"ImageObject","inLanguage":"pt-BR","@id":"https:\/\/www.correiobraziliense.com.br\/cbradar\/#\/schema\/person\/image\/","url":"https:\/\/secure.gravatar.com\/avatar\/fe4f91a0de32b52a838d0d612abdc1aa?s=96&d=mm&r=g","contentUrl":"https:\/\/secure.gravatar.com\/avatar\/fe4f91a0de32b52a838d0d612abdc1aa?s=96&d=mm&r=g","caption":"Larissa Carvalho"},"url":"https:\/\/www.correiobraziliense.com.br\/cbradar\/author\/larissamyth\/"}]}},"_links":{"self":[{"href":"https:\/\/www.correiobraziliense.com.br\/cbradar\/wp-json\/wp\/v2\/posts\/11035","targetHints":{"allow":["GET"]}}],"collection":[{"href":"https:\/\/www.correiobraziliense.com.br\/cbradar\/wp-json\/wp\/v2\/posts"}],"about":[{"href":"https:\/\/www.correiobraziliense.com.br\/cbradar\/wp-json\/wp\/v2\/types\/post"}],"author":[{"embeddable":true,"href":"https:\/\/www.correiobraziliense.com.br\/cbradar\/wp-json\/wp\/v2\/users\/3"}],"replies":[{"embeddable":true,"href":"https:\/\/www.correiobraziliense.com.br\/cbradar\/wp-json\/wp\/v2\/comments?post=11035"}],"version-history":[{"count":1,"href":"https:\/\/www.correiobraziliense.com.br\/cbradar\/wp-json\/wp\/v2\/posts\/11035\/revisions"}],"predecessor-version":[{"id":11039,"href":"https:\/\/www.correiobraziliense.com.br\/cbradar\/wp-json\/wp\/v2\/posts\/11035\/revisions\/11039"}],"wp:featuredmedia":[{"embeddable":true,"href":"https:\/\/www.correiobraziliense.com.br\/cbradar\/wp-json\/wp\/v2\/media\/11038"}],"wp:attachment":[{"href":"https:\/\/www.correiobraziliense.com.br\/cbradar\/wp-json\/wp\/v2\/media?parent=11035"}],"wp:term":[{"taxonomy":"category","embeddable":true,"href":"https:\/\/www.correiobraziliense.com.br\/cbradar\/wp-json\/wp\/v2\/categories?post=11035"},{"taxonomy":"post_tag","embeddable":true,"href":"https:\/\/www.correiobraziliense.com.br\/cbradar\/wp-json\/wp\/v2\/post_tag?post=11035"}],"curies":[{"name":"wp","href":"https:\/\/api.w.org\/{rel}","templated":true}]}}