{"id":11040,"date":"2025-03-11T16:10:00","date_gmt":"2025-03-11T19:10:00","guid":{"rendered":"https:\/\/www.correiobraziliense.com.br\/cbradar\/?p=11040"},"modified":"2025-03-10T16:56:52","modified_gmt":"2025-03-10T19:56:52","slug":"e-o-fim-dos-armarios-de-cozinha-entenda-a-tendencia","status":"publish","type":"post","link":"https:\/\/www.correiobraziliense.com.br\/cbradar\/e-o-fim-dos-armarios-de-cozinha-entenda-a-tendencia\/","title":{"rendered":"\u00c9 o fim dos arm\u00e1rios de cozinha? Entenda a tend\u00eancia"},"content":{"rendered":"\n<p>O ano de 2025 promete trazer uma revolu\u00e7\u00e3o no design de cozinhas, com uma tend\u00eancia que desafia o uso tradicional de arm\u00e1rios fechados. Essa mudan\u00e7a visa criar espa\u00e7os mais abertos, pr\u00e1ticos e modernos, substituindo os gabinetes convencionais por solu\u00e7\u00f5es inteligentes e funcionais. A proposta \u00e9 transformar a cozinha em um ambiente que combina praticidade e est\u00e9tica, tornando-a mais convidativa e eficiente.<\/p>\n\n\n\n<p>Os arm\u00e1rios superiores e inferiores, que antes eram considerados essenciais para a organiza\u00e7\u00e3o, est\u00e3o sendo gradualmente substitu\u00eddos por alternativas que proporcionam uma sensa\u00e7\u00e3o de leveza e acessibilidade. A ideia \u00e9 otimizar o espa\u00e7o e melhorar a experi\u00eancia de uso, ao mesmo tempo em que se cria um ambiente visualmente mais amplo e iluminado.<\/p>\n\n\n\n<h2 class=\"wp-block-heading\"><strong>Por que optar por cozinhas abertas?<\/strong><\/h2>\n\n\n\n<p>A transi\u00e7\u00e3o para cozinhas sem arm\u00e1rios fechados oferece uma s\u00e9rie de benef\u00edcios que v\u00e3o al\u00e9m da est\u00e9tica. Entre as solu\u00e7\u00f5es mais populares est\u00e3o:<\/p>\n\n\n\n<ul class=\"wp-block-list\">\n<li><strong>Prateleiras abertas:<\/strong>\u00a0Permitem f\u00e1cil acesso aos utens\u00edlios e criam um visual mais leve e despojado.<\/li>\n\n\n\n<li><strong>Nichos embutidos:<\/strong>\u00a0Alternativa moderna que mant\u00e9m a organiza\u00e7\u00e3o sem comprometer o design.<\/li>\n\n\n\n<li><strong>Barras met\u00e1licas e suportes suspensos:<\/strong>\u00a0Ideais para pendurar panelas e acess\u00f3rios, otimizando o espa\u00e7o dispon\u00edvel.<\/li>\n\n\n\n<li><strong>Ilhas multifuncionais:<\/strong>\u00a0Integram armazenamento, bancada de trabalho e \u00e1rea para refei\u00e7\u00f5es em um \u00fanico elemento.<\/li>\n<\/ul>\n\n\n\n<figure class=\"wp-block-image size-large\"><img decoding=\"async\" width=\"1024\" height=\"576\" src=\"https:\/\/www.correiobraziliense.com.br\/cbradar\/wp-content\/uploads\/2025\/03\/armarios-cozinha_1741598040299-1024x576.jpg\" alt=\"\u00c9 o fim dos arm\u00e1rios de cozinha? Entenda a tend\u00eancia\" class=\"wp-image-11043\" srcset=\"https:\/\/www.correiobraziliense.com.br\/cbradar\/wp-content\/uploads\/2025\/03\/armarios-cozinha_1741598040299-1024x576.jpg 1024w, https:\/\/www.correiobraziliense.com.br\/cbradar\/wp-content\/uploads\/2025\/03\/armarios-cozinha_1741598040299-300x169.jpg 300w, https:\/\/www.correiobraziliense.com.br\/cbradar\/wp-content\/uploads\/2025\/03\/armarios-cozinha_1741598040299-768x432.jpg 768w, https:\/\/www.correiobraziliense.com.br\/cbradar\/wp-content\/uploads\/2025\/03\/armarios-cozinha_1741598040299-750x422.jpg 750w, https:\/\/www.correiobraziliense.com.br\/cbradar\/wp-content\/uploads\/2025\/03\/armarios-cozinha_1741598040299-1140x641.jpg 1140w, https:\/\/www.correiobraziliense.com.br\/cbradar\/wp-content\/uploads\/2025\/03\/armarios-cozinha_1741598040299.jpg 1280w\" sizes=\"(max-width: 1024px) 100vw, 1024px\" \/><figcaption class=\"wp-element-caption\">arm\u00e1rios cozinha. Cr\u00e9ditos: depositphotos.com \/ IgorVetushko<\/figcaption><\/figure>\n\n\n\n<h2 class=\"wp-block-heading\"><strong>Quais s\u00e3o os benef\u00edcios dessa tend\u00eancia?<\/strong><\/h2>\n\n\n\n<p>Adotar cozinhas abertas traz vantagens significativas para o dia a dia. Em primeiro lugar, a&nbsp;<strong>praticidade<\/strong>&nbsp;\u00e9 aumentada, j\u00e1 que os itens ficam ao alcance das m\u00e3os, eliminando a necessidade de abrir e fechar portas constantemente. Al\u00e9m disso, a&nbsp;<strong>sensa\u00e7\u00e3o de amplitude<\/strong>&nbsp;\u00e9 not\u00e1vel, pois a aus\u00eancia de arm\u00e1rios superiores faz com que a cozinha pare\u00e7a maior e mais iluminada.<\/p>\n\n\n\n<p>Outro ponto positivo \u00e9 o&nbsp;<strong>estilo moderno e elegante<\/strong>&nbsp;que prateleiras e nichos abertos proporcionam. Eles adicionam personalidade ao ambiente e facilitam a decora\u00e7\u00e3o com elementos como plantas, cer\u00e2micas e livros de receitas. A&nbsp;<strong>manuten\u00e7\u00e3o<\/strong>&nbsp;tamb\u00e9m se torna mais simples, uma vez que n\u00e3o h\u00e1 portas para acumular poeira e gordura.<\/p>\n\n\n\n<h2 class=\"wp-block-heading\"><strong>Como implementar a tend\u00eancia em casa?<\/strong><\/h2>\n\n\n\n<p>Para aqueles que desejam adotar essa est\u00e9tica em suas cozinhas, algumas dicas s\u00e3o fundamentais:<\/p>\n\n\n\n<ol class=\"wp-block-list\">\n<li><strong>Mantenha a organiza\u00e7\u00e3o:<\/strong>\u00a0Como os itens ficam expostos, \u00e9 importante priorizar lou\u00e7as bonitas e utens\u00edlios que combinem com a decora\u00e7\u00e3o.<\/li>\n\n\n\n<li><strong>Escolha materiais resistentes:<\/strong>\u00a0Prateleiras de madeira, vidro e a\u00e7o inox garantem durabilidade e um visual sofisticado.<\/li>\n\n\n\n<li><strong>Invista em ilumina\u00e7\u00e3o estrat\u00e9gica:<\/strong>\u00a0Spots embutidos e fitas de LED podem real\u00e7ar os elementos decorativos e tornar o ambiente mais aconchegante.<\/li>\n\n\n\n<li><strong>Use caixas organizadoras:<\/strong>\u00a0Elas s\u00e3o \u00fateis para guardar itens menores e manter uma est\u00e9tica clean.<\/li>\n<\/ol>\n\n\n\n<h2 class=\"wp-block-heading\"><strong>Tend\u00eancia para todos os estilos<\/strong><\/h2>\n\n\n\n<p>Essa tend\u00eancia de cozinhas abertas se adapta a diversos estilos, seja minimalista, industrial, r\u00fastico ou contempor\u00e2neo. A funcionalidade e a beleza s\u00e3o priorizadas, permitindo que cada espa\u00e7o seja \u00fanico e personalizado. Grandes nomes do design de interiores j\u00e1 abra\u00e7aram essa inova\u00e7\u00e3o, garantindo que 2025 ser\u00e1 o ano das cozinhas sem arm\u00e1rios fechados.<\/p>\n","protected":false},"excerpt":{"rendered":"<p>Cozinhas em 2025 ter\u00e3o um visual moderno e pr\u00e1tico, com a substitui\u00e7\u00e3o de arm\u00e1rios fechados por solu\u00e7\u00f5es abertas e funcionais<\/p>\n","protected":false},"author":3,"featured_media":11042,"comment_status":"open","ping_status":"open","sticky":false,"template":"","format":"standard","meta":{"_yoast_wpseo_focuskw":"arm\u00e1rios cozinha","_yoast_wpseo_title":"%%title%%","_yoast_wpseo_metadesc":"Cozinhas em 2025 ter\u00e3o um visual moderno e pr\u00e1tico, com a substitui\u00e7\u00e3o de arm\u00e1rios fechados por solu\u00e7\u00f5es abertas e funcionais","jnews-multi-image_gallery":[],"jnews_single_post":{"format":"standard"},"jnews_primary_category":[],"jnews_social_meta":[],"jnews_override_counter":[],"footnotes":""},"categories":[112],"post_tag":[1774],"class_list":["post-11040","post","type-post","status-publish","format-standard","has-post-thumbnail","hentry","category-curiosidades","tag-armarios-de-cozinha"],"yoast_head":"<!-- This site is optimized with the Yoast SEO plugin v24.6 - https:\/\/yoast.com\/wordpress\/plugins\/seo\/ -->\n<title>\u00c9 o fim dos arm\u00e1rios de cozinha? Entenda a tend\u00eancia<\/title>\n<meta name=\"description\" content=\"Cozinhas em 2025 ter\u00e3o um visual moderno e pr\u00e1tico, com a substitui\u00e7\u00e3o de arm\u00e1rios fechados por solu\u00e7\u00f5es abertas e funcionais\" \/>\n<meta name=\"robots\" content=\"index, follow, max-snippet:-1, max-image-preview:large, max-video-preview:-1\" \/>\n<link rel=\"canonical\" href=\"https:\/\/www.correiobraziliense.com.br\/cbradar\/e-o-fim-dos-armarios-de-cozinha-entenda-a-tendencia\/\" \/>\n<meta property=\"og:locale\" content=\"pt_BR\" \/>\n<meta property=\"og:type\" content=\"article\" \/>\n<meta property=\"og:title\" content=\"\u00c9 o fim dos arm\u00e1rios de cozinha? Entenda a tend\u00eancia\" \/>\n<meta property=\"og:description\" content=\"Cozinhas em 2025 ter\u00e3o um visual moderno e pr\u00e1tico, com a substitui\u00e7\u00e3o de arm\u00e1rios fechados por solu\u00e7\u00f5es abertas e funcionais\" \/>\n<meta property=\"og:url\" content=\"https:\/\/www.correiobraziliense.com.br\/cbradar\/e-o-fim-dos-armarios-de-cozinha-entenda-a-tendencia\/\" \/>\n<meta property=\"og:site_name\" content=\"Correio Braziliense - Radar\" \/>\n<meta property=\"article:published_time\" content=\"2025-03-11T19:10:00+00:00\" \/>\n<meta property=\"og:image\" content=\"https:\/\/www.correiobraziliense.com.br\/cbradar\/wp-content\/uploads\/2025\/03\/armarios-cozinha_1741598014437.jpg\" \/>\n\t<meta property=\"og:image:width\" content=\"1279\" \/>\n\t<meta property=\"og:image:height\" content=\"720\" \/>\n\t<meta property=\"og:image:type\" content=\"image\/jpeg\" \/>\n<meta name=\"author\" content=\"Larissa Carvalho\" \/>\n<meta name=\"twitter:card\" content=\"summary_large_image\" \/>\n<meta name=\"twitter:label1\" content=\"Escrito por\" \/>\n\t<meta name=\"twitter:data1\" content=\"Larissa Carvalho\" \/>\n\t<meta name=\"twitter:label2\" content=\"Est. tempo de leitura\" \/>\n\t<meta name=\"twitter:data2\" content=\"3 minutos\" \/>\n<!-- \/ Yoast SEO plugin. -->","yoast_head_json":{"title":"\u00c9 o fim dos arm\u00e1rios de cozinha? Entenda a tend\u00eancia","description":"Cozinhas em 2025 ter\u00e3o um visual moderno e pr\u00e1tico, com a substitui\u00e7\u00e3o de arm\u00e1rios fechados por solu\u00e7\u00f5es abertas e funcionais","robots":{"index":"index","follow":"follow","max-snippet":"max-snippet:-1","max-image-preview":"max-image-preview:large","max-video-preview":"max-video-preview:-1"},"canonical":"https:\/\/www.correiobraziliense.com.br\/cbradar\/e-o-fim-dos-armarios-de-cozinha-entenda-a-tendencia\/","og_locale":"pt_BR","og_type":"article","og_title":"\u00c9 o fim dos arm\u00e1rios de cozinha? Entenda a tend\u00eancia","og_description":"Cozinhas em 2025 ter\u00e3o um visual moderno e pr\u00e1tico, com a substitui\u00e7\u00e3o de arm\u00e1rios fechados por solu\u00e7\u00f5es abertas e funcionais","og_url":"https:\/\/www.correiobraziliense.com.br\/cbradar\/e-o-fim-dos-armarios-de-cozinha-entenda-a-tendencia\/","og_site_name":"Correio Braziliense - Radar","article_published_time":"2025-03-11T19:10:00+00:00","og_image":[{"width":1279,"height":720,"url":"https:\/\/www.correiobraziliense.com.br\/cbradar\/wp-content\/uploads\/2025\/03\/armarios-cozinha_1741598014437.jpg","type":"image\/jpeg"}],"author":"Larissa Carvalho","twitter_card":"summary_large_image","twitter_misc":{"Escrito por":"Larissa Carvalho","Est. tempo de leitura":"3 minutos"},"schema":{"@context":"https:\/\/schema.org","@graph":[{"@type":"WebPage","@id":"https:\/\/www.correiobraziliense.com.br\/cbradar\/e-o-fim-dos-armarios-de-cozinha-entenda-a-tendencia\/","url":"https:\/\/www.correiobraziliense.com.br\/cbradar\/e-o-fim-dos-armarios-de-cozinha-entenda-a-tendencia\/","name":"\u00c9 o fim dos arm\u00e1rios de cozinha? Entenda a tend\u00eancia","isPartOf":{"@id":"https:\/\/www.correiobraziliense.com.br\/cbradar\/#website"},"primaryImageOfPage":{"@id":"https:\/\/www.correiobraziliense.com.br\/cbradar\/e-o-fim-dos-armarios-de-cozinha-entenda-a-tendencia\/#primaryimage"},"image":{"@id":"https:\/\/www.correiobraziliense.com.br\/cbradar\/e-o-fim-dos-armarios-de-cozinha-entenda-a-tendencia\/#primaryimage"},"thumbnailUrl":"https:\/\/www.correiobraziliense.com.br\/cbradar\/wp-content\/uploads\/2025\/03\/armarios-cozinha_1741598014437.jpg","datePublished":"2025-03-11T19:10:00+00:00","author":{"@id":"https:\/\/www.correiobraziliense.com.br\/cbradar\/#\/schema\/person\/58422787644df994b53a19d3e56c1513"},"description":"Cozinhas em 2025 ter\u00e3o um visual moderno e pr\u00e1tico, com a substitui\u00e7\u00e3o de arm\u00e1rios fechados por solu\u00e7\u00f5es abertas e funcionais","breadcrumb":{"@id":"https:\/\/www.correiobraziliense.com.br\/cbradar\/e-o-fim-dos-armarios-de-cozinha-entenda-a-tendencia\/#breadcrumb"},"inLanguage":"pt-BR","potentialAction":[{"@type":"ReadAction","target":["https:\/\/www.correiobraziliense.com.br\/cbradar\/e-o-fim-dos-armarios-de-cozinha-entenda-a-tendencia\/"]}]},{"@type":"ImageObject","inLanguage":"pt-BR","@id":"https:\/\/www.correiobraziliense.com.br\/cbradar\/e-o-fim-dos-armarios-de-cozinha-entenda-a-tendencia\/#primaryimage","url":"https:\/\/www.correiobraziliense.com.br\/cbradar\/wp-content\/uploads\/2025\/03\/armarios-cozinha_1741598014437.jpg","contentUrl":"https:\/\/www.correiobraziliense.com.br\/cbradar\/wp-content\/uploads\/2025\/03\/armarios-cozinha_1741598014437.jpg","width":1279,"height":720,"caption":"arm\u00e1rios cozinha. Cr\u00e9ditos: depositphotos.com \/ arquiplay77"},{"@type":"BreadcrumbList","@id":"https:\/\/www.correiobraziliense.com.br\/cbradar\/e-o-fim-dos-armarios-de-cozinha-entenda-a-tendencia\/#breadcrumb","itemListElement":[{"@type":"ListItem","position":1,"name":"In\u00edcio","item":"https:\/\/www.correiobraziliense.com.br\/cbradar\/"},{"@type":"ListItem","position":2,"name":"\u00c9 o fim dos arm\u00e1rios de cozinha? Entenda a tend\u00eancia"}]},{"@type":"WebSite","@id":"https:\/\/www.correiobraziliense.com.br\/cbradar\/#website","url":"https:\/\/www.correiobraziliense.com.br\/cbradar\/","name":"Correio Braziliense - Radar","description":"Acompanhe as \u00faltimas not\u00edcias e fique bem informado sobre tudo o que acontece no Brasil e no mundo.","potentialAction":[{"@type":"SearchAction","target":{"@type":"EntryPoint","urlTemplate":"https:\/\/www.correiobraziliense.com.br\/cbradar\/?s={search_term_string}"},"query-input":{"@type":"PropertyValueSpecification","valueRequired":true,"valueName":"search_term_string"}}],"inLanguage":"pt-BR"},{"@type":"Person","@id":"https:\/\/www.correiobraziliense.com.br\/cbradar\/#\/schema\/person\/58422787644df994b53a19d3e56c1513","name":"Larissa Carvalho","image":{"@type":"ImageObject","inLanguage":"pt-BR","@id":"https:\/\/www.correiobraziliense.com.br\/cbradar\/#\/schema\/person\/image\/","url":"https:\/\/secure.gravatar.com\/avatar\/fe4f91a0de32b52a838d0d612abdc1aa?s=96&d=mm&r=g","contentUrl":"https:\/\/secure.gravatar.com\/avatar\/fe4f91a0de32b52a838d0d612abdc1aa?s=96&d=mm&r=g","caption":"Larissa Carvalho"},"url":"https:\/\/www.correiobraziliense.com.br\/cbradar\/author\/larissamyth\/"}]}},"_links":{"self":[{"href":"https:\/\/www.correiobraziliense.com.br\/cbradar\/wp-json\/wp\/v2\/posts\/11040","targetHints":{"allow":["GET"]}}],"collection":[{"href":"https:\/\/www.correiobraziliense.com.br\/cbradar\/wp-json\/wp\/v2\/posts"}],"about":[{"href":"https:\/\/www.correiobraziliense.com.br\/cbradar\/wp-json\/wp\/v2\/types\/post"}],"author":[{"embeddable":true,"href":"https:\/\/www.correiobraziliense.com.br\/cbradar\/wp-json\/wp\/v2\/users\/3"}],"replies":[{"embeddable":true,"href":"https:\/\/www.correiobraziliense.com.br\/cbradar\/wp-json\/wp\/v2\/comments?post=11040"}],"version-history":[{"count":1,"href":"https:\/\/www.correiobraziliense.com.br\/cbradar\/wp-json\/wp\/v2\/posts\/11040\/revisions"}],"predecessor-version":[{"id":11044,"href":"https:\/\/www.correiobraziliense.com.br\/cbradar\/wp-json\/wp\/v2\/posts\/11040\/revisions\/11044"}],"wp:featuredmedia":[{"embeddable":true,"href":"https:\/\/www.correiobraziliense.com.br\/cbradar\/wp-json\/wp\/v2\/media\/11042"}],"wp:attachment":[{"href":"https:\/\/www.correiobraziliense.com.br\/cbradar\/wp-json\/wp\/v2\/media?parent=11040"}],"wp:term":[{"taxonomy":"category","embeddable":true,"href":"https:\/\/www.correiobraziliense.com.br\/cbradar\/wp-json\/wp\/v2\/categories?post=11040"},{"taxonomy":"post_tag","embeddable":true,"href":"https:\/\/www.correiobraziliense.com.br\/cbradar\/wp-json\/wp\/v2\/post_tag?post=11040"}],"curies":[{"name":"wp","href":"https:\/\/api.w.org\/{rel}","templated":true}]}}