{"id":110509,"date":"2025-09-29T06:23:00","date_gmt":"2025-09-29T09:23:00","guid":{"rendered":"https:\/\/www.correiobraziliense.com.br\/cbradar\/?p=110509"},"modified":"2025-09-27T15:26:08","modified_gmt":"2025-09-27T18:26:08","slug":"marca-passo-e-viagens-o-sinal-unico-para-decolar","status":"publish","type":"post","link":"https:\/\/www.correiobraziliense.com.br\/cbradar\/marca-passo-e-viagens-o-sinal-unico-para-decolar\/","title":{"rendered":"Marca-passo e viagens o sinal \u00fanico para decolar"},"content":{"rendered":"\n<p>Os <strong>Marca-Passos<\/strong> representam uma inova\u00e7\u00e3o crucial para a medicina moderna, direcionados ao tratamento de dist\u00farbios card\u00edacos conhecidos como arritmias. Tais dispositivos s\u00e3o fundamentais para corrigir tanto as taquiarritmias, que s\u00e3o acelera\u00e7\u00f5es irregulares do ritmo card\u00edaco, quanto as bradiarritmias, que causam uma redu\u00e7\u00e3o no ritmo dos batimentos. Segundo estat\u00edsticas recentes, mais de 300 mil pessoas em todo o mundo j\u00e1 possuem o marca-passo, com cerca de 49 mil novos implantes sendo realizados anualmente.<\/p>\n\n\n\n<p>\u00c9 interessante notar que o perfil mais comum dos usu\u00e1rios do marca-passo envolve predominantemente homens, geralmente com idade m\u00e9dia de 70 anos. Embora esses dispositivos sejam amplamente utilizados, algumas d\u00favidas e mitos ainda cercam a vida com um marca-passo, o que justifica a necessidade de esclarecimentos por profissionais da <a href=\"https:\/\/www.correiobraziliense.com.br\/cbradar\/gostar-muito-de-dormir-pode-ser-um-problema-medicina-explica\/\" target=\"_blank\" rel=\"noreferrer noopener\">sa\u00fade <\/a>especializados, como cardiologistas. A compreens\u00e3o correta das limita\u00e7\u00f5es e liberdades do paciente com marca-passo pode promover uma melhor qualidade de vida.<\/p>\n\n\n\n<h2 class=\"wp-block-heading\">Quais cuidados devem ser considerados por quem utiliza um marca-passo?<\/h2>\n\n\n\n<p>Para maximizar a seguran\u00e7a, indiv\u00edduos com marca-passo devem estar atentos a algumas recomenda\u00e7\u00f5es. Por exemplo, \u00e9 crucial evitar levantar objetos com mais de 5 kg com o bra\u00e7o do lado do implante e evitar atividades de impacto, como lutas marciais, com o intuito de prevenir danos ao dispositivo. Conversas regulares com o m\u00e9dico s\u00e3o essenciais para determinar quais atividades f\u00edsicas s\u00e3o mais apropriadas.<\/p>\n\n\n<div class=\"wp-block-image\">\n<figure class=\"aligncenter size-large\"><img decoding=\"async\" width=\"1024\" height=\"576\" src=\"https:\/\/www.correiobraziliense.com.br\/cbradar\/wp-content\/uploads\/2025\/09\/Pacemaker_1758997510115-1024x576.jpg\" alt=\"\" class=\"wp-image-110511\" srcset=\"https:\/\/www.correiobraziliense.com.br\/cbradar\/wp-content\/uploads\/2025\/09\/Pacemaker_1758997510115-1024x576.jpg 1024w, https:\/\/www.correiobraziliense.com.br\/cbradar\/wp-content\/uploads\/2025\/09\/Pacemaker_1758997510115-300x169.jpg 300w, https:\/\/www.correiobraziliense.com.br\/cbradar\/wp-content\/uploads\/2025\/09\/Pacemaker_1758997510115-768x432.jpg 768w, https:\/\/www.correiobraziliense.com.br\/cbradar\/wp-content\/uploads\/2025\/09\/Pacemaker_1758997510115-750x422.jpg 750w, https:\/\/www.correiobraziliense.com.br\/cbradar\/wp-content\/uploads\/2025\/09\/Pacemaker_1758997510115-1140x641.jpg 1140w, https:\/\/www.correiobraziliense.com.br\/cbradar\/wp-content\/uploads\/2025\/09\/Pacemaker_1758997510115.jpg 1280w\" sizes=\"(max-width: 1024px) 100vw, 1024px\" \/><figcaption class=\"wp-element-caption\">Marca-Passos &#8211; Cr\u00e9ditos: depositphotos.com \/ NikD51<\/figcaption><\/figure><\/div>\n\n\n<p>Al\u00e9m disso, o uso de colch\u00f5es magn\u00e9ticos \u00e9 desencorajado, pois podem acelerar o desgaste das baterias do marca-passo. Ao utilizar celulares, recomenda-se atender pelo ouvido oposto \u00e0 localiza\u00e7\u00e3o do dispositivo e manter uma dist\u00e2ncia m\u00ednima de 15 cm do aparelho. Essa precau\u00e7\u00e3o busca garantir que n\u00e3o ocorram interfer\u00eancias no funcionamento do marca-passo.<\/p>\n\n\n\n<h2 class=\"wp-block-heading\">\u00c9 seguro passar por detectores de metal e usar eletrodom\u00e9sticos?<\/h2>\n\n\n\n<p>Indiv\u00edduos com marca-passo podem sim passar por detectores de metal, comuns em aeroportos e bancos, sem maiores preocupa\u00e7\u00f5es. Por vezes, esses detectores podem ser acionados pelo metal do dispositivo, mas uma notifica\u00e7\u00e3o pr\u00e9via ao pessoal de seguran\u00e7a ou a apresenta\u00e7\u00e3o de uma carteira de identifica\u00e7\u00e3o ajuda a evitar inconvenientes.<\/p>\n\n\n\n<p>Em rela\u00e7\u00e3o aos eletrodom\u00e9sticos, como micro-ondas, n\u00e3o existem restri\u00e7\u00f5es relevantes para pessoas com Marca-Passos. O uso cotidiano desses aparelhos n\u00e3o gera interfer\u00eancias significativas, embora se recomende que n\u00e3o se aproximem excessivamente enquanto estiverem em funcionamento.<\/p>\n\n\n\n<h2 class=\"wp-block-heading\">Como o marca-passo afeta a vida cotidiana e o que n\u00e3o interfere no seu funcionamento?<\/h2>\n\n\n\n<p>Ap\u00f3s a implanta\u00e7\u00e3o do marca-passo, \u00e9 aconselh\u00e1vel esperar cerca de 30 dias antes de retomar a dire\u00e7\u00e3o, garantindo que os eletrodos estejam devidamente fixados e que a \u00e1rea operada se recupere completamente. Outra quest\u00e3o relevante \u00e9 a realiza\u00e7\u00e3o de exames que usam correntes el\u00e9tricas, como a bioimped\u00e2ncia, que podem afetar temporariamente a programa\u00e7\u00e3o do dispositivo. Antes de realizar tais procedimentos, \u00e9 prudente discutir com o m\u00e9dico sobre a seguran\u00e7a dessas pr\u00e1ticas.<\/p>\n\n\n\n<p>Essenciais para melhorar a qualidade de vida de muitos pacientes, os Marca-Passos permitem a realiza\u00e7\u00e3o de viagens a\u00e9reas sem restri\u00e7\u00f5es. No entanto, \u00e9 imperativo que o portador mantenha avalia\u00e7\u00f5es peri\u00f3dicas do equipamento e tenha em m\u00e3os a carteirinha que comprova o uso do dispositivo, facilitando eventuais vistorias em aeroportos.<\/p>\n\n\n<a href=\"https:\/\/www.instagram.com\/dra.annaluisabf\/\" target=\"_blank\" rel=\"noopener\" style=\"text-decoration: none; color: inherit;\">\n    <span style=\"display: inline-block; border: 1px solid #ccc; border-radius: 10px; padding: 15px; max-width: 550px; font-family: sans-serif; box-shadow: 0 2px 5px rgba(0,0,0,0.1); width: 100%;\">\n\n      <!-- T\u00edtulo -->\n      <span style=\"display: block; margin: 0 0 15px 0; font-weight: bold; color: #2c3e50; text-align: center;\">\n        Entre em contato:\n      <\/span>\n\n      <!-- Linha do perfil -->\n      <span style=\"display: flex; align-items: center; gap: 15px;\">\n        <img decoding=\"async\"\n          src=\"https:\/\/www.correiobraziliense.com.br\/cbradar\/wp-content\/uploads\/2025\/08\/dra_anna_luisa.jpeg\"\n          alt=\"Foto da Dra. Anna Lu\u00edsa\"\n          style=\"border-radius: 50%; width: 80px; height: 80px; object-fit: cover;\"\n        \/>\n        <span style=\"display: flex; flex-direction: column;\">\n          <span style=\"font-size: 18px; font-weight: 700; color: #2c3e50;\">Dra. Anna Lu\u00edsa Barbosa Fernandes<\/span>\n          <span style=\"color: #555;\">CRM-GO 33.271<\/span>\n        <\/span>\n      <\/span>\n\n      <!-- Redes -->\n      <span style=\"display: flex; align-items: center; gap: 10px; margin-top: 12px;\">\n        <img decoding=\"async\" src=\"https:\/\/cdn-icons-png.flaticon.com\/24\/1384\/1384063.png\" alt=\"Instagram\" width=\"24\" height=\"24\" \/>\n        <span style=\"text-decoration: underline; color: #2c3e50;\">@dra.annaluisabf<\/span>\n      <\/span>\n\n    <\/span>\n  <\/a>","protected":false},"excerpt":{"rendered":"<p>Os Marca-Passos representam uma inova\u00e7\u00e3o crucial para a medicina moderna, direcionados ao tratamento de dist\u00farbios card\u00edacos conhecidos como arritmias. Tais dispositivos s\u00e3o fundamentais para corrigir tanto as taquiarritmias, que s\u00e3o acelera\u00e7\u00f5es irregulares do ritmo card\u00edaco, quanto as bradiarritmias, que causam uma redu\u00e7\u00e3o no ritmo dos batimentos. Segundo estat\u00edsticas recentes, mais de 300 mil pessoas em [&hellip;]<\/p>\n","protected":false},"author":14,"featured_media":110510,"comment_status":"open","ping_status":"open","sticky":false,"template":"","format":"standard","meta":{"_yoast_wpseo_focuskw":"Marca-Passos","_yoast_wpseo_title":"","_yoast_wpseo_metadesc":"Marca-passo n\u00e3o limita sua vida Descubra o detalhe que evita interfer\u00eancias e o passo seguro para dirigir, viajar e treinar sem sustos","jnews-multi-image_gallery":[],"jnews_single_post":{"format":"standard"},"jnews_primary_category":[],"jnews_social_meta":[],"jnews_override_counter":[],"footnotes":""},"categories":[4404],"post_tag":[120,10512,1318],"class_list":["post-110509","post","type-post","status-publish","format-standard","has-post-thumbnail","hentry","category-saude","tag-bem-estar","tag-marca-passos","tag-saude-2"],"yoast_head":"<!-- This site is optimized with the Yoast SEO plugin v24.6 - https:\/\/yoast.com\/wordpress\/plugins\/seo\/ -->\n<title>Marca-passo e viagens o sinal \u00fanico para decolar - Correio Braziliense - Radar<\/title>\n<meta name=\"description\" content=\"Marca-passo n\u00e3o limita sua vida Descubra o detalhe que evita interfer\u00eancias e o passo seguro para dirigir, viajar e treinar sem sustos\" \/>\n<meta name=\"robots\" content=\"index, follow, max-snippet:-1, max-image-preview:large, max-video-preview:-1\" \/>\n<link rel=\"canonical\" href=\"https:\/\/www.correiobraziliense.com.br\/cbradar\/marca-passo-e-viagens-o-sinal-unico-para-decolar\/\" \/>\n<meta property=\"og:locale\" content=\"pt_BR\" \/>\n<meta property=\"og:type\" content=\"article\" \/>\n<meta property=\"og:title\" content=\"Marca-passo e viagens o sinal \u00fanico para decolar - Correio Braziliense - Radar\" \/>\n<meta property=\"og:description\" content=\"Marca-passo n\u00e3o limita sua vida Descubra o detalhe que evita interfer\u00eancias e o passo seguro para dirigir, viajar e treinar sem sustos\" \/>\n<meta property=\"og:url\" content=\"https:\/\/www.correiobraziliense.com.br\/cbradar\/marca-passo-e-viagens-o-sinal-unico-para-decolar\/\" \/>\n<meta property=\"og:site_name\" content=\"Correio Braziliense - Radar\" \/>\n<meta property=\"article:published_time\" content=\"2025-09-29T09:23:00+00:00\" \/>\n<meta property=\"og:image\" content=\"https:\/\/www.correiobraziliense.com.br\/cbradar\/wp-content\/uploads\/2025\/09\/Pacemaker_1758997476146.jpg\" \/>\n\t<meta property=\"og:image:width\" content=\"1280\" \/>\n\t<meta property=\"og:image:height\" content=\"720\" \/>\n\t<meta property=\"og:image:type\" content=\"image\/jpeg\" \/>\n<meta name=\"author\" content=\"guilherme_saude\" \/>\n<meta name=\"twitter:card\" content=\"summary_large_image\" \/>\n<meta name=\"twitter:label1\" content=\"Escrito por\" \/>\n\t<meta name=\"twitter:data1\" content=\"guilherme_saude\" \/>\n\t<meta name=\"twitter:label2\" content=\"Est. tempo de leitura\" \/>\n\t<meta name=\"twitter:data2\" content=\"4 minutos\" \/>\n<!-- \/ Yoast SEO plugin. -->","yoast_head_json":{"title":"Marca-passo e viagens o sinal \u00fanico para decolar - Correio Braziliense - Radar","description":"Marca-passo n\u00e3o limita sua vida Descubra o detalhe que evita interfer\u00eancias e o passo seguro para dirigir, viajar e treinar sem sustos","robots":{"index":"index","follow":"follow","max-snippet":"max-snippet:-1","max-image-preview":"max-image-preview:large","max-video-preview":"max-video-preview:-1"},"canonical":"https:\/\/www.correiobraziliense.com.br\/cbradar\/marca-passo-e-viagens-o-sinal-unico-para-decolar\/","og_locale":"pt_BR","og_type":"article","og_title":"Marca-passo e viagens o sinal \u00fanico para decolar - Correio Braziliense - Radar","og_description":"Marca-passo n\u00e3o limita sua vida Descubra o detalhe que evita interfer\u00eancias e o passo seguro para dirigir, viajar e treinar sem sustos","og_url":"https:\/\/www.correiobraziliense.com.br\/cbradar\/marca-passo-e-viagens-o-sinal-unico-para-decolar\/","og_site_name":"Correio Braziliense - Radar","article_published_time":"2025-09-29T09:23:00+00:00","og_image":[{"width":1280,"height":720,"url":"https:\/\/www.correiobraziliense.com.br\/cbradar\/wp-content\/uploads\/2025\/09\/Pacemaker_1758997476146.jpg","type":"image\/jpeg"}],"author":"guilherme_saude","twitter_card":"summary_large_image","twitter_misc":{"Escrito por":"guilherme_saude","Est. tempo de leitura":"4 minutos"},"schema":{"@context":"https:\/\/schema.org","@graph":[{"@type":"WebPage","@id":"https:\/\/www.correiobraziliense.com.br\/cbradar\/marca-passo-e-viagens-o-sinal-unico-para-decolar\/","url":"https:\/\/www.correiobraziliense.com.br\/cbradar\/marca-passo-e-viagens-o-sinal-unico-para-decolar\/","name":"Marca-passo e viagens o sinal \u00fanico para decolar - Correio Braziliense - Radar","isPartOf":{"@id":"https:\/\/www.correiobraziliense.com.br\/cbradar\/#website"},"primaryImageOfPage":{"@id":"https:\/\/www.correiobraziliense.com.br\/cbradar\/marca-passo-e-viagens-o-sinal-unico-para-decolar\/#primaryimage"},"image":{"@id":"https:\/\/www.correiobraziliense.com.br\/cbradar\/marca-passo-e-viagens-o-sinal-unico-para-decolar\/#primaryimage"},"thumbnailUrl":"https:\/\/www.correiobraziliense.com.br\/cbradar\/wp-content\/uploads\/2025\/09\/Pacemaker_1758997476146.jpg","datePublished":"2025-09-29T09:23:00+00:00","author":{"@id":"https:\/\/www.correiobraziliense.com.br\/cbradar\/#\/schema\/person\/5aa4bf3c8fa699c267933611de12978b"},"description":"Marca-passo n\u00e3o limita sua vida Descubra o detalhe que evita interfer\u00eancias e o passo seguro para dirigir, viajar e treinar sem sustos","breadcrumb":{"@id":"https:\/\/www.correiobraziliense.com.br\/cbradar\/marca-passo-e-viagens-o-sinal-unico-para-decolar\/#breadcrumb"},"inLanguage":"pt-BR","potentialAction":[{"@type":"ReadAction","target":["https:\/\/www.correiobraziliense.com.br\/cbradar\/marca-passo-e-viagens-o-sinal-unico-para-decolar\/"]}]},{"@type":"ImageObject","inLanguage":"pt-BR","@id":"https:\/\/www.correiobraziliense.com.br\/cbradar\/marca-passo-e-viagens-o-sinal-unico-para-decolar\/#primaryimage","url":"https:\/\/www.correiobraziliense.com.br\/cbradar\/wp-content\/uploads\/2025\/09\/Pacemaker_1758997476146.jpg","contentUrl":"https:\/\/www.correiobraziliense.com.br\/cbradar\/wp-content\/uploads\/2025\/09\/Pacemaker_1758997476146.jpg","width":1280,"height":720,"caption":"Marca-Passos - Cr\u00e9ditos: depositphotos.com \/ bdspn74"},{"@type":"BreadcrumbList","@id":"https:\/\/www.correiobraziliense.com.br\/cbradar\/marca-passo-e-viagens-o-sinal-unico-para-decolar\/#breadcrumb","itemListElement":[{"@type":"ListItem","position":1,"name":"In\u00edcio","item":"https:\/\/www.correiobraziliense.com.br\/cbradar\/"},{"@type":"ListItem","position":2,"name":"Marca-passo e viagens o sinal \u00fanico para decolar"}]},{"@type":"WebSite","@id":"https:\/\/www.correiobraziliense.com.br\/cbradar\/#website","url":"https:\/\/www.correiobraziliense.com.br\/cbradar\/","name":"Correio Braziliense - Radar","description":"Acompanhe as \u00faltimas not\u00edcias e fique bem informado sobre tudo o que acontece no Brasil e no mundo.","potentialAction":[{"@type":"SearchAction","target":{"@type":"EntryPoint","urlTemplate":"https:\/\/www.correiobraziliense.com.br\/cbradar\/?s={search_term_string}"},"query-input":{"@type":"PropertyValueSpecification","valueRequired":true,"valueName":"search_term_string"}}],"inLanguage":"pt-BR"},{"@type":"Person","@id":"https:\/\/www.correiobraziliense.com.br\/cbradar\/#\/schema\/person\/5aa4bf3c8fa699c267933611de12978b","name":"guilherme_saude","image":{"@type":"ImageObject","inLanguage":"pt-BR","@id":"https:\/\/www.correiobraziliense.com.br\/cbradar\/#\/schema\/person\/image\/","url":"https:\/\/secure.gravatar.com\/avatar\/df9adfb835d344bc0af109d41756253f?s=96&d=mm&r=g","contentUrl":"https:\/\/secure.gravatar.com\/avatar\/df9adfb835d344bc0af109d41756253f?s=96&d=mm&r=g","caption":"guilherme_saude"},"url":"https:\/\/www.correiobraziliense.com.br\/cbradar\/author\/guilherme_saude\/"}]}},"_links":{"self":[{"href":"https:\/\/www.correiobraziliense.com.br\/cbradar\/wp-json\/wp\/v2\/posts\/110509","targetHints":{"allow":["GET"]}}],"collection":[{"href":"https:\/\/www.correiobraziliense.com.br\/cbradar\/wp-json\/wp\/v2\/posts"}],"about":[{"href":"https:\/\/www.correiobraziliense.com.br\/cbradar\/wp-json\/wp\/v2\/types\/post"}],"author":[{"embeddable":true,"href":"https:\/\/www.correiobraziliense.com.br\/cbradar\/wp-json\/wp\/v2\/users\/14"}],"replies":[{"embeddable":true,"href":"https:\/\/www.correiobraziliense.com.br\/cbradar\/wp-json\/wp\/v2\/comments?post=110509"}],"version-history":[{"count":1,"href":"https:\/\/www.correiobraziliense.com.br\/cbradar\/wp-json\/wp\/v2\/posts\/110509\/revisions"}],"predecessor-version":[{"id":110512,"href":"https:\/\/www.correiobraziliense.com.br\/cbradar\/wp-json\/wp\/v2\/posts\/110509\/revisions\/110512"}],"wp:featuredmedia":[{"embeddable":true,"href":"https:\/\/www.correiobraziliense.com.br\/cbradar\/wp-json\/wp\/v2\/media\/110510"}],"wp:attachment":[{"href":"https:\/\/www.correiobraziliense.com.br\/cbradar\/wp-json\/wp\/v2\/media?parent=110509"}],"wp:term":[{"taxonomy":"category","embeddable":true,"href":"https:\/\/www.correiobraziliense.com.br\/cbradar\/wp-json\/wp\/v2\/categories?post=110509"},{"taxonomy":"post_tag","embeddable":true,"href":"https:\/\/www.correiobraziliense.com.br\/cbradar\/wp-json\/wp\/v2\/post_tag?post=110509"}],"curies":[{"name":"wp","href":"https:\/\/api.w.org\/{rel}","templated":true}]}}