{"id":110514,"date":"2025-09-29T08:03:00","date_gmt":"2025-09-29T11:03:00","guid":{"rendered":"https:\/\/www.correiobraziliense.com.br\/cbradar\/?p=110514"},"modified":"2025-09-27T15:29:14","modified_gmt":"2025-09-27T18:29:14","slug":"sardinha-enlatada-vale-a-pena-a-verdade-surpreende","status":"publish","type":"post","link":"https:\/\/www.correiobraziliense.com.br\/cbradar\/sardinha-enlatada-vale-a-pena-a-verdade-surpreende\/","title":{"rendered":"Sardinha enlatada vale a pena? A verdade surpreende"},"content":{"rendered":"\n<p>A <strong>Sardinha <\/strong>\u00e9 um peixe de \u00e1gua salgada de ampla popularidade nas culin\u00e1rias de regi\u00f5es costeiras, apreciada tanto por seu sabor quanto por sua textura macia. Al\u00e9m de apresentar versatilidade nas formas de preparo, como fresca, enlatada ou grelhada, oferece uma ampla gama de benef\u00edcios para a <a href=\"https:\/\/www.correiobraziliense.com.br\/cbradar\/gostar-muito-de-dormir-pode-ser-um-problema-medicina-explica\/\" target=\"_blank\" rel=\"noreferrer noopener\">sa\u00fade<\/a>. Rica em nutrientes essenciais, a Sardinha \u00e9 recomendada por m\u00e9dicos e nutricionistas, gra\u00e7as \u00e0 sua contribui\u00e7\u00e3o para uma alimenta\u00e7\u00e3o equilibrada e saud\u00e1vel.<\/p>\n\n\n\n<p>A import\u00e2ncia da Sardinha na alimenta\u00e7\u00e3o se d\u00e1 principalmente pelo seu alto teor de\u00a0<strong>\u00f4mega 3<\/strong>, um \u00e1cido graxo essencial. Este nutriente desempenha um papel crucial na redu\u00e7\u00e3o de inflama\u00e7\u00f5es, na melhoria da circula\u00e7\u00e3o sangu\u00ednea e na prote\u00e7\u00e3o cardiovascular. O consumo regular de \u00f4mega 3 est\u00e1 associado \u00e0 diminui\u00e7\u00e3o do risco de doen\u00e7as do cora\u00e7\u00e3o e favorece o bom funcionamento cerebral, auxiliando na mem\u00f3ria, concentra\u00e7\u00e3o e humor. Desta forma, a inclus\u00e3o de sardinhas na dieta pode trazer amplos benef\u00edcios \u00e0 sa\u00fade tanto f\u00edsica quanto mental.<\/p>\n\n\n\n<h2 class=\"wp-block-heading\">Quais s\u00e3o os benef\u00edcios nutricionais da Sardinha?<\/h2>\n\n\n\n<p>Al\u00e9m do \u00f4mega 3, a Sardinha \u00e9 uma excelente fonte de prote\u00ednas de alta qualidade. Cada 100 gramas desse peixe oferece cerca de 20,9 gramas de prote\u00edna, essencial para a constru\u00e7\u00e3o muscular, recupera\u00e7\u00e3o de tecidos e fortalecimento do sistema imunol\u00f3gico. As prote\u00ednas da Sardinha s\u00e3o facilmente absorvidas pelo organismo, o que melhora a efici\u00eancia desse nutriente na nutri\u00e7\u00e3o humana.<\/p>\n\n\n\n<h2 class=\"wp-block-heading\">Como a Sardinha contribui para a sa\u00fade \u00f3ssea?<\/h2>\n\n\n\n<p>Outro aspecto positivo do consumo de sardinhas \u00e9 sua contribui\u00e7\u00e3o para a sa\u00fade dos\u00a0<strong>ossos<\/strong>. Este peixe \u00e9 uma rara fonte de\u00a0<strong>c\u00e1lcio<\/strong>\u00a0e\u00a0<strong>vitamina D<\/strong>, especialmente quando consumido com espinhas. Ambos os nutrientes s\u00e3o fundamentais para a preven\u00e7\u00e3o da osteoporose e trabalham em conjunto para manter a densidade \u00f3ssea. Para aqueles que t\u00eam dificuldade em ingerir latic\u00ednios, a Sardinha oferece uma valiosa alternativa para a ingest\u00e3o de c\u00e1lcio.<\/p>\n\n\n\n<figure class=\"wp-block-image size-large\"><img decoding=\"async\" width=\"1024\" height=\"576\" src=\"https:\/\/www.correiobraziliense.com.br\/cbradar\/wp-content\/uploads\/2025\/09\/sardinha_1758997724887-1024x576.jpg\" alt=\"\" class=\"wp-image-110523\" srcset=\"https:\/\/www.correiobraziliense.com.br\/cbradar\/wp-content\/uploads\/2025\/09\/sardinha_1758997724887-1024x576.jpg 1024w, https:\/\/www.correiobraziliense.com.br\/cbradar\/wp-content\/uploads\/2025\/09\/sardinha_1758997724887-300x169.jpg 300w, https:\/\/www.correiobraziliense.com.br\/cbradar\/wp-content\/uploads\/2025\/09\/sardinha_1758997724887-768x432.jpg 768w, https:\/\/www.correiobraziliense.com.br\/cbradar\/wp-content\/uploads\/2025\/09\/sardinha_1758997724887-750x422.jpg 750w, https:\/\/www.correiobraziliense.com.br\/cbradar\/wp-content\/uploads\/2025\/09\/sardinha_1758997724887-1140x641.jpg 1140w, https:\/\/www.correiobraziliense.com.br\/cbradar\/wp-content\/uploads\/2025\/09\/sardinha_1758997724887.jpg 1280w\" sizes=\"(max-width: 1024px) 100vw, 1024px\" \/><figcaption class=\"wp-element-caption\">Sardinha &#8211; Cr\u00e9ditos: depositphotos.com \/ mastersky<\/figcaption><\/figure>\n\n\n\n<h2 class=\"wp-block-heading\">A Sardinha pode auxiliar na perda de peso?<\/h2>\n\n\n\n<p>Sendo uma op\u00e7\u00e3o rica em prote\u00ednas e com baixo teor cal\u00f3rico, a Sardinha tamb\u00e9m pode ser uma aliada na perda de peso. A presen\u00e7a de prote\u00ednas proporciona maior sensa\u00e7\u00e3o de saciedade, o que ajuda no controle do apetite. Em compara\u00e7\u00e3o a outros peixes, como o salm\u00e3o, a sardinha \u00e9 mais acess\u00edvel, tanto em termos de custo quanto de benef\u00edcio nutricional, favorecendo indiv\u00edduos que buscam manter ou reduzir o peso corporal de maneira saud\u00e1vel.<\/p>\n\n\n\n<p>Al\u00e9m de todos esses benef\u00edcios, a Sardinha cont\u00e9m sel\u00eanio, um mineral essencial para o funcionamento da tireoide. Em suma, integrar sardinhas na dieta \u00e9 uma pr\u00e1tica que pode resultar em m\u00faltiplos benef\u00edcios para a sa\u00fade, desde a fun\u00e7\u00e3o cardiovascular at\u00e9 a imunidade e sa\u00fade \u00f3ssea, tornando-se uma parte valiosa de uma dieta equilibrada e sustent\u00e1vel.<\/p>\n\n\n<a href=\"https:\/\/www.instagram.com\/dra.annaluisabf\/\" target=\"_blank\" rel=\"noopener\" style=\"text-decoration: none; color: inherit;\">\n    <span style=\"display: inline-block; border: 1px solid #ccc; border-radius: 10px; padding: 15px; max-width: 550px; font-family: sans-serif; box-shadow: 0 2px 5px rgba(0,0,0,0.1); width: 100%;\">\n\n      <!-- T\u00edtulo -->\n      <span style=\"display: block; margin: 0 0 15px 0; font-weight: bold; color: #2c3e50; text-align: center;\">\n        Entre em contato:\n      <\/span>\n\n      <!-- Linha do perfil -->\n      <span style=\"display: flex; align-items: center; gap: 15px;\">\n        <img decoding=\"async\"\n          src=\"https:\/\/www.correiobraziliense.com.br\/cbradar\/wp-content\/uploads\/2025\/08\/dra_anna_luisa.jpeg\"\n          alt=\"Foto da Dra. Anna Lu\u00edsa\"\n          style=\"border-radius: 50%; width: 80px; height: 80px; object-fit: cover;\"\n        \/>\n        <span style=\"display: flex; flex-direction: column;\">\n          <span style=\"font-size: 18px; font-weight: 700; color: #2c3e50;\">Dra. Anna Lu\u00edsa Barbosa Fernandes<\/span>\n          <span style=\"color: #555;\">CRM-GO 33.271<\/span>\n        <\/span>\n      <\/span>\n\n      <!-- Redes -->\n      <span style=\"display: flex; align-items: center; gap: 10px; margin-top: 12px;\">\n        <img decoding=\"async\" src=\"https:\/\/cdn-icons-png.flaticon.com\/24\/1384\/1384063.png\" alt=\"Instagram\" width=\"24\" height=\"24\" \/>\n        <span style=\"text-decoration: underline; color: #2c3e50;\">@dra.annaluisabf<\/span>\n      <\/span>\n\n    <\/span>\n  <\/a>\n\n\n<p><\/p>\n","protected":false},"excerpt":{"rendered":"<p>A Sardinha \u00e9 um peixe de \u00e1gua salgada de ampla popularidade nas culin\u00e1rias de regi\u00f5es costeiras, apreciada tanto por seu sabor quanto por sua textura macia. Al\u00e9m de apresentar versatilidade nas formas de preparo, como fresca, enlatada ou grelhada, oferece uma ampla gama de benef\u00edcios para a sa\u00fade. Rica em nutrientes essenciais, a Sardinha \u00e9 [&hellip;]<\/p>\n","protected":false},"author":14,"featured_media":110515,"comment_status":"open","ping_status":"open","sticky":false,"template":"","format":"standard","meta":{"_yoast_wpseo_focuskw":"Sardinha","_yoast_wpseo_title":"","_yoast_wpseo_metadesc":"Quer resultado real com sardinha Veja o truque simples que aumenta saciedade e o detalhe que supera at\u00e9 peixes caros","jnews-multi-image_gallery":[],"jnews_single_post":{"format":"standard"},"jnews_primary_category":[],"jnews_social_meta":[],"jnews_override_counter":[],"footnotes":""},"categories":[4404],"tags":[281,1423,120,1318],"class_list":["post-110514","post","type-post","status-publish","format-standard","has-post-thumbnail","hentry","category-saude","tag-alimentacao","tag-alimentos","tag-bem-estar","tag-saude-2"],"yoast_head":"<!-- This site is optimized with the Yoast SEO plugin v24.6 - https:\/\/yoast.com\/wordpress\/plugins\/seo\/ -->\n<title>Sardinha enlatada vale a pena? A verdade surpreende - Correio Braziliense - Radar<\/title>\n<meta name=\"description\" content=\"Quer resultado real com sardinha Veja o truque simples que aumenta saciedade e o detalhe que supera at\u00e9 peixes caros\" \/>\n<meta name=\"robots\" content=\"index, follow, max-snippet:-1, max-image-preview:large, max-video-preview:-1\" \/>\n<link rel=\"canonical\" href=\"https:\/\/www.correiobraziliense.com.br\/cbradar\/sardinha-enlatada-vale-a-pena-a-verdade-surpreende\/\" \/>\n<meta property=\"og:locale\" content=\"pt_BR\" \/>\n<meta property=\"og:type\" content=\"article\" \/>\n<meta property=\"og:title\" content=\"Sardinha enlatada vale a pena? A verdade surpreende - Correio Braziliense - Radar\" \/>\n<meta property=\"og:description\" content=\"Quer resultado real com sardinha Veja o truque simples que aumenta saciedade e o detalhe que supera at\u00e9 peixes caros\" \/>\n<meta property=\"og:url\" content=\"https:\/\/www.correiobraziliense.com.br\/cbradar\/sardinha-enlatada-vale-a-pena-a-verdade-surpreende\/\" \/>\n<meta property=\"og:site_name\" content=\"Correio Braziliense - Radar\" \/>\n<meta property=\"article:published_time\" content=\"2025-09-29T11:03:00+00:00\" \/>\n<meta property=\"og:image\" content=\"https:\/\/www.correiobraziliense.com.br\/cbradar\/wp-content\/uploads\/2025\/09\/sardinha_1758997686408.jpg\" \/>\n\t<meta property=\"og:image:width\" content=\"1280\" \/>\n\t<meta property=\"og:image:height\" content=\"720\" \/>\n\t<meta property=\"og:image:type\" content=\"image\/jpeg\" \/>\n<meta name=\"author\" content=\"guilherme_saude\" \/>\n<meta name=\"twitter:card\" content=\"summary_large_image\" \/>\n<meta name=\"twitter:label1\" content=\"Escrito por\" \/>\n\t<meta name=\"twitter:data1\" content=\"guilherme_saude\" \/>\n\t<meta name=\"twitter:label2\" content=\"Est. tempo de leitura\" \/>\n\t<meta name=\"twitter:data2\" content=\"4 minutos\" \/>\n<!-- \/ Yoast SEO plugin. -->","yoast_head_json":{"title":"Sardinha enlatada vale a pena? A verdade surpreende - Correio Braziliense - Radar","description":"Quer resultado real com sardinha Veja o truque simples que aumenta saciedade e o detalhe que supera at\u00e9 peixes caros","robots":{"index":"index","follow":"follow","max-snippet":"max-snippet:-1","max-image-preview":"max-image-preview:large","max-video-preview":"max-video-preview:-1"},"canonical":"https:\/\/www.correiobraziliense.com.br\/cbradar\/sardinha-enlatada-vale-a-pena-a-verdade-surpreende\/","og_locale":"pt_BR","og_type":"article","og_title":"Sardinha enlatada vale a pena? A verdade surpreende - Correio Braziliense - Radar","og_description":"Quer resultado real com sardinha Veja o truque simples que aumenta saciedade e o detalhe que supera at\u00e9 peixes caros","og_url":"https:\/\/www.correiobraziliense.com.br\/cbradar\/sardinha-enlatada-vale-a-pena-a-verdade-surpreende\/","og_site_name":"Correio Braziliense - Radar","article_published_time":"2025-09-29T11:03:00+00:00","og_image":[{"width":1280,"height":720,"url":"https:\/\/www.correiobraziliense.com.br\/cbradar\/wp-content\/uploads\/2025\/09\/sardinha_1758997686408.jpg","type":"image\/jpeg"}],"author":"guilherme_saude","twitter_card":"summary_large_image","twitter_misc":{"Escrito por":"guilherme_saude","Est. tempo de leitura":"4 minutos"},"schema":{"@context":"https:\/\/schema.org","@graph":[{"@type":"WebPage","@id":"https:\/\/www.correiobraziliense.com.br\/cbradar\/sardinha-enlatada-vale-a-pena-a-verdade-surpreende\/","url":"https:\/\/www.correiobraziliense.com.br\/cbradar\/sardinha-enlatada-vale-a-pena-a-verdade-surpreende\/","name":"Sardinha enlatada vale a pena? A verdade surpreende - Correio Braziliense - Radar","isPartOf":{"@id":"https:\/\/www.correiobraziliense.com.br\/cbradar\/#website"},"primaryImageOfPage":{"@id":"https:\/\/www.correiobraziliense.com.br\/cbradar\/sardinha-enlatada-vale-a-pena-a-verdade-surpreende\/#primaryimage"},"image":{"@id":"https:\/\/www.correiobraziliense.com.br\/cbradar\/sardinha-enlatada-vale-a-pena-a-verdade-surpreende\/#primaryimage"},"thumbnailUrl":"https:\/\/www.correiobraziliense.com.br\/cbradar\/wp-content\/uploads\/2025\/09\/sardinha_1758997686408.jpg","datePublished":"2025-09-29T11:03:00+00:00","author":{"@id":"https:\/\/www.correiobraziliense.com.br\/cbradar\/#\/schema\/person\/5aa4bf3c8fa699c267933611de12978b"},"description":"Quer resultado real com sardinha Veja o truque simples que aumenta saciedade e o detalhe que supera at\u00e9 peixes caros","breadcrumb":{"@id":"https:\/\/www.correiobraziliense.com.br\/cbradar\/sardinha-enlatada-vale-a-pena-a-verdade-surpreende\/#breadcrumb"},"inLanguage":"pt-BR","potentialAction":[{"@type":"ReadAction","target":["https:\/\/www.correiobraziliense.com.br\/cbradar\/sardinha-enlatada-vale-a-pena-a-verdade-surpreende\/"]}]},{"@type":"ImageObject","inLanguage":"pt-BR","@id":"https:\/\/www.correiobraziliense.com.br\/cbradar\/sardinha-enlatada-vale-a-pena-a-verdade-surpreende\/#primaryimage","url":"https:\/\/www.correiobraziliense.com.br\/cbradar\/wp-content\/uploads\/2025\/09\/sardinha_1758997686408.jpg","contentUrl":"https:\/\/www.correiobraziliense.com.br\/cbradar\/wp-content\/uploads\/2025\/09\/sardinha_1758997686408.jpg","width":1280,"height":720,"caption":"Sardinha - Cr\u00e9ditos: depositphotos.com \/ karakedi35"},{"@type":"BreadcrumbList","@id":"https:\/\/www.correiobraziliense.com.br\/cbradar\/sardinha-enlatada-vale-a-pena-a-verdade-surpreende\/#breadcrumb","itemListElement":[{"@type":"ListItem","position":1,"name":"In\u00edcio","item":"https:\/\/www.correiobraziliense.com.br\/cbradar\/"},{"@type":"ListItem","position":2,"name":"Sardinha enlatada vale a pena? A verdade surpreende"}]},{"@type":"WebSite","@id":"https:\/\/www.correiobraziliense.com.br\/cbradar\/#website","url":"https:\/\/www.correiobraziliense.com.br\/cbradar\/","name":"Correio Braziliense - Radar","description":"Acompanhe as \u00faltimas not\u00edcias e fique bem informado sobre tudo o que acontece no Brasil e no mundo.","potentialAction":[{"@type":"SearchAction","target":{"@type":"EntryPoint","urlTemplate":"https:\/\/www.correiobraziliense.com.br\/cbradar\/?s={search_term_string}"},"query-input":{"@type":"PropertyValueSpecification","valueRequired":true,"valueName":"search_term_string"}}],"inLanguage":"pt-BR"},{"@type":"Person","@id":"https:\/\/www.correiobraziliense.com.br\/cbradar\/#\/schema\/person\/5aa4bf3c8fa699c267933611de12978b","name":"guilherme_saude","image":{"@type":"ImageObject","inLanguage":"pt-BR","@id":"https:\/\/www.correiobraziliense.com.br\/cbradar\/#\/schema\/person\/image\/","url":"https:\/\/secure.gravatar.com\/avatar\/df9adfb835d344bc0af109d41756253f?s=96&d=mm&r=g","contentUrl":"https:\/\/secure.gravatar.com\/avatar\/df9adfb835d344bc0af109d41756253f?s=96&d=mm&r=g","caption":"guilherme_saude"},"url":"https:\/\/www.correiobraziliense.com.br\/cbradar\/author\/guilherme_saude\/"}]}},"_links":{"self":[{"href":"https:\/\/www.correiobraziliense.com.br\/cbradar\/wp-json\/wp\/v2\/posts\/110514","targetHints":{"allow":["GET"]}}],"collection":[{"href":"https:\/\/www.correiobraziliense.com.br\/cbradar\/wp-json\/wp\/v2\/posts"}],"about":[{"href":"https:\/\/www.correiobraziliense.com.br\/cbradar\/wp-json\/wp\/v2\/types\/post"}],"author":[{"embeddable":true,"href":"https:\/\/www.correiobraziliense.com.br\/cbradar\/wp-json\/wp\/v2\/users\/14"}],"replies":[{"embeddable":true,"href":"https:\/\/www.correiobraziliense.com.br\/cbradar\/wp-json\/wp\/v2\/comments?post=110514"}],"version-history":[{"count":1,"href":"https:\/\/www.correiobraziliense.com.br\/cbradar\/wp-json\/wp\/v2\/posts\/110514\/revisions"}],"predecessor-version":[{"id":110527,"href":"https:\/\/www.correiobraziliense.com.br\/cbradar\/wp-json\/wp\/v2\/posts\/110514\/revisions\/110527"}],"wp:featuredmedia":[{"embeddable":true,"href":"https:\/\/www.correiobraziliense.com.br\/cbradar\/wp-json\/wp\/v2\/media\/110515"}],"wp:attachment":[{"href":"https:\/\/www.correiobraziliense.com.br\/cbradar\/wp-json\/wp\/v2\/media?parent=110514"}],"wp:term":[{"taxonomy":"category","embeddable":true,"href":"https:\/\/www.correiobraziliense.com.br\/cbradar\/wp-json\/wp\/v2\/categories?post=110514"},{"taxonomy":"post_tag","embeddable":true,"href":"https:\/\/www.correiobraziliense.com.br\/cbradar\/wp-json\/wp\/v2\/tags?post=110514"}],"curies":[{"name":"wp","href":"https:\/\/api.w.org\/{rel}","templated":true}]}}