{"id":110526,"date":"2025-09-29T13:13:00","date_gmt":"2025-09-29T16:13:00","guid":{"rendered":"https:\/\/www.correiobraziliense.com.br\/cbradar\/?p=110526"},"modified":"2025-09-27T16:46:36","modified_gmt":"2025-09-27T19:46:36","slug":"o-segredo-natural-para-cuidar-dos-cabelos-esta-nessa-planta-poderosa-2","status":"publish","type":"post","link":"https:\/\/www.correiobraziliense.com.br\/cbradar\/o-segredo-natural-para-cuidar-dos-cabelos-esta-nessa-planta-poderosa-2\/","title":{"rendered":"O segredo natural para cuidar dos cabelos est\u00e1 nessa planta poderosa"},"content":{"rendered":"\n<p>Cuidar dos cabelos naturalmente \u00e9 poss\u00edvel e altamente eficaz com o uso de plantas medicinais. Uma das mais poderosas nesse quesito \u00e9 a <strong>babosa<\/strong>, conhecida tamb\u00e9m como aloe vera, que traz in\u00fameros benef\u00edcios para fios danificados, ressecados e com queda.<\/p>\n\n\n\n<p>Al\u00e9m de revitalizar os cabelos, a babosa \u00e9 f\u00e1cil de cultivar em casa, sustent\u00e1vel e pode ser usada diariamente em diversas prepara\u00e7\u00f5es naturais, tornando-se um verdadeiro aliado da beleza e da sa\u00fade capilar.<\/p>\n\n\n\n<h2 class=\"wp-block-heading\">Como a babosa age nos cabelos?<\/h2>\n\n\n\n<p>A <strong>babosa<\/strong> possui enzimas, vitaminas e amino\u00e1cidos que fortalecem os fios e estimulam o crescimento saud\u00e1vel. Ela tamb\u00e9m cont\u00e9m mucilagem, que hidrata profundamente, previne pontas duplas e confere brilho natural.<\/p>\n\n\n\n<p><strong>O uso regular da babosa melhora a textura, aumenta a resist\u00eancia e deixa os cabelos mais macios e hidratados.<\/strong> \u00c9 uma solu\u00e7\u00e3o natural que complementa cuidados b\u00e1sicos de higiene capilar.<\/p>\n\n\n<div class=\"wp-block-image\">\n<figure class=\"aligncenter size-large\"><img decoding=\"async\" width=\"1024\" height=\"576\" src=\"https:\/\/www.correiobraziliense.com.br\/cbradar\/wp-content\/uploads\/2025\/03\/babosa_1740802326513-1024x576.jpg\" alt=\"O segredo natural para cuidar dos cabelos est\u00e1 nessa planta poderosa\" class=\"wp-image-7944\" srcset=\"https:\/\/www.correiobraziliense.com.br\/cbradar\/wp-content\/uploads\/2025\/03\/babosa_1740802326513-1024x576.jpg 1024w, https:\/\/www.correiobraziliense.com.br\/cbradar\/wp-content\/uploads\/2025\/03\/babosa_1740802326513-300x169.jpg 300w, https:\/\/www.correiobraziliense.com.br\/cbradar\/wp-content\/uploads\/2025\/03\/babosa_1740802326513-768x432.jpg 768w, https:\/\/www.correiobraziliense.com.br\/cbradar\/wp-content\/uploads\/2025\/03\/babosa_1740802326513-750x422.jpg 750w, https:\/\/www.correiobraziliense.com.br\/cbradar\/wp-content\/uploads\/2025\/03\/babosa_1740802326513-1140x642.jpg 1140w, https:\/\/www.correiobraziliense.com.br\/cbradar\/wp-content\/uploads\/2025\/03\/babosa_1740802326513.jpg 1279w\" sizes=\"(max-width: 1024px) 100vw, 1024px\" \/><figcaption class=\"wp-element-caption\">Babosa (aloe vera) \/\/ Cr\u00e9ditos: depositphotos.com \/ sommaill<\/figcaption><\/figure><\/div>\n\n\n<h2 class=\"wp-block-heading\">Benef\u00edcios da babosa para fios e couro cabeludo<\/h2>\n\n\n\n<ul class=\"wp-block-list\">\n<li>Hidrata profundamente e previne ressecamento<\/li>\n\n\n\n<li>Fortalece a raiz e reduz a queda<\/li>\n\n\n\n<li>Estimula crescimento saud\u00e1vel<\/li>\n\n\n\n<li>A\u00e7\u00e3o anti-inflamat\u00f3ria no couro cabeludo<\/li>\n\n\n\n<li>Reduz caspa e irrita\u00e7\u00f5es<\/li>\n<\/ul>\n\n\n\n<p><strong>Incorporar a babosa nos cuidados capilares promove cabelos mais fortes, bonitos e saud\u00e1veis.<\/strong><\/p>\n\n\n\n<h2 class=\"wp-block-heading\">Como cultivar a babosa em casa?<\/h2>\n\n\n\n<p>Cultivar a babosa \u00e9 simples e pr\u00e1tico, mesmo em pequenos espa\u00e7os:<\/p>\n\n\n\n<ol class=\"wp-block-list\">\n<li>Escolha um vaso largo com boa drenagem.<\/li>\n\n\n\n<li>Plante mudas ou folhas cortadas no solo arenoso e f\u00e9rtil.<\/li>\n\n\n\n<li>Coloque o vaso em local com sol indireto ou parcial.<\/li>\n\n\n\n<li>Regue moderadamente, evitando encharcar.<\/li>\n\n\n\n<li>Pode ser colhida quando folhas atingirem 15 a 20 cm, cortando a base da planta.<\/li>\n<\/ol>\n\n\n\n<p><strong>Seguindo essas etapas, voc\u00ea garante babosa saud\u00e1vel sempre dispon\u00edvel para uso capilar.<\/strong><\/p>\n\n\n\n<p><strong>Leia tamb\u00e9m:<\/strong> <strong><a href=\"https:\/\/www.correiobraziliense.com.br\/cbradar\/a-planta-mais-poderosa-para-tirar-inveja-e-mau-olhado-e-e-facil-de-cultivar\/\" target=\"_blank\" rel=\"noreferrer noopener\">A planta mais poderosa para tirar inveja e mau-olhado \u00e9 e f\u00e1cil de cultivar<\/a>.<\/strong><\/p>\n\n\n\n<h2 class=\"wp-block-heading\">Formas de usar a babosa nos cabelos<\/h2>\n\n\n\n<p>Existem diversas maneiras de aplicar a babosa para maximizar os benef\u00edcios:<\/p>\n\n\n\n<ul class=\"wp-block-list\">\n<li>M\u00e1scara hidratante: extraia o gel e aplique nos fios, deixando agir 30 minutos antes de lavar.<\/li>\n\n\n\n<li>Leave-in natural: misture gel de babosa com algumas gotas de \u00f3leo de coco e aplique nas pontas.<\/li>\n\n\n\n<li>Shampoo ou condicionador caseiro: adicione pequenas quantidades do gel para potencializar a hidrata\u00e7\u00e3o.<\/li>\n<\/ul>\n\n\n\n<p><strong>Essas aplica\u00e7\u00f5es promovem fios mais fortes, sedosos e protegidos contra danos di\u00e1rios.<\/strong><\/p>\n\n\n\n<h2 class=\"wp-block-heading\">Cuidados e precau\u00e7\u00f5es<\/h2>\n\n\n\n<p>Embora seja uma planta segura, \u00e9 importante observar alguns cuidados:<\/p>\n\n\n\n<ul class=\"wp-block-list\">\n<li>Teste uma pequena quantidade antes de aplicar para evitar alergias<\/li>\n\n\n\n<li>Evite misturar com produtos qu\u00edmicos agressivos<\/li>\n\n\n\n<li>Armazene o gel da babosa na geladeira por no m\u00e1ximo 7 dias<\/li>\n\n\n\n<li>N\u00e3o substitua tratamentos m\u00e9dicos em casos de problemas graves do couro cabeludo<\/li>\n<\/ul>\n\n\n\n<p><strong>Seguindo essas recomenda\u00e7\u00f5es, a babosa \u00e9 uma aliada poderosa e segura para cuidar dos cabelos de forma natural e eficaz.<\/strong><\/p>\n","protected":false},"excerpt":{"rendered":"<p>Cuidar dos cabelos naturalmente \u00e9 poss\u00edvel e altamente eficaz com o uso de plantas medicinais. Uma das mais poderosas nesse quesito \u00e9 a babosa, conhecida tamb\u00e9m como aloe vera, que traz in\u00fameros benef\u00edcios para fios danificados, ressecados e com queda. Al\u00e9m de revitalizar os cabelos, a babosa \u00e9 f\u00e1cil de cultivar em casa, sustent\u00e1vel e [&hellip;]<\/p>\n","protected":false},"author":8,"featured_media":41215,"comment_status":"open","ping_status":"open","sticky":false,"template":"","format":"standard","meta":{"_yoast_wpseo_focuskw":"cuidar dos cabelos","_yoast_wpseo_title":"","_yoast_wpseo_metadesc":"Conhe\u00e7a a planta poderosa que ajuda a cuidar dos cabelos, fortalece, devolve brilho e sa\u00fade, sendo um segredo natural para cuidados di\u00e1rios.","jnews-multi-image_gallery":[],"jnews_single_post":{"format":"standard"},"jnews_primary_category":[],"jnews_social_meta":[],"jnews_override_counter":[],"footnotes":""},"categories":[136],"tags":[10516,329,866],"class_list":["post-110526","post","type-post","status-publish","format-standard","has-post-thumbnail","hentry","category-jardinagem","tag-cuidar-dos-cabelos","tag-jardinagem","tag-planta"],"yoast_head":"<!-- This site is optimized with the Yoast SEO plugin v24.6 - https:\/\/yoast.com\/wordpress\/plugins\/seo\/ -->\n<title>O segredo natural para cuidar dos cabelos est\u00e1 nessa planta poderosa - Correio Braziliense - Radar<\/title>\n<meta name=\"description\" content=\"Conhe\u00e7a a planta poderosa que ajuda a cuidar dos cabelos, fortalece, devolve brilho e sa\u00fade, sendo um segredo natural para cuidados di\u00e1rios.\" \/>\n<meta name=\"robots\" content=\"index, follow, max-snippet:-1, max-image-preview:large, max-video-preview:-1\" \/>\n<link rel=\"canonical\" href=\"https:\/\/www.correiobraziliense.com.br\/cbradar\/o-segredo-natural-para-cuidar-dos-cabelos-esta-nessa-planta-poderosa-2\/\" \/>\n<meta property=\"og:locale\" content=\"pt_BR\" \/>\n<meta property=\"og:type\" content=\"article\" \/>\n<meta property=\"og:title\" content=\"O segredo natural para cuidar dos cabelos est\u00e1 nessa planta poderosa - Correio Braziliense - Radar\" \/>\n<meta property=\"og:description\" content=\"Conhe\u00e7a a planta poderosa que ajuda a cuidar dos cabelos, fortalece, devolve brilho e sa\u00fade, sendo um segredo natural para cuidados di\u00e1rios.\" \/>\n<meta property=\"og:url\" content=\"https:\/\/www.correiobraziliense.com.br\/cbradar\/o-segredo-natural-para-cuidar-dos-cabelos-esta-nessa-planta-poderosa-2\/\" \/>\n<meta property=\"og:site_name\" content=\"Correio Braziliense - Radar\" \/>\n<meta property=\"article:published_time\" content=\"2025-09-29T16:13:00+00:00\" \/>\n<meta property=\"og:image\" content=\"https:\/\/www.correiobraziliense.com.br\/cbradar\/wp-content\/uploads\/2025\/05\/aloe-vera-skin_1747922500096.jpg\" \/>\n\t<meta property=\"og:image:width\" content=\"1280\" \/>\n\t<meta property=\"og:image:height\" content=\"720\" \/>\n\t<meta property=\"og:image:type\" content=\"image\/jpeg\" \/>\n<meta name=\"author\" content=\"Maura Pereira\" \/>\n<meta name=\"twitter:card\" content=\"summary_large_image\" \/>\n<meta name=\"twitter:label1\" content=\"Escrito por\" \/>\n\t<meta name=\"twitter:data1\" content=\"Maura Pereira\" \/>\n\t<meta name=\"twitter:label2\" content=\"Est. tempo de leitura\" \/>\n\t<meta name=\"twitter:data2\" content=\"3 minutos\" \/>\n<!-- \/ Yoast SEO plugin. -->","yoast_head_json":{"title":"O segredo natural para cuidar dos cabelos est\u00e1 nessa planta poderosa - Correio Braziliense - Radar","description":"Conhe\u00e7a a planta poderosa que ajuda a cuidar dos cabelos, fortalece, devolve brilho e sa\u00fade, sendo um segredo natural para cuidados di\u00e1rios.","robots":{"index":"index","follow":"follow","max-snippet":"max-snippet:-1","max-image-preview":"max-image-preview:large","max-video-preview":"max-video-preview:-1"},"canonical":"https:\/\/www.correiobraziliense.com.br\/cbradar\/o-segredo-natural-para-cuidar-dos-cabelos-esta-nessa-planta-poderosa-2\/","og_locale":"pt_BR","og_type":"article","og_title":"O segredo natural para cuidar dos cabelos est\u00e1 nessa planta poderosa - Correio Braziliense - Radar","og_description":"Conhe\u00e7a a planta poderosa que ajuda a cuidar dos cabelos, fortalece, devolve brilho e sa\u00fade, sendo um segredo natural para cuidados di\u00e1rios.","og_url":"https:\/\/www.correiobraziliense.com.br\/cbradar\/o-segredo-natural-para-cuidar-dos-cabelos-esta-nessa-planta-poderosa-2\/","og_site_name":"Correio Braziliense - Radar","article_published_time":"2025-09-29T16:13:00+00:00","og_image":[{"width":1280,"height":720,"url":"https:\/\/www.correiobraziliense.com.br\/cbradar\/wp-content\/uploads\/2025\/05\/aloe-vera-skin_1747922500096.jpg","type":"image\/jpeg"}],"author":"Maura Pereira","twitter_card":"summary_large_image","twitter_misc":{"Escrito por":"Maura Pereira","Est. tempo de leitura":"3 minutos"},"schema":{"@context":"https:\/\/schema.org","@graph":[{"@type":"WebPage","@id":"https:\/\/www.correiobraziliense.com.br\/cbradar\/o-segredo-natural-para-cuidar-dos-cabelos-esta-nessa-planta-poderosa-2\/","url":"https:\/\/www.correiobraziliense.com.br\/cbradar\/o-segredo-natural-para-cuidar-dos-cabelos-esta-nessa-planta-poderosa-2\/","name":"O segredo natural para cuidar dos cabelos est\u00e1 nessa planta poderosa - Correio Braziliense - Radar","isPartOf":{"@id":"https:\/\/www.correiobraziliense.com.br\/cbradar\/#website"},"primaryImageOfPage":{"@id":"https:\/\/www.correiobraziliense.com.br\/cbradar\/o-segredo-natural-para-cuidar-dos-cabelos-esta-nessa-planta-poderosa-2\/#primaryimage"},"image":{"@id":"https:\/\/www.correiobraziliense.com.br\/cbradar\/o-segredo-natural-para-cuidar-dos-cabelos-esta-nessa-planta-poderosa-2\/#primaryimage"},"thumbnailUrl":"https:\/\/www.correiobraziliense.com.br\/cbradar\/wp-content\/uploads\/2025\/05\/aloe-vera-skin_1747922500096.jpg","datePublished":"2025-09-29T16:13:00+00:00","author":{"@id":"https:\/\/www.correiobraziliense.com.br\/cbradar\/#\/schema\/person\/4053c651a9bfc785afc6f4cbc9032fd3"},"description":"Conhe\u00e7a a planta poderosa que ajuda a cuidar dos cabelos, fortalece, devolve brilho e sa\u00fade, sendo um segredo natural para cuidados di\u00e1rios.","breadcrumb":{"@id":"https:\/\/www.correiobraziliense.com.br\/cbradar\/o-segredo-natural-para-cuidar-dos-cabelos-esta-nessa-planta-poderosa-2\/#breadcrumb"},"inLanguage":"pt-BR","potentialAction":[{"@type":"ReadAction","target":["https:\/\/www.correiobraziliense.com.br\/cbradar\/o-segredo-natural-para-cuidar-dos-cabelos-esta-nessa-planta-poderosa-2\/"]}]},{"@type":"ImageObject","inLanguage":"pt-BR","@id":"https:\/\/www.correiobraziliense.com.br\/cbradar\/o-segredo-natural-para-cuidar-dos-cabelos-esta-nessa-planta-poderosa-2\/#primaryimage","url":"https:\/\/www.correiobraziliense.com.br\/cbradar\/wp-content\/uploads\/2025\/05\/aloe-vera-skin_1747922500096.jpg","contentUrl":"https:\/\/www.correiobraziliense.com.br\/cbradar\/wp-content\/uploads\/2025\/05\/aloe-vera-skin_1747922500096.jpg","width":1280,"height":720,"caption":"Os benef\u00edcios da babosa v\u00e3o al\u00e9m da hidrata\u00e7\u00e3o e alcan\u00e7am a cicatriza\u00e7\u00e3o e a prote\u00e7\u00e3o da pele. \/\/ Cr\u00e9ditos: depositphotos.com \/ EdZbarzhyvetsky"},{"@type":"BreadcrumbList","@id":"https:\/\/www.correiobraziliense.com.br\/cbradar\/o-segredo-natural-para-cuidar-dos-cabelos-esta-nessa-planta-poderosa-2\/#breadcrumb","itemListElement":[{"@type":"ListItem","position":1,"name":"In\u00edcio","item":"https:\/\/www.correiobraziliense.com.br\/cbradar\/"},{"@type":"ListItem","position":2,"name":"O segredo natural para cuidar dos cabelos est\u00e1 nessa planta poderosa"}]},{"@type":"WebSite","@id":"https:\/\/www.correiobraziliense.com.br\/cbradar\/#website","url":"https:\/\/www.correiobraziliense.com.br\/cbradar\/","name":"Correio Braziliense - Radar","description":"Acompanhe as \u00faltimas not\u00edcias e fique bem informado sobre tudo o que acontece no Brasil e no mundo.","potentialAction":[{"@type":"SearchAction","target":{"@type":"EntryPoint","urlTemplate":"https:\/\/www.correiobraziliense.com.br\/cbradar\/?s={search_term_string}"},"query-input":{"@type":"PropertyValueSpecification","valueRequired":true,"valueName":"search_term_string"}}],"inLanguage":"pt-BR"},{"@type":"Person","@id":"https:\/\/www.correiobraziliense.com.br\/cbradar\/#\/schema\/person\/4053c651a9bfc785afc6f4cbc9032fd3","name":"Maura Pereira","image":{"@type":"ImageObject","inLanguage":"pt-BR","@id":"https:\/\/www.correiobraziliense.com.br\/cbradar\/#\/schema\/person\/image\/","url":"https:\/\/secure.gravatar.com\/avatar\/3effd6bdadfa447f15089c7f7144eaa6?s=96&d=mm&r=g","contentUrl":"https:\/\/secure.gravatar.com\/avatar\/3effd6bdadfa447f15089c7f7144eaa6?s=96&d=mm&r=g","caption":"Maura Pereira"},"sameAs":["https:\/\/www.correiobraziliense.com.br\/"],"url":"https:\/\/www.correiobraziliense.com.br\/cbradar\/author\/mauramyth\/"}]}},"_links":{"self":[{"href":"https:\/\/www.correiobraziliense.com.br\/cbradar\/wp-json\/wp\/v2\/posts\/110526","targetHints":{"allow":["GET"]}}],"collection":[{"href":"https:\/\/www.correiobraziliense.com.br\/cbradar\/wp-json\/wp\/v2\/posts"}],"about":[{"href":"https:\/\/www.correiobraziliense.com.br\/cbradar\/wp-json\/wp\/v2\/types\/post"}],"author":[{"embeddable":true,"href":"https:\/\/www.correiobraziliense.com.br\/cbradar\/wp-json\/wp\/v2\/users\/8"}],"replies":[{"embeddable":true,"href":"https:\/\/www.correiobraziliense.com.br\/cbradar\/wp-json\/wp\/v2\/comments?post=110526"}],"version-history":[{"count":6,"href":"https:\/\/www.correiobraziliense.com.br\/cbradar\/wp-json\/wp\/v2\/posts\/110526\/revisions"}],"predecessor-version":[{"id":110551,"href":"https:\/\/www.correiobraziliense.com.br\/cbradar\/wp-json\/wp\/v2\/posts\/110526\/revisions\/110551"}],"wp:featuredmedia":[{"embeddable":true,"href":"https:\/\/www.correiobraziliense.com.br\/cbradar\/wp-json\/wp\/v2\/media\/41215"}],"wp:attachment":[{"href":"https:\/\/www.correiobraziliense.com.br\/cbradar\/wp-json\/wp\/v2\/media?parent=110526"}],"wp:term":[{"taxonomy":"category","embeddable":true,"href":"https:\/\/www.correiobraziliense.com.br\/cbradar\/wp-json\/wp\/v2\/categories?post=110526"},{"taxonomy":"post_tag","embeddable":true,"href":"https:\/\/www.correiobraziliense.com.br\/cbradar\/wp-json\/wp\/v2\/tags?post=110526"}],"curies":[{"name":"wp","href":"https:\/\/api.w.org\/{rel}","templated":true}]}}