{"id":110561,"date":"2025-09-30T06:13:00","date_gmt":"2025-09-30T09:13:00","guid":{"rendered":"https:\/\/www.correiobraziliense.com.br\/cbradar\/?p=110561"},"modified":"2025-09-27T16:11:14","modified_gmt":"2025-09-27T19:11:14","slug":"este-grao-integral-pode-reduzir-o-risco-de-demencia-e-voce-deveria-comer-mais","status":"publish","type":"post","link":"https:\/\/www.correiobraziliense.com.br\/cbradar\/este-grao-integral-pode-reduzir-o-risco-de-demencia-e-voce-deveria-comer-mais\/","title":{"rendered":"Este gr\u00e3o integral pode reduzir o risco de dem\u00eancia e voc\u00ea deveria comer mais"},"content":{"rendered":"\n<p>O aumento do n\u00famero de pessoas com doen\u00e7as neurodegenerativas, como Alzheimer, destaca a import\u00e2ncia de h\u00e1bitos saud\u00e1veis. Entre as v\u00e1rias estrat\u00e9gias poss\u00edveis, incluir <strong>arroz integral<\/strong> em sua dieta pode ser um passo eficaz. Aqui est\u00e3o tr\u00eas pontos-chave a serem abordados:<\/p>\n\n\n\n<ul class=\"wp-block-list\">\n<li>A rela\u00e7\u00e3o entre o arroz integral e a redu\u00e7\u00e3o do risco de dem\u00eancia.<\/li>\n\n\n\n<li>Os nutrientes do arroz integral e seus efeitos no c\u00e9rebro.<\/li>\n\n\n\n<li>Estrat\u00e9gias gerais para manter a sa\u00fade cognitiva.<\/li>\n<\/ul>\n\n\n\n<h2 class=\"wp-block-heading\">Por que o arroz integral reduz o risco de dem\u00eancia?<\/h2>\n\n\n\n<p>Uma dieta rica em <strong>gr\u00e3os integrais<\/strong> como o arroz integral fornece nutrientes essenciais que podem proteger contra o decl\u00ednio cognitivo. Esses gr\u00e3os cont\u00eam antioxidantes que podem proteger o c\u00e9rebro do estresse oxidativo.<\/p>\n\n\n\n<h2 class=\"wp-block-heading\">Quais nutrientes do arroz integral beneficiam o c\u00e9rebro?<\/h2>\n\n\n\n<p>O <strong>arroz integral<\/strong> \u00e9 rico em fibras, o que ajuda a manter n\u00edveis de a\u00e7\u00facar no sangue est\u00e1veis, crucial para a sa\u00fade cerebral. Al\u00e9m disso, cont\u00e9m compostos bioativos, como o \u00e1cido fer\u00falico, que podem combater a inflama\u00e7\u00e3o cerebral. Recentemente, estudos tamb\u00e9m v\u00eam destacando a presen\u00e7a de vitaminas do complexo B, especialmente a vitamina B6, que auxilia no funcionamento dos neurotransmissores.<\/p>\n\n\n\n<h2 class=\"wp-block-heading\">Como a mudan\u00e7a para o arroz integral afeta a sa\u00fade cognitiva?<\/h2>\n\n\n\n<p>Substituir arroz branco por integral pode melhorar a resposta \u00e0 glicose e proteger o c\u00e9rebro. Com cinco vezes mais fibra que o arroz branco, o arroz integral \u00e9 aliado na preven\u00e7\u00e3o de picos de a\u00e7\u00facar no sangue. Al\u00e9m disso, pesquisas indicam que dietas com baixo \u00edndice glic\u00eamico, como as que incluem gr\u00e3os integrais, est\u00e3o associadas a um menor risco de transtornos cognitivos em idosos.<\/p>\n\n\n\n<figure class=\"wp-block-image size-large\"><img decoding=\"async\" width=\"1024\" height=\"576\" src=\"https:\/\/www.correiobraziliense.com.br\/cbradar\/wp-content\/uploads\/2025\/09\/arroz-integral_1759000254360-1024x576.jpg\" alt=\"Este gr\u00e3o integral pode reduzir o risco de dem\u00eancia e voc\u00ea deveria comer mais\" class=\"wp-image-110567\" srcset=\"https:\/\/www.correiobraziliense.com.br\/cbradar\/wp-content\/uploads\/2025\/09\/arroz-integral_1759000254360-1024x576.jpg 1024w, https:\/\/www.correiobraziliense.com.br\/cbradar\/wp-content\/uploads\/2025\/09\/arroz-integral_1759000254360-300x169.jpg 300w, https:\/\/www.correiobraziliense.com.br\/cbradar\/wp-content\/uploads\/2025\/09\/arroz-integral_1759000254360-768x432.jpg 768w, https:\/\/www.correiobraziliense.com.br\/cbradar\/wp-content\/uploads\/2025\/09\/arroz-integral_1759000254360-750x422.jpg 750w, https:\/\/www.correiobraziliense.com.br\/cbradar\/wp-content\/uploads\/2025\/09\/arroz-integral_1759000254360-1140x641.jpg 1140w, https:\/\/www.correiobraziliense.com.br\/cbradar\/wp-content\/uploads\/2025\/09\/arroz-integral_1759000254360.jpg 1280w\" sizes=\"(max-width: 1024px) 100vw, 1024px\" \/><figcaption class=\"wp-element-caption\">arroz integral. Cr\u00e9ditos: depositphotos.com \/ VadimVasenin<\/figcaption><\/figure>\n\n\n\n<h2 class=\"wp-block-heading\">Outras estrat\u00e9gias para proteger seu c\u00e9rebro<\/h2>\n\n\n\n<p>Manter um estilo de vida saud\u00e1vel \u00e9 crucial para <strong>proteger a fun\u00e7\u00e3o cognitiva<\/strong>. Aqui est\u00e3o algumas estrat\u00e9gias adicionais:<\/p>\n\n\n\n<ul class=\"wp-block-list\">\n<li><strong>Consuma mais plantas:<\/strong> Dietas ricas em produtos vegetais est\u00e3o associadas \u00e0 diminui\u00e7\u00e3o do decl\u00ednio cognitivo.<\/li>\n\n\n\n<li><strong>Reduza o a\u00e7\u00facar:<\/strong> O excesso pode aumentar o estresse oxidativo e a inflama\u00e7\u00e3o cerebral.<\/li>\n\n\n\n<li><strong>Limite o \u00e1lcool:<\/strong> Beber menos \u00e1lcool pode ajudar a proteger o c\u00e9rebro contra a dem\u00eancia.<\/li>\n\n\n\n<li><strong>Mantenha-se ativo:<\/strong> A atividade f\u00edsica regular melhora a circula\u00e7\u00e3o cerebral e ajuda na gest\u00e3o do a\u00e7\u00facar no sangue.<\/li>\n<\/ul>\n\n\n\n<h2 class=\"wp-block-heading\">Mantenha seu c\u00e9rebro saud\u00e1vel com simples h\u00e1bitos di\u00e1rios<\/h2>\n\n\n\n<ul class=\"wp-block-list\">\n<li>Inclua alimentos de origem vegetal, principalmente gr\u00e3os integrais como arroz integral, em sua dieta.<\/li>\n\n\n\n<li>Opte por um padr\u00e3o alimentar rico em plantas e baixo em a\u00e7\u00facar, reduzindo ou eliminando o \u00e1lcool.<\/li>\n\n\n\n<li>Incorpore exerc\u00edcios f\u00edsicos regulares para melhorar o humor e agu\u00e7ar sua mente.<\/li>\n<\/ul>\n","protected":false},"excerpt":{"rendered":"<p>Reduza o risco de dem\u00eancia com arroz integral! Rico em nutrientes e antioxidantes, ele protege seu c\u00e9rebro e melhora sua sa\u00fade cognitiva.<\/p>\n","protected":false},"author":3,"featured_media":110564,"comment_status":"open","ping_status":"open","sticky":false,"template":"","format":"standard","meta":{"_yoast_wpseo_focuskw":"gr\u00e3o integral reduzir risco dem\u00eancia","_yoast_wpseo_title":"%%title%%","_yoast_wpseo_metadesc":"Reduza o risco de dem\u00eancia com arroz integral! Rico em nutrientes e antioxidantes, ele protege seu c\u00e9rebro e melhora sua sa\u00fade cognitiva.","jnews-multi-image_gallery":[],"jnews_single_post":{"format":"standard"},"jnews_primary_category":[],"jnews_social_meta":[],"jnews_override_counter":[],"footnotes":""},"categories":[112],"post_tag":[281,1423,899,144],"class_list":["post-110561","post","type-post","status-publish","format-standard","has-post-thumbnail","hentry","category-curiosidades","tag-alimentacao","tag-alimentos","tag-arroz","tag-curiosidades"],"yoast_head":"<!-- This site is optimized with the Yoast SEO plugin v24.6 - https:\/\/yoast.com\/wordpress\/plugins\/seo\/ -->\n<title>Este gr\u00e3o integral pode reduzir o risco de dem\u00eancia e voc\u00ea deveria comer mais<\/title>\n<meta name=\"description\" content=\"Reduza o risco de dem\u00eancia com arroz integral! Rico em nutrientes e antioxidantes, ele protege seu c\u00e9rebro e melhora sua sa\u00fade cognitiva.\" \/>\n<meta name=\"robots\" content=\"index, follow, max-snippet:-1, max-image-preview:large, max-video-preview:-1\" \/>\n<link rel=\"canonical\" href=\"https:\/\/www.correiobraziliense.com.br\/cbradar\/este-grao-integral-pode-reduzir-o-risco-de-demencia-e-voce-deveria-comer-mais\/\" \/>\n<meta property=\"og:locale\" content=\"pt_BR\" \/>\n<meta property=\"og:type\" content=\"article\" \/>\n<meta property=\"og:title\" content=\"Este gr\u00e3o integral pode reduzir o risco de dem\u00eancia e voc\u00ea deveria comer mais\" \/>\n<meta property=\"og:description\" content=\"Reduza o risco de dem\u00eancia com arroz integral! Rico em nutrientes e antioxidantes, ele protege seu c\u00e9rebro e melhora sua sa\u00fade cognitiva.\" \/>\n<meta property=\"og:url\" content=\"https:\/\/www.correiobraziliense.com.br\/cbradar\/este-grao-integral-pode-reduzir-o-risco-de-demencia-e-voce-deveria-comer-mais\/\" \/>\n<meta property=\"og:site_name\" content=\"Correio Braziliense - Radar\" \/>\n<meta property=\"article:published_time\" content=\"2025-09-30T09:13:00+00:00\" \/>\n<meta property=\"og:image\" content=\"https:\/\/www.correiobraziliense.com.br\/cbradar\/wp-content\/uploads\/2025\/09\/arroz-integral_1759000148922.jpg\" \/>\n\t<meta property=\"og:image:width\" content=\"1280\" \/>\n\t<meta property=\"og:image:height\" content=\"720\" \/>\n\t<meta property=\"og:image:type\" content=\"image\/jpeg\" \/>\n<meta name=\"author\" content=\"Larissa Carvalho\" \/>\n<meta name=\"twitter:card\" content=\"summary_large_image\" \/>\n<meta name=\"twitter:label1\" content=\"Escrito por\" \/>\n\t<meta name=\"twitter:data1\" content=\"Larissa Carvalho\" \/>\n\t<meta name=\"twitter:label2\" content=\"Est. tempo de leitura\" \/>\n\t<meta name=\"twitter:data2\" content=\"3 minutos\" \/>\n<!-- \/ Yoast SEO plugin. -->","yoast_head_json":{"title":"Este gr\u00e3o integral pode reduzir o risco de dem\u00eancia e voc\u00ea deveria comer mais","description":"Reduza o risco de dem\u00eancia com arroz integral! Rico em nutrientes e antioxidantes, ele protege seu c\u00e9rebro e melhora sua sa\u00fade cognitiva.","robots":{"index":"index","follow":"follow","max-snippet":"max-snippet:-1","max-image-preview":"max-image-preview:large","max-video-preview":"max-video-preview:-1"},"canonical":"https:\/\/www.correiobraziliense.com.br\/cbradar\/este-grao-integral-pode-reduzir-o-risco-de-demencia-e-voce-deveria-comer-mais\/","og_locale":"pt_BR","og_type":"article","og_title":"Este gr\u00e3o integral pode reduzir o risco de dem\u00eancia e voc\u00ea deveria comer mais","og_description":"Reduza o risco de dem\u00eancia com arroz integral! Rico em nutrientes e antioxidantes, ele protege seu c\u00e9rebro e melhora sua sa\u00fade cognitiva.","og_url":"https:\/\/www.correiobraziliense.com.br\/cbradar\/este-grao-integral-pode-reduzir-o-risco-de-demencia-e-voce-deveria-comer-mais\/","og_site_name":"Correio Braziliense - Radar","article_published_time":"2025-09-30T09:13:00+00:00","og_image":[{"width":1280,"height":720,"url":"https:\/\/www.correiobraziliense.com.br\/cbradar\/wp-content\/uploads\/2025\/09\/arroz-integral_1759000148922.jpg","type":"image\/jpeg"}],"author":"Larissa Carvalho","twitter_card":"summary_large_image","twitter_misc":{"Escrito por":"Larissa Carvalho","Est. tempo de leitura":"3 minutos"},"schema":{"@context":"https:\/\/schema.org","@graph":[{"@type":"WebPage","@id":"https:\/\/www.correiobraziliense.com.br\/cbradar\/este-grao-integral-pode-reduzir-o-risco-de-demencia-e-voce-deveria-comer-mais\/","url":"https:\/\/www.correiobraziliense.com.br\/cbradar\/este-grao-integral-pode-reduzir-o-risco-de-demencia-e-voce-deveria-comer-mais\/","name":"Este gr\u00e3o integral pode reduzir o risco de dem\u00eancia e voc\u00ea deveria comer mais","isPartOf":{"@id":"https:\/\/www.correiobraziliense.com.br\/cbradar\/#website"},"primaryImageOfPage":{"@id":"https:\/\/www.correiobraziliense.com.br\/cbradar\/este-grao-integral-pode-reduzir-o-risco-de-demencia-e-voce-deveria-comer-mais\/#primaryimage"},"image":{"@id":"https:\/\/www.correiobraziliense.com.br\/cbradar\/este-grao-integral-pode-reduzir-o-risco-de-demencia-e-voce-deveria-comer-mais\/#primaryimage"},"thumbnailUrl":"https:\/\/www.correiobraziliense.com.br\/cbradar\/wp-content\/uploads\/2025\/09\/arroz-integral_1759000148922.jpg","datePublished":"2025-09-30T09:13:00+00:00","author":{"@id":"https:\/\/www.correiobraziliense.com.br\/cbradar\/#\/schema\/person\/58422787644df994b53a19d3e56c1513"},"description":"Reduza o risco de dem\u00eancia com arroz integral! Rico em nutrientes e antioxidantes, ele protege seu c\u00e9rebro e melhora sua sa\u00fade cognitiva.","breadcrumb":{"@id":"https:\/\/www.correiobraziliense.com.br\/cbradar\/este-grao-integral-pode-reduzir-o-risco-de-demencia-e-voce-deveria-comer-mais\/#breadcrumb"},"inLanguage":"pt-BR","potentialAction":[{"@type":"ReadAction","target":["https:\/\/www.correiobraziliense.com.br\/cbradar\/este-grao-integral-pode-reduzir-o-risco-de-demencia-e-voce-deveria-comer-mais\/"]}]},{"@type":"ImageObject","inLanguage":"pt-BR","@id":"https:\/\/www.correiobraziliense.com.br\/cbradar\/este-grao-integral-pode-reduzir-o-risco-de-demencia-e-voce-deveria-comer-mais\/#primaryimage","url":"https:\/\/www.correiobraziliense.com.br\/cbradar\/wp-content\/uploads\/2025\/09\/arroz-integral_1759000148922.jpg","contentUrl":"https:\/\/www.correiobraziliense.com.br\/cbradar\/wp-content\/uploads\/2025\/09\/arroz-integral_1759000148922.jpg","width":1280,"height":720,"caption":"arroz integral. Cr\u00e9ditos: depositphotos.com \/ AntonMatyukha"},{"@type":"BreadcrumbList","@id":"https:\/\/www.correiobraziliense.com.br\/cbradar\/este-grao-integral-pode-reduzir-o-risco-de-demencia-e-voce-deveria-comer-mais\/#breadcrumb","itemListElement":[{"@type":"ListItem","position":1,"name":"In\u00edcio","item":"https:\/\/www.correiobraziliense.com.br\/cbradar\/"},{"@type":"ListItem","position":2,"name":"Este gr\u00e3o integral pode reduzir o risco de dem\u00eancia e voc\u00ea deveria comer mais"}]},{"@type":"WebSite","@id":"https:\/\/www.correiobraziliense.com.br\/cbradar\/#website","url":"https:\/\/www.correiobraziliense.com.br\/cbradar\/","name":"Correio Braziliense - Radar","description":"Acompanhe as \u00faltimas not\u00edcias e fique bem informado sobre tudo o que acontece no Brasil e no mundo.","potentialAction":[{"@type":"SearchAction","target":{"@type":"EntryPoint","urlTemplate":"https:\/\/www.correiobraziliense.com.br\/cbradar\/?s={search_term_string}"},"query-input":{"@type":"PropertyValueSpecification","valueRequired":true,"valueName":"search_term_string"}}],"inLanguage":"pt-BR"},{"@type":"Person","@id":"https:\/\/www.correiobraziliense.com.br\/cbradar\/#\/schema\/person\/58422787644df994b53a19d3e56c1513","name":"Larissa Carvalho","image":{"@type":"ImageObject","inLanguage":"pt-BR","@id":"https:\/\/www.correiobraziliense.com.br\/cbradar\/#\/schema\/person\/image\/","url":"https:\/\/secure.gravatar.com\/avatar\/fe4f91a0de32b52a838d0d612abdc1aa?s=96&d=mm&r=g","contentUrl":"https:\/\/secure.gravatar.com\/avatar\/fe4f91a0de32b52a838d0d612abdc1aa?s=96&d=mm&r=g","caption":"Larissa Carvalho"},"url":"https:\/\/www.correiobraziliense.com.br\/cbradar\/author\/larissamyth\/"}]}},"_links":{"self":[{"href":"https:\/\/www.correiobraziliense.com.br\/cbradar\/wp-json\/wp\/v2\/posts\/110561","targetHints":{"allow":["GET"]}}],"collection":[{"href":"https:\/\/www.correiobraziliense.com.br\/cbradar\/wp-json\/wp\/v2\/posts"}],"about":[{"href":"https:\/\/www.correiobraziliense.com.br\/cbradar\/wp-json\/wp\/v2\/types\/post"}],"author":[{"embeddable":true,"href":"https:\/\/www.correiobraziliense.com.br\/cbradar\/wp-json\/wp\/v2\/users\/3"}],"replies":[{"embeddable":true,"href":"https:\/\/www.correiobraziliense.com.br\/cbradar\/wp-json\/wp\/v2\/comments?post=110561"}],"version-history":[{"count":2,"href":"https:\/\/www.correiobraziliense.com.br\/cbradar\/wp-json\/wp\/v2\/posts\/110561\/revisions"}],"predecessor-version":[{"id":110568,"href":"https:\/\/www.correiobraziliense.com.br\/cbradar\/wp-json\/wp\/v2\/posts\/110561\/revisions\/110568"}],"wp:featuredmedia":[{"embeddable":true,"href":"https:\/\/www.correiobraziliense.com.br\/cbradar\/wp-json\/wp\/v2\/media\/110564"}],"wp:attachment":[{"href":"https:\/\/www.correiobraziliense.com.br\/cbradar\/wp-json\/wp\/v2\/media?parent=110561"}],"wp:term":[{"taxonomy":"category","embeddable":true,"href":"https:\/\/www.correiobraziliense.com.br\/cbradar\/wp-json\/wp\/v2\/categories?post=110561"},{"taxonomy":"post_tag","embeddable":true,"href":"https:\/\/www.correiobraziliense.com.br\/cbradar\/wp-json\/wp\/v2\/post_tag?post=110561"}],"curies":[{"name":"wp","href":"https:\/\/api.w.org\/{rel}","templated":true}]}}