{"id":110594,"date":"2025-09-30T06:33:00","date_gmt":"2025-09-30T09:33:00","guid":{"rendered":"https:\/\/www.correiobraziliense.com.br\/cbradar\/?p=110594"},"modified":"2025-09-27T16:28:58","modified_gmt":"2025-09-27T19:28:58","slug":"beba-este-cha-para-um-cerebro-mais-jovem-dizem-pesquisadores","status":"publish","type":"post","link":"https:\/\/www.correiobraziliense.com.br\/cbradar\/beba-este-cha-para-um-cerebro-mais-jovem-dizem-pesquisadores\/","title":{"rendered":"Beba este ch\u00e1 para um c\u00e9rebro mais jovem, dizem pesquisadores"},"content":{"rendered":"\n<p>Mantendo a mente jovem: descobertas de como o <strong>ch\u00e1 verde<\/strong> pode ajudar a manter seu <strong>c\u00e9rebro<\/strong> jovem. Estudos recentes apontam para uma rela\u00e7\u00e3o entre o consumo de ch\u00e1 verde e a reten\u00e7\u00e3o das fun\u00e7\u00f5es cerebrais ao longo do tempo.<\/p>\n\n\n\n<ul class=\"wp-block-list\">\n<li>Risco reduzido de envelhecimento cerebral acelerado<\/li>\n\n\n\n<li>Import\u00e2ncia da dieta mediterr\u00e2nea para a sa\u00fade mental<\/li>\n\n\n\n<li>Componentes anti-inflamat\u00f3rios do ch\u00e1 verde<\/li>\n<\/ul>\n\n\n\n<h2 class=\"wp-block-heading\">Por que o ch\u00e1 verde ajuda a retardar o envelhecimento do c\u00e9rebro?<\/h2>\n\n\n\n<p>Pesquisadores descobriram que pessoas que consumiam tr\u00eas a quatro x\u00edcaras de ch\u00e1 verde diariamente apresentavam um risco reduzido de <strong>envelhecimento cerebral r\u00e1pido<\/strong>. Isso se deve aos <strong>antioxidantes<\/strong> presentes no ch\u00e1, que atuam contra as prote\u00ednas nocivas Galectin-9 e Decorin.<\/p>\n\n\n\n<p>A presen\u00e7a de <strong>componentes anti-inflamat\u00f3rios<\/strong> tamb\u00e9m explica o efeito neuroprotetor. Com propriedades que auxiliam na redu\u00e7\u00e3o desses processos, o ch\u00e1 verde emerge como um aliado na preserva\u00e7\u00e3o da mem\u00f3ria e das capacidades cognitivas.<\/p>\n\n\n\n<h2 class=\"wp-block-heading\">Quais alimentos comp\u00f5em a dieta mediterr\u00e2nea?<\/h2>\n\n\n\n<p>A <strong>dieta mediterr\u00e2nea<\/strong> \u00e9 famosa por seu impacto positivo na sa\u00fade. Com alimentos anti-inflamat\u00f3rios como salm\u00e3o, folhas verdes escuras e tomates, essa dieta ajuda a reduzir inflama\u00e7\u00f5es cerebrais.<\/p>\n\n\n\n<p>Especialistas indicam que a combina\u00e7\u00e3o do ch\u00e1 verde com essa dieta potencializa a longevidade das fun\u00e7\u00f5es mentais.<\/p>\n\n\n\n<figure class=\"wp-block-image size-large\"><img decoding=\"async\" width=\"1024\" height=\"576\" src=\"https:\/\/www.correiobraziliense.com.br\/cbradar\/wp-content\/uploads\/2025\/09\/cha_1759001316415-1024x576.jpg\" alt=\"Beba este ch\u00e1 para um c\u00e9rebro mais jovem, dizem pesquisadores\" class=\"wp-image-110601\" srcset=\"https:\/\/www.correiobraziliense.com.br\/cbradar\/wp-content\/uploads\/2025\/09\/cha_1759001316415-1024x576.jpg 1024w, https:\/\/www.correiobraziliense.com.br\/cbradar\/wp-content\/uploads\/2025\/09\/cha_1759001316415-300x169.jpg 300w, https:\/\/www.correiobraziliense.com.br\/cbradar\/wp-content\/uploads\/2025\/09\/cha_1759001316415-768x432.jpg 768w, https:\/\/www.correiobraziliense.com.br\/cbradar\/wp-content\/uploads\/2025\/09\/cha_1759001316415-750x422.jpg 750w, https:\/\/www.correiobraziliense.com.br\/cbradar\/wp-content\/uploads\/2025\/09\/cha_1759001316415-1140x641.jpg 1140w, https:\/\/www.correiobraziliense.com.br\/cbradar\/wp-content\/uploads\/2025\/09\/cha_1759001316415.jpg 1280w\" sizes=\"(max-width: 1024px) 100vw, 1024px\" \/><figcaption class=\"wp-element-caption\">ch\u00e1. Cr\u00e9ditos: depositphotos.com \/ wirojepathi<\/figcaption><\/figure>\n\n\n\n<h2 class=\"wp-block-heading\">O papel das nozes na sa\u00fade do c\u00e9rebro<\/h2>\n\n\n\n<p>Assim como o ch\u00e1 verde, as <strong>nozes<\/strong> possuem antioxidantes que combatem inflama\u00e7\u00f5es. Comer sete por\u00e7\u00f5es semanais foi associado \u00e0 redu\u00e7\u00e3o das prote\u00ednas nocivas.<\/p>\n\n\n\n<p>Uma \u00fanica por\u00e7\u00e3o cont\u00e9m cerca de 12 a 14 metades de nozes, tornando-se um complemento f\u00e1cil em qualquer dieta.<\/p>\n\n\n\n<h2 class=\"wp-block-heading\">Sugest\u00f5es pr\u00e1ticas para incorporar o ch\u00e1 verde e nozes na dieta<\/h2>\n\n\n\n<p>Combine sua x\u00edcara de <strong>ch\u00e1 verde<\/strong> com um bife de salm\u00e3o e espinafre, ou com uma salada grega. Para manter os n\u00edveis de cafe\u00edna sob controle, a indica\u00e7\u00e3o \u00e9 limitar-se a at\u00e9 oito x\u00edcaras por dia.<\/p>\n\n\n\n<p>As mulheres gr\u00e1vidas ou lactantes devem reduzir esta quantidade para seis x\u00edcaras para evitar complica\u00e7\u00f5es. Estes h\u00e1bitos saud\u00e1veis podem ser facilmente inclusos na sua rotina. Leia tamb\u00e9m: <a href=\"https:\/\/www.correiobraziliense.com.br\/cbradar\/o-que-acontece-no-seu-corpo-quando-voce-consome-muito-cha-verde\/\" target=\"_blank\" rel=\"noreferrer noopener\">O que acontece no seu corpo quando voc\u00ea consome muito ch\u00e1-verde?<\/a><\/p>\n\n\n\n<h2 class=\"wp-block-heading\">Principais Insights<\/h2>\n\n\n\n<ul class=\"wp-block-list\">\n<li>O <strong>ch\u00e1 verde<\/strong> e a dieta mediterr\u00e2nea s\u00e3o aliados poderosos contra o envelhecimento cerebral.<\/li>\n\n\n\n<li>Alimentos com propriedades anti-inflamat\u00f3rias, como nozes, contribuem para a sa\u00fade mental.<\/li>\n\n\n\n<li>Adicionar ch\u00e1 verde \u00e0 dieta mediterr\u00e2nea pode potencializar seus efeitos ben\u00e9ficos.<\/li>\n<\/ul>\n","protected":false},"excerpt":{"rendered":"<p>Descubra como o ch\u00e1 verde pode manter seu c\u00e9rebro jovem e saud\u00e1vel! Estudos revelam que o consumo regular dessa bebida reduz o envelhecimento.<\/p>\n","protected":false},"author":3,"featured_media":110600,"comment_status":"open","ping_status":"open","sticky":false,"template":"","format":"standard","meta":{"_yoast_wpseo_focuskw":"ch\u00e1 c\u00e9rebro mais jovem","_yoast_wpseo_title":"%%title%%","_yoast_wpseo_metadesc":"Descubra como o ch\u00e1 verde pode manter seu c\u00e9rebro jovem e saud\u00e1vel! Estudos revelam que o consumo regular dessa bebida reduz o envelhecimento.","jnews-multi-image_gallery":[],"jnews_single_post":{"format":"standard"},"jnews_primary_category":[],"jnews_social_meta":[],"jnews_override_counter":[],"footnotes":""},"categories":[112],"tags":[281,3559,144,565],"class_list":["post-110594","post","type-post","status-publish","format-standard","has-post-thumbnail","hentry","category-curiosidades","tag-alimentacao","tag-corpo-humano","tag-curiosidades","tag-saude"],"yoast_head":"<!-- This site is optimized with the Yoast SEO plugin v24.6 - https:\/\/yoast.com\/wordpress\/plugins\/seo\/ -->\n<title>Beba este ch\u00e1 para um c\u00e9rebro mais jovem, dizem pesquisadores<\/title>\n<meta name=\"description\" content=\"Descubra como o ch\u00e1 verde pode manter seu c\u00e9rebro jovem e saud\u00e1vel! Estudos revelam que o consumo regular dessa bebida reduz o envelhecimento.\" \/>\n<meta name=\"robots\" content=\"index, follow, max-snippet:-1, max-image-preview:large, max-video-preview:-1\" \/>\n<link rel=\"canonical\" href=\"https:\/\/www.correiobraziliense.com.br\/cbradar\/beba-este-cha-para-um-cerebro-mais-jovem-dizem-pesquisadores\/\" \/>\n<meta property=\"og:locale\" content=\"pt_BR\" \/>\n<meta property=\"og:type\" content=\"article\" \/>\n<meta property=\"og:title\" content=\"Beba este ch\u00e1 para um c\u00e9rebro mais jovem, dizem pesquisadores\" \/>\n<meta property=\"og:description\" content=\"Descubra como o ch\u00e1 verde pode manter seu c\u00e9rebro jovem e saud\u00e1vel! Estudos revelam que o consumo regular dessa bebida reduz o envelhecimento.\" \/>\n<meta property=\"og:url\" content=\"https:\/\/www.correiobraziliense.com.br\/cbradar\/beba-este-cha-para-um-cerebro-mais-jovem-dizem-pesquisadores\/\" \/>\n<meta property=\"og:site_name\" content=\"Correio Braziliense - Radar\" \/>\n<meta property=\"article:published_time\" content=\"2025-09-30T09:33:00+00:00\" \/>\n<meta property=\"og:image\" content=\"https:\/\/www.correiobraziliense.com.br\/cbradar\/wp-content\/uploads\/2025\/09\/cha_1759001264170.jpg\" \/>\n\t<meta property=\"og:image:width\" content=\"1280\" \/>\n\t<meta property=\"og:image:height\" content=\"720\" \/>\n\t<meta property=\"og:image:type\" content=\"image\/jpeg\" \/>\n<meta name=\"author\" content=\"Larissa Carvalho\" \/>\n<meta name=\"twitter:card\" content=\"summary_large_image\" \/>\n<meta name=\"twitter:label1\" content=\"Escrito por\" \/>\n\t<meta name=\"twitter:data1\" content=\"Larissa Carvalho\" \/>\n\t<meta name=\"twitter:label2\" content=\"Est. tempo de leitura\" \/>\n\t<meta name=\"twitter:data2\" content=\"3 minutos\" \/>\n<!-- \/ Yoast SEO plugin. -->","yoast_head_json":{"title":"Beba este ch\u00e1 para um c\u00e9rebro mais jovem, dizem pesquisadores","description":"Descubra como o ch\u00e1 verde pode manter seu c\u00e9rebro jovem e saud\u00e1vel! Estudos revelam que o consumo regular dessa bebida reduz o envelhecimento.","robots":{"index":"index","follow":"follow","max-snippet":"max-snippet:-1","max-image-preview":"max-image-preview:large","max-video-preview":"max-video-preview:-1"},"canonical":"https:\/\/www.correiobraziliense.com.br\/cbradar\/beba-este-cha-para-um-cerebro-mais-jovem-dizem-pesquisadores\/","og_locale":"pt_BR","og_type":"article","og_title":"Beba este ch\u00e1 para um c\u00e9rebro mais jovem, dizem pesquisadores","og_description":"Descubra como o ch\u00e1 verde pode manter seu c\u00e9rebro jovem e saud\u00e1vel! Estudos revelam que o consumo regular dessa bebida reduz o envelhecimento.","og_url":"https:\/\/www.correiobraziliense.com.br\/cbradar\/beba-este-cha-para-um-cerebro-mais-jovem-dizem-pesquisadores\/","og_site_name":"Correio Braziliense - Radar","article_published_time":"2025-09-30T09:33:00+00:00","og_image":[{"width":1280,"height":720,"url":"https:\/\/www.correiobraziliense.com.br\/cbradar\/wp-content\/uploads\/2025\/09\/cha_1759001264170.jpg","type":"image\/jpeg"}],"author":"Larissa Carvalho","twitter_card":"summary_large_image","twitter_misc":{"Escrito por":"Larissa Carvalho","Est. tempo de leitura":"3 minutos"},"schema":{"@context":"https:\/\/schema.org","@graph":[{"@type":"WebPage","@id":"https:\/\/www.correiobraziliense.com.br\/cbradar\/beba-este-cha-para-um-cerebro-mais-jovem-dizem-pesquisadores\/","url":"https:\/\/www.correiobraziliense.com.br\/cbradar\/beba-este-cha-para-um-cerebro-mais-jovem-dizem-pesquisadores\/","name":"Beba este ch\u00e1 para um c\u00e9rebro mais jovem, dizem pesquisadores","isPartOf":{"@id":"https:\/\/www.correiobraziliense.com.br\/cbradar\/#website"},"primaryImageOfPage":{"@id":"https:\/\/www.correiobraziliense.com.br\/cbradar\/beba-este-cha-para-um-cerebro-mais-jovem-dizem-pesquisadores\/#primaryimage"},"image":{"@id":"https:\/\/www.correiobraziliense.com.br\/cbradar\/beba-este-cha-para-um-cerebro-mais-jovem-dizem-pesquisadores\/#primaryimage"},"thumbnailUrl":"https:\/\/www.correiobraziliense.com.br\/cbradar\/wp-content\/uploads\/2025\/09\/cha_1759001264170.jpg","datePublished":"2025-09-30T09:33:00+00:00","author":{"@id":"https:\/\/www.correiobraziliense.com.br\/cbradar\/#\/schema\/person\/58422787644df994b53a19d3e56c1513"},"description":"Descubra como o ch\u00e1 verde pode manter seu c\u00e9rebro jovem e saud\u00e1vel! Estudos revelam que o consumo regular dessa bebida reduz o envelhecimento.","breadcrumb":{"@id":"https:\/\/www.correiobraziliense.com.br\/cbradar\/beba-este-cha-para-um-cerebro-mais-jovem-dizem-pesquisadores\/#breadcrumb"},"inLanguage":"pt-BR","potentialAction":[{"@type":"ReadAction","target":["https:\/\/www.correiobraziliense.com.br\/cbradar\/beba-este-cha-para-um-cerebro-mais-jovem-dizem-pesquisadores\/"]}]},{"@type":"ImageObject","inLanguage":"pt-BR","@id":"https:\/\/www.correiobraziliense.com.br\/cbradar\/beba-este-cha-para-um-cerebro-mais-jovem-dizem-pesquisadores\/#primaryimage","url":"https:\/\/www.correiobraziliense.com.br\/cbradar\/wp-content\/uploads\/2025\/09\/cha_1759001264170.jpg","contentUrl":"https:\/\/www.correiobraziliense.com.br\/cbradar\/wp-content\/uploads\/2025\/09\/cha_1759001264170.jpg","width":1280,"height":720,"caption":"ch\u00e1. Cr\u00e9ditos: depositphotos.com \/ ViktoriiaDyachenko"},{"@type":"BreadcrumbList","@id":"https:\/\/www.correiobraziliense.com.br\/cbradar\/beba-este-cha-para-um-cerebro-mais-jovem-dizem-pesquisadores\/#breadcrumb","itemListElement":[{"@type":"ListItem","position":1,"name":"In\u00edcio","item":"https:\/\/www.correiobraziliense.com.br\/cbradar\/"},{"@type":"ListItem","position":2,"name":"Beba este ch\u00e1 para um c\u00e9rebro mais jovem, dizem pesquisadores"}]},{"@type":"WebSite","@id":"https:\/\/www.correiobraziliense.com.br\/cbradar\/#website","url":"https:\/\/www.correiobraziliense.com.br\/cbradar\/","name":"Correio Braziliense - Radar","description":"Acompanhe as \u00faltimas not\u00edcias e fique bem informado sobre tudo o que acontece no Brasil e no mundo.","potentialAction":[{"@type":"SearchAction","target":{"@type":"EntryPoint","urlTemplate":"https:\/\/www.correiobraziliense.com.br\/cbradar\/?s={search_term_string}"},"query-input":{"@type":"PropertyValueSpecification","valueRequired":true,"valueName":"search_term_string"}}],"inLanguage":"pt-BR"},{"@type":"Person","@id":"https:\/\/www.correiobraziliense.com.br\/cbradar\/#\/schema\/person\/58422787644df994b53a19d3e56c1513","name":"Larissa Carvalho","image":{"@type":"ImageObject","inLanguage":"pt-BR","@id":"https:\/\/www.correiobraziliense.com.br\/cbradar\/#\/schema\/person\/image\/","url":"https:\/\/secure.gravatar.com\/avatar\/fe4f91a0de32b52a838d0d612abdc1aa?s=96&d=mm&r=g","contentUrl":"https:\/\/secure.gravatar.com\/avatar\/fe4f91a0de32b52a838d0d612abdc1aa?s=96&d=mm&r=g","caption":"Larissa Carvalho"},"url":"https:\/\/www.correiobraziliense.com.br\/cbradar\/author\/larissamyth\/"}]}},"_links":{"self":[{"href":"https:\/\/www.correiobraziliense.com.br\/cbradar\/wp-json\/wp\/v2\/posts\/110594","targetHints":{"allow":["GET"]}}],"collection":[{"href":"https:\/\/www.correiobraziliense.com.br\/cbradar\/wp-json\/wp\/v2\/posts"}],"about":[{"href":"https:\/\/www.correiobraziliense.com.br\/cbradar\/wp-json\/wp\/v2\/types\/post"}],"author":[{"embeddable":true,"href":"https:\/\/www.correiobraziliense.com.br\/cbradar\/wp-json\/wp\/v2\/users\/3"}],"replies":[{"embeddable":true,"href":"https:\/\/www.correiobraziliense.com.br\/cbradar\/wp-json\/wp\/v2\/comments?post=110594"}],"version-history":[{"count":2,"href":"https:\/\/www.correiobraziliense.com.br\/cbradar\/wp-json\/wp\/v2\/posts\/110594\/revisions"}],"predecessor-version":[{"id":110602,"href":"https:\/\/www.correiobraziliense.com.br\/cbradar\/wp-json\/wp\/v2\/posts\/110594\/revisions\/110602"}],"wp:featuredmedia":[{"embeddable":true,"href":"https:\/\/www.correiobraziliense.com.br\/cbradar\/wp-json\/wp\/v2\/media\/110600"}],"wp:attachment":[{"href":"https:\/\/www.correiobraziliense.com.br\/cbradar\/wp-json\/wp\/v2\/media?parent=110594"}],"wp:term":[{"taxonomy":"category","embeddable":true,"href":"https:\/\/www.correiobraziliense.com.br\/cbradar\/wp-json\/wp\/v2\/categories?post=110594"},{"taxonomy":"post_tag","embeddable":true,"href":"https:\/\/www.correiobraziliense.com.br\/cbradar\/wp-json\/wp\/v2\/tags?post=110594"}],"curies":[{"name":"wp","href":"https:\/\/api.w.org\/{rel}","templated":true}]}}