{"id":11077,"date":"2025-03-11T06:30:00","date_gmt":"2025-03-11T09:30:00","guid":{"rendered":"https:\/\/www.correiobraziliense.com.br\/cbradar\/?p=11077"},"modified":"2025-03-10T16:59:52","modified_gmt":"2025-03-10T19:59:52","slug":"curiosidades-que-voce-nao-sabia-sobre-a-universidade-columbia","status":"publish","type":"post","link":"https:\/\/www.correiobraziliense.com.br\/cbradar\/curiosidades-que-voce-nao-sabia-sobre-a-universidade-columbia\/","title":{"rendered":"Curiosidades que voc\u00ea n\u00e3o sabia sobre a Universidade Columbia"},"content":{"rendered":"\n<p>A <strong>Universidade Columbia<\/strong>, localizada em <strong>Nova York,<\/strong> \u00e9 uma das institui\u00e7\u00f5es de ensino superior mais renomadas do mundo. Integrante da Ivy League, um grupo de universidades norte-americanas reconhecidas por sua excel\u00eancia acad\u00eamica e tradi\u00e7\u00e3o, Columbia ocupa a 18\u00aa posi\u00e7\u00e3o no ranking Times Higher Education de 2025. Al\u00e9m de sua reputa\u00e7\u00e3o acad\u00eamica, a universidade \u00e9 conhecida por ser cen\u00e1rio de produ\u00e7\u00f5es cinematogr\u00e1ficas e televisivas.<\/p>\n\n\n\n<p>Fundada em 1754, Columbia tem uma rica hist\u00f3ria que se reflete em suas contribui\u00e7\u00f5es para a educa\u00e7\u00e3o e a pesquisa. A universidade oferece uma ampla gama de programas de gradua\u00e7\u00e3o e p\u00f3s-gradua\u00e7\u00e3o, atraindo estudantes de todo o mundo. Com um corpo docente composto por especialistas em diversas \u00e1reas, Columbia continua a ser um centro de inova\u00e7\u00e3o e conhecimento.<\/p>\n\n\n\n<h2 class=\"wp-block-heading\"><strong>Qual \u00e9 a rela\u00e7\u00e3o da Universidade Columbia com o cinema e a televis\u00e3o?<\/strong><\/h2>\n\n\n\n<p>A Universidade Columbia tem sido cen\u00e1rio para v\u00e1rias produ\u00e7\u00f5es de Hollywood, destacando-se nos filmes do &#8220;Homem-Aranha&#8221;, dirigidos por Sam Raimi. Nessas produ\u00e7\u00f5es, o personagem Peter Parker \u00e9 retratado como estudante da universidade, trazendo visibilidade \u00e0 institui\u00e7\u00e3o. Al\u00e9m disso, a s\u00e9rie &#8220;Gossip Girl&#8221; tamb\u00e9m utilizou Columbia como cen\u00e1rio, com personagens como Serena van der Woodsen e Blair Waldorf frequentando suas aulas.<\/p>\n\n\n\n<figure class=\"wp-block-image size-large\"><img decoding=\"async\" width=\"1024\" height=\"576\" src=\"https:\/\/www.correiobraziliense.com.br\/cbradar\/wp-content\/uploads\/2025\/03\/Universidade-Columbia_1741608936799-1024x576.jpg\" alt=\"Universidade Columbia: Um S\u00edmbolo de Prest\u00edgio e Excel\u00eancia Acad\u00eamica\" class=\"wp-image-11080\" srcset=\"https:\/\/www.correiobraziliense.com.br\/cbradar\/wp-content\/uploads\/2025\/03\/Universidade-Columbia_1741608936799-1024x576.jpg 1024w, https:\/\/www.correiobraziliense.com.br\/cbradar\/wp-content\/uploads\/2025\/03\/Universidade-Columbia_1741608936799-300x169.jpg 300w, https:\/\/www.correiobraziliense.com.br\/cbradar\/wp-content\/uploads\/2025\/03\/Universidade-Columbia_1741608936799-768x432.jpg 768w, https:\/\/www.correiobraziliense.com.br\/cbradar\/wp-content\/uploads\/2025\/03\/Universidade-Columbia_1741608936799-750x422.jpg 750w, https:\/\/www.correiobraziliense.com.br\/cbradar\/wp-content\/uploads\/2025\/03\/Universidade-Columbia_1741608936799-1140x641.jpg 1140w, https:\/\/www.correiobraziliense.com.br\/cbradar\/wp-content\/uploads\/2025\/03\/Universidade-Columbia_1741608936799.jpg 1280w\" sizes=\"(max-width: 1024px) 100vw, 1024px\" \/><figcaption class=\"wp-element-caption\">Universidade.Cr\u00e9ditos: depositphotos.com \/ sepavone<\/figcaption><\/figure>\n\n\n\n<p>Essas apari\u00e7\u00f5es em filmes e s\u00e9ries n\u00e3o apenas aumentam a notoriedade da universidade, mas tamb\u00e9m atraem visitantes e f\u00e3s interessados em conhecer os locais de filmagem. Columbia, com sua arquitetura ic\u00f4nica e localiza\u00e7\u00e3o privilegiada em Nova York, oferece um ambiente perfeito para produ\u00e7\u00f5es cinematogr\u00e1ficas.<\/p>\n\n\n\n<h2 class=\"wp-block-heading\"><strong>Quais s\u00e3o as conquistas not\u00e1veis da Universidade Columbia?<\/strong><\/h2>\n\n\n\n<p>Columbia \u00e9 lar de 87 laureados com o Pr\u00eamio Nobel, incluindo figuras proeminentes como o ex-presidente dos Estados Unidos Theodore Roosevelt, o economista Milton Friedman e o ex-presidente Barack Obama. Essa impressionante lista de vencedores do Nobel reflete o impacto significativo da universidade em diversas \u00e1reas do conhecimento.<\/p>\n\n\n\n<p>Al\u00e9m disso, Columbia \u00e9 conhecida por suas contribui\u00e7\u00f5es em pesquisa e inova\u00e7\u00e3o. A universidade abriga diversos centros de pesquisa que promovem avan\u00e7os em \u00e1reas como medicina, ci\u00eancia pol\u00edtica e tecnologia. Esses esfor\u00e7os cont\u00ednuos garantem que Columbia permane\u00e7a na vanguarda da educa\u00e7\u00e3o e da pesquisa global.<\/p>\n\n\n\n<h2 class=\"wp-block-heading\"><strong>Curiosidades e tradi\u00e7\u00f5es da Universidade Columbia<\/strong><\/h2>\n\n\n\n<p>Uma das tradi\u00e7\u00f5es mais queridas de Columbia \u00e9 o &#8220;Caf\u00e9-da-manh\u00e3 da meia-noite&#8221;, realizado na noite anterior aos exames finais. Organizado pela faculdade Bernard, o evento oferece caf\u00e9-da-manh\u00e3 para os estudantes, priorizando calouros no outono e veteranos na primavera. Essa tradi\u00e7\u00e3o promove um senso de comunidade e apoio entre os alunos durante per\u00edodos de estresse acad\u00eamico.<\/p>\n\n\n\n<p>Outra curiosidade sobre Columbia \u00e9 sua rede de t\u00faneis subterr\u00e2neos. Originalmente parte do Bloomingdale Insane Asylum, esses t\u00faneis eram usados para transportar pacientes. Hoje, eles s\u00e3o parte da hist\u00f3ria da universidade, adicionando um elemento de mist\u00e9rio e fasc\u00ednio ao campus.<\/p>\n\n\n\n<h2 class=\"wp-block-heading\"><strong>A Ivy League e a posi\u00e7\u00e3o de Columbia entre as universidades de elite<\/strong><\/h2>\n\n\n\n<p>A Ivy League \u00e9 composta por oito universidades de prest\u00edgio nos Estados Unidos, conhecidas por sua excel\u00eancia acad\u00eamica e influ\u00eancia global. Al\u00e9m de Columbia, fazem parte desse grupo Harvard, Yale, Princeton, Dartmouth, Brown, Cornell e a Universidade da Pensilv\u00e2nia. Essas institui\u00e7\u00f5es s\u00e3o reconhecidas por suas rigorosas sele\u00e7\u00f5es de admiss\u00e3o e altos padr\u00f5es acad\u00eamicos.<\/p>\n\n\n\n<p>Columbia, com sua rica hist\u00f3ria e contribui\u00e7\u00f5es significativas para a educa\u00e7\u00e3o e a pesquisa, continua a ser uma das principais escolhas para estudantes que buscam uma educa\u00e7\u00e3o de qualidade e oportunidades de desenvolvimento pessoal e profissional. Sua posi\u00e7\u00e3o na Ivy League refor\u00e7a seu status como uma das universidades mais respeitadas do mundo.<\/p>\n","protected":false},"excerpt":{"rendered":"<p>Descubra a rela\u00e7\u00e3o da Universidade Columbia com o mundo das artes e o seu lugar entre as institui\u00e7\u00f5es de elite.<\/p>\n","protected":false},"author":3,"featured_media":11078,"comment_status":"open","ping_status":"open","sticky":false,"template":"","format":"standard","meta":{"_yoast_wpseo_focuskw":"Universidade Coluimbia","_yoast_wpseo_title":"%%title%%","_yoast_wpseo_metadesc":"Descubra a rela\u00e7\u00e3o da Universidade Columbia com o mundo das artes e o seu lugar entre as institui\u00e7\u00f5es de elite.","jnews-multi-image_gallery":[],"jnews_single_post":{"format":"standard"},"jnews_primary_category":[],"jnews_social_meta":[],"jnews_override_counter":[],"footnotes":""},"categories":[112],"post_tag":[1778],"class_list":["post-11077","post","type-post","status-publish","format-standard","has-post-thumbnail","hentry","category-curiosidades","tag-universidade-columbia"],"yoast_head":"<!-- This site is optimized with the Yoast SEO plugin v24.6 - https:\/\/yoast.com\/wordpress\/plugins\/seo\/ -->\n<title>Curiosidades que voc\u00ea n\u00e3o sabia sobre a Universidade Columbia<\/title>\n<meta name=\"description\" content=\"Descubra a rela\u00e7\u00e3o da Universidade Columbia com o mundo das artes e o seu lugar entre as institui\u00e7\u00f5es de elite.\" \/>\n<meta name=\"robots\" content=\"index, follow, max-snippet:-1, max-image-preview:large, max-video-preview:-1\" \/>\n<link rel=\"canonical\" href=\"https:\/\/www.correiobraziliense.com.br\/cbradar\/curiosidades-que-voce-nao-sabia-sobre-a-universidade-columbia\/\" \/>\n<meta property=\"og:locale\" content=\"pt_BR\" \/>\n<meta property=\"og:type\" content=\"article\" \/>\n<meta property=\"og:title\" content=\"Curiosidades que voc\u00ea n\u00e3o sabia sobre a Universidade Columbia\" \/>\n<meta property=\"og:description\" content=\"Descubra a rela\u00e7\u00e3o da Universidade Columbia com o mundo das artes e o seu lugar entre as institui\u00e7\u00f5es de elite.\" \/>\n<meta property=\"og:url\" content=\"https:\/\/www.correiobraziliense.com.br\/cbradar\/curiosidades-que-voce-nao-sabia-sobre-a-universidade-columbia\/\" \/>\n<meta property=\"og:site_name\" content=\"Correio Braziliense - Radar\" \/>\n<meta property=\"article:published_time\" content=\"2025-03-11T09:30:00+00:00\" \/>\n<meta property=\"og:image\" content=\"https:\/\/www.correiobraziliense.com.br\/cbradar\/wp-content\/uploads\/2025\/03\/Universidade-Columbia_1741608801363.jpg\" \/>\n\t<meta property=\"og:image:width\" content=\"1280\" \/>\n\t<meta property=\"og:image:height\" content=\"720\" \/>\n\t<meta property=\"og:image:type\" content=\"image\/jpeg\" \/>\n<meta name=\"author\" content=\"Larissa Carvalho\" \/>\n<meta name=\"twitter:card\" content=\"summary_large_image\" \/>\n<meta name=\"twitter:label1\" content=\"Escrito por\" \/>\n\t<meta name=\"twitter:data1\" content=\"Larissa Carvalho\" \/>\n\t<meta name=\"twitter:label2\" content=\"Est. tempo de leitura\" \/>\n\t<meta name=\"twitter:data2\" content=\"4 minutos\" \/>\n<!-- \/ Yoast SEO plugin. -->","yoast_head_json":{"title":"Curiosidades que voc\u00ea n\u00e3o sabia sobre a Universidade Columbia","description":"Descubra a rela\u00e7\u00e3o da Universidade Columbia com o mundo das artes e o seu lugar entre as institui\u00e7\u00f5es de elite.","robots":{"index":"index","follow":"follow","max-snippet":"max-snippet:-1","max-image-preview":"max-image-preview:large","max-video-preview":"max-video-preview:-1"},"canonical":"https:\/\/www.correiobraziliense.com.br\/cbradar\/curiosidades-que-voce-nao-sabia-sobre-a-universidade-columbia\/","og_locale":"pt_BR","og_type":"article","og_title":"Curiosidades que voc\u00ea n\u00e3o sabia sobre a Universidade Columbia","og_description":"Descubra a rela\u00e7\u00e3o da Universidade Columbia com o mundo das artes e o seu lugar entre as institui\u00e7\u00f5es de elite.","og_url":"https:\/\/www.correiobraziliense.com.br\/cbradar\/curiosidades-que-voce-nao-sabia-sobre-a-universidade-columbia\/","og_site_name":"Correio Braziliense - Radar","article_published_time":"2025-03-11T09:30:00+00:00","og_image":[{"width":1280,"height":720,"url":"https:\/\/www.correiobraziliense.com.br\/cbradar\/wp-content\/uploads\/2025\/03\/Universidade-Columbia_1741608801363.jpg","type":"image\/jpeg"}],"author":"Larissa Carvalho","twitter_card":"summary_large_image","twitter_misc":{"Escrito por":"Larissa Carvalho","Est. tempo de leitura":"4 minutos"},"schema":{"@context":"https:\/\/schema.org","@graph":[{"@type":"WebPage","@id":"https:\/\/www.correiobraziliense.com.br\/cbradar\/curiosidades-que-voce-nao-sabia-sobre-a-universidade-columbia\/","url":"https:\/\/www.correiobraziliense.com.br\/cbradar\/curiosidades-que-voce-nao-sabia-sobre-a-universidade-columbia\/","name":"Curiosidades que voc\u00ea n\u00e3o sabia sobre a Universidade Columbia","isPartOf":{"@id":"https:\/\/www.correiobraziliense.com.br\/cbradar\/#website"},"primaryImageOfPage":{"@id":"https:\/\/www.correiobraziliense.com.br\/cbradar\/curiosidades-que-voce-nao-sabia-sobre-a-universidade-columbia\/#primaryimage"},"image":{"@id":"https:\/\/www.correiobraziliense.com.br\/cbradar\/curiosidades-que-voce-nao-sabia-sobre-a-universidade-columbia\/#primaryimage"},"thumbnailUrl":"https:\/\/www.correiobraziliense.com.br\/cbradar\/wp-content\/uploads\/2025\/03\/Universidade-Columbia_1741608801363.jpg","datePublished":"2025-03-11T09:30:00+00:00","author":{"@id":"https:\/\/www.correiobraziliense.com.br\/cbradar\/#\/schema\/person\/58422787644df994b53a19d3e56c1513"},"description":"Descubra a rela\u00e7\u00e3o da Universidade Columbia com o mundo das artes e o seu lugar entre as institui\u00e7\u00f5es de elite.","breadcrumb":{"@id":"https:\/\/www.correiobraziliense.com.br\/cbradar\/curiosidades-que-voce-nao-sabia-sobre-a-universidade-columbia\/#breadcrumb"},"inLanguage":"pt-BR","potentialAction":[{"@type":"ReadAction","target":["https:\/\/www.correiobraziliense.com.br\/cbradar\/curiosidades-que-voce-nao-sabia-sobre-a-universidade-columbia\/"]}]},{"@type":"ImageObject","inLanguage":"pt-BR","@id":"https:\/\/www.correiobraziliense.com.br\/cbradar\/curiosidades-que-voce-nao-sabia-sobre-a-universidade-columbia\/#primaryimage","url":"https:\/\/www.correiobraziliense.com.br\/cbradar\/wp-content\/uploads\/2025\/03\/Universidade-Columbia_1741608801363.jpg","contentUrl":"https:\/\/www.correiobraziliense.com.br\/cbradar\/wp-content\/uploads\/2025\/03\/Universidade-Columbia_1741608801363.jpg","width":1280,"height":720,"caption":"Universidade Columbia. Cr\u00e9ditos: depositphotos.com \/ f11photo"},{"@type":"BreadcrumbList","@id":"https:\/\/www.correiobraziliense.com.br\/cbradar\/curiosidades-que-voce-nao-sabia-sobre-a-universidade-columbia\/#breadcrumb","itemListElement":[{"@type":"ListItem","position":1,"name":"In\u00edcio","item":"https:\/\/www.correiobraziliense.com.br\/cbradar\/"},{"@type":"ListItem","position":2,"name":"Curiosidades que voc\u00ea n\u00e3o sabia sobre a Universidade Columbia"}]},{"@type":"WebSite","@id":"https:\/\/www.correiobraziliense.com.br\/cbradar\/#website","url":"https:\/\/www.correiobraziliense.com.br\/cbradar\/","name":"Correio Braziliense - Radar","description":"Acompanhe as \u00faltimas not\u00edcias e fique bem informado sobre tudo o que acontece no Brasil e no mundo.","potentialAction":[{"@type":"SearchAction","target":{"@type":"EntryPoint","urlTemplate":"https:\/\/www.correiobraziliense.com.br\/cbradar\/?s={search_term_string}"},"query-input":{"@type":"PropertyValueSpecification","valueRequired":true,"valueName":"search_term_string"}}],"inLanguage":"pt-BR"},{"@type":"Person","@id":"https:\/\/www.correiobraziliense.com.br\/cbradar\/#\/schema\/person\/58422787644df994b53a19d3e56c1513","name":"Larissa Carvalho","image":{"@type":"ImageObject","inLanguage":"pt-BR","@id":"https:\/\/www.correiobraziliense.com.br\/cbradar\/#\/schema\/person\/image\/","url":"https:\/\/secure.gravatar.com\/avatar\/fe4f91a0de32b52a838d0d612abdc1aa?s=96&d=mm&r=g","contentUrl":"https:\/\/secure.gravatar.com\/avatar\/fe4f91a0de32b52a838d0d612abdc1aa?s=96&d=mm&r=g","caption":"Larissa Carvalho"},"url":"https:\/\/www.correiobraziliense.com.br\/cbradar\/author\/larissamyth\/"}]}},"_links":{"self":[{"href":"https:\/\/www.correiobraziliense.com.br\/cbradar\/wp-json\/wp\/v2\/posts\/11077","targetHints":{"allow":["GET"]}}],"collection":[{"href":"https:\/\/www.correiobraziliense.com.br\/cbradar\/wp-json\/wp\/v2\/posts"}],"about":[{"href":"https:\/\/www.correiobraziliense.com.br\/cbradar\/wp-json\/wp\/v2\/types\/post"}],"author":[{"embeddable":true,"href":"https:\/\/www.correiobraziliense.com.br\/cbradar\/wp-json\/wp\/v2\/users\/3"}],"replies":[{"embeddable":true,"href":"https:\/\/www.correiobraziliense.com.br\/cbradar\/wp-json\/wp\/v2\/comments?post=11077"}],"version-history":[{"count":2,"href":"https:\/\/www.correiobraziliense.com.br\/cbradar\/wp-json\/wp\/v2\/posts\/11077\/revisions"}],"predecessor-version":[{"id":11296,"href":"https:\/\/www.correiobraziliense.com.br\/cbradar\/wp-json\/wp\/v2\/posts\/11077\/revisions\/11296"}],"wp:featuredmedia":[{"embeddable":true,"href":"https:\/\/www.correiobraziliense.com.br\/cbradar\/wp-json\/wp\/v2\/media\/11078"}],"wp:attachment":[{"href":"https:\/\/www.correiobraziliense.com.br\/cbradar\/wp-json\/wp\/v2\/media?parent=11077"}],"wp:term":[{"taxonomy":"category","embeddable":true,"href":"https:\/\/www.correiobraziliense.com.br\/cbradar\/wp-json\/wp\/v2\/categories?post=11077"},{"taxonomy":"post_tag","embeddable":true,"href":"https:\/\/www.correiobraziliense.com.br\/cbradar\/wp-json\/wp\/v2\/post_tag?post=11077"}],"curies":[{"name":"wp","href":"https:\/\/api.w.org\/{rel}","templated":true}]}}