{"id":11086,"date":"2025-03-11T08:50:00","date_gmt":"2025-03-11T11:50:00","guid":{"rendered":"https:\/\/www.correiobraziliense.com.br\/cbradar\/?p=11086"},"modified":"2025-03-10T16:58:57","modified_gmt":"2025-03-10T19:58:57","slug":"mcdonalds-nao-e-mais-o-maior-fast-food-do-mundo","status":"publish","type":"post","link":"https:\/\/www.correiobraziliense.com.br\/cbradar\/mcdonalds-nao-e-mais-o-maior-fast-food-do-mundo\/","title":{"rendered":"McDonald&#8217;s n\u00e3o \u00e9 mais o maior fast-food do mundo"},"content":{"rendered":"\n<p>Em um cen\u00e1rio global onde o <strong>McDonald&#8217;s <\/strong>tradicionalmente liderava como a maior rede de restaurantes, uma nova concorrente emergiu para tomar o primeiro lugar. A <strong>Mixue Bingcheng,<\/strong> uma rede chinesa de ch\u00e1 de bolhas e sorvetes, ultrapassou o gigante americano em n\u00famero de estabelecimentos. Em setembro de 2024, a Mixue Bingcheng contava com mais de 45 mil lojas ao redor do mundo, enquanto o McDonald&#8217;s mantinha cerca de 41.800, segundo dados da Statista.<\/p>\n\n\n\n<p>Apesar de seu impressionante crescimento, a maioria das lojas da Mixue Bingcheng est\u00e1 concentrada na China, com algumas unidades na Indon\u00e9sia, Vietn\u00e3 e Mal\u00e1sia. Curiosamente, a rede ainda n\u00e3o possui presen\u00e7a nos Estados Unidos, um mercado tradicionalmente dominado por grandes cadeias de fast food.<\/p>\n\n\n\n<h2 class=\"wp-block-heading\"><strong>Qual \u00e9 a estrat\u00e9gia de crescimento da Mixue Bingcheng?<\/strong><\/h2>\n\n\n\n<p>A Mixue Bingcheng foi fundada em 1997 por Zhang Hongchao, inicialmente como uma loja de gelo raspado e bebidas geladas. A estrat\u00e9gia de neg\u00f3cios de Hongchao sempre foi clara: oferecer produtos de qualidade a pre\u00e7os acess\u00edveis. Com sorvetes vendidos por apenas um yuan e bebidas variando de dois a oito yuans, a rede conquistou uma vasta clientela. Mais de 99% das lojas s\u00e3o franqueadas, e a maior parte da receita da empresa vem da venda de materiais aliment\u00edcios, equipamentos e embalagens para seus franqueados.<\/p>\n\n\n\n<figure class=\"wp-block-image size-large\"><img decoding=\"async\" width=\"1024\" height=\"576\" src=\"https:\/\/www.correiobraziliense.com.br\/cbradar\/wp-content\/uploads\/2025\/03\/Mixue_1741609942602-1024x576.jpg\" alt=\"Mixue Bingcheng: A Nova Amea\u00e7a ao Dom\u00ednio do McDonald's\" class=\"wp-image-11088\" srcset=\"https:\/\/www.correiobraziliense.com.br\/cbradar\/wp-content\/uploads\/2025\/03\/Mixue_1741609942602-1024x576.jpg 1024w, https:\/\/www.correiobraziliense.com.br\/cbradar\/wp-content\/uploads\/2025\/03\/Mixue_1741609942602-300x169.jpg 300w, https:\/\/www.correiobraziliense.com.br\/cbradar\/wp-content\/uploads\/2025\/03\/Mixue_1741609942602-768x432.jpg 768w, https:\/\/www.correiobraziliense.com.br\/cbradar\/wp-content\/uploads\/2025\/03\/Mixue_1741609942602-750x422.jpg 750w, https:\/\/www.correiobraziliense.com.br\/cbradar\/wp-content\/uploads\/2025\/03\/Mixue_1741609942602-1140x641.jpg 1140w, https:\/\/www.correiobraziliense.com.br\/cbradar\/wp-content\/uploads\/2025\/03\/Mixue_1741609942602.jpg 1280w\" sizes=\"(max-width: 1024px) 100vw, 1024px\" \/><figcaption class=\"wp-element-caption\">Mixue.Cr\u00e9ditos: depositphotos.com \/ rickybayuputra<\/figcaption><\/figure>\n\n\n\n<p>O crescimento da Mixue Bingcheng n\u00e3o se reflete apenas no n\u00famero de lojas. A empresa tamb\u00e9m apresentou um aumento significativo em sua receita e lucro l\u00edquido. Nos primeiros nove meses de 2024, o lucro l\u00edquido cresceu 42% em rela\u00e7\u00e3o ao mesmo per\u00edodo do ano anterior, atingindo 3,49 bilh\u00f5es de yuans. A receita totalizou 18,7 bilh\u00f5es de yuans, um aumento de 21%.<\/p>\n\n\n\n<h2 class=\"wp-block-heading\"><strong>Como o McDonald&#8217;s est\u00e1 respondendo a esse desafio?<\/strong><\/h2>\n\n\n\n<p>Enquanto a Mixue Bingcheng avan\u00e7a, o McDonald&#8217;s enfrenta desafios significativos. Em fevereiro de 2025, a empresa relatou um lucro l\u00edquido de 2,02 bilh\u00f5es de d\u00f3lares no quarto trimestre, ligeiramente abaixo do ano anterior. Al\u00e9m disso, a rede sofreu um impacto negativo em suas vendas ap\u00f3s um surto de Escherichia coli ser associado a seus hamb\u00fargueres, conforme relatado pelos Centros de Controle e Preven\u00e7\u00e3o de Doen\u00e7as.<\/p>\n\n\n\n<p>O McDonald&#8217;s continua a ser uma for\u00e7a dominante no setor de fast food, mas a ascens\u00e3o da Mixue Bingcheng destaca a crescente influ\u00eancia das redes asi\u00e1ticas no mercado global. A resposta do McDonald&#8217;s a essa nova concorr\u00eancia pode determinar seu futuro no setor.<\/p>\n\n\n\n<h2 class=\"wp-block-heading\"><strong>O futuro do mercado de Fast Food<\/strong><\/h2>\n\n\n\n<p>O crescimento da Mixue Bingcheng e os desafios enfrentados pelo McDonald&#8217;s refletem uma mudan\u00e7a mais ampla no mercado de fast food. Com consumidores cada vez mais buscando op\u00e7\u00f5es acess\u00edveis e diversificadas, as redes que conseguem se adaptar rapidamente \u00e0s demandas do mercado tendem a prosperar. A expans\u00e3o da Mixue Bingcheng demonstra o potencial das redes asi\u00e1ticas em capturar uma fatia significativa do mercado global.<\/p>\n\n\n\n<p>\u00c0 medida que o mercado evolui, ser\u00e1 interessante observar como outras grandes redes de fast food, como Starbucks e Tim Hortons, responder\u00e3o a essas mudan\u00e7as. A competi\u00e7\u00e3o acirrada pode levar a inova\u00e7\u00f5es e melhorias nos servi\u00e7os oferecidos aos consumidores, beneficiando o mercado como um todo.<\/p>\n","protected":false},"excerpt":{"rendered":"<p>Artigo sobre a ascens\u00e3o da rede chinesa e seu impacto no dom\u00ednio do McDonald&#8217;s no mercado de fast food mundial.<\/p>\n","protected":false},"author":3,"featured_media":11087,"comment_status":"open","ping_status":"open","sticky":false,"template":"","format":"standard","meta":{"_yoast_wpseo_focuskw":"McDonald's","_yoast_wpseo_title":"%%title%%","_yoast_wpseo_metadesc":"Artigo sobre a ascens\u00e3o da rede chinesa e seu impacto no dom\u00ednio do McDonald's no mercado de fast food mundial.","jnews-multi-image_gallery":[],"jnews_single_post":{"format":"standard"},"jnews_primary_category":[],"jnews_social_meta":[],"jnews_override_counter":[],"footnotes":""},"categories":[112],"post_tag":[441],"class_list":["post-11086","post","type-post","status-publish","format-standard","has-post-thumbnail","hentry","category-curiosidades","tag-mcdonalds"],"yoast_head":"<!-- This site is optimized with the Yoast SEO plugin v24.6 - https:\/\/yoast.com\/wordpress\/plugins\/seo\/ -->\n<title>McDonald&#039;s n\u00e3o \u00e9 mais o maior fast-food do mundo<\/title>\n<meta name=\"description\" content=\"Artigo sobre a ascens\u00e3o da rede chinesa e seu impacto no dom\u00ednio do McDonald&#039;s no mercado de fast food mundial.\" \/>\n<meta name=\"robots\" content=\"index, follow, max-snippet:-1, max-image-preview:large, max-video-preview:-1\" \/>\n<link rel=\"canonical\" href=\"https:\/\/www.correiobraziliense.com.br\/cbradar\/mcdonalds-nao-e-mais-o-maior-fast-food-do-mundo\/\" \/>\n<meta property=\"og:locale\" content=\"pt_BR\" \/>\n<meta property=\"og:type\" content=\"article\" \/>\n<meta property=\"og:title\" content=\"McDonald&#039;s n\u00e3o \u00e9 mais o maior fast-food do mundo\" \/>\n<meta property=\"og:description\" content=\"Artigo sobre a ascens\u00e3o da rede chinesa e seu impacto no dom\u00ednio do McDonald&#039;s no mercado de fast food mundial.\" \/>\n<meta property=\"og:url\" content=\"https:\/\/www.correiobraziliense.com.br\/cbradar\/mcdonalds-nao-e-mais-o-maior-fast-food-do-mundo\/\" \/>\n<meta property=\"og:site_name\" content=\"Correio Braziliense - Radar\" \/>\n<meta property=\"article:published_time\" content=\"2025-03-11T11:50:00+00:00\" \/>\n<meta property=\"og:image\" content=\"https:\/\/www.correiobraziliense.com.br\/cbradar\/wp-content\/uploads\/2025\/03\/McDonalds-_1741609794299.jpg\" \/>\n\t<meta property=\"og:image:width\" content=\"1280\" \/>\n\t<meta property=\"og:image:height\" content=\"720\" \/>\n\t<meta property=\"og:image:type\" content=\"image\/jpeg\" \/>\n<meta name=\"author\" content=\"Larissa Carvalho\" \/>\n<meta name=\"twitter:card\" content=\"summary_large_image\" \/>\n<meta name=\"twitter:label1\" content=\"Escrito por\" \/>\n\t<meta name=\"twitter:data1\" content=\"Larissa Carvalho\" \/>\n\t<meta name=\"twitter:label2\" content=\"Est. tempo de leitura\" \/>\n\t<meta name=\"twitter:data2\" content=\"4 minutos\" \/>\n<!-- \/ Yoast SEO plugin. -->","yoast_head_json":{"title":"McDonald's n\u00e3o \u00e9 mais o maior fast-food do mundo","description":"Artigo sobre a ascens\u00e3o da rede chinesa e seu impacto no dom\u00ednio do McDonald's no mercado de fast food mundial.","robots":{"index":"index","follow":"follow","max-snippet":"max-snippet:-1","max-image-preview":"max-image-preview:large","max-video-preview":"max-video-preview:-1"},"canonical":"https:\/\/www.correiobraziliense.com.br\/cbradar\/mcdonalds-nao-e-mais-o-maior-fast-food-do-mundo\/","og_locale":"pt_BR","og_type":"article","og_title":"McDonald's n\u00e3o \u00e9 mais o maior fast-food do mundo","og_description":"Artigo sobre a ascens\u00e3o da rede chinesa e seu impacto no dom\u00ednio do McDonald's no mercado de fast food mundial.","og_url":"https:\/\/www.correiobraziliense.com.br\/cbradar\/mcdonalds-nao-e-mais-o-maior-fast-food-do-mundo\/","og_site_name":"Correio Braziliense - Radar","article_published_time":"2025-03-11T11:50:00+00:00","og_image":[{"width":1280,"height":720,"url":"https:\/\/www.correiobraziliense.com.br\/cbradar\/wp-content\/uploads\/2025\/03\/McDonalds-_1741609794299.jpg","type":"image\/jpeg"}],"author":"Larissa Carvalho","twitter_card":"summary_large_image","twitter_misc":{"Escrito por":"Larissa Carvalho","Est. tempo de leitura":"4 minutos"},"schema":{"@context":"https:\/\/schema.org","@graph":[{"@type":"WebPage","@id":"https:\/\/www.correiobraziliense.com.br\/cbradar\/mcdonalds-nao-e-mais-o-maior-fast-food-do-mundo\/","url":"https:\/\/www.correiobraziliense.com.br\/cbradar\/mcdonalds-nao-e-mais-o-maior-fast-food-do-mundo\/","name":"McDonald's n\u00e3o \u00e9 mais o maior fast-food do mundo","isPartOf":{"@id":"https:\/\/www.correiobraziliense.com.br\/cbradar\/#website"},"primaryImageOfPage":{"@id":"https:\/\/www.correiobraziliense.com.br\/cbradar\/mcdonalds-nao-e-mais-o-maior-fast-food-do-mundo\/#primaryimage"},"image":{"@id":"https:\/\/www.correiobraziliense.com.br\/cbradar\/mcdonalds-nao-e-mais-o-maior-fast-food-do-mundo\/#primaryimage"},"thumbnailUrl":"https:\/\/www.correiobraziliense.com.br\/cbradar\/wp-content\/uploads\/2025\/03\/McDonalds-_1741609794299.jpg","datePublished":"2025-03-11T11:50:00+00:00","author":{"@id":"https:\/\/www.correiobraziliense.com.br\/cbradar\/#\/schema\/person\/58422787644df994b53a19d3e56c1513"},"description":"Artigo sobre a ascens\u00e3o da rede chinesa e seu impacto no dom\u00ednio do McDonald's no mercado de fast food mundial.","breadcrumb":{"@id":"https:\/\/www.correiobraziliense.com.br\/cbradar\/mcdonalds-nao-e-mais-o-maior-fast-food-do-mundo\/#breadcrumb"},"inLanguage":"pt-BR","potentialAction":[{"@type":"ReadAction","target":["https:\/\/www.correiobraziliense.com.br\/cbradar\/mcdonalds-nao-e-mais-o-maior-fast-food-do-mundo\/"]}]},{"@type":"ImageObject","inLanguage":"pt-BR","@id":"https:\/\/www.correiobraziliense.com.br\/cbradar\/mcdonalds-nao-e-mais-o-maior-fast-food-do-mundo\/#primaryimage","url":"https:\/\/www.correiobraziliense.com.br\/cbradar\/wp-content\/uploads\/2025\/03\/McDonalds-_1741609794299.jpg","contentUrl":"https:\/\/www.correiobraziliense.com.br\/cbradar\/wp-content\/uploads\/2025\/03\/McDonalds-_1741609794299.jpg","width":1280,"height":720,"caption":"McDonald's. Cr\u00e9ditos: depositphotos.com \/ ricochet69"},{"@type":"BreadcrumbList","@id":"https:\/\/www.correiobraziliense.com.br\/cbradar\/mcdonalds-nao-e-mais-o-maior-fast-food-do-mundo\/#breadcrumb","itemListElement":[{"@type":"ListItem","position":1,"name":"In\u00edcio","item":"https:\/\/www.correiobraziliense.com.br\/cbradar\/"},{"@type":"ListItem","position":2,"name":"McDonald&#8217;s n\u00e3o \u00e9 mais o maior fast-food do mundo"}]},{"@type":"WebSite","@id":"https:\/\/www.correiobraziliense.com.br\/cbradar\/#website","url":"https:\/\/www.correiobraziliense.com.br\/cbradar\/","name":"Correio Braziliense - Radar","description":"Acompanhe as \u00faltimas not\u00edcias e fique bem informado sobre tudo o que acontece no Brasil e no mundo.","potentialAction":[{"@type":"SearchAction","target":{"@type":"EntryPoint","urlTemplate":"https:\/\/www.correiobraziliense.com.br\/cbradar\/?s={search_term_string}"},"query-input":{"@type":"PropertyValueSpecification","valueRequired":true,"valueName":"search_term_string"}}],"inLanguage":"pt-BR"},{"@type":"Person","@id":"https:\/\/www.correiobraziliense.com.br\/cbradar\/#\/schema\/person\/58422787644df994b53a19d3e56c1513","name":"Larissa Carvalho","image":{"@type":"ImageObject","inLanguage":"pt-BR","@id":"https:\/\/www.correiobraziliense.com.br\/cbradar\/#\/schema\/person\/image\/","url":"https:\/\/secure.gravatar.com\/avatar\/fe4f91a0de32b52a838d0d612abdc1aa?s=96&d=mm&r=g","contentUrl":"https:\/\/secure.gravatar.com\/avatar\/fe4f91a0de32b52a838d0d612abdc1aa?s=96&d=mm&r=g","caption":"Larissa Carvalho"},"url":"https:\/\/www.correiobraziliense.com.br\/cbradar\/author\/larissamyth\/"}]}},"_links":{"self":[{"href":"https:\/\/www.correiobraziliense.com.br\/cbradar\/wp-json\/wp\/v2\/posts\/11086","targetHints":{"allow":["GET"]}}],"collection":[{"href":"https:\/\/www.correiobraziliense.com.br\/cbradar\/wp-json\/wp\/v2\/posts"}],"about":[{"href":"https:\/\/www.correiobraziliense.com.br\/cbradar\/wp-json\/wp\/v2\/types\/post"}],"author":[{"embeddable":true,"href":"https:\/\/www.correiobraziliense.com.br\/cbradar\/wp-json\/wp\/v2\/users\/3"}],"replies":[{"embeddable":true,"href":"https:\/\/www.correiobraziliense.com.br\/cbradar\/wp-json\/wp\/v2\/comments?post=11086"}],"version-history":[{"count":2,"href":"https:\/\/www.correiobraziliense.com.br\/cbradar\/wp-json\/wp\/v2\/posts\/11086\/revisions"}],"predecessor-version":[{"id":11298,"href":"https:\/\/www.correiobraziliense.com.br\/cbradar\/wp-json\/wp\/v2\/posts\/11086\/revisions\/11298"}],"wp:featuredmedia":[{"embeddable":true,"href":"https:\/\/www.correiobraziliense.com.br\/cbradar\/wp-json\/wp\/v2\/media\/11087"}],"wp:attachment":[{"href":"https:\/\/www.correiobraziliense.com.br\/cbradar\/wp-json\/wp\/v2\/media?parent=11086"}],"wp:term":[{"taxonomy":"category","embeddable":true,"href":"https:\/\/www.correiobraziliense.com.br\/cbradar\/wp-json\/wp\/v2\/categories?post=11086"},{"taxonomy":"post_tag","embeddable":true,"href":"https:\/\/www.correiobraziliense.com.br\/cbradar\/wp-json\/wp\/v2\/post_tag?post=11086"}],"curies":[{"name":"wp","href":"https:\/\/api.w.org\/{rel}","templated":true}]}}