{"id":11100,"date":"2025-03-11T18:10:00","date_gmt":"2025-03-11T21:10:00","guid":{"rendered":"https:\/\/www.correiobraziliense.com.br\/cbradar\/?p=11100"},"modified":"2025-03-11T02:37:20","modified_gmt":"2025-03-11T05:37:20","slug":"a-serie-perfeita-para-os-fas-de-agatha-christie","status":"publish","type":"post","link":"https:\/\/www.correiobraziliense.com.br\/cbradar\/a-serie-perfeita-para-os-fas-de-agatha-christie\/","title":{"rendered":"A s\u00e9rie perfeita para os f\u00e3s de Agatha Christie"},"content":{"rendered":"\n<p>A <strong>BritBox <\/strong>est\u00e1 prestes a lan\u00e7ar uma nova miniss\u00e9rie baseada no romance &#8216;<strong>Towards Zero<\/strong>&#8216;, de <strong>Agatha Christie<\/strong>. Com tr\u00eas epis\u00f3dios, a s\u00e9rie pretende capturar a ess\u00eancia do mist\u00e9rio e da intriga que s\u00e3o caracter\u00edsticos da autora. Ambientada na <strong>Inglaterra <\/strong>dos anos 1930, a produ\u00e7\u00e3o oferece uma viagem no tempo, recriando a atmosfera \u00fanica daquela \u00e9poca.<\/p>\n\n\n\n<p>O elenco \u00e9 composto por atores renomados, como <strong>Angelica Huston, Oliver Jackson-Cohen e Matthew Rhys<\/strong>. A narrativa come\u00e7a com uma reuni\u00e3o familiar na mans\u00e3o de <strong>Lady Tressilian<\/strong>, que rapidamente se transforma em um cen\u00e1rio de mist\u00e9rio ap\u00f3s um assassinato. Este evento inesperado desencadeia uma s\u00e9rie de investiga\u00e7\u00f5es e revela\u00e7\u00f5es.<\/p>\n\n\n\n<h2 class=\"wp-block-heading\"><strong>Quem s\u00e3o os personagens centrais?<\/strong><\/h2>\n\n\n\n<p>A trama de &#8216;Towards Zero&#8217; \u00e9 conduzida por um grupo de personagens complexos. Neville Strange, um tenista de sucesso, \u00e9 um dos convidados na mans\u00e3o. Ele est\u00e1 acompanhado por sua atual esposa, <strong>Kay<\/strong>, e sua ex-esposa, <strong>Audrey<\/strong>, criando uma din\u00e2mica tensa e cheia de nuances. Essa rela\u00e7\u00e3o triangular \u00e9 apenas uma parte da rede de segredos e suspeitas que permeia a hist\u00f3ria.<\/p>\n\n\n\n<p>O <strong>Inspetor Leach<\/strong> \u00e9 chamado para investigar o assassinato, enfrentando um grupo diversificado de suspeitos. Entre eles est\u00e3o uma amiga pr\u00f3xima da anfitri\u00e3, um mordomo enigm\u00e1tico, um primo com um passado misterioso, e outros personagens que t\u00eam suas pr\u00f3prias raz\u00f5es para estarem presentes. Cada um deles adiciona uma pe\u00e7a ao quebra-cabe\u00e7a que <strong>Leach <\/strong>precisa resolver.<\/p>\n\n\n\n<figure class=\"wp-block-image size-large\"><img decoding=\"async\" width=\"1024\" height=\"576\" src=\"https:\/\/www.correiobraziliense.com.br\/cbradar\/wp-content\/uploads\/2025\/03\/Agatha-Christie_1741613053532-1024x576.jpg\" alt=\"A s\u00e9rie perfeita para os f\u00e3s de Agatha Christie\" class=\"wp-image-11105\" srcset=\"https:\/\/www.correiobraziliense.com.br\/cbradar\/wp-content\/uploads\/2025\/03\/Agatha-Christie_1741613053532-1024x576.jpg 1024w, https:\/\/www.correiobraziliense.com.br\/cbradar\/wp-content\/uploads\/2025\/03\/Agatha-Christie_1741613053532-300x169.jpg 300w, https:\/\/www.correiobraziliense.com.br\/cbradar\/wp-content\/uploads\/2025\/03\/Agatha-Christie_1741613053532-768x432.jpg 768w, https:\/\/www.correiobraziliense.com.br\/cbradar\/wp-content\/uploads\/2025\/03\/Agatha-Christie_1741613053532-750x422.jpg 750w, https:\/\/www.correiobraziliense.com.br\/cbradar\/wp-content\/uploads\/2025\/03\/Agatha-Christie_1741613053532-1140x641.jpg 1140w, https:\/\/www.correiobraziliense.com.br\/cbradar\/wp-content\/uploads\/2025\/03\/Agatha-Christie_1741613053532.jpg 1280w\" sizes=\"(max-width: 1024px) 100vw, 1024px\" \/><figcaption class=\"wp-element-caption\">Agatha Christie. Cr\u00e9ditos: depositphotos.com \/ DietmarRauscher<\/figcaption><\/figure>\n\n\n\n<h2 class=\"wp-block-heading\"><strong>Como a miniss\u00e9rie adapta o romance original?<\/strong><\/h2>\n\n\n\n<p>Com roteiro de <strong>Rachel Bennette<\/strong> e dire\u00e7\u00e3o de <strong>Sam Yates<\/strong>, a miniss\u00e9rie busca ser fiel ao esp\u00edrito do livro, enquanto oferece uma nova perspectiva visual. A recria\u00e7\u00e3o da d\u00e9cada de 1930 \u00e9 feita com aten\u00e7\u00e3o aos detalhes, transportando o p\u00fablico para uma era de glamour e tens\u00e3o. Al\u00e9m do enredo principal, a s\u00e9rie explora as complexidades emocionais e psicol\u00f3gicas dos personagens, oferecendo uma vis\u00e3o mais profunda e rica.<\/p>\n\n\n\n<p>A adapta\u00e7\u00e3o enfrenta o desafio de transformar uma narrativa liter\u00e1ria complexa em uma experi\u00eancia visual envolvente. A equipe de produ\u00e7\u00e3o se esfor\u00e7a para capturar a ess\u00eancia do romance de Christie, garantindo que os f\u00e3s da autora encontrem familiaridade e novidade na s\u00e9rie.<\/p>\n\n\n\n<iframe loading=\"lazy\" width=\"560\" height=\"315\" src=\"https:\/\/www.youtube.com\/embed\/uPmRXdzq-O4?si=WSBcxbsdEZUJjSk-\" title=\"YouTube video player\" frameborder=\"0\" allow=\"accelerometer; autoplay; clipboard-write; encrypted-media; gyroscope; picture-in-picture; web-share\" referrerpolicy=\"strict-origin-when-cross-origin\" allowfullscreen><\/iframe>\n\n\n\n<h2 class=\"wp-block-heading\"><strong>Por que assistir a &#8216;Towards Zero&#8217;?<\/strong><\/h2>\n\n\n\n<p>Os f\u00e3s de Agatha Christie encontrar\u00e3o nesta adapta\u00e7\u00e3o uma homenagem ao legado da autora. A produ\u00e7\u00e3o se destaca pela fidelidade ao texto original, ao mesmo tempo em que oferece uma nova interpreta\u00e7\u00e3o visual. O roteiro bem estruturado, aliado \u00e0 dire\u00e7\u00e3o cuidadosa e \u00e0 compet\u00eancia do elenco, permite que a miniss\u00e9rie mantenha o mist\u00e9rio e a tens\u00e3o caracter\u00edsticos de <strong>Christie<\/strong>.<\/p>\n\n\n\n<p>Com uma abordagem inovadora, a <strong>BritBox <\/strong>oferece uma oportunidade \u00fanica para revisitar uma das hist\u00f3rias mais intrigantes de Christie. A miniss\u00e9rie promete atrair tanto os admiradores de longa data quanto novos espectadores, proporcionando uma jornada emocionante atrav\u00e9s de um dos mist\u00e9rios mais fascinantes da autora.<\/p>\n","protected":false},"excerpt":{"rendered":"<p>Adapta\u00e7\u00e3o fiel \u00e0 obra de Agatha Christie, a miniss\u00e9rie captura a ess\u00eancia da autora brit\u00e2nica com uma nova vis\u00e3o visual<\/p>\n","protected":false},"author":3,"featured_media":11103,"comment_status":"open","ping_status":"open","sticky":false,"template":"","format":"standard","meta":{"_yoast_wpseo_focuskw":"s\u00e9rie Agatha Christie","_yoast_wpseo_title":"%%title%%","_yoast_wpseo_metadesc":"Adapta\u00e7\u00e3o fiel \u00e0 obra de Agatha Christie, a miniss\u00e9rie captura a ess\u00eancia da autora brit\u00e2nica com uma nova vis\u00e3o visual","jnews-multi-image_gallery":[],"jnews_single_post":{"format":"standard"},"jnews_primary_category":[],"jnews_social_meta":[],"jnews_override_counter":[],"footnotes":""},"categories":[140],"post_tag":[1772,568],"class_list":["post-11100","post","type-post","status-publish","format-standard","has-post-thumbnail","hentry","category-entretenimento","tag-agatha-christie","tag-series-e-filmes"],"yoast_head":"<!-- This site is optimized with the Yoast SEO plugin v24.6 - https:\/\/yoast.com\/wordpress\/plugins\/seo\/ -->\n<title>A s\u00e9rie perfeita para os f\u00e3s de Agatha Christie<\/title>\n<meta name=\"description\" content=\"Adapta\u00e7\u00e3o fiel \u00e0 obra de Agatha Christie, a miniss\u00e9rie captura a ess\u00eancia da autora brit\u00e2nica com uma nova vis\u00e3o visual\" \/>\n<meta name=\"robots\" content=\"index, follow, max-snippet:-1, max-image-preview:large, max-video-preview:-1\" \/>\n<link rel=\"canonical\" href=\"https:\/\/www.correiobraziliense.com.br\/cbradar\/a-serie-perfeita-para-os-fas-de-agatha-christie\/\" \/>\n<meta property=\"og:locale\" content=\"pt_BR\" \/>\n<meta property=\"og:type\" content=\"article\" \/>\n<meta property=\"og:title\" content=\"A s\u00e9rie perfeita para os f\u00e3s de Agatha Christie\" \/>\n<meta property=\"og:description\" content=\"Adapta\u00e7\u00e3o fiel \u00e0 obra de Agatha Christie, a miniss\u00e9rie captura a ess\u00eancia da autora brit\u00e2nica com uma nova vis\u00e3o visual\" \/>\n<meta property=\"og:url\" content=\"https:\/\/www.correiobraziliense.com.br\/cbradar\/a-serie-perfeita-para-os-fas-de-agatha-christie\/\" \/>\n<meta property=\"og:site_name\" content=\"Correio Braziliense - Radar\" \/>\n<meta property=\"article:published_time\" content=\"2025-03-11T21:10:00+00:00\" \/>\n<meta property=\"og:image\" content=\"https:\/\/www.correiobraziliense.com.br\/cbradar\/wp-content\/uploads\/2025\/03\/Agatha-Christie_1741612771695.jpg\" \/>\n\t<meta property=\"og:image:width\" content=\"1280\" \/>\n\t<meta property=\"og:image:height\" content=\"720\" \/>\n\t<meta property=\"og:image:type\" content=\"image\/jpeg\" \/>\n<meta name=\"author\" content=\"Larissa Carvalho\" \/>\n<meta name=\"twitter:card\" content=\"summary_large_image\" \/>\n<meta name=\"twitter:label1\" content=\"Escrito por\" \/>\n\t<meta name=\"twitter:data1\" content=\"Larissa Carvalho\" \/>\n\t<meta name=\"twitter:label2\" content=\"Est. tempo de leitura\" \/>\n\t<meta name=\"twitter:data2\" content=\"3 minutos\" \/>\n<!-- \/ Yoast SEO plugin. -->","yoast_head_json":{"title":"A s\u00e9rie perfeita para os f\u00e3s de Agatha Christie","description":"Adapta\u00e7\u00e3o fiel \u00e0 obra de Agatha Christie, a miniss\u00e9rie captura a ess\u00eancia da autora brit\u00e2nica com uma nova vis\u00e3o visual","robots":{"index":"index","follow":"follow","max-snippet":"max-snippet:-1","max-image-preview":"max-image-preview:large","max-video-preview":"max-video-preview:-1"},"canonical":"https:\/\/www.correiobraziliense.com.br\/cbradar\/a-serie-perfeita-para-os-fas-de-agatha-christie\/","og_locale":"pt_BR","og_type":"article","og_title":"A s\u00e9rie perfeita para os f\u00e3s de Agatha Christie","og_description":"Adapta\u00e7\u00e3o fiel \u00e0 obra de Agatha Christie, a miniss\u00e9rie captura a ess\u00eancia da autora brit\u00e2nica com uma nova vis\u00e3o visual","og_url":"https:\/\/www.correiobraziliense.com.br\/cbradar\/a-serie-perfeita-para-os-fas-de-agatha-christie\/","og_site_name":"Correio Braziliense - Radar","article_published_time":"2025-03-11T21:10:00+00:00","og_image":[{"width":1280,"height":720,"url":"https:\/\/www.correiobraziliense.com.br\/cbradar\/wp-content\/uploads\/2025\/03\/Agatha-Christie_1741612771695.jpg","type":"image\/jpeg"}],"author":"Larissa Carvalho","twitter_card":"summary_large_image","twitter_misc":{"Escrito por":"Larissa Carvalho","Est. tempo de leitura":"3 minutos"},"schema":{"@context":"https:\/\/schema.org","@graph":[{"@type":"WebPage","@id":"https:\/\/www.correiobraziliense.com.br\/cbradar\/a-serie-perfeita-para-os-fas-de-agatha-christie\/","url":"https:\/\/www.correiobraziliense.com.br\/cbradar\/a-serie-perfeita-para-os-fas-de-agatha-christie\/","name":"A s\u00e9rie perfeita para os f\u00e3s de Agatha Christie","isPartOf":{"@id":"https:\/\/www.correiobraziliense.com.br\/cbradar\/#website"},"primaryImageOfPage":{"@id":"https:\/\/www.correiobraziliense.com.br\/cbradar\/a-serie-perfeita-para-os-fas-de-agatha-christie\/#primaryimage"},"image":{"@id":"https:\/\/www.correiobraziliense.com.br\/cbradar\/a-serie-perfeita-para-os-fas-de-agatha-christie\/#primaryimage"},"thumbnailUrl":"https:\/\/www.correiobraziliense.com.br\/cbradar\/wp-content\/uploads\/2025\/03\/Agatha-Christie_1741612771695.jpg","datePublished":"2025-03-11T21:10:00+00:00","author":{"@id":"https:\/\/www.correiobraziliense.com.br\/cbradar\/#\/schema\/person\/58422787644df994b53a19d3e56c1513"},"description":"Adapta\u00e7\u00e3o fiel \u00e0 obra de Agatha Christie, a miniss\u00e9rie captura a ess\u00eancia da autora brit\u00e2nica com uma nova vis\u00e3o visual","breadcrumb":{"@id":"https:\/\/www.correiobraziliense.com.br\/cbradar\/a-serie-perfeita-para-os-fas-de-agatha-christie\/#breadcrumb"},"inLanguage":"pt-BR","potentialAction":[{"@type":"ReadAction","target":["https:\/\/www.correiobraziliense.com.br\/cbradar\/a-serie-perfeita-para-os-fas-de-agatha-christie\/"]}]},{"@type":"ImageObject","inLanguage":"pt-BR","@id":"https:\/\/www.correiobraziliense.com.br\/cbradar\/a-serie-perfeita-para-os-fas-de-agatha-christie\/#primaryimage","url":"https:\/\/www.correiobraziliense.com.br\/cbradar\/wp-content\/uploads\/2025\/03\/Agatha-Christie_1741612771695.jpg","contentUrl":"https:\/\/www.correiobraziliense.com.br\/cbradar\/wp-content\/uploads\/2025\/03\/Agatha-Christie_1741612771695.jpg","width":1280,"height":720,"caption":"Agatha Christie. Cr\u00e9ditos: depositphotos.com \/ DietmarRauscher"},{"@type":"BreadcrumbList","@id":"https:\/\/www.correiobraziliense.com.br\/cbradar\/a-serie-perfeita-para-os-fas-de-agatha-christie\/#breadcrumb","itemListElement":[{"@type":"ListItem","position":1,"name":"In\u00edcio","item":"https:\/\/www.correiobraziliense.com.br\/cbradar\/"},{"@type":"ListItem","position":2,"name":"A s\u00e9rie perfeita para os f\u00e3s de Agatha Christie"}]},{"@type":"WebSite","@id":"https:\/\/www.correiobraziliense.com.br\/cbradar\/#website","url":"https:\/\/www.correiobraziliense.com.br\/cbradar\/","name":"Correio Braziliense - Radar","description":"Acompanhe as \u00faltimas not\u00edcias e fique bem informado sobre tudo o que acontece no Brasil e no mundo.","potentialAction":[{"@type":"SearchAction","target":{"@type":"EntryPoint","urlTemplate":"https:\/\/www.correiobraziliense.com.br\/cbradar\/?s={search_term_string}"},"query-input":{"@type":"PropertyValueSpecification","valueRequired":true,"valueName":"search_term_string"}}],"inLanguage":"pt-BR"},{"@type":"Person","@id":"https:\/\/www.correiobraziliense.com.br\/cbradar\/#\/schema\/person\/58422787644df994b53a19d3e56c1513","name":"Larissa Carvalho","image":{"@type":"ImageObject","inLanguage":"pt-BR","@id":"https:\/\/www.correiobraziliense.com.br\/cbradar\/#\/schema\/person\/image\/","url":"https:\/\/secure.gravatar.com\/avatar\/fe4f91a0de32b52a838d0d612abdc1aa?s=96&d=mm&r=g","contentUrl":"https:\/\/secure.gravatar.com\/avatar\/fe4f91a0de32b52a838d0d612abdc1aa?s=96&d=mm&r=g","caption":"Larissa Carvalho"},"url":"https:\/\/www.correiobraziliense.com.br\/cbradar\/author\/larissamyth\/"}]}},"_links":{"self":[{"href":"https:\/\/www.correiobraziliense.com.br\/cbradar\/wp-json\/wp\/v2\/posts\/11100","targetHints":{"allow":["GET"]}}],"collection":[{"href":"https:\/\/www.correiobraziliense.com.br\/cbradar\/wp-json\/wp\/v2\/posts"}],"about":[{"href":"https:\/\/www.correiobraziliense.com.br\/cbradar\/wp-json\/wp\/v2\/types\/post"}],"author":[{"embeddable":true,"href":"https:\/\/www.correiobraziliense.com.br\/cbradar\/wp-json\/wp\/v2\/users\/3"}],"replies":[{"embeddable":true,"href":"https:\/\/www.correiobraziliense.com.br\/cbradar\/wp-json\/wp\/v2\/comments?post=11100"}],"version-history":[{"count":3,"href":"https:\/\/www.correiobraziliense.com.br\/cbradar\/wp-json\/wp\/v2\/posts\/11100\/revisions"}],"predecessor-version":[{"id":11330,"href":"https:\/\/www.correiobraziliense.com.br\/cbradar\/wp-json\/wp\/v2\/posts\/11100\/revisions\/11330"}],"wp:featuredmedia":[{"embeddable":true,"href":"https:\/\/www.correiobraziliense.com.br\/cbradar\/wp-json\/wp\/v2\/media\/11103"}],"wp:attachment":[{"href":"https:\/\/www.correiobraziliense.com.br\/cbradar\/wp-json\/wp\/v2\/media?parent=11100"}],"wp:term":[{"taxonomy":"category","embeddable":true,"href":"https:\/\/www.correiobraziliense.com.br\/cbradar\/wp-json\/wp\/v2\/categories?post=11100"},{"taxonomy":"post_tag","embeddable":true,"href":"https:\/\/www.correiobraziliense.com.br\/cbradar\/wp-json\/wp\/v2\/post_tag?post=11100"}],"curies":[{"name":"wp","href":"https:\/\/api.w.org\/{rel}","templated":true}]}}