{"id":111003,"date":"2025-09-29T07:33:00","date_gmt":"2025-09-29T10:33:00","guid":{"rendered":"https:\/\/www.correiobraziliense.com.br\/cbradar\/?p=111003"},"modified":"2025-09-28T02:56:50","modified_gmt":"2025-09-28T05:56:50","slug":"o-que-significa-quando-uma-pessoa-muda-de-repente","status":"publish","type":"post","link":"https:\/\/www.correiobraziliense.com.br\/cbradar\/o-que-significa-quando-uma-pessoa-muda-de-repente\/","title":{"rendered":"O que significa quando uma pessoa muda de repente?"},"content":{"rendered":"\n<p>Mudan\u00e7as repentinas de comportamento em algu\u00e9m pr\u00f3ximo podem causar curiosidade, preocupa\u00e7\u00e3o ou at\u00e9 frustra\u00e7\u00e3o. <strong>Quando uma pessoa muda de repente, isso geralmente \u00e9 um sinal de que algo interno ou externo est\u00e1 afetando sua vida<\/strong>, e compreender os motivos pode ajudar a lidar com a situa\u00e7\u00e3o de forma saud\u00e1vel.<\/p>\n\n\n\n<h2 class=\"wp-block-heading\">Fatores emocionais por tr\u00e1s da mudan\u00e7a<\/h2>\n\n\n\n<p>O estado emocional influencia profundamente as a\u00e7\u00f5es e decis\u00f5es de uma pessoa. <strong>Estresse, ansiedade, tristeza ou experi\u00eancias traum\u00e1ticas podem levar algu\u00e9m a alterar h\u00e1bitos, atitudes ou comportamento social<\/strong>.<\/p>\n\n\n\n<p>Por exemplo, algu\u00e9m normalmente soci\u00e1vel pode se tornar mais introspectivo ap\u00f3s uma perda ou decep\u00e7\u00e3o. Ou uma pessoa organizada pode come\u00e7ar a se mostrar desatenta e dispersa devido ao excesso de responsabilidades ou press\u00f5es externas.<\/p>\n\n\n<div class=\"wp-block-image\">\n<figure class=\"aligncenter size-large\"><img decoding=\"async\" width=\"1024\" height=\"576\" src=\"https:\/\/www.correiobraziliense.com.br\/cbradar\/wp-content\/uploads\/2025\/09\/rir_1759030250876-1024x576.jpg\" alt=\"\" class=\"wp-image-110894\" srcset=\"https:\/\/www.correiobraziliense.com.br\/cbradar\/wp-content\/uploads\/2025\/09\/rir_1759030250876-1024x576.jpg 1024w, https:\/\/www.correiobraziliense.com.br\/cbradar\/wp-content\/uploads\/2025\/09\/rir_1759030250876-300x169.jpg 300w, https:\/\/www.correiobraziliense.com.br\/cbradar\/wp-content\/uploads\/2025\/09\/rir_1759030250876-768x432.jpg 768w, https:\/\/www.correiobraziliense.com.br\/cbradar\/wp-content\/uploads\/2025\/09\/rir_1759030250876-750x422.jpg 750w, https:\/\/www.correiobraziliense.com.br\/cbradar\/wp-content\/uploads\/2025\/09\/rir_1759030250876-1140x642.jpg 1140w, https:\/\/www.correiobraziliense.com.br\/cbradar\/wp-content\/uploads\/2025\/09\/rir_1759030250876.jpg 1279w\" sizes=\"(max-width: 1024px) 100vw, 1024px\" \/><figcaption class=\"wp-element-caption\">Rir \/\/ Cr\u00e9ditos: depositphotos.com \/ konstantynov<\/figcaption><\/figure><\/div>\n\n\n<h2 class=\"wp-block-heading\">Mudan\u00e7as motivadas por relacionamentos<\/h2>\n\n\n\n<p>Relacionamentos, sejam amorosos, familiares ou de amizade, t\u00eam grande impacto sobre o comportamento:<\/p>\n\n\n\n<ul class=\"wp-block-list\">\n<li>Conflitos frequentes podem gerar afastamento ou irritabilidade.<\/li>\n\n\n\n<li>Rela\u00e7\u00f5es novas e positivas podem estimular entusiasmo e mudan\u00e7as de h\u00e1bitos.<\/li>\n\n\n\n<li>Perdas afetivas podem provocar retra\u00e7\u00e3o e introspec\u00e7\u00e3o.<\/li>\n<\/ul>\n\n\n\n<p><strong>As mudan\u00e7as repentinas muitas vezes refletem adapta\u00e7\u00f5es emocionais a essas intera\u00e7\u00f5es<\/strong>, mostrando que a pessoa est\u00e1 tentando lidar com o que sente.<\/p>\n\n\n\n<h2 class=\"wp-block-heading\">Influ\u00eancias externas e de estilo de vida<\/h2>\n\n\n\n<p>O ambiente tamb\u00e9m desempenha um papel importante:<\/p>\n\n\n\n<ul class=\"wp-block-list\">\n<li>Mudan\u00e7a de cidade ou emprego pode exigir adapta\u00e7\u00e3o a novas rotinas.<\/li>\n\n\n\n<li>Press\u00e3o social ou expectativas externas podem levar a comportamentos diferentes do habitual.<\/li>\n\n\n\n<li>Adotar novos hobbies ou interesses pode alterar h\u00e1bitos e atitudes.<\/li>\n<\/ul>\n\n\n\n<p><strong>Quando algu\u00e9m muda rapidamente, pode ser um sinal de que est\u00e1 se ajustando a novas condi\u00e7\u00f5es externas.<\/strong><\/p>\n\n\n\n<h2 class=\"wp-block-heading\">Sinais de alerta<\/h2>\n\n\n\n<p>Nem toda mudan\u00e7a \u00e9 ben\u00e9fica. Alguns sinais podem indicar que a pessoa precisa de apoio:<\/p>\n\n\n\n<ul class=\"wp-block-list\">\n<li>Isolamento social extremo ou repentino.<\/li>\n\n\n\n<li>Altera\u00e7\u00f5es dr\u00e1sticas no humor sem motivo aparente.<\/li>\n\n\n\n<li>Neglig\u00eancia com sa\u00fade ou higiene pessoal.<\/li>\n\n\n\n<li>Tomada de decis\u00f5es impulsivas ou prejudiciais.<\/li>\n<\/ul>\n\n\n\n<p><strong>Reconhecer esses sinais ajuda a oferecer suporte e compreender se a mudan\u00e7a \u00e9 passageira ou preocupante.<\/strong><\/p>\n\n\n\n<h2 class=\"wp-block-heading\">Como lidar com mudan\u00e7as repentinas?<\/h2>\n\n\n\n<ul class=\"wp-block-list\">\n<li><strong>Converse com empatia:<\/strong> tente entender sem julgar.<\/li>\n\n\n\n<li><strong>Ofere\u00e7a apoio emocional:<\/strong> estar presente ajuda a pessoa a se sentir segura.<\/li>\n\n\n\n<li><strong>Observe padr\u00f5es:<\/strong> identificar o que desencadeia a mudan\u00e7a ajuda a interpretar comportamentos futuros.<\/li>\n\n\n\n<li><strong>Evite press\u00e3o:<\/strong> mudan\u00e7as internas podem ser delicadas, exigir tempo e espa\u00e7o.<\/li>\n\n\n\n<li><strong>Sugira ajuda profissional se necess\u00e1rio:<\/strong> psic\u00f3logos ou terapeutas podem orientar em casos de sofrimento intenso.<\/li>\n<\/ul>\n\n\n\n<p><strong>Lidar com mudan\u00e7as repentinas com paci\u00eancia e compreens\u00e3o fortalece relacionamentos e promove confian\u00e7a.<\/strong>]<\/p>\n\n\n\n<p><strong>Leia tamb\u00e9m: <a href=\"https:\/\/www.correiobraziliense.com.br\/cbradar\/por-que-trememos-quando-ficamos-ansiosos\/\" target=\"_blank\" rel=\"noreferrer noopener\">Por que trememos quando ficamos ansiosos?<\/a><\/strong><\/p>\n\n\n\n<h2 class=\"wp-block-heading\">Benef\u00edcios de compreender essas mudan\u00e7as<\/h2>\n\n\n\n<ul class=\"wp-block-list\">\n<li>Rela\u00e7\u00f5es mais saud\u00e1veis e emp\u00e1ticas.<\/li>\n\n\n\n<li>Redu\u00e7\u00e3o de conflitos desnecess\u00e1rios.<\/li>\n\n\n\n<li>Capacidade de oferecer suporte sem julgamento.<\/li>\n\n\n\n<li>Compreens\u00e3o de si mesmo e dos outros em processos de transforma\u00e7\u00e3o.<\/li>\n\n\n\n<li>Crescimento pessoal e coletivo dentro da conviv\u00eancia social.<\/li>\n<\/ul>\n\n\n\n<p><strong>Reconhecer que mudan\u00e7as podem refletir necessidades ou emo\u00e7\u00f5es profundas torna a conviv\u00eancia mais harm\u00f4nica e consciente.<\/strong><\/p>\n\n\n\n<p>Quando uma pessoa muda de repente, isso geralmente indica que algo significativo est\u00e1 ocorrendo em sua vida, seja emocional, relacional ou externo. <strong>Observar sinais, compreender contextos e oferecer apoio de forma emp\u00e1tica ajuda a lidar melhor com essas transforma\u00e7\u00f5es<\/strong>.<\/p>\n\n\n\n<p>Entender mudan\u00e7as repentinas como parte natural da vida humana permite rela\u00e7\u00f5es mais saud\u00e1veis e fortalece v\u00ednculos afetivos, mostrando que a empatia \u00e9 a chave para conviver bem com as diferen\u00e7as e transforma\u00e7\u00f5es do comportamento humano.<\/p>\n","protected":false},"excerpt":{"rendered":"<p>Mudan\u00e7as repentinas de comportamento em algu\u00e9m pr\u00f3ximo podem causar curiosidade, preocupa\u00e7\u00e3o ou at\u00e9 frustra\u00e7\u00e3o. Quando uma pessoa muda de repente, isso geralmente \u00e9 um sinal de que algo interno ou externo est\u00e1 afetando sua vida, e compreender os motivos pode ajudar a lidar com a situa\u00e7\u00e3o de forma saud\u00e1vel. Fatores emocionais por tr\u00e1s da mudan\u00e7a [&hellip;]<\/p>\n","protected":false},"author":8,"featured_media":110908,"comment_status":"open","ping_status":"open","sticky":false,"template":"","format":"standard","meta":{"_yoast_wpseo_focuskw":"pessoa","_yoast_wpseo_title":"","_yoast_wpseo_metadesc":"Saiba o que significa quando uma pessoa muda de repente e descubra fatores curiosos que influenciam essas mudan\u00e7as.","jnews-multi-image_gallery":[],"jnews_single_post":{"format":"standard"},"jnews_primary_category":[],"jnews_social_meta":[],"jnews_override_counter":[],"footnotes":""},"categories":[112],"post_tag":[4718,10543],"class_list":["post-111003","post","type-post","status-publish","format-standard","has-post-thumbnail","hentry","category-curiosidades","tag-comportamento","tag-pessoa-mudar"],"yoast_head":"<!-- This site is optimized with the Yoast SEO plugin v24.6 - https:\/\/yoast.com\/wordpress\/plugins\/seo\/ -->\n<title>O que significa quando uma pessoa muda de repente? - Correio Braziliense - Radar<\/title>\n<meta name=\"description\" content=\"Saiba o que significa quando uma pessoa muda de repente e descubra fatores curiosos que influenciam essas mudan\u00e7as.\" \/>\n<meta name=\"robots\" content=\"index, follow, max-snippet:-1, max-image-preview:large, max-video-preview:-1\" \/>\n<link rel=\"canonical\" href=\"https:\/\/www.correiobraziliense.com.br\/cbradar\/o-que-significa-quando-uma-pessoa-muda-de-repente\/\" \/>\n<meta property=\"og:locale\" content=\"pt_BR\" \/>\n<meta property=\"og:type\" content=\"article\" \/>\n<meta property=\"og:title\" content=\"O que significa quando uma pessoa muda de repente? - Correio Braziliense - Radar\" \/>\n<meta property=\"og:description\" content=\"Saiba o que significa quando uma pessoa muda de repente e descubra fatores curiosos que influenciam essas mudan\u00e7as.\" \/>\n<meta property=\"og:url\" content=\"https:\/\/www.correiobraziliense.com.br\/cbradar\/o-que-significa-quando-uma-pessoa-muda-de-repente\/\" \/>\n<meta property=\"og:site_name\" content=\"Correio Braziliense - Radar\" \/>\n<meta property=\"article:published_time\" content=\"2025-09-29T10:33:00+00:00\" \/>\n<meta property=\"og:image\" content=\"https:\/\/www.correiobraziliense.com.br\/cbradar\/wp-content\/uploads\/2025\/09\/sinceridade_1759030645092.jpg\" \/>\n\t<meta property=\"og:image:width\" content=\"1280\" \/>\n\t<meta property=\"og:image:height\" content=\"720\" \/>\n\t<meta property=\"og:image:type\" content=\"image\/jpeg\" \/>\n<meta name=\"author\" content=\"Maura Pereira\" \/>\n<meta name=\"twitter:card\" content=\"summary_large_image\" \/>\n<meta name=\"twitter:label1\" content=\"Escrito por\" \/>\n\t<meta name=\"twitter:data1\" content=\"Maura Pereira\" \/>\n\t<meta name=\"twitter:label2\" content=\"Est. tempo de leitura\" \/>\n\t<meta name=\"twitter:data2\" content=\"4 minutos\" \/>\n<!-- \/ Yoast SEO plugin. -->","yoast_head_json":{"title":"O que significa quando uma pessoa muda de repente? - Correio Braziliense - Radar","description":"Saiba o que significa quando uma pessoa muda de repente e descubra fatores curiosos que influenciam essas mudan\u00e7as.","robots":{"index":"index","follow":"follow","max-snippet":"max-snippet:-1","max-image-preview":"max-image-preview:large","max-video-preview":"max-video-preview:-1"},"canonical":"https:\/\/www.correiobraziliense.com.br\/cbradar\/o-que-significa-quando-uma-pessoa-muda-de-repente\/","og_locale":"pt_BR","og_type":"article","og_title":"O que significa quando uma pessoa muda de repente? - Correio Braziliense - Radar","og_description":"Saiba o que significa quando uma pessoa muda de repente e descubra fatores curiosos que influenciam essas mudan\u00e7as.","og_url":"https:\/\/www.correiobraziliense.com.br\/cbradar\/o-que-significa-quando-uma-pessoa-muda-de-repente\/","og_site_name":"Correio Braziliense - Radar","article_published_time":"2025-09-29T10:33:00+00:00","og_image":[{"width":1280,"height":720,"url":"https:\/\/www.correiobraziliense.com.br\/cbradar\/wp-content\/uploads\/2025\/09\/sinceridade_1759030645092.jpg","type":"image\/jpeg"}],"author":"Maura Pereira","twitter_card":"summary_large_image","twitter_misc":{"Escrito por":"Maura Pereira","Est. tempo de leitura":"4 minutos"},"schema":{"@context":"https:\/\/schema.org","@graph":[{"@type":"WebPage","@id":"https:\/\/www.correiobraziliense.com.br\/cbradar\/o-que-significa-quando-uma-pessoa-muda-de-repente\/","url":"https:\/\/www.correiobraziliense.com.br\/cbradar\/o-que-significa-quando-uma-pessoa-muda-de-repente\/","name":"O que significa quando uma pessoa muda de repente? - Correio Braziliense - Radar","isPartOf":{"@id":"https:\/\/www.correiobraziliense.com.br\/cbradar\/#website"},"primaryImageOfPage":{"@id":"https:\/\/www.correiobraziliense.com.br\/cbradar\/o-que-significa-quando-uma-pessoa-muda-de-repente\/#primaryimage"},"image":{"@id":"https:\/\/www.correiobraziliense.com.br\/cbradar\/o-que-significa-quando-uma-pessoa-muda-de-repente\/#primaryimage"},"thumbnailUrl":"https:\/\/www.correiobraziliense.com.br\/cbradar\/wp-content\/uploads\/2025\/09\/sinceridade_1759030645092.jpg","datePublished":"2025-09-29T10:33:00+00:00","author":{"@id":"https:\/\/www.correiobraziliense.com.br\/cbradar\/#\/schema\/person\/4053c651a9bfc785afc6f4cbc9032fd3"},"description":"Saiba o que significa quando uma pessoa muda de repente e descubra fatores curiosos que influenciam essas mudan\u00e7as.","breadcrumb":{"@id":"https:\/\/www.correiobraziliense.com.br\/cbradar\/o-que-significa-quando-uma-pessoa-muda-de-repente\/#breadcrumb"},"inLanguage":"pt-BR","potentialAction":[{"@type":"ReadAction","target":["https:\/\/www.correiobraziliense.com.br\/cbradar\/o-que-significa-quando-uma-pessoa-muda-de-repente\/"]}]},{"@type":"ImageObject","inLanguage":"pt-BR","@id":"https:\/\/www.correiobraziliense.com.br\/cbradar\/o-que-significa-quando-uma-pessoa-muda-de-repente\/#primaryimage","url":"https:\/\/www.correiobraziliense.com.br\/cbradar\/wp-content\/uploads\/2025\/09\/sinceridade_1759030645092.jpg","contentUrl":"https:\/\/www.correiobraziliense.com.br\/cbradar\/wp-content\/uploads\/2025\/09\/sinceridade_1759030645092.jpg","width":1280,"height":720,"caption":"Sinceridade \/\/ Cr\u00e9ditos: depositphotos.com \/ 1StunningArt"},{"@type":"BreadcrumbList","@id":"https:\/\/www.correiobraziliense.com.br\/cbradar\/o-que-significa-quando-uma-pessoa-muda-de-repente\/#breadcrumb","itemListElement":[{"@type":"ListItem","position":1,"name":"In\u00edcio","item":"https:\/\/www.correiobraziliense.com.br\/cbradar\/"},{"@type":"ListItem","position":2,"name":"O que significa quando uma pessoa muda de repente?"}]},{"@type":"WebSite","@id":"https:\/\/www.correiobraziliense.com.br\/cbradar\/#website","url":"https:\/\/www.correiobraziliense.com.br\/cbradar\/","name":"Correio Braziliense - Radar","description":"Acompanhe as \u00faltimas not\u00edcias e fique bem informado sobre tudo o que acontece no Brasil e no mundo.","potentialAction":[{"@type":"SearchAction","target":{"@type":"EntryPoint","urlTemplate":"https:\/\/www.correiobraziliense.com.br\/cbradar\/?s={search_term_string}"},"query-input":{"@type":"PropertyValueSpecification","valueRequired":true,"valueName":"search_term_string"}}],"inLanguage":"pt-BR"},{"@type":"Person","@id":"https:\/\/www.correiobraziliense.com.br\/cbradar\/#\/schema\/person\/4053c651a9bfc785afc6f4cbc9032fd3","name":"Maura Pereira","image":{"@type":"ImageObject","inLanguage":"pt-BR","@id":"https:\/\/www.correiobraziliense.com.br\/cbradar\/#\/schema\/person\/image\/","url":"https:\/\/secure.gravatar.com\/avatar\/3effd6bdadfa447f15089c7f7144eaa6?s=96&d=mm&r=g","contentUrl":"https:\/\/secure.gravatar.com\/avatar\/3effd6bdadfa447f15089c7f7144eaa6?s=96&d=mm&r=g","caption":"Maura Pereira"},"sameAs":["https:\/\/www.correiobraziliense.com.br\/"],"url":"https:\/\/www.correiobraziliense.com.br\/cbradar\/author\/mauramyth\/"}]}},"_links":{"self":[{"href":"https:\/\/www.correiobraziliense.com.br\/cbradar\/wp-json\/wp\/v2\/posts\/111003","targetHints":{"allow":["GET"]}}],"collection":[{"href":"https:\/\/www.correiobraziliense.com.br\/cbradar\/wp-json\/wp\/v2\/posts"}],"about":[{"href":"https:\/\/www.correiobraziliense.com.br\/cbradar\/wp-json\/wp\/v2\/types\/post"}],"author":[{"embeddable":true,"href":"https:\/\/www.correiobraziliense.com.br\/cbradar\/wp-json\/wp\/v2\/users\/8"}],"replies":[{"embeddable":true,"href":"https:\/\/www.correiobraziliense.com.br\/cbradar\/wp-json\/wp\/v2\/comments?post=111003"}],"version-history":[{"count":4,"href":"https:\/\/www.correiobraziliense.com.br\/cbradar\/wp-json\/wp\/v2\/posts\/111003\/revisions"}],"predecessor-version":[{"id":111012,"href":"https:\/\/www.correiobraziliense.com.br\/cbradar\/wp-json\/wp\/v2\/posts\/111003\/revisions\/111012"}],"wp:featuredmedia":[{"embeddable":true,"href":"https:\/\/www.correiobraziliense.com.br\/cbradar\/wp-json\/wp\/v2\/media\/110908"}],"wp:attachment":[{"href":"https:\/\/www.correiobraziliense.com.br\/cbradar\/wp-json\/wp\/v2\/media?parent=111003"}],"wp:term":[{"taxonomy":"category","embeddable":true,"href":"https:\/\/www.correiobraziliense.com.br\/cbradar\/wp-json\/wp\/v2\/categories?post=111003"},{"taxonomy":"post_tag","embeddable":true,"href":"https:\/\/www.correiobraziliense.com.br\/cbradar\/wp-json\/wp\/v2\/post_tag?post=111003"}],"curies":[{"name":"wp","href":"https:\/\/api.w.org\/{rel}","templated":true}]}}