{"id":111192,"date":"2025-10-24T22:56:02","date_gmt":"2025-10-25T01:56:02","guid":{"rendered":"https:\/\/www.correiobraziliense.com.br\/cbradar\/?p=111192"},"modified":"2025-10-24T22:56:06","modified_gmt":"2025-10-25T01:56:06","slug":"por-que-seu-cao-lambe-seus-pes-de-acordo-com-especialistas-em-comportamento-canino","status":"publish","type":"post","link":"https:\/\/www.correiobraziliense.com.br\/cbradar\/por-que-seu-cao-lambe-seus-pes-de-acordo-com-especialistas-em-comportamento-canino\/","title":{"rendered":"Por que seu c\u00e3o lambe seus p\u00e9s de acordo com especialistas em comportamento canino"},"content":{"rendered":"\n<p>Lidar com perros implica interpretar v\u00e1rias formas de comunica\u00e7\u00e3o que eles utilizam. Uma das mais <strong>curiosas<\/strong> \u00e9 quando eles se aproximam e <strong>lambem os p\u00e9s<\/strong>. Este comportamento pode parecer estranho, mas tem motivos espec\u00edficos. Descobrir os motivos pode fortalecer a liga\u00e7\u00e3o com seu <strong>animal de estima\u00e7\u00e3o<\/strong> e monitorar sinais importantes.<\/p>\n\n\n\n<ul class=\"wp-block-list\">\n<li><strong>Demonstrar carinho:<\/strong> Uma maneira simples de mostrar afei\u00e7\u00e3o e proximidade.<\/li>\n\n\n\n<li><strong>Raz\u00f5es Instintivas:<\/strong> Comportamento herdado dos ancestrais selvagens.<\/li>\n\n\n\n<li><strong>Cuidados com a sa\u00fade:<\/strong> Pode indicar a presen\u00e7a de alguma condi\u00e7\u00e3o m\u00e9dica.<\/li>\n<\/ul>\n\n\n\n<h2 class=\"wp-block-heading\">Por que os c\u00e3es lambem os p\u00e9s dos donos?<\/h2>\n\n\n\n<p>Entender a raz\u00e3o pela qual os <strong>c\u00e3es lambem os p\u00e9s<\/strong> envolve v\u00e1rios fatores. Pode ser uma forma de buscar aten\u00e7\u00e3o ou simplesmente porque gostam do sabor que encontram. Al\u00e9m disso, alguns cachorros demonstram submiss\u00e3o, tentando demonstrar respeito ou reconhecer voc\u00ea como refer\u00eancia no grupo.<\/p>\n\n\n\n<h2 class=\"wp-block-heading\">Os p\u00e9ssimos efeitos positivos de lamber<\/h2>\n\n\n\n<p>Embora possa parecer estranho, h\u00e1 benef\u00edcios nessa pr\u00e1tica. Quando seu <strong>c\u00e3o lambe seus p\u00e9s<\/strong>, ele pode estar mostrando afeto profundo ou tentando alegr\u00e1-lo depois de um longo dia. Em alguns casos, essa a\u00e7\u00e3o provoca a libera\u00e7\u00e3o de endorfinas tanto para o c\u00e3o quanto para o tutor, promovendo bem-estar.<\/p>\n\n\n\n<p><em>Dica r\u00e1pida:<\/em> Observando quando isso acontece, voc\u00ea pode descobrir o contexto emocional do seu c\u00e3o.<\/p>\n\n\n\n<figure class=\"wp-block-image size-large\"><img decoding=\"async\" width=\"1024\" height=\"576\" src=\"https:\/\/www.correiobraziliense.com.br\/cbradar\/wp-content\/uploads\/2025\/09\/cachorro-lambendo-dono_1759078855534-1024x576.jpg\" alt=\"O que significa quando seu c\u00e3o lambe seus p\u00e9s, de acordo com especialistas em comportamento canino\" class=\"wp-image-111210\" srcset=\"https:\/\/www.correiobraziliense.com.br\/cbradar\/wp-content\/uploads\/2025\/09\/cachorro-lambendo-dono_1759078855534-1024x576.jpg 1024w, https:\/\/www.correiobraziliense.com.br\/cbradar\/wp-content\/uploads\/2025\/09\/cachorro-lambendo-dono_1759078855534-300x169.jpg 300w, https:\/\/www.correiobraziliense.com.br\/cbradar\/wp-content\/uploads\/2025\/09\/cachorro-lambendo-dono_1759078855534-768x432.jpg 768w, https:\/\/www.correiobraziliense.com.br\/cbradar\/wp-content\/uploads\/2025\/09\/cachorro-lambendo-dono_1759078855534-750x422.jpg 750w, https:\/\/www.correiobraziliense.com.br\/cbradar\/wp-content\/uploads\/2025\/09\/cachorro-lambendo-dono_1759078855534-1140x641.jpg 1140w, https:\/\/www.correiobraziliense.com.br\/cbradar\/wp-content\/uploads\/2025\/09\/cachorro-lambendo-dono_1759078855534.jpg 1280w\" sizes=\"(max-width: 1024px) 100vw, 1024px\" \/><figcaption class=\"wp-element-caption\">cachorro lambendo dono. Cr\u00e9ditos: depositphotos.com \/ serezniy<\/figcaption><\/figure>\n\n\n\n<h2 class=\"wp-block-heading\">Como saber se \u00e9 um sinal de alerta?<\/h2>\n\n\n\n<p>Nem sempre \u00e9 motivo de preocupa\u00e7\u00e3o, mas em situa\u00e7\u00f5es espec\u00edficas, pode indicar problemas de sa\u00fade. Se o h\u00e1bito se tornar excessivo, deve-se procurar um veterin\u00e1rio. Vale tamb\u00e9m observar se o c\u00e3o lambe outras partes do corpo de forma compulsiva, pois isso pode estar relacionado a estresse, ansiedade ou problemas dermatol\u00f3gicos.<\/p>\n\n\n\n<ul class=\"wp-block-list\">\n<li>Consultar um especialista em comportamento animal.<\/li>\n\n\n\n<li>Observar se h\u00e1 mudan\u00e7as no comportamento geral.<\/li>\n<\/ul>\n\n\n\n<h2 class=\"wp-block-heading\">Voc\u00ea j\u00e1 notou esse h\u00e1bito inusitado?<\/h2>\n\n\n\n<p>A intera\u00e7\u00e3o entre voc\u00ea e seu <strong>c\u00e3o<\/strong> pode ser enriquecida ao compreender esses gestos. Respeite o espa\u00e7o do seu companheiro peludo e esteja sempre atento a sinais que podem passar despercebidos.<\/p>\n\n\n\n<h2 class=\"wp-block-heading\">Principais insights sobre lambidas de c\u00e3es<\/h2>\n\n\n\n<ul class=\"wp-block-list\">\n<li>Lamber \u00e9 um sinal de <strong>afei\u00e7\u00e3o<\/strong> e instinto.<\/li>\n\n\n\n<li>Considere o contexto e as frequ\u00eancias.<\/li>\n\n\n\n<li>Monitore e consulte especialistas quando necess\u00e1rio.<\/li>\n<\/ul>\n\n\n\n<p>Sabia que, ao contr\u00e1rio do que muitos pensam, o gesto de um c\u00e3o lamber os seus p\u00e9s n\u00e3o se resume \u00e0 simples \u201cmania\u201d? Especialistas indicam que esse comportamento \u2014 observado em diversas ra\u00e7as \u2014 funciona como express\u00e3o de afeto, reconhecimento ou at\u00e9 instinto de hierarquia. Por exemplo, ra\u00e7as mais carinhosas e voltadas para o conv\u00edvio humano, como o Labrador Retriever ou o Cavalier King Charles Spaniel, podem realizar a lambida como forma de demonstrar v\u00ednculo afetivo ou \u201cpertencer\u201d ao tutor; j\u00e1 c\u00e3es mais independentes ou com menor necessidade de contato constante, como o Basenji ou o Chow Chow, podem faz\u00ea-lo mais por curiosidade do sabor e cheiro dos p\u00e9s (o suor humano sendo um atrativo) ou at\u00e9 como al\u00edvio de estresse discreto. Esse gesto pode ainda esconder sinais de alerta \u2014 se a lambida for muito frequente ou obsessiva \u2014 o que refor\u00e7a a import\u00e2ncia de observar o contexto e estilo individual do c\u00e3o. <\/p>\n","protected":false},"excerpt":{"rendered":"<p>Descubra por que seu c\u00e3o lambe seus p\u00e9s: gesto de afeto ou sinal de sa\u00fade? Entenda esta curiosidade canina e fortale\u00e7a seu v\u00ednculo.<\/p>\n","protected":false},"author":3,"featured_media":111194,"comment_status":"open","ping_status":"open","sticky":false,"template":"","format":"standard","meta":{"_yoast_wpseo_focuskw":"c\u00e3o lambe seus p\u00e9s","_yoast_wpseo_title":"%%title%%","_yoast_wpseo_metadesc":"Descubra por que seu c\u00e3o lambe seus p\u00e9s: gesto de afeto ou sinal de sa\u00fade? Entenda esta curiosidade canina e fortale\u00e7a seu v\u00ednculo.","jnews-multi-image_gallery":[],"jnews_single_post":{"format":"standard"},"jnews_primary_category":[],"jnews_social_meta":[],"jnews_override_counter":[],"footnotes":""},"categories":[112],"tags":[230,1977,144],"class_list":["post-111192","post","type-post","status-publish","format-standard","has-post-thumbnail","hentry","category-curiosidades","tag-animais","tag-animais-de-estimacao","tag-curiosidades"],"yoast_head":"<!-- This site is optimized with the Yoast SEO plugin v24.6 - https:\/\/yoast.com\/wordpress\/plugins\/seo\/ -->\n<title>Por que seu c\u00e3o lambe seus p\u00e9s de acordo com especialistas em comportamento canino<\/title>\n<meta name=\"description\" content=\"Descubra por que seu c\u00e3o lambe seus p\u00e9s: gesto de afeto ou sinal de sa\u00fade? Entenda esta curiosidade canina e fortale\u00e7a seu v\u00ednculo.\" \/>\n<meta name=\"robots\" content=\"index, follow, max-snippet:-1, max-image-preview:large, max-video-preview:-1\" \/>\n<link rel=\"canonical\" href=\"https:\/\/www.correiobraziliense.com.br\/cbradar\/por-que-seu-cao-lambe-seus-pes-de-acordo-com-especialistas-em-comportamento-canino\/\" \/>\n<meta property=\"og:locale\" content=\"pt_BR\" \/>\n<meta property=\"og:type\" content=\"article\" \/>\n<meta property=\"og:title\" content=\"Por que seu c\u00e3o lambe seus p\u00e9s de acordo com especialistas em comportamento canino\" \/>\n<meta property=\"og:description\" content=\"Descubra por que seu c\u00e3o lambe seus p\u00e9s: gesto de afeto ou sinal de sa\u00fade? Entenda esta curiosidade canina e fortale\u00e7a seu v\u00ednculo.\" \/>\n<meta property=\"og:url\" content=\"https:\/\/www.correiobraziliense.com.br\/cbradar\/por-que-seu-cao-lambe-seus-pes-de-acordo-com-especialistas-em-comportamento-canino\/\" \/>\n<meta property=\"og:site_name\" content=\"Correio Braziliense - Radar\" \/>\n<meta property=\"article:published_time\" content=\"2025-10-25T01:56:02+00:00\" \/>\n<meta property=\"article:modified_time\" content=\"2025-10-25T01:56:06+00:00\" \/>\n<meta property=\"og:image\" content=\"https:\/\/www.correiobraziliense.com.br\/cbradar\/wp-content\/uploads\/2025\/09\/cachorro-lambendo-dono_1759078730313.jpg\" \/>\n\t<meta property=\"og:image:width\" content=\"1280\" \/>\n\t<meta property=\"og:image:height\" content=\"720\" \/>\n\t<meta property=\"og:image:type\" content=\"image\/jpeg\" \/>\n<meta name=\"author\" content=\"Larissa Carvalho\" \/>\n<meta name=\"twitter:card\" content=\"summary_large_image\" \/>\n<meta name=\"twitter:label1\" content=\"Escrito por\" \/>\n\t<meta name=\"twitter:data1\" content=\"Larissa Carvalho\" \/>\n\t<meta name=\"twitter:label2\" content=\"Est. tempo de leitura\" \/>\n\t<meta name=\"twitter:data2\" content=\"4 minutos\" \/>\n<!-- \/ Yoast SEO plugin. -->","yoast_head_json":{"title":"Por que seu c\u00e3o lambe seus p\u00e9s de acordo com especialistas em comportamento canino","description":"Descubra por que seu c\u00e3o lambe seus p\u00e9s: gesto de afeto ou sinal de sa\u00fade? Entenda esta curiosidade canina e fortale\u00e7a seu v\u00ednculo.","robots":{"index":"index","follow":"follow","max-snippet":"max-snippet:-1","max-image-preview":"max-image-preview:large","max-video-preview":"max-video-preview:-1"},"canonical":"https:\/\/www.correiobraziliense.com.br\/cbradar\/por-que-seu-cao-lambe-seus-pes-de-acordo-com-especialistas-em-comportamento-canino\/","og_locale":"pt_BR","og_type":"article","og_title":"Por que seu c\u00e3o lambe seus p\u00e9s de acordo com especialistas em comportamento canino","og_description":"Descubra por que seu c\u00e3o lambe seus p\u00e9s: gesto de afeto ou sinal de sa\u00fade? Entenda esta curiosidade canina e fortale\u00e7a seu v\u00ednculo.","og_url":"https:\/\/www.correiobraziliense.com.br\/cbradar\/por-que-seu-cao-lambe-seus-pes-de-acordo-com-especialistas-em-comportamento-canino\/","og_site_name":"Correio Braziliense - Radar","article_published_time":"2025-10-25T01:56:02+00:00","article_modified_time":"2025-10-25T01:56:06+00:00","og_image":[{"width":1280,"height":720,"url":"https:\/\/www.correiobraziliense.com.br\/cbradar\/wp-content\/uploads\/2025\/09\/cachorro-lambendo-dono_1759078730313.jpg","type":"image\/jpeg"}],"author":"Larissa Carvalho","twitter_card":"summary_large_image","twitter_misc":{"Escrito por":"Larissa Carvalho","Est. tempo de leitura":"4 minutos"},"schema":{"@context":"https:\/\/schema.org","@graph":[{"@type":"WebPage","@id":"https:\/\/www.correiobraziliense.com.br\/cbradar\/por-que-seu-cao-lambe-seus-pes-de-acordo-com-especialistas-em-comportamento-canino\/","url":"https:\/\/www.correiobraziliense.com.br\/cbradar\/por-que-seu-cao-lambe-seus-pes-de-acordo-com-especialistas-em-comportamento-canino\/","name":"Por que seu c\u00e3o lambe seus p\u00e9s de acordo com especialistas em comportamento canino","isPartOf":{"@id":"https:\/\/www.correiobraziliense.com.br\/cbradar\/#website"},"primaryImageOfPage":{"@id":"https:\/\/www.correiobraziliense.com.br\/cbradar\/por-que-seu-cao-lambe-seus-pes-de-acordo-com-especialistas-em-comportamento-canino\/#primaryimage"},"image":{"@id":"https:\/\/www.correiobraziliense.com.br\/cbradar\/por-que-seu-cao-lambe-seus-pes-de-acordo-com-especialistas-em-comportamento-canino\/#primaryimage"},"thumbnailUrl":"https:\/\/www.correiobraziliense.com.br\/cbradar\/wp-content\/uploads\/2025\/09\/cachorro-lambendo-dono_1759078730313.jpg","datePublished":"2025-10-25T01:56:02+00:00","dateModified":"2025-10-25T01:56:06+00:00","author":{"@id":"https:\/\/www.correiobraziliense.com.br\/cbradar\/#\/schema\/person\/58422787644df994b53a19d3e56c1513"},"description":"Descubra por que seu c\u00e3o lambe seus p\u00e9s: gesto de afeto ou sinal de sa\u00fade? Entenda esta curiosidade canina e fortale\u00e7a seu v\u00ednculo.","breadcrumb":{"@id":"https:\/\/www.correiobraziliense.com.br\/cbradar\/por-que-seu-cao-lambe-seus-pes-de-acordo-com-especialistas-em-comportamento-canino\/#breadcrumb"},"inLanguage":"pt-BR","potentialAction":[{"@type":"ReadAction","target":["https:\/\/www.correiobraziliense.com.br\/cbradar\/por-que-seu-cao-lambe-seus-pes-de-acordo-com-especialistas-em-comportamento-canino\/"]}]},{"@type":"ImageObject","inLanguage":"pt-BR","@id":"https:\/\/www.correiobraziliense.com.br\/cbradar\/por-que-seu-cao-lambe-seus-pes-de-acordo-com-especialistas-em-comportamento-canino\/#primaryimage","url":"https:\/\/www.correiobraziliense.com.br\/cbradar\/wp-content\/uploads\/2025\/09\/cachorro-lambendo-dono_1759078730313.jpg","contentUrl":"https:\/\/www.correiobraziliense.com.br\/cbradar\/wp-content\/uploads\/2025\/09\/cachorro-lambendo-dono_1759078730313.jpg","width":1280,"height":720,"caption":"cachorro lambendo dono. Cr\u00e9ditos: depositphotos.com \/ avk78"},{"@type":"BreadcrumbList","@id":"https:\/\/www.correiobraziliense.com.br\/cbradar\/por-que-seu-cao-lambe-seus-pes-de-acordo-com-especialistas-em-comportamento-canino\/#breadcrumb","itemListElement":[{"@type":"ListItem","position":1,"name":"In\u00edcio","item":"https:\/\/www.correiobraziliense.com.br\/cbradar\/"},{"@type":"ListItem","position":2,"name":"Por que seu c\u00e3o lambe seus p\u00e9s de acordo com especialistas em comportamento canino"}]},{"@type":"WebSite","@id":"https:\/\/www.correiobraziliense.com.br\/cbradar\/#website","url":"https:\/\/www.correiobraziliense.com.br\/cbradar\/","name":"Correio Braziliense - Radar","description":"Acompanhe as \u00faltimas not\u00edcias e fique bem informado sobre tudo o que acontece no Brasil e no mundo.","potentialAction":[{"@type":"SearchAction","target":{"@type":"EntryPoint","urlTemplate":"https:\/\/www.correiobraziliense.com.br\/cbradar\/?s={search_term_string}"},"query-input":{"@type":"PropertyValueSpecification","valueRequired":true,"valueName":"search_term_string"}}],"inLanguage":"pt-BR"},{"@type":"Person","@id":"https:\/\/www.correiobraziliense.com.br\/cbradar\/#\/schema\/person\/58422787644df994b53a19d3e56c1513","name":"Larissa Carvalho","image":{"@type":"ImageObject","inLanguage":"pt-BR","@id":"https:\/\/www.correiobraziliense.com.br\/cbradar\/#\/schema\/person\/image\/","url":"https:\/\/secure.gravatar.com\/avatar\/fe4f91a0de32b52a838d0d612abdc1aa?s=96&d=mm&r=g","contentUrl":"https:\/\/secure.gravatar.com\/avatar\/fe4f91a0de32b52a838d0d612abdc1aa?s=96&d=mm&r=g","caption":"Larissa Carvalho"},"url":"https:\/\/www.correiobraziliense.com.br\/cbradar\/author\/larissamyth\/"}]}},"_links":{"self":[{"href":"https:\/\/www.correiobraziliense.com.br\/cbradar\/wp-json\/wp\/v2\/posts\/111192","targetHints":{"allow":["GET"]}}],"collection":[{"href":"https:\/\/www.correiobraziliense.com.br\/cbradar\/wp-json\/wp\/v2\/posts"}],"about":[{"href":"https:\/\/www.correiobraziliense.com.br\/cbradar\/wp-json\/wp\/v2\/types\/post"}],"author":[{"embeddable":true,"href":"https:\/\/www.correiobraziliense.com.br\/cbradar\/wp-json\/wp\/v2\/users\/3"}],"replies":[{"embeddable":true,"href":"https:\/\/www.correiobraziliense.com.br\/cbradar\/wp-json\/wp\/v2\/comments?post=111192"}],"version-history":[{"count":3,"href":"https:\/\/www.correiobraziliense.com.br\/cbradar\/wp-json\/wp\/v2\/posts\/111192\/revisions"}],"predecessor-version":[{"id":124987,"href":"https:\/\/www.correiobraziliense.com.br\/cbradar\/wp-json\/wp\/v2\/posts\/111192\/revisions\/124987"}],"wp:featuredmedia":[{"embeddable":true,"href":"https:\/\/www.correiobraziliense.com.br\/cbradar\/wp-json\/wp\/v2\/media\/111194"}],"wp:attachment":[{"href":"https:\/\/www.correiobraziliense.com.br\/cbradar\/wp-json\/wp\/v2\/media?parent=111192"}],"wp:term":[{"taxonomy":"category","embeddable":true,"href":"https:\/\/www.correiobraziliense.com.br\/cbradar\/wp-json\/wp\/v2\/categories?post=111192"},{"taxonomy":"post_tag","embeddable":true,"href":"https:\/\/www.correiobraziliense.com.br\/cbradar\/wp-json\/wp\/v2\/tags?post=111192"}],"curies":[{"name":"wp","href":"https:\/\/api.w.org\/{rel}","templated":true}]}}