{"id":111242,"date":"2025-09-29T09:45:00","date_gmt":"2025-09-29T12:45:00","guid":{"rendered":"https:\/\/www.correiobraziliense.com.br\/cbradar\/?p=111242"},"modified":"2025-09-28T19:31:22","modified_gmt":"2025-09-28T22:31:22","slug":"o-traco-central-de-personalidade-que-esta-ligado-a-um-menor-risco-de-morte","status":"publish","type":"post","link":"https:\/\/www.correiobraziliense.com.br\/cbradar\/o-traco-central-de-personalidade-que-esta-ligado-a-um-menor-risco-de-morte\/","title":{"rendered":"O tra\u00e7o central de personalidade que est\u00e1 ligado a um menor risco de morte"},"content":{"rendered":"\n<p>Um recente estudo revela que <strong>tra\u00e7os de personalidade conscienciosos<\/strong> podem estar associados a um <strong>menor risco de mortalidade<\/strong>. Entender esses tra\u00e7os pode ajudar na melhoria da qualidade de vida.<\/p>\n\n\n\n<ul class=\"wp-block-list\">\n<li>An\u00e1lise de cinco principais tra\u00e7os em 22.000 participantes.<\/li>\n\n\n\n<li>Tra\u00e7os como organiza\u00e7\u00e3o e responsabilidade com riscos reduzidos.<\/li>\n\n\n\n<li>Tra\u00e7os neur\u00f3ticos aumentam certos riscos de sa\u00fade.<\/li>\n<\/ul>\n\n\n\n<h2 class=\"wp-block-heading\">Quais tra\u00e7os de personalidade influenciam a longevidade?<\/h2>\n\n\n\n<p>O estudo identificou que tra\u00e7os de <strong>consci\u00eancia<\/strong>, como ser organizado e respons\u00e1vel, s\u00e3o essenciais. Participantes com esses tra\u00e7os tiveram um risco de morte 12-15% menor.<\/p>\n\n\n\n<h2 class=\"wp-block-heading\">Como a atividade f\u00edsica se relaciona com a personalidade e a sa\u00fade?<\/h2>\n\n\n\n<p>A caracter\u00edstica <strong>ativo<\/strong> foi destacada como o mais forte preditor de longevidade. Pessoas ativas tendem a ser mais saud\u00e1veis devido a escolhas de vida mais equilibradas.<\/p>\n\n\n\n<figure class=\"wp-block-image size-large\"><img decoding=\"async\" width=\"1024\" height=\"576\" src=\"https:\/\/www.correiobraziliense.com.br\/cbradar\/wp-content\/uploads\/2025\/09\/grupo-de-pessoas_1759097935933-1024x576.jpg\" alt=\"O tra\u00e7o central de personalidade que est\u00e1 ligado a um menor risco de morte\" class=\"wp-image-111245\" srcset=\"https:\/\/www.correiobraziliense.com.br\/cbradar\/wp-content\/uploads\/2025\/09\/grupo-de-pessoas_1759097935933-1024x576.jpg 1024w, https:\/\/www.correiobraziliense.com.br\/cbradar\/wp-content\/uploads\/2025\/09\/grupo-de-pessoas_1759097935933-300x169.jpg 300w, https:\/\/www.correiobraziliense.com.br\/cbradar\/wp-content\/uploads\/2025\/09\/grupo-de-pessoas_1759097935933-768x432.jpg 768w, https:\/\/www.correiobraziliense.com.br\/cbradar\/wp-content\/uploads\/2025\/09\/grupo-de-pessoas_1759097935933-750x422.jpg 750w, https:\/\/www.correiobraziliense.com.br\/cbradar\/wp-content\/uploads\/2025\/09\/grupo-de-pessoas_1759097935933-1140x641.jpg 1140w, https:\/\/www.correiobraziliense.com.br\/cbradar\/wp-content\/uploads\/2025\/09\/grupo-de-pessoas_1759097935933.jpg 1280w\" sizes=\"(max-width: 1024px) 100vw, 1024px\" \/><figcaption class=\"wp-element-caption\">grupo de pessoas. Cr\u00e9ditos: depositphotos.com \/ AllaSerebrina<\/figcaption><\/figure>\n\n\n\n<h2 class=\"wp-block-heading\">Existe uma rela\u00e7\u00e3o entre tra\u00e7os neur\u00f3ticos e mortalidade?<\/h2>\n\n\n\n<p>Pessoas com tra\u00e7os <strong>neur\u00f3ticos<\/strong>, propensas a preocupa\u00e7\u00f5es, mostraram-se mais vulner\u00e1veis a problemas de sa\u00fade. Isso est\u00e1 ligado a decis\u00f5es menos saud\u00e1veis e maior incid\u00eancia de doen\u00e7as.<\/p>\n\n\n\n<h2 class=\"wp-block-heading\">Como melhorar sua sa\u00fade mental e f\u00edsica?<\/h2>\n\n\n\n<p>Adotar h\u00e1bitos organizados e respons\u00e1veis pode melhorar n\u00e3o apenas sua sa\u00fade mental, mas tamb\u00e9m aumentar sua qualidade de vida geral. Pequenas mudan\u00e7as no estilo de vida t\u00eam grande impacto.<\/p>\n\n\n\n<p>Aten\u00e7\u00e3o: Sempre procure orienta\u00e7\u00e3o profissional ao implementar mudan\u00e7as significativas na sua rotina.<\/p>\n\n\n\n<h2 class=\"wp-block-heading\">Principais aprendizados sobre tra\u00e7os de personalidade e sa\u00fade<\/h2>\n\n\n\n<ul class=\"wp-block-list\">\n<li>Tra\u00e7os conscienciosos est\u00e3o ligados a menores riscos de mortalidade.<\/li>\n\n\n\n<li>Ser ativo \u00e9 crucial para uma vida longa e saud\u00e1vel.<\/li>\n\n\n\n<li>Evitar tra\u00e7os neur\u00f3ticos pode reduzir riscos de sa\u00fade.<\/li>\n<\/ul>\n\n\n\n<p>Incorpore essas pr\u00e1ticas para uma vida mais saud\u00e1vel e equilibrada. A mudan\u00e7a come\u00e7a com voc\u00ea!<\/p>\n","protected":false},"excerpt":{"rendered":"<p>Descubra como tra\u00e7os &#8220;conscienciosos&#8221; podem reduzir o risco de mortalidade em at\u00e9 15%, aumentando a longevidade e o bem-estar geral.<\/p>\n","protected":false},"author":3,"featured_media":111244,"comment_status":"open","ping_status":"open","sticky":false,"template":"","format":"standard","meta":{"_yoast_wpseo_focuskw":"tra\u00e7o personalidade risco de morte","_yoast_wpseo_title":"%%title%%","_yoast_wpseo_metadesc":"Descubra como tra\u00e7os \"conscienciosos\" podem reduzir o risco de mortalidade em at\u00e9 15%, aumentando a longevidade e o bem-estar geral.","jnews-multi-image_gallery":[],"jnews_single_post":{"format":"standard"},"jnews_primary_category":[],"jnews_social_meta":[],"jnews_override_counter":[],"footnotes":""},"categories":[112],"tags":[144,4400,404],"class_list":["post-111242","post","type-post","status-publish","format-standard","has-post-thumbnail","hentry","category-curiosidades","tag-curiosidades","tag-personalidade","tag-psicologia"],"yoast_head":"<!-- This site is optimized with the Yoast SEO plugin v24.6 - https:\/\/yoast.com\/wordpress\/plugins\/seo\/ -->\n<title>O tra\u00e7o central de personalidade que est\u00e1 ligado a um menor risco de morte<\/title>\n<meta name=\"description\" content=\"Descubra como tra\u00e7os &quot;conscienciosos&quot; podem reduzir o risco de mortalidade em at\u00e9 15%, aumentando a longevidade e o bem-estar geral.\" \/>\n<meta name=\"robots\" content=\"index, follow, max-snippet:-1, max-image-preview:large, max-video-preview:-1\" \/>\n<link rel=\"canonical\" href=\"https:\/\/www.correiobraziliense.com.br\/cbradar\/o-traco-central-de-personalidade-que-esta-ligado-a-um-menor-risco-de-morte\/\" \/>\n<meta property=\"og:locale\" content=\"pt_BR\" \/>\n<meta property=\"og:type\" content=\"article\" \/>\n<meta property=\"og:title\" content=\"O tra\u00e7o central de personalidade que est\u00e1 ligado a um menor risco de morte\" \/>\n<meta property=\"og:description\" content=\"Descubra como tra\u00e7os &quot;conscienciosos&quot; podem reduzir o risco de mortalidade em at\u00e9 15%, aumentando a longevidade e o bem-estar geral.\" \/>\n<meta property=\"og:url\" content=\"https:\/\/www.correiobraziliense.com.br\/cbradar\/o-traco-central-de-personalidade-que-esta-ligado-a-um-menor-risco-de-morte\/\" \/>\n<meta property=\"og:site_name\" content=\"Correio Braziliense - Radar\" \/>\n<meta property=\"article:published_time\" content=\"2025-09-29T12:45:00+00:00\" \/>\n<meta property=\"og:image\" content=\"https:\/\/www.correiobraziliense.com.br\/cbradar\/wp-content\/uploads\/2025\/09\/grupo-de-pessoas_1759097826637.jpg\" \/>\n\t<meta property=\"og:image:width\" content=\"1280\" \/>\n\t<meta property=\"og:image:height\" content=\"720\" \/>\n\t<meta property=\"og:image:type\" content=\"image\/jpeg\" \/>\n<meta name=\"author\" content=\"Larissa Carvalho\" \/>\n<meta name=\"twitter:card\" content=\"summary_large_image\" \/>\n<meta name=\"twitter:label1\" content=\"Escrito por\" \/>\n\t<meta name=\"twitter:data1\" content=\"Larissa Carvalho\" \/>\n\t<meta name=\"twitter:label2\" content=\"Est. tempo de leitura\" \/>\n\t<meta name=\"twitter:data2\" content=\"2 minutos\" \/>\n<!-- \/ Yoast SEO plugin. -->","yoast_head_json":{"title":"O tra\u00e7o central de personalidade que est\u00e1 ligado a um menor risco de morte","description":"Descubra como tra\u00e7os \"conscienciosos\" podem reduzir o risco de mortalidade em at\u00e9 15%, aumentando a longevidade e o bem-estar geral.","robots":{"index":"index","follow":"follow","max-snippet":"max-snippet:-1","max-image-preview":"max-image-preview:large","max-video-preview":"max-video-preview:-1"},"canonical":"https:\/\/www.correiobraziliense.com.br\/cbradar\/o-traco-central-de-personalidade-que-esta-ligado-a-um-menor-risco-de-morte\/","og_locale":"pt_BR","og_type":"article","og_title":"O tra\u00e7o central de personalidade que est\u00e1 ligado a um menor risco de morte","og_description":"Descubra como tra\u00e7os \"conscienciosos\" podem reduzir o risco de mortalidade em at\u00e9 15%, aumentando a longevidade e o bem-estar geral.","og_url":"https:\/\/www.correiobraziliense.com.br\/cbradar\/o-traco-central-de-personalidade-que-esta-ligado-a-um-menor-risco-de-morte\/","og_site_name":"Correio Braziliense - Radar","article_published_time":"2025-09-29T12:45:00+00:00","og_image":[{"width":1280,"height":720,"url":"https:\/\/www.correiobraziliense.com.br\/cbradar\/wp-content\/uploads\/2025\/09\/grupo-de-pessoas_1759097826637.jpg","type":"image\/jpeg"}],"author":"Larissa Carvalho","twitter_card":"summary_large_image","twitter_misc":{"Escrito por":"Larissa Carvalho","Est. tempo de leitura":"2 minutos"},"schema":{"@context":"https:\/\/schema.org","@graph":[{"@type":"WebPage","@id":"https:\/\/www.correiobraziliense.com.br\/cbradar\/o-traco-central-de-personalidade-que-esta-ligado-a-um-menor-risco-de-morte\/","url":"https:\/\/www.correiobraziliense.com.br\/cbradar\/o-traco-central-de-personalidade-que-esta-ligado-a-um-menor-risco-de-morte\/","name":"O tra\u00e7o central de personalidade que est\u00e1 ligado a um menor risco de morte","isPartOf":{"@id":"https:\/\/www.correiobraziliense.com.br\/cbradar\/#website"},"primaryImageOfPage":{"@id":"https:\/\/www.correiobraziliense.com.br\/cbradar\/o-traco-central-de-personalidade-que-esta-ligado-a-um-menor-risco-de-morte\/#primaryimage"},"image":{"@id":"https:\/\/www.correiobraziliense.com.br\/cbradar\/o-traco-central-de-personalidade-que-esta-ligado-a-um-menor-risco-de-morte\/#primaryimage"},"thumbnailUrl":"https:\/\/www.correiobraziliense.com.br\/cbradar\/wp-content\/uploads\/2025\/09\/grupo-de-pessoas_1759097826637.jpg","datePublished":"2025-09-29T12:45:00+00:00","author":{"@id":"https:\/\/www.correiobraziliense.com.br\/cbradar\/#\/schema\/person\/58422787644df994b53a19d3e56c1513"},"description":"Descubra como tra\u00e7os \"conscienciosos\" podem reduzir o risco de mortalidade em at\u00e9 15%, aumentando a longevidade e o bem-estar geral.","breadcrumb":{"@id":"https:\/\/www.correiobraziliense.com.br\/cbradar\/o-traco-central-de-personalidade-que-esta-ligado-a-um-menor-risco-de-morte\/#breadcrumb"},"inLanguage":"pt-BR","potentialAction":[{"@type":"ReadAction","target":["https:\/\/www.correiobraziliense.com.br\/cbradar\/o-traco-central-de-personalidade-que-esta-ligado-a-um-menor-risco-de-morte\/"]}]},{"@type":"ImageObject","inLanguage":"pt-BR","@id":"https:\/\/www.correiobraziliense.com.br\/cbradar\/o-traco-central-de-personalidade-que-esta-ligado-a-um-menor-risco-de-morte\/#primaryimage","url":"https:\/\/www.correiobraziliense.com.br\/cbradar\/wp-content\/uploads\/2025\/09\/grupo-de-pessoas_1759097826637.jpg","contentUrl":"https:\/\/www.correiobraziliense.com.br\/cbradar\/wp-content\/uploads\/2025\/09\/grupo-de-pessoas_1759097826637.jpg","width":1280,"height":720,"caption":"grupo de pessoas. Cr\u00e9ditos: depositphotos.com \/ ArturVerkhovetskiy"},{"@type":"BreadcrumbList","@id":"https:\/\/www.correiobraziliense.com.br\/cbradar\/o-traco-central-de-personalidade-que-esta-ligado-a-um-menor-risco-de-morte\/#breadcrumb","itemListElement":[{"@type":"ListItem","position":1,"name":"In\u00edcio","item":"https:\/\/www.correiobraziliense.com.br\/cbradar\/"},{"@type":"ListItem","position":2,"name":"O tra\u00e7o central de personalidade que est\u00e1 ligado a um menor risco de morte"}]},{"@type":"WebSite","@id":"https:\/\/www.correiobraziliense.com.br\/cbradar\/#website","url":"https:\/\/www.correiobraziliense.com.br\/cbradar\/","name":"Correio Braziliense - Radar","description":"Acompanhe as \u00faltimas not\u00edcias e fique bem informado sobre tudo o que acontece no Brasil e no mundo.","potentialAction":[{"@type":"SearchAction","target":{"@type":"EntryPoint","urlTemplate":"https:\/\/www.correiobraziliense.com.br\/cbradar\/?s={search_term_string}"},"query-input":{"@type":"PropertyValueSpecification","valueRequired":true,"valueName":"search_term_string"}}],"inLanguage":"pt-BR"},{"@type":"Person","@id":"https:\/\/www.correiobraziliense.com.br\/cbradar\/#\/schema\/person\/58422787644df994b53a19d3e56c1513","name":"Larissa Carvalho","image":{"@type":"ImageObject","inLanguage":"pt-BR","@id":"https:\/\/www.correiobraziliense.com.br\/cbradar\/#\/schema\/person\/image\/","url":"https:\/\/secure.gravatar.com\/avatar\/fe4f91a0de32b52a838d0d612abdc1aa?s=96&d=mm&r=g","contentUrl":"https:\/\/secure.gravatar.com\/avatar\/fe4f91a0de32b52a838d0d612abdc1aa?s=96&d=mm&r=g","caption":"Larissa Carvalho"},"url":"https:\/\/www.correiobraziliense.com.br\/cbradar\/author\/larissamyth\/"}]}},"_links":{"self":[{"href":"https:\/\/www.correiobraziliense.com.br\/cbradar\/wp-json\/wp\/v2\/posts\/111242","targetHints":{"allow":["GET"]}}],"collection":[{"href":"https:\/\/www.correiobraziliense.com.br\/cbradar\/wp-json\/wp\/v2\/posts"}],"about":[{"href":"https:\/\/www.correiobraziliense.com.br\/cbradar\/wp-json\/wp\/v2\/types\/post"}],"author":[{"embeddable":true,"href":"https:\/\/www.correiobraziliense.com.br\/cbradar\/wp-json\/wp\/v2\/users\/3"}],"replies":[{"embeddable":true,"href":"https:\/\/www.correiobraziliense.com.br\/cbradar\/wp-json\/wp\/v2\/comments?post=111242"}],"version-history":[{"count":2,"href":"https:\/\/www.correiobraziliense.com.br\/cbradar\/wp-json\/wp\/v2\/posts\/111242\/revisions"}],"predecessor-version":[{"id":111246,"href":"https:\/\/www.correiobraziliense.com.br\/cbradar\/wp-json\/wp\/v2\/posts\/111242\/revisions\/111246"}],"wp:featuredmedia":[{"embeddable":true,"href":"https:\/\/www.correiobraziliense.com.br\/cbradar\/wp-json\/wp\/v2\/media\/111244"}],"wp:attachment":[{"href":"https:\/\/www.correiobraziliense.com.br\/cbradar\/wp-json\/wp\/v2\/media?parent=111242"}],"wp:term":[{"taxonomy":"category","embeddable":true,"href":"https:\/\/www.correiobraziliense.com.br\/cbradar\/wp-json\/wp\/v2\/categories?post=111242"},{"taxonomy":"post_tag","embeddable":true,"href":"https:\/\/www.correiobraziliense.com.br\/cbradar\/wp-json\/wp\/v2\/tags?post=111242"}],"curies":[{"name":"wp","href":"https:\/\/api.w.org\/{rel}","templated":true}]}}