{"id":111272,"date":"2025-10-01T17:43:00","date_gmt":"2025-10-01T20:43:00","guid":{"rendered":"https:\/\/www.correiobraziliense.com.br\/cbradar\/?p=111272"},"modified":"2025-09-29T18:38:57","modified_gmt":"2025-09-29T21:38:57","slug":"por-que-voce-deve-ferver-alecrim-em-casa-e-quais-sao-seus-beneficios","status":"publish","type":"post","link":"https:\/\/www.correiobraziliense.com.br\/cbradar\/por-que-voce-deve-ferver-alecrim-em-casa-e-quais-sao-seus-beneficios\/","title":{"rendered":"Por que voc\u00ea deve ferver alecrim em casa e quais s\u00e3o seus benef\u00edcios?"},"content":{"rendered":"\n<p>O <strong>alecrim<\/strong> n\u00e3o \u00e9 apenas uma erva arom\u00e1tica utilizada para temperar alimentos, mas tamb\u00e9m possui m\u00faltiplos usos e benef\u00edcios no lar. Ferver um raminho de <strong>alecrim<\/strong> \u00e9 um costume tradicional transmitido por gera\u00e7\u00f5es e que vem ganhando destaque atualmente. Ao ser mergulhado em \u00e1gua quente, o alecrim libera seus \u00f3leos essenciais e compostos ativos, que podem ser aproveitados de diversas maneiras.<\/p>\n\n\n\n<ul class=\"wp-block-list\">\n<li><strong>Melhora<\/strong> a concentra\u00e7\u00e3o e a mem\u00f3ria<\/li>\n\n\n\n<li>Alivia o estresse e a ansiedade<\/li>\n\n\n\n<li>Cuida da sa\u00fade respirat\u00f3ria<\/li>\n<\/ul>\n\n\n\n<h2 class=\"wp-block-heading\">Como o aroma do alecrim melhora a concentra\u00e7\u00e3o?<\/h2>\n\n\n\n<p>O aroma do <strong>alecrim<\/strong> tem a capacidade de <strong>estimular<\/strong> o sistema nervoso, ajudando a clarear a mente. Essa caracter\u00edstica \u00e9 ideal para momentos em que voc\u00ea precisa focar em tarefas importantes ou nos estudos.<\/p>\n\n\n\n<h2 class=\"wp-block-heading\">Al\u00edvio natural do estresse e da ansiedade<\/h2>\n\n\n\n<p>A fragr\u00e2ncia relaxante do <strong>alecrim<\/strong> oferece um efeito calmante, perfeito para diminuir o estresse e a <strong>ansiedade<\/strong> do dia a dia. \u00c9 ideal para situa\u00e7\u00f5es de muita press\u00e3o ou simplesmente para criar um ambiente mais tranquilo em casa.<\/p>\n\n\n\n<h2 class=\"wp-block-heading\">Cuide da sua sa\u00fade respirat\u00f3ria com o vapor de alecrim<\/h2>\n\n\n\n<p>O vapor do <strong>alecrim<\/strong> \u00e9 excelente para <strong>desobstruir<\/strong> as vias respirat\u00f3rias e aliviar pequenos desconfortos, gra\u00e7as \u00e0s suas propriedades anti-inflamat\u00f3rias e antiss\u00e9pticas. Trata-se de um rem\u00e9dio caseiro muito valorizado para quem busca melhorar a sa\u00fade respirat\u00f3ria de forma natural. Al\u00e9m disso, algumas pessoas relatam que o uso do vapor do alecrim pode auxiliar em sintomas de gripes leves e resfriados.<\/p>\n\n\n\n<figure class=\"wp-block-image size-large\"><img decoding=\"async\" width=\"1024\" height=\"576\" src=\"https:\/\/www.correiobraziliense.com.br\/cbradar\/wp-content\/uploads\/2025\/09\/alecrim_1759107221584-1024x576.jpg\" alt=\"Por que voc\u00ea deve ferver alecrim em casa e quais s\u00e3o seus benef\u00edcios?\" class=\"wp-image-111275\" srcset=\"https:\/\/www.correiobraziliense.com.br\/cbradar\/wp-content\/uploads\/2025\/09\/alecrim_1759107221584-1024x576.jpg 1024w, https:\/\/www.correiobraziliense.com.br\/cbradar\/wp-content\/uploads\/2025\/09\/alecrim_1759107221584-300x169.jpg 300w, https:\/\/www.correiobraziliense.com.br\/cbradar\/wp-content\/uploads\/2025\/09\/alecrim_1759107221584-768x432.jpg 768w, https:\/\/www.correiobraziliense.com.br\/cbradar\/wp-content\/uploads\/2025\/09\/alecrim_1759107221584-750x422.jpg 750w, https:\/\/www.correiobraziliense.com.br\/cbradar\/wp-content\/uploads\/2025\/09\/alecrim_1759107221584-1140x641.jpg 1140w, https:\/\/www.correiobraziliense.com.br\/cbradar\/wp-content\/uploads\/2025\/09\/alecrim_1759107221584.jpg 1280w\" sizes=\"(max-width: 1024px) 100vw, 1024px\" \/><figcaption class=\"wp-element-caption\">Alecrim\nCr\u00e9ditos: depositphotos.com \/ Bedolaga<\/figcaption><\/figure>\n\n\n\n<h2 class=\"wp-block-heading\">Instru\u00e7\u00f5es para ferver alecrim em casa<\/h2>\n\n\n\n<p>Coloque \u00e1gua em uma panela, adicione o <strong>alecrim<\/strong> e deixe ferver durante <strong>10 minutos<\/strong>. Depois de pronto, voc\u00ea pode usar o l\u00edquido para aromatizar ambientes, preparar <strong>infus\u00f5es<\/strong> ou como enx\u00e1gue capilar. Se desejar potencializar os efeitos, acrescente algumas gotas de lim\u00e3o ou outros ingredientes naturais \u00e0 fervura.<\/p>\n\n\n\n<h2 class=\"wp-block-heading\">Aproveite o poder desinfetante do alecrim<\/h2>\n\n\n\n<p>Gra\u00e7as \u00e0s suas potentes propriedades antimicrobianas, o <strong>alecrim<\/strong> ajuda a manter a casa limpa de forma natural. \u00c9 um excelente aliado na higieniza\u00e7\u00e3o de <strong>superf\u00edcies<\/strong>, garantindo ambientes mais saud\u00e1veis. Al\u00e9m disso, pesquisas apontam que o alecrim possui compostos que ajudam a combater bact\u00e9rias e fungos, tornando-o \u00fatil at\u00e9 mesmo em solu\u00e7\u00f5es de limpeza caseiras.<\/p>\n\n\n\n<h2 class=\"wp-block-heading\">Benef\u00edcios chave de incluir alecrim no seu lar<\/h2>\n\n\n\n<ul class=\"wp-block-list\">\n<li>O <strong>alecrim<\/strong> potencializa a concentra\u00e7\u00e3o e a mem\u00f3ria, sendo ideal para estudantes e profissionais.<\/li>\n\n\n\n<li>Contribui para criar um ambiente relaxante, reduzindo o estresse e a ansiedade.<\/li>\n\n\n\n<li><strong>Eficaz<\/strong> na promo\u00e7\u00e3o da sa\u00fade respirat\u00f3ria de forma natural.<\/li>\n<\/ul>\n","protected":false},"excerpt":{"rendered":"<p>Descubra os m\u00faltiplos benef\u00edcios do vapor de alecrim: aroma relaxante que purifica o ar e melhora a concentra\u00e7\u00e3o em casa. Experimente j\u00e1!<\/p>\n","protected":false},"author":3,"featured_media":111274,"comment_status":"open","ping_status":"open","sticky":false,"template":"","format":"standard","meta":{"_yoast_wpseo_focuskw":"Quais os benef\u00edcios do alecrim","_yoast_wpseo_title":"%%title%%","_yoast_wpseo_metadesc":"Descubra os m\u00faltiplos benef\u00edcios do vapor de alecrim: aroma relaxante que purifica o ar e melhora a concentra\u00e7\u00e3o em casa. Experimente j\u00e1!","jnews-multi-image_gallery":[],"jnews_single_post":{"format":"standard"},"jnews_primary_category":[],"jnews_social_meta":[],"jnews_override_counter":[],"footnotes":""},"categories":[112],"post_tag":[281,10302],"class_list":["post-111272","post","type-post","status-publish","format-standard","has-post-thumbnail","hentry","category-curiosidades","tag-alimentacao","tag-dieta-2"],"yoast_head":"<!-- This site is optimized with the Yoast SEO plugin v24.6 - https:\/\/yoast.com\/wordpress\/plugins\/seo\/ -->\n<title>Por que voc\u00ea deve ferver alecrim em casa e quais s\u00e3o seus benef\u00edcios?<\/title>\n<meta name=\"description\" content=\"Descubra os m\u00faltiplos benef\u00edcios do vapor de alecrim: aroma relaxante que purifica o ar e melhora a concentra\u00e7\u00e3o em casa. Experimente j\u00e1!\" \/>\n<meta name=\"robots\" content=\"index, follow, max-snippet:-1, max-image-preview:large, max-video-preview:-1\" \/>\n<link rel=\"canonical\" href=\"https:\/\/www.correiobraziliense.com.br\/cbradar\/por-que-voce-deve-ferver-alecrim-em-casa-e-quais-sao-seus-beneficios\/\" \/>\n<meta property=\"og:locale\" content=\"pt_BR\" \/>\n<meta property=\"og:type\" content=\"article\" \/>\n<meta property=\"og:title\" content=\"Por que voc\u00ea deve ferver alecrim em casa e quais s\u00e3o seus benef\u00edcios?\" \/>\n<meta property=\"og:description\" content=\"Descubra os m\u00faltiplos benef\u00edcios do vapor de alecrim: aroma relaxante que purifica o ar e melhora a concentra\u00e7\u00e3o em casa. Experimente j\u00e1!\" \/>\n<meta property=\"og:url\" content=\"https:\/\/www.correiobraziliense.com.br\/cbradar\/por-que-voce-deve-ferver-alecrim-em-casa-e-quais-sao-seus-beneficios\/\" \/>\n<meta property=\"og:site_name\" content=\"Correio Braziliense - Radar\" \/>\n<meta property=\"article:published_time\" content=\"2025-10-01T20:43:00+00:00\" \/>\n<meta property=\"og:image\" content=\"https:\/\/www.correiobraziliense.com.br\/cbradar\/wp-content\/uploads\/2025\/09\/alecrim_1759107199415.jpg\" \/>\n\t<meta property=\"og:image:width\" content=\"1280\" \/>\n\t<meta property=\"og:image:height\" content=\"720\" \/>\n\t<meta property=\"og:image:type\" content=\"image\/jpeg\" \/>\n<meta name=\"author\" content=\"Larissa Carvalho\" \/>\n<meta name=\"twitter:card\" content=\"summary_large_image\" \/>\n<meta name=\"twitter:label1\" content=\"Escrito por\" \/>\n\t<meta name=\"twitter:data1\" content=\"Larissa Carvalho\" \/>\n\t<meta name=\"twitter:label2\" content=\"Est. tempo de leitura\" \/>\n\t<meta name=\"twitter:data2\" content=\"3 minutos\" \/>\n<!-- \/ Yoast SEO plugin. -->","yoast_head_json":{"title":"Por que voc\u00ea deve ferver alecrim em casa e quais s\u00e3o seus benef\u00edcios?","description":"Descubra os m\u00faltiplos benef\u00edcios do vapor de alecrim: aroma relaxante que purifica o ar e melhora a concentra\u00e7\u00e3o em casa. Experimente j\u00e1!","robots":{"index":"index","follow":"follow","max-snippet":"max-snippet:-1","max-image-preview":"max-image-preview:large","max-video-preview":"max-video-preview:-1"},"canonical":"https:\/\/www.correiobraziliense.com.br\/cbradar\/por-que-voce-deve-ferver-alecrim-em-casa-e-quais-sao-seus-beneficios\/","og_locale":"pt_BR","og_type":"article","og_title":"Por que voc\u00ea deve ferver alecrim em casa e quais s\u00e3o seus benef\u00edcios?","og_description":"Descubra os m\u00faltiplos benef\u00edcios do vapor de alecrim: aroma relaxante que purifica o ar e melhora a concentra\u00e7\u00e3o em casa. Experimente j\u00e1!","og_url":"https:\/\/www.correiobraziliense.com.br\/cbradar\/por-que-voce-deve-ferver-alecrim-em-casa-e-quais-sao-seus-beneficios\/","og_site_name":"Correio Braziliense - Radar","article_published_time":"2025-10-01T20:43:00+00:00","og_image":[{"width":1280,"height":720,"url":"https:\/\/www.correiobraziliense.com.br\/cbradar\/wp-content\/uploads\/2025\/09\/alecrim_1759107199415.jpg","type":"image\/jpeg"}],"author":"Larissa Carvalho","twitter_card":"summary_large_image","twitter_misc":{"Escrito por":"Larissa Carvalho","Est. tempo de leitura":"3 minutos"},"schema":{"@context":"https:\/\/schema.org","@graph":[{"@type":"WebPage","@id":"https:\/\/www.correiobraziliense.com.br\/cbradar\/por-que-voce-deve-ferver-alecrim-em-casa-e-quais-sao-seus-beneficios\/","url":"https:\/\/www.correiobraziliense.com.br\/cbradar\/por-que-voce-deve-ferver-alecrim-em-casa-e-quais-sao-seus-beneficios\/","name":"Por que voc\u00ea deve ferver alecrim em casa e quais s\u00e3o seus benef\u00edcios?","isPartOf":{"@id":"https:\/\/www.correiobraziliense.com.br\/cbradar\/#website"},"primaryImageOfPage":{"@id":"https:\/\/www.correiobraziliense.com.br\/cbradar\/por-que-voce-deve-ferver-alecrim-em-casa-e-quais-sao-seus-beneficios\/#primaryimage"},"image":{"@id":"https:\/\/www.correiobraziliense.com.br\/cbradar\/por-que-voce-deve-ferver-alecrim-em-casa-e-quais-sao-seus-beneficios\/#primaryimage"},"thumbnailUrl":"https:\/\/www.correiobraziliense.com.br\/cbradar\/wp-content\/uploads\/2025\/09\/alecrim_1759107199415.jpg","datePublished":"2025-10-01T20:43:00+00:00","author":{"@id":"https:\/\/www.correiobraziliense.com.br\/cbradar\/#\/schema\/person\/58422787644df994b53a19d3e56c1513"},"description":"Descubra os m\u00faltiplos benef\u00edcios do vapor de alecrim: aroma relaxante que purifica o ar e melhora a concentra\u00e7\u00e3o em casa. Experimente j\u00e1!","breadcrumb":{"@id":"https:\/\/www.correiobraziliense.com.br\/cbradar\/por-que-voce-deve-ferver-alecrim-em-casa-e-quais-sao-seus-beneficios\/#breadcrumb"},"inLanguage":"pt-BR","potentialAction":[{"@type":"ReadAction","target":["https:\/\/www.correiobraziliense.com.br\/cbradar\/por-que-voce-deve-ferver-alecrim-em-casa-e-quais-sao-seus-beneficios\/"]}]},{"@type":"ImageObject","inLanguage":"pt-BR","@id":"https:\/\/www.correiobraziliense.com.br\/cbradar\/por-que-voce-deve-ferver-alecrim-em-casa-e-quais-sao-seus-beneficios\/#primaryimage","url":"https:\/\/www.correiobraziliense.com.br\/cbradar\/wp-content\/uploads\/2025\/09\/alecrim_1759107199415.jpg","contentUrl":"https:\/\/www.correiobraziliense.com.br\/cbradar\/wp-content\/uploads\/2025\/09\/alecrim_1759107199415.jpg","width":1280,"height":720,"caption":"Alecrim Cr\u00e9ditos: depositphotos.com \/ MarusiaBO"},{"@type":"BreadcrumbList","@id":"https:\/\/www.correiobraziliense.com.br\/cbradar\/por-que-voce-deve-ferver-alecrim-em-casa-e-quais-sao-seus-beneficios\/#breadcrumb","itemListElement":[{"@type":"ListItem","position":1,"name":"In\u00edcio","item":"https:\/\/www.correiobraziliense.com.br\/cbradar\/"},{"@type":"ListItem","position":2,"name":"Por que voc\u00ea deve ferver alecrim em casa e quais s\u00e3o seus benef\u00edcios?"}]},{"@type":"WebSite","@id":"https:\/\/www.correiobraziliense.com.br\/cbradar\/#website","url":"https:\/\/www.correiobraziliense.com.br\/cbradar\/","name":"Correio Braziliense - Radar","description":"Acompanhe as \u00faltimas not\u00edcias e fique bem informado sobre tudo o que acontece no Brasil e no mundo.","potentialAction":[{"@type":"SearchAction","target":{"@type":"EntryPoint","urlTemplate":"https:\/\/www.correiobraziliense.com.br\/cbradar\/?s={search_term_string}"},"query-input":{"@type":"PropertyValueSpecification","valueRequired":true,"valueName":"search_term_string"}}],"inLanguage":"pt-BR"},{"@type":"Person","@id":"https:\/\/www.correiobraziliense.com.br\/cbradar\/#\/schema\/person\/58422787644df994b53a19d3e56c1513","name":"Larissa Carvalho","image":{"@type":"ImageObject","inLanguage":"pt-BR","@id":"https:\/\/www.correiobraziliense.com.br\/cbradar\/#\/schema\/person\/image\/","url":"https:\/\/secure.gravatar.com\/avatar\/fe4f91a0de32b52a838d0d612abdc1aa?s=96&d=mm&r=g","contentUrl":"https:\/\/secure.gravatar.com\/avatar\/fe4f91a0de32b52a838d0d612abdc1aa?s=96&d=mm&r=g","caption":"Larissa Carvalho"},"url":"https:\/\/www.correiobraziliense.com.br\/cbradar\/author\/larissamyth\/"}]}},"_links":{"self":[{"href":"https:\/\/www.correiobraziliense.com.br\/cbradar\/wp-json\/wp\/v2\/posts\/111272","targetHints":{"allow":["GET"]}}],"collection":[{"href":"https:\/\/www.correiobraziliense.com.br\/cbradar\/wp-json\/wp\/v2\/posts"}],"about":[{"href":"https:\/\/www.correiobraziliense.com.br\/cbradar\/wp-json\/wp\/v2\/types\/post"}],"author":[{"embeddable":true,"href":"https:\/\/www.correiobraziliense.com.br\/cbradar\/wp-json\/wp\/v2\/users\/3"}],"replies":[{"embeddable":true,"href":"https:\/\/www.correiobraziliense.com.br\/cbradar\/wp-json\/wp\/v2\/comments?post=111272"}],"version-history":[{"count":2,"href":"https:\/\/www.correiobraziliense.com.br\/cbradar\/wp-json\/wp\/v2\/posts\/111272\/revisions"}],"predecessor-version":[{"id":111671,"href":"https:\/\/www.correiobraziliense.com.br\/cbradar\/wp-json\/wp\/v2\/posts\/111272\/revisions\/111671"}],"wp:featuredmedia":[{"embeddable":true,"href":"https:\/\/www.correiobraziliense.com.br\/cbradar\/wp-json\/wp\/v2\/media\/111274"}],"wp:attachment":[{"href":"https:\/\/www.correiobraziliense.com.br\/cbradar\/wp-json\/wp\/v2\/media?parent=111272"}],"wp:term":[{"taxonomy":"category","embeddable":true,"href":"https:\/\/www.correiobraziliense.com.br\/cbradar\/wp-json\/wp\/v2\/categories?post=111272"},{"taxonomy":"post_tag","embeddable":true,"href":"https:\/\/www.correiobraziliense.com.br\/cbradar\/wp-json\/wp\/v2\/post_tag?post=111272"}],"curies":[{"name":"wp","href":"https:\/\/api.w.org\/{rel}","templated":true}]}}