{"id":111335,"date":"2025-09-30T16:33:00","date_gmt":"2025-09-30T19:33:00","guid":{"rendered":"https:\/\/www.correiobraziliense.com.br\/cbradar\/?p=111335"},"modified":"2025-09-29T13:40:26","modified_gmt":"2025-09-29T16:40:26","slug":"a-cidade-mais-tranquila-do-rio-para-quem-busca-vida-nas-montanhas","status":"publish","type":"post","link":"https:\/\/www.correiobraziliense.com.br\/cbradar\/a-cidade-mais-tranquila-do-rio-para-quem-busca-vida-nas-montanhas\/","title":{"rendered":"A cidade mais tranquila do Rio para quem busca vida nas montanhas"},"content":{"rendered":"\n<p><strong>Teres\u00f3polis<\/strong>, na <strong>Regi\u00e3o Serrana<\/strong> do <strong>Rio de Janeiro<\/strong>, <strong>Brasil<\/strong>, a 90 km da capital <strong>Rio de Janeiro<\/strong> e pr\u00f3xima a <strong>Petr\u00f3polis<\/strong> e <strong>Nova Friburgo<\/strong>, \u00e9 conhecida como \u201cCidade de Teresa\u201d. Com clima de montanha e natureza exuberante no entorno do <strong>Parque Nacional da Serra dos \u00d3rg\u00e3os<\/strong>, <strong>Teres\u00f3polis<\/strong> \u00e9 ideal para quem busca qualidade de vida longe da agita\u00e7\u00e3o metropolitana. Conhe\u00e7a o que torna esta cidade serrana um destino vibrante.<\/p>\n\n\n\n<ul class=\"wp-block-list\">\n<li>Economia diversificada com turismo, com\u00e9rcio e ind\u00fastria t\u00eaxtil.<\/li>\n\n\n\n<li>Natureza privilegiada com trilhas, montanhas e clima ameno.<\/li>\n\n\n\n<li>Qualidade de vida elevada com infraestrutura completa e seguran\u00e7a.<\/li>\n<\/ul>\n\n\n\n<h2 class=\"wp-block-heading\">Por que morar em Teres\u00f3polis?<\/h2>\n\n\n\n<p><strong>Teres\u00f3polis<\/strong> possui um IDH de 0,730, segundo o <strong><strong>Programa\u00a0das\u00a0Na\u00e7\u00f5es\u00a0Unidas\u00a0para\u00a0o\u00a0Desenvolvimento<\/strong><\/strong>. A economia \u00e9 movida pelo turismo de montanha, com\u00e9rcio local e ind\u00fastria t\u00eaxtil, conforme a <strong><a href=\"https:\/\/www.teresopolis.rj.gov.br\/\" target=\"_blank\" rel=\"noreferrer noopener\">Prefeitura de Teres\u00f3polis<\/a><\/strong>.<\/p>\n\n\n\n<p>Com cerca de 176 mil habitantes, segundo o <strong>IBGE<\/strong>, a cidade oferece servi\u00e7os de sa\u00fade, educa\u00e7\u00e3o e infraestrutura adequados. O clima ameno, com temperaturas entre 15\u202f\u00b0C e 25\u202f\u00b0C durante o ano, atrai quem busca fugir do calor litor\u00e2neo.<\/p>\n\n\n\n<p>O custo de vida \u00e9 moderado, com valores de aluguel e alimenta\u00e7\u00e3o mais acess\u00edveis que na capital. A proximidade com a natureza proporciona qualidade de vida elevada para fam\u00edlias e aposentados.<\/p>\n\n\n\n<p>A seguran\u00e7a \u00e9 refor\u00e7ada em bairros residenciais, com comunidades estabelecidas. A <strong>Secretaria de Seguran\u00e7a P\u00fablica do Rio de Janeiro<\/strong> destaca investimentos em policiamento comunit\u00e1rio na regi\u00e3o serrana.<\/p>\n\n\n<div class=\"wp-block-image\">\n<figure class=\"aligncenter size-large\"><img decoding=\"async\" width=\"1024\" height=\"576\" src=\"https:\/\/www.correiobraziliense.com.br\/cbradar\/wp-content\/uploads\/2025\/08\/Edicoes-2025-08-08T184338.745-1024x576.png\" alt=\"A cidade do Dedo de Deus encanta brasileiros com sua beleza divina\" class=\"wp-image-83272\" srcset=\"https:\/\/www.correiobraziliense.com.br\/cbradar\/wp-content\/uploads\/2025\/08\/Edicoes-2025-08-08T184338.745-1024x576.png 1024w, https:\/\/www.correiobraziliense.com.br\/cbradar\/wp-content\/uploads\/2025\/08\/Edicoes-2025-08-08T184338.745-300x169.png 300w, https:\/\/www.correiobraziliense.com.br\/cbradar\/wp-content\/uploads\/2025\/08\/Edicoes-2025-08-08T184338.745-768x432.png 768w, https:\/\/www.correiobraziliense.com.br\/cbradar\/wp-content\/uploads\/2025\/08\/Edicoes-2025-08-08T184338.745-750x422.png 750w, https:\/\/www.correiobraziliense.com.br\/cbradar\/wp-content\/uploads\/2025\/08\/Edicoes-2025-08-08T184338.745-1140x641.png 1140w, https:\/\/www.correiobraziliense.com.br\/cbradar\/wp-content\/uploads\/2025\/08\/Edicoes-2025-08-08T184338.745.png 1280w\" sizes=\"(max-width: 1024px) 100vw, 1024px\" \/><figcaption class=\"wp-element-caption\">Teres\u00f3polis \/\/ Cr\u00e9ditos: YouTube @NanauSolMaior<\/figcaption><\/figure><\/div>\n\n\n<h2 class=\"wp-block-heading\">Quais s\u00e3o os melhores bairros para morar em Teres\u00f3polis?<\/h2>\n\n\n\n<ul class=\"wp-block-list\">\n<li>O <strong>Alto<\/strong> \u00e9 nobre e residencial, com casas amplas e vista para as montanhas. Ideal para quem busca tranquilidade e proximidade com a natureza.<\/li>\n\n\n\n<li>O <strong>V\u00e1rzea<\/strong> \u00e9 central e movimentado, com acesso a com\u00e9rcio, bancos e servi\u00e7os. Perfeito para quem valoriza praticidade no dia a dia.<\/li>\n\n\n\n<li>O <strong>Granja Guarani<\/strong> \u00e9 familiar, com ruas arborizadas e proximidade a escolas. Uma op\u00e7\u00e3o acess\u00edvel para fam\u00edlias jovens.<\/li>\n\n\n\n<li>O <strong>Agri\u00f5es<\/strong> \u00e9 tradicional, conhecido por suas propriedades rurais e s\u00edtios. Atrai quem deseja viver no campo mantendo acesso \u00e0 cidade.<\/li>\n\n\n\n<li>O <strong>Fisher<\/strong> \u00e9 residencial e bem localizado, com op\u00e7\u00f5es de moradia variadas. Combina tranquilidade com infraestrutura urbana completa.<\/li>\n<\/ul>\n\n\n\n<figure class=\"wp-block-embed aligncenter is-type-video is-provider-youtube wp-block-embed-youtube wp-embed-aspect-16-9 wp-has-aspect-ratio\"><div class=\"wp-block-embed__wrapper\">\n<div class=\"jeg_video_container jeg_video_content\"><iframe loading=\"lazy\" title=\"\u30104K\u3011\ud83c\udde7\ud83c\uddf7 Teresopolis from Above \ud83d\udd25 RJ, BRAZIL 2022 \ud83d\udd25 Cinematic Wolf Aerial\u2122 Drone Film\" width=\"500\" height=\"281\" src=\"https:\/\/www.youtube.com\/embed\/KT71U9RPNCI?feature=oembed\" frameborder=\"0\" allow=\"accelerometer; autoplay; clipboard-write; encrypted-media; gyroscope; picture-in-picture; web-share\" referrerpolicy=\"strict-origin-when-cross-origin\" allowfullscreen><\/iframe><\/div>\n<\/div><figcaption class=\"wp-element-caption\">Teres\u00f3polis \/\/ Cr\u00e9ditos: YouTube @OneManWolfPack<\/figcaption><\/figure>\n\n\n\n<h2 class=\"wp-block-heading\">Quais s\u00e3o as principais atra\u00e7\u00f5es tur\u00edsticas de Teres\u00f3polis?<\/h2>\n\n\n\n<p>O <strong>Parque Nacional da Serra dos \u00d3rg\u00e3os<\/strong> encanta com trilhas hist\u00f3ricas como a <strong>Travessia Petr\u00f3polis-Teres\u00f3polis<\/strong>, considerada uma das mais belas do <strong>Brasil<\/strong>. O parque abriga o <strong>Dedo de Deus<\/strong>, forma\u00e7\u00e3o rochosa ic\u00f4nica vis\u00edvel de diversos pontos da cidade, segundo o <strong>Melhores Destinos<\/strong>.<\/p>\n\n\n\n<p>A <strong>Pedra do Sino<\/strong>, ponto culminante do parque com 2.263 metros de altitude, oferece vistas panor\u00e2micas espetaculares. A trilha desafiadora atrai montanhistas experientes e amantes de trekking.<\/p>\n\n\n\n<p>O <strong>Mirante do Soberbo<\/strong> proporciona uma das vistas mais impressionantes da <strong>Regi\u00e3o Serrana<\/strong>, com vista para o <strong>Vale do Paquequer<\/strong> e as montanhas circundantes. \u00c9 acess\u00edvel por carro e ideal para contempla\u00e7\u00e3o ao p\u00f4r do sol.<\/p>\n\n\n\n<p>A <strong>Colina dos Mirantes<\/strong> re\u00fane diversos pontos de observa\u00e7\u00e3o em uma \u00e1rea \u00fanica, perfeita para fotografias. Trilhas leves conectam os mirantes, oferecendo diferentes perspectivas da paisagem.<\/p>\n\n\n\n<p>A <strong>Granja Comary<\/strong>, centro de treinamento da <strong>Sele\u00e7\u00e3o Brasileira de Futebol<\/strong>, abre suas portas para visita\u00e7\u00e3o em per\u00edodos sem treinos oficiais. O complexo esportivo moderno \u00e9 refer\u00eancia nacional, conforme o <strong>TripAdvisor<\/strong>.<\/p>\n\n\n\n<ul class=\"wp-block-list\">\n<li><strong>Parque Nacional da Serra dos \u00d3rg\u00e3os<\/strong>: Trilhas hist\u00f3ricas e forma\u00e7\u00f5es rochosas ic\u00f4nicas.<\/li>\n\n\n\n<li><strong>Pedra do Sino<\/strong>: Ponto culminante com 2.263 metros de altitude.<\/li>\n\n\n\n<li><strong>Mirante do Soberbo<\/strong>: Vista panor\u00e2mica do Vale do Paquequer.<\/li>\n\n\n\n<li><strong>Colina dos Mirantes<\/strong>: Diversos pontos de observa\u00e7\u00e3o conectados.<\/li>\n\n\n\n<li><strong>Granja Comary<\/strong>: Centro de treinamento da Sele\u00e7\u00e3o Brasileira.<\/li>\n<\/ul>\n\n\n\n<h2 class=\"wp-block-heading\">Como \u00e9 a vida cultural em Teres\u00f3polis?<\/h2>\n\n\n\n<p><strong>Teres\u00f3polis<\/strong> vibra com a <strong>Festa da Col\u00f4nia Alem\u00e3<\/strong>, evento anual que celebra a heran\u00e7a germ\u00e2nica com gastronomia, m\u00fasica e dan\u00e7as t\u00edpicas. Realizada em julho, atrai milhares de visitantes para o <strong>Parque Municipal Montanhal<\/strong>.<\/p>\n\n\n\n<p>O <strong>Festival de Inverno<\/strong> re\u00fane shows musicais, feiras de artesanato e gastronomia regional durante os meses mais frios. Pra\u00e7as e espa\u00e7os p\u00fablicos ganham programa\u00e7\u00e3o especial para toda a fam\u00edlia.<\/p>\n\n\n\n<p>A culin\u00e1ria serrana destaca fondues, pratos com truta e produtos coloniais. Restaurantes no <strong>Alto<\/strong> e <strong>V\u00e1rzea<\/strong> oferecem experi\u00eancias gastron\u00f4micas variadas, segundo a <strong>Secretaria de Turismo de Teres\u00f3polis<\/strong>.<\/p>\n\n\n\n<p>Ateli\u00eas de artistas locais e lojas de malhas artesanais preservam tradi\u00e7\u00f5es da regi\u00e3o. O com\u00e9rcio t\u00eaxtil \u00e9 forte, com produtos de qualidade vendidos em feiras permanentes.<\/p>\n\n\n<div class=\"wp-block-image\">\n<figure class=\"aligncenter size-large\"><img decoding=\"async\" width=\"1024\" height=\"576\" src=\"https:\/\/www.correiobraziliense.com.br\/cbradar\/wp-content\/uploads\/2025\/06\/Teresopolis_1748893354542-1024x576.jpg\" alt=\"\" class=\"wp-image-47124\" srcset=\"https:\/\/www.correiobraziliense.com.br\/cbradar\/wp-content\/uploads\/2025\/06\/Teresopolis_1748893354542-1024x576.jpg 1024w, https:\/\/www.correiobraziliense.com.br\/cbradar\/wp-content\/uploads\/2025\/06\/Teresopolis_1748893354542-300x169.jpg 300w, https:\/\/www.correiobraziliense.com.br\/cbradar\/wp-content\/uploads\/2025\/06\/Teresopolis_1748893354542-768x432.jpg 768w, https:\/\/www.correiobraziliense.com.br\/cbradar\/wp-content\/uploads\/2025\/06\/Teresopolis_1748893354542-750x422.jpg 750w, https:\/\/www.correiobraziliense.com.br\/cbradar\/wp-content\/uploads\/2025\/06\/Teresopolis_1748893354542-1140x641.jpg 1140w, https:\/\/www.correiobraziliense.com.br\/cbradar\/wp-content\/uploads\/2025\/06\/Teresopolis_1748893354542.jpg 1280w\" sizes=\"(max-width: 1024px) 100vw, 1024px\" \/><figcaption class=\"wp-element-caption\">Teres\u00f3polis \/\/ Cr\u00e9ditos: depositphotos.com \/ Ranimiro<\/figcaption><\/figure><\/div>\n\n\n<h2 class=\"wp-block-heading\">Por que Teres\u00f3polis \u00e9 refer\u00eancia em turismo de montanha?<\/h2>\n\n\n\n<p><strong>Teres\u00f3polis<\/strong> \u00e9 porta de entrada para o <strong>Parque Nacional da Serra dos \u00d3rg\u00e3os<\/strong>, um dos principais destinos de ecoturismo do <strong>Brasil<\/strong>, segundo o <strong>ICMBio<\/strong>. A cidade desenvolveu infraestrutura completa para atender montanhistas, com guias especializados e lojas de equipamentos.<\/p>\n\n\n\n<p>O turismo movimenta significativamente a economia local, gerando empregos em hotelaria, gastronomia e servi\u00e7os de aventura. A <strong>Prefeitura de Teres\u00f3polis<\/strong> investe em sinaliza\u00e7\u00e3o de trilhas e capacita\u00e7\u00e3o de profissionais.<\/p>\n\n\n\n<p>Eventos esportivos como corridas de montanha e competi\u00e7\u00f5es de escalada colocam a cidade no calend\u00e1rio nacional. A combina\u00e7\u00e3o de beleza natural e estrutura atrai visitantes o ano todo.<\/p>\n\n\n\n<p><strong><strong>Leia tamb\u00e9m: <a href=\"https:\/\/www.correiobraziliense.com.br\/cbradar\/a-londres-brasileira-oferece-qualidade-de-vida-comparavel-a-europa-2\/\" target=\"_blank\" rel=\"noreferrer noopener\">A Londres brasileira oferece qualidade de vida compar\u00e1vel a Europa.<\/a><\/strong><\/strong><\/p>\n\n\n\n<h2 class=\"wp-block-heading\">A origem do nome Cidade de Teresa<\/h2>\n\n\n\n<p><strong>Teres\u00f3polis<\/strong> recebeu seu nome em homenagem \u00e0 <strong>Imperatriz Teresa Cristina<\/strong>, esposa de <strong>Dom Pedro II<\/strong>. O casal imperial frequentava a regi\u00e3o serrana em busca de clima ameno durante o ver\u00e3o carioca.<\/p>\n\n\n\n<p>A funda\u00e7\u00e3o oficial em 1891 consolidou o nome que j\u00e1 era usado pela popula\u00e7\u00e3o local. A hist\u00f3ria imperial permanece viva em constru\u00e7\u00f5es hist\u00f3ricas e no orgulho dos moradores.<\/p>\n\n\n\n<p>O apelido &#8220;Cidade de Teresa&#8221; refor\u00e7a a conex\u00e3o com a imperatriz, celebrada em datas c\u00edvicas. Monumentos e ruas preservam a mem\u00f3ria do per\u00edodo mon\u00e1rquico brasileiro.<\/p>\n\n\n<div class=\"wp-block-image\">\n<figure class=\"aligncenter size-large\"><img decoding=\"async\" width=\"1024\" height=\"576\" src=\"https:\/\/www.correiobraziliense.com.br\/cbradar\/wp-content\/uploads\/2025\/06\/Teresopolis_1748893258114-1024x576.jpg\" alt=\"A joia escondida com qualidade de vida nas montanhas do Rio de Janeiro\" class=\"wp-image-47122\" srcset=\"https:\/\/www.correiobraziliense.com.br\/cbradar\/wp-content\/uploads\/2025\/06\/Teresopolis_1748893258114-1024x576.jpg 1024w, https:\/\/www.correiobraziliense.com.br\/cbradar\/wp-content\/uploads\/2025\/06\/Teresopolis_1748893258114-300x169.jpg 300w, https:\/\/www.correiobraziliense.com.br\/cbradar\/wp-content\/uploads\/2025\/06\/Teresopolis_1748893258114-768x432.jpg 768w, https:\/\/www.correiobraziliense.com.br\/cbradar\/wp-content\/uploads\/2025\/06\/Teresopolis_1748893258114-750x422.jpg 750w, https:\/\/www.correiobraziliense.com.br\/cbradar\/wp-content\/uploads\/2025\/06\/Teresopolis_1748893258114-1140x641.jpg 1140w, https:\/\/www.correiobraziliense.com.br\/cbradar\/wp-content\/uploads\/2025\/06\/Teresopolis_1748893258114.jpg 1280w\" sizes=\"(max-width: 1024px) 100vw, 1024px\" \/><figcaption class=\"wp-element-caption\">Teres\u00f3polis \/\/ Cr\u00e9ditos: depositphotos.com \/ Ranimiro<\/figcaption><\/figure><\/div>\n\n\n<h2 class=\"wp-block-heading\">Melhor \u00e9poca para visitar Teres\u00f3polis?<\/h2>\n\n\n\n<p>Entre <strong>maio<\/strong> e <strong>setembro<\/strong>, <strong>Teres\u00f3polis<\/strong> tem temperaturas entre 10\u202f\u00b0C e 20\u202f\u00b0C, segundo o <strong>Climatempo<\/strong>. O inverno \u00e9 ideal para trilhas, com c\u00e9u limpo e menor chance de chuvas fortes.<\/p>\n\n\n\n<p>A <strong>Festa da Col\u00f4nia Alem\u00e3<\/strong> em julho coincide com o per\u00edodo mais frio, oferecendo gastronomia t\u00edpica de inverno. Hot\u00e9is e pousadas com lareiras garantem aconchego nas noites geladas.<\/p>\n\n\n\n<p>Entre <strong>dezembro<\/strong> e <strong>mar\u00e7o<\/strong>, o ver\u00e3o traz chuvas intensas que podem afetar trilhas. Apesar disso, a vegeta\u00e7\u00e3o exuberante e cachoeiras em volume m\u00e1ximo atraem amantes da natureza.<\/p>\n\n\n\n<p>A primavera, em <strong>setembro<\/strong> e <strong>outubro<\/strong>, apresenta clima equilibrado e flora\u00e7\u00e3o abundante. \u00c9 per\u00edodo intermedi\u00e1rio com pre\u00e7os mais acess\u00edveis e menor movimento tur\u00edstico.<\/p>\n\n\n\n<p><strong><strong>Leia tamb\u00e9m: <a href=\"https:\/\/www.correiobraziliense.com.br\/cbradar\/a-londres-brasileira-oferece-qualidade-de-vida-comparavel-a-europa-2\/\" target=\"_blank\" rel=\"noreferrer noopener\">A Londres brasileira oferece qualidade de vida compar\u00e1vel a Europa.<\/a><\/strong><\/strong><\/p>\n\n\n\n<h2 class=\"wp-block-heading\">Vivencie Teres\u00f3polis<\/h2>\n\n\n\n<p><strong>Teres\u00f3polis<\/strong> une natureza, hist\u00f3ria e qualidade de vida na <strong>Regi\u00e3o Serrana do Rio de Janeiro<\/strong>. Do <strong>Parque Nacional da Serra dos \u00d3rg\u00e3os<\/strong> \u00e0 <strong>Festa da Col\u00f4nia Alem\u00e3<\/strong>, \u00e9 um destino que encanta moradores e visitantes. Planeje sua visita ou mudan\u00e7a para viver o charme serrano de <strong>Teres\u00f3polis<\/strong>.<\/p>\n\n\n\n<ul class=\"wp-block-list\">\n<li>Natureza privilegiada com montanhas e trilhas hist\u00f3ricas.<\/li>\n\n\n\n<li>Clima ameno e qualidade de vida elevada.<\/li>\n\n\n\n<li>Cultura rica com eventos tradicionais e gastronomia regional.<\/li>\n<\/ul>\n","protected":false},"excerpt":{"rendered":"<p>Teres\u00f3polis, na Regi\u00e3o Serrana do Rio de Janeiro, Brasil, a 90 km da capital Rio de Janeiro e pr\u00f3xima a Petr\u00f3polis e Nova Friburgo, \u00e9 conhecida como \u201cCidade de Teresa\u201d. Com clima de montanha e natureza exuberante no entorno do Parque Nacional da Serra dos \u00d3rg\u00e3os, Teres\u00f3polis \u00e9 ideal para quem busca qualidade de vida [&hellip;]<\/p>\n","protected":false},"author":8,"featured_media":56741,"comment_status":"open","ping_status":"open","sticky":false,"template":"","format":"standard","meta":{"_yoast_wpseo_focuskw":"cidade","_yoast_wpseo_title":"","_yoast_wpseo_metadesc":"Uma cidade carioca nas montanhas se destaca pela seguran\u00e7a refor\u00e7ada e qualidade de vida. Descubra por que ela atrai cada vez mais moradores.","jnews-multi-image_gallery":[],"jnews_single_post":{"format":"standard"},"jnews_primary_category":[],"jnews_social_meta":[],"jnews_override_counter":[],"footnotes":""},"categories":[108,111],"post_tag":[4288,247,304,5565],"class_list":["post-111335","post","type-post","status-publish","format-standard","has-post-thumbnail","hentry","category-cidades","category-turismo","tag-montanhas","tag-qualidade-de-vida","tag-rio-de-janeiro","tag-teresopolis"],"yoast_head":"<!-- This site is optimized with the Yoast SEO plugin v24.6 - https:\/\/yoast.com\/wordpress\/plugins\/seo\/ -->\n<title>A cidade mais tranquila do Rio para quem busca vida nas montanhas - Correio Braziliense - Radar<\/title>\n<meta name=\"description\" content=\"Uma cidade carioca nas montanhas se destaca pela seguran\u00e7a refor\u00e7ada e qualidade de vida. Descubra por que ela atrai cada vez mais moradores.\" \/>\n<meta name=\"robots\" content=\"index, follow, max-snippet:-1, max-image-preview:large, max-video-preview:-1\" \/>\n<link rel=\"canonical\" href=\"https:\/\/www.correiobraziliense.com.br\/cbradar\/a-cidade-mais-tranquila-do-rio-para-quem-busca-vida-nas-montanhas\/\" \/>\n<meta property=\"og:locale\" content=\"pt_BR\" \/>\n<meta property=\"og:type\" content=\"article\" \/>\n<meta property=\"og:title\" content=\"A cidade mais tranquila do Rio para quem busca vida nas montanhas - Correio Braziliense - Radar\" \/>\n<meta property=\"og:description\" content=\"Uma cidade carioca nas montanhas se destaca pela seguran\u00e7a refor\u00e7ada e qualidade de vida. Descubra por que ela atrai cada vez mais moradores.\" \/>\n<meta property=\"og:url\" content=\"https:\/\/www.correiobraziliense.com.br\/cbradar\/a-cidade-mais-tranquila-do-rio-para-quem-busca-vida-nas-montanhas\/\" \/>\n<meta property=\"og:site_name\" content=\"Correio Braziliense - Radar\" \/>\n<meta property=\"article:published_time\" content=\"2025-09-30T19:33:00+00:00\" \/>\n<meta property=\"og:image\" content=\"https:\/\/www.correiobraziliense.com.br\/cbradar\/wp-content\/uploads\/2025\/06\/Edicoes-16-1.png\" \/>\n\t<meta property=\"og:image:width\" content=\"1280\" \/>\n\t<meta property=\"og:image:height\" content=\"720\" \/>\n\t<meta property=\"og:image:type\" content=\"image\/png\" \/>\n<meta name=\"author\" content=\"Maura Pereira\" \/>\n<meta name=\"twitter:card\" content=\"summary_large_image\" \/>\n<meta name=\"twitter:label1\" content=\"Escrito por\" \/>\n\t<meta name=\"twitter:data1\" content=\"Maura Pereira\" \/>\n\t<meta name=\"twitter:label2\" content=\"Est. tempo de leitura\" \/>\n\t<meta name=\"twitter:data2\" content=\"7 minutos\" \/>\n<!-- \/ Yoast SEO plugin. -->","yoast_head_json":{"title":"A cidade mais tranquila do Rio para quem busca vida nas montanhas - Correio Braziliense - Radar","description":"Uma cidade carioca nas montanhas se destaca pela seguran\u00e7a refor\u00e7ada e qualidade de vida. Descubra por que ela atrai cada vez mais moradores.","robots":{"index":"index","follow":"follow","max-snippet":"max-snippet:-1","max-image-preview":"max-image-preview:large","max-video-preview":"max-video-preview:-1"},"canonical":"https:\/\/www.correiobraziliense.com.br\/cbradar\/a-cidade-mais-tranquila-do-rio-para-quem-busca-vida-nas-montanhas\/","og_locale":"pt_BR","og_type":"article","og_title":"A cidade mais tranquila do Rio para quem busca vida nas montanhas - Correio Braziliense - Radar","og_description":"Uma cidade carioca nas montanhas se destaca pela seguran\u00e7a refor\u00e7ada e qualidade de vida. Descubra por que ela atrai cada vez mais moradores.","og_url":"https:\/\/www.correiobraziliense.com.br\/cbradar\/a-cidade-mais-tranquila-do-rio-para-quem-busca-vida-nas-montanhas\/","og_site_name":"Correio Braziliense - Radar","article_published_time":"2025-09-30T19:33:00+00:00","og_image":[{"width":1280,"height":720,"url":"https:\/\/www.correiobraziliense.com.br\/cbradar\/wp-content\/uploads\/2025\/06\/Edicoes-16-1.png","type":"image\/png"}],"author":"Maura Pereira","twitter_card":"summary_large_image","twitter_misc":{"Escrito por":"Maura Pereira","Est. tempo de leitura":"7 minutos"},"schema":{"@context":"https:\/\/schema.org","@graph":[{"@type":"WebPage","@id":"https:\/\/www.correiobraziliense.com.br\/cbradar\/a-cidade-mais-tranquila-do-rio-para-quem-busca-vida-nas-montanhas\/","url":"https:\/\/www.correiobraziliense.com.br\/cbradar\/a-cidade-mais-tranquila-do-rio-para-quem-busca-vida-nas-montanhas\/","name":"A cidade mais tranquila do Rio para quem busca vida nas montanhas - Correio Braziliense - Radar","isPartOf":{"@id":"https:\/\/www.correiobraziliense.com.br\/cbradar\/#website"},"primaryImageOfPage":{"@id":"https:\/\/www.correiobraziliense.com.br\/cbradar\/a-cidade-mais-tranquila-do-rio-para-quem-busca-vida-nas-montanhas\/#primaryimage"},"image":{"@id":"https:\/\/www.correiobraziliense.com.br\/cbradar\/a-cidade-mais-tranquila-do-rio-para-quem-busca-vida-nas-montanhas\/#primaryimage"},"thumbnailUrl":"https:\/\/www.correiobraziliense.com.br\/cbradar\/wp-content\/uploads\/2025\/06\/Edicoes-16-1.png","datePublished":"2025-09-30T19:33:00+00:00","author":{"@id":"https:\/\/www.correiobraziliense.com.br\/cbradar\/#\/schema\/person\/4053c651a9bfc785afc6f4cbc9032fd3"},"description":"Uma cidade carioca nas montanhas se destaca pela seguran\u00e7a refor\u00e7ada e qualidade de vida. Descubra por que ela atrai cada vez mais moradores.","breadcrumb":{"@id":"https:\/\/www.correiobraziliense.com.br\/cbradar\/a-cidade-mais-tranquila-do-rio-para-quem-busca-vida-nas-montanhas\/#breadcrumb"},"inLanguage":"pt-BR","potentialAction":[{"@type":"ReadAction","target":["https:\/\/www.correiobraziliense.com.br\/cbradar\/a-cidade-mais-tranquila-do-rio-para-quem-busca-vida-nas-montanhas\/"]}]},{"@type":"ImageObject","inLanguage":"pt-BR","@id":"https:\/\/www.correiobraziliense.com.br\/cbradar\/a-cidade-mais-tranquila-do-rio-para-quem-busca-vida-nas-montanhas\/#primaryimage","url":"https:\/\/www.correiobraziliense.com.br\/cbradar\/wp-content\/uploads\/2025\/06\/Edicoes-16-1.png","contentUrl":"https:\/\/www.correiobraziliense.com.br\/cbradar\/wp-content\/uploads\/2025\/06\/Edicoes-16-1.png","width":1280,"height":720,"caption":"Teres\u00f3polis foi a primeira cidade do Brasil a ter \u00e1rea de prote\u00e7\u00e3o ambiental municipal, criada em 1991. \/\/ Reprodu\u00e7\u00e3o: Wikimedia Commons"},{"@type":"BreadcrumbList","@id":"https:\/\/www.correiobraziliense.com.br\/cbradar\/a-cidade-mais-tranquila-do-rio-para-quem-busca-vida-nas-montanhas\/#breadcrumb","itemListElement":[{"@type":"ListItem","position":1,"name":"In\u00edcio","item":"https:\/\/www.correiobraziliense.com.br\/cbradar\/"},{"@type":"ListItem","position":2,"name":"A cidade mais tranquila do Rio para quem busca vida nas montanhas"}]},{"@type":"WebSite","@id":"https:\/\/www.correiobraziliense.com.br\/cbradar\/#website","url":"https:\/\/www.correiobraziliense.com.br\/cbradar\/","name":"Correio Braziliense - Radar","description":"Acompanhe as \u00faltimas not\u00edcias e fique bem informado sobre tudo o que acontece no Brasil e no mundo.","potentialAction":[{"@type":"SearchAction","target":{"@type":"EntryPoint","urlTemplate":"https:\/\/www.correiobraziliense.com.br\/cbradar\/?s={search_term_string}"},"query-input":{"@type":"PropertyValueSpecification","valueRequired":true,"valueName":"search_term_string"}}],"inLanguage":"pt-BR"},{"@type":"Person","@id":"https:\/\/www.correiobraziliense.com.br\/cbradar\/#\/schema\/person\/4053c651a9bfc785afc6f4cbc9032fd3","name":"Maura Pereira","image":{"@type":"ImageObject","inLanguage":"pt-BR","@id":"https:\/\/www.correiobraziliense.com.br\/cbradar\/#\/schema\/person\/image\/","url":"https:\/\/secure.gravatar.com\/avatar\/3effd6bdadfa447f15089c7f7144eaa6?s=96&d=mm&r=g","contentUrl":"https:\/\/secure.gravatar.com\/avatar\/3effd6bdadfa447f15089c7f7144eaa6?s=96&d=mm&r=g","caption":"Maura Pereira"},"sameAs":["https:\/\/www.correiobraziliense.com.br\/"],"url":"https:\/\/www.correiobraziliense.com.br\/cbradar\/author\/mauramyth\/"}]}},"_links":{"self":[{"href":"https:\/\/www.correiobraziliense.com.br\/cbradar\/wp-json\/wp\/v2\/posts\/111335","targetHints":{"allow":["GET"]}}],"collection":[{"href":"https:\/\/www.correiobraziliense.com.br\/cbradar\/wp-json\/wp\/v2\/posts"}],"about":[{"href":"https:\/\/www.correiobraziliense.com.br\/cbradar\/wp-json\/wp\/v2\/types\/post"}],"author":[{"embeddable":true,"href":"https:\/\/www.correiobraziliense.com.br\/cbradar\/wp-json\/wp\/v2\/users\/8"}],"replies":[{"embeddable":true,"href":"https:\/\/www.correiobraziliense.com.br\/cbradar\/wp-json\/wp\/v2\/comments?post=111335"}],"version-history":[{"count":11,"href":"https:\/\/www.correiobraziliense.com.br\/cbradar\/wp-json\/wp\/v2\/posts\/111335\/revisions"}],"predecessor-version":[{"id":111475,"href":"https:\/\/www.correiobraziliense.com.br\/cbradar\/wp-json\/wp\/v2\/posts\/111335\/revisions\/111475"}],"wp:featuredmedia":[{"embeddable":true,"href":"https:\/\/www.correiobraziliense.com.br\/cbradar\/wp-json\/wp\/v2\/media\/56741"}],"wp:attachment":[{"href":"https:\/\/www.correiobraziliense.com.br\/cbradar\/wp-json\/wp\/v2\/media?parent=111335"}],"wp:term":[{"taxonomy":"category","embeddable":true,"href":"https:\/\/www.correiobraziliense.com.br\/cbradar\/wp-json\/wp\/v2\/categories?post=111335"},{"taxonomy":"post_tag","embeddable":true,"href":"https:\/\/www.correiobraziliense.com.br\/cbradar\/wp-json\/wp\/v2\/post_tag?post=111335"}],"curies":[{"name":"wp","href":"https:\/\/api.w.org\/{rel}","templated":true}]}}