{"id":11134,"date":"2025-03-11T07:30:00","date_gmt":"2025-03-11T10:30:00","guid":{"rendered":"https:\/\/www.correiobraziliense.com.br\/cbradar\/?p=11134"},"modified":"2025-03-10T16:59:28","modified_gmt":"2025-03-10T19:59:28","slug":"conheca-a-cidade-que-fica-entre-dois-oceanos","status":"publish","type":"post","link":"https:\/\/www.correiobraziliense.com.br\/cbradar\/conheca-a-cidade-que-fica-entre-dois-oceanos\/","title":{"rendered":"Conhe\u00e7a a cidade que fica entre dois oceanos"},"content":{"rendered":"\n<p>Na maioria dos lugares do mundo, para ver dois oceanos diferentes, voc\u00ea precisaria viajar milhares de quil\u00f4metros. Mas existe um lugar onde <strong>\u00e9 poss\u00edvel enxergar o Oceano Atl\u00e2ntico de um lado e o Oceano Pac\u00edfico do outro sem precisar percorrer grandes dist\u00e2ncias<\/strong>. Esse lugar \u00e9 o <strong>Istmo do Panam\u00e1<\/strong>, uma das regi\u00f5es mais estreitas do continente americano, onde a cidade de <strong>Panam\u00e1<\/strong> se tornou um dos pontos estrat\u00e9gicos mais importantes do mundo.<\/p>\n\n\n\n<p>Mas como essa cidade se formou? E como \u00e9 a experi\u00eancia de estar entre dois oceanos ao mesmo tempo?<\/p>\n\n\n\n<h2 class=\"wp-block-heading\"><strong>Por que o Panam\u00e1 tem essa posi\u00e7\u00e3o geogr\u00e1fica \u00fanica?<\/strong><\/h2>\n\n\n\n<p>O Panam\u00e1 \u00e9 um pa\u00eds localizado na Am\u00e9rica Central, conectando a Am\u00e9rica do Norte \u00e0 Am\u00e9rica do Sul. Sua geografia \u00e9 dominada pelo <strong>Istmo do Panam\u00e1<\/strong>, uma faixa estreita de terra que separa o <strong>Oceano Atl\u00e2ntico (Mar do Caribe) do Oceano Pac\u00edfico<\/strong>.<\/p>\n\n\n\n<p>Em seu ponto mais estreito, no <strong>centro do pa\u00eds<\/strong>, a dist\u00e2ncia entre os dois oceanos \u00e9 de apenas <strong>50 km<\/strong>. Isso significa que, em alguns locais elevados, como na <strong>Cordilheira do Istmo<\/strong>, \u00e9 poss\u00edvel ver as \u00e1guas do Atl\u00e2ntico e do Pac\u00edfico ao mesmo tempo, algo extremamente raro no mundo.<\/p>\n\n\n\n<p>Essa posi\u00e7\u00e3o estrat\u00e9gica foi um dos motivos pelos quais o <strong>Canal do Panam\u00e1<\/strong> foi constru\u00eddo, tornando a cidade do Panam\u00e1 um dos pontos comerciais mais importantes do planeta.<\/p>\n\n\n\n<figure class=\"wp-block-image size-large\"><img decoding=\"async\" width=\"1024\" height=\"576\" src=\"https:\/\/www.correiobraziliense.com.br\/cbradar\/wp-content\/uploads\/2025\/03\/Istmo-do-Panama_1741616366479-1024x576.jpg\" alt=\"Conhe\u00e7a a cidade que fica entre dois oceanos\" class=\"wp-image-11145\" srcset=\"https:\/\/www.correiobraziliense.com.br\/cbradar\/wp-content\/uploads\/2025\/03\/Istmo-do-Panama_1741616366479-1024x576.jpg 1024w, https:\/\/www.correiobraziliense.com.br\/cbradar\/wp-content\/uploads\/2025\/03\/Istmo-do-Panama_1741616366479-300x169.jpg 300w, https:\/\/www.correiobraziliense.com.br\/cbradar\/wp-content\/uploads\/2025\/03\/Istmo-do-Panama_1741616366479-768x432.jpg 768w, https:\/\/www.correiobraziliense.com.br\/cbradar\/wp-content\/uploads\/2025\/03\/Istmo-do-Panama_1741616366479-750x422.jpg 750w, https:\/\/www.correiobraziliense.com.br\/cbradar\/wp-content\/uploads\/2025\/03\/Istmo-do-Panama_1741616366479-1140x641.jpg 1140w, https:\/\/www.correiobraziliense.com.br\/cbradar\/wp-content\/uploads\/2025\/03\/Istmo-do-Panama_1741616366479.jpg 1280w\" sizes=\"(max-width: 1024px) 100vw, 1024px\" \/><figcaption class=\"wp-element-caption\">Panama. Cr\u00e9ditos: depositphotos.com \/ Furian<\/figcaption><\/figure>\n\n\n\n<h2 class=\"wp-block-heading\"><strong>Como \u00e9 a vida em uma cidade entre dois oceanos?<\/strong><\/h2>\n\n\n\n<p>Viver no Panam\u00e1 significa estar cercado por um cen\u00e1rio geogr\u00e1fico impressionante e por uma cultura moldada pela presen\u00e7a de dois oceanos. Algumas curiosidades sobre a cidade incluem:<\/p>\n\n\n\n<ul class=\"wp-block-list\">\n<li><strong>Clima tropical influenciado pelos dois oceanos<\/strong> \u2013 A proximidade com o Atl\u00e2ntico e o Pac\u00edfico faz com que o clima da regi\u00e3o seja \u00famido e com chuvas intensas durante boa parte do ano.<\/li>\n\n\n\n<li><strong>Pescado sempre fresco<\/strong> \u2013 Restaurantes locais servem peixes e frutos do mar capturados tanto no Oceano Atl\u00e2ntico quanto no Pac\u00edfico no mesmo dia.<\/li>\n\n\n\n<li><strong>O Canal do Panam\u00e1 atravessa a cidade<\/strong> \u2013 Uma das obras de engenharia mais impressionantes do mundo, o canal permite que navios cruzem de um oceano para o outro em poucas horas.<\/li>\n\n\n\n<li><strong>Surf em dois oceanos no mesmo dia<\/strong> \u2013 Em poucas horas de viagem, surfistas podem pegar ondas tanto no Atl\u00e2ntico quanto no Pac\u00edfico.<\/li>\n\n\n\n<li><strong>Uma mistura cultural \u00fanica<\/strong> \u2013 A cidade do Panam\u00e1 atrai pessoas de diversas partes do mundo por sua import\u00e2ncia econ\u00f4mica e comercial.<\/li>\n<\/ul>\n\n\n\n<h3 class=\"wp-block-heading\"><strong>Curiosidades sobre o Panam\u00e1 e sua localiza\u00e7\u00e3o \u00fanica<\/strong><\/h3>\n\n\n\n<ul class=\"wp-block-list\">\n<li><strong>O \u00fanico lugar do mundo onde \u00e9 poss\u00edvel ver o sol nascer no Pac\u00edfico e se p\u00f4r no Atl\u00e2ntico<\/strong> \u2013 De certos pontos elevados, como a Cordilheira do Istmo, \u00e9 poss\u00edvel testemunhar esse fen\u00f4meno incr\u00edvel.<\/li>\n\n\n\n<li><strong>O Canal do Panam\u00e1 j\u00e1 foi controlado pelos EUA<\/strong> \u2013 At\u00e9 1999, os Estados Unidos administravam o canal, antes de devolv\u00ea-lo ao governo panamenho.<\/li>\n\n\n\n<li><strong>A cidade do Panam\u00e1 \u00e9 um dos maiores centros financeiros da Am\u00e9rica Latina<\/strong> \u2013 Sua posi\u00e7\u00e3o estrat\u00e9gica atrai bancos e empresas globais.<\/li>\n\n\n\n<li><strong>Pontos tur\u00edsticos permitem ver os dois oceanos<\/strong> \u2013 Em dias claros, montanhas como o <strong>Cerro Anc\u00f3n<\/strong> oferecem vistas impressionantes dos dois lados do istmo.<\/li>\n\n\n\n<li><strong>A \u00fanica capital do mundo com floresta tropical dentro do territ\u00f3rio urbano<\/strong> \u2013 O Parque Nacional Metropolitano fica dentro da cidade e abriga uma diversidade incr\u00edvel de animais e plantas.<\/li>\n<\/ul>\n\n\n\n<h2 class=\"wp-block-heading\">O Panam\u00e1 \u00e9 um exemplo de como a geografia pode moldar a hist\u00f3ria?<\/h2>\n\n\n\n<p>A posi\u00e7\u00e3o \u00fanica do Panam\u00e1 fez com que o pa\u00eds se tornasse um ponto essencial para o com\u00e9rcio global, conectando n\u00e3o apenas dois oceanos, mas tamb\u00e9m diferentes culturas e economias.<\/p>\n\n\n\n<p>A cidade do Panam\u00e1 \u00e9 um s\u00edmbolo de como a geografia pode transformar um lugar em um centro estrat\u00e9gico para o mundo, tornando-a um destino fascinante tanto para moradores quanto para visitantes.<\/p>\n","protected":false},"excerpt":{"rendered":"<p>Existe um lugar onde \u00e9 poss\u00edvel ver o Oceano Atl\u00e2ntico de um lado e o Pac\u00edfico do outro. Descubra os mist\u00e9rios da cidade.<\/p>\n","protected":false},"author":3,"featured_media":11144,"comment_status":"open","ping_status":"open","sticky":false,"template":"","format":"standard","meta":{"_yoast_wpseo_focuskw":"cidade dois oceanos","_yoast_wpseo_title":"%%title%%","_yoast_wpseo_metadesc":"Existe um lugar onde \u00e9 poss\u00edvel ver o Oceano Atl\u00e2ntico de um lado e o Pac\u00edfico do outro. Descubra os mist\u00e9rios da cidade.","jnews-multi-image_gallery":[],"jnews_single_post":{"format":"standard"},"jnews_primary_category":[],"jnews_social_meta":[],"jnews_override_counter":[],"footnotes":""},"categories":[108],"post_tag":[109],"class_list":["post-11134","post","type-post","status-publish","format-standard","has-post-thumbnail","hentry","category-cidades","tag-cidades"],"yoast_head":"<!-- This site is optimized with the Yoast SEO plugin v24.6 - https:\/\/yoast.com\/wordpress\/plugins\/seo\/ -->\n<title>Conhe\u00e7a a cidade que fica entre dois oceanos<\/title>\n<meta name=\"description\" content=\"Existe um lugar onde \u00e9 poss\u00edvel ver o Oceano Atl\u00e2ntico de um lado e o Pac\u00edfico do outro. Descubra os mist\u00e9rios da cidade.\" \/>\n<meta name=\"robots\" content=\"index, follow, max-snippet:-1, max-image-preview:large, max-video-preview:-1\" \/>\n<link rel=\"canonical\" href=\"https:\/\/www.correiobraziliense.com.br\/cbradar\/conheca-a-cidade-que-fica-entre-dois-oceanos\/\" \/>\n<meta property=\"og:locale\" content=\"pt_BR\" \/>\n<meta property=\"og:type\" content=\"article\" \/>\n<meta property=\"og:title\" content=\"Conhe\u00e7a a cidade que fica entre dois oceanos\" \/>\n<meta property=\"og:description\" content=\"Existe um lugar onde \u00e9 poss\u00edvel ver o Oceano Atl\u00e2ntico de um lado e o Pac\u00edfico do outro. Descubra os mist\u00e9rios da cidade.\" \/>\n<meta property=\"og:url\" content=\"https:\/\/www.correiobraziliense.com.br\/cbradar\/conheca-a-cidade-que-fica-entre-dois-oceanos\/\" \/>\n<meta property=\"og:site_name\" content=\"Correio Braziliense - Radar\" \/>\n<meta property=\"article:published_time\" content=\"2025-03-11T10:30:00+00:00\" \/>\n<meta property=\"og:image\" content=\"https:\/\/www.correiobraziliense.com.br\/cbradar\/wp-content\/uploads\/2025\/03\/Istmo-do-Panama_1741615961078.jpg\" \/>\n\t<meta property=\"og:image:width\" content=\"1280\" \/>\n\t<meta property=\"og:image:height\" content=\"720\" \/>\n\t<meta property=\"og:image:type\" content=\"image\/jpeg\" \/>\n<meta name=\"author\" content=\"Larissa Carvalho\" \/>\n<meta name=\"twitter:card\" content=\"summary_large_image\" \/>\n<meta name=\"twitter:label1\" content=\"Escrito por\" \/>\n\t<meta name=\"twitter:data1\" content=\"Larissa Carvalho\" \/>\n\t<meta name=\"twitter:label2\" content=\"Est. tempo de leitura\" \/>\n\t<meta name=\"twitter:data2\" content=\"4 minutos\" \/>\n<!-- \/ Yoast SEO plugin. -->","yoast_head_json":{"title":"Conhe\u00e7a a cidade que fica entre dois oceanos","description":"Existe um lugar onde \u00e9 poss\u00edvel ver o Oceano Atl\u00e2ntico de um lado e o Pac\u00edfico do outro. Descubra os mist\u00e9rios da cidade.","robots":{"index":"index","follow":"follow","max-snippet":"max-snippet:-1","max-image-preview":"max-image-preview:large","max-video-preview":"max-video-preview:-1"},"canonical":"https:\/\/www.correiobraziliense.com.br\/cbradar\/conheca-a-cidade-que-fica-entre-dois-oceanos\/","og_locale":"pt_BR","og_type":"article","og_title":"Conhe\u00e7a a cidade que fica entre dois oceanos","og_description":"Existe um lugar onde \u00e9 poss\u00edvel ver o Oceano Atl\u00e2ntico de um lado e o Pac\u00edfico do outro. Descubra os mist\u00e9rios da cidade.","og_url":"https:\/\/www.correiobraziliense.com.br\/cbradar\/conheca-a-cidade-que-fica-entre-dois-oceanos\/","og_site_name":"Correio Braziliense - Radar","article_published_time":"2025-03-11T10:30:00+00:00","og_image":[{"width":1280,"height":720,"url":"https:\/\/www.correiobraziliense.com.br\/cbradar\/wp-content\/uploads\/2025\/03\/Istmo-do-Panama_1741615961078.jpg","type":"image\/jpeg"}],"author":"Larissa Carvalho","twitter_card":"summary_large_image","twitter_misc":{"Escrito por":"Larissa Carvalho","Est. tempo de leitura":"4 minutos"},"schema":{"@context":"https:\/\/schema.org","@graph":[{"@type":"WebPage","@id":"https:\/\/www.correiobraziliense.com.br\/cbradar\/conheca-a-cidade-que-fica-entre-dois-oceanos\/","url":"https:\/\/www.correiobraziliense.com.br\/cbradar\/conheca-a-cidade-que-fica-entre-dois-oceanos\/","name":"Conhe\u00e7a a cidade que fica entre dois oceanos","isPartOf":{"@id":"https:\/\/www.correiobraziliense.com.br\/cbradar\/#website"},"primaryImageOfPage":{"@id":"https:\/\/www.correiobraziliense.com.br\/cbradar\/conheca-a-cidade-que-fica-entre-dois-oceanos\/#primaryimage"},"image":{"@id":"https:\/\/www.correiobraziliense.com.br\/cbradar\/conheca-a-cidade-que-fica-entre-dois-oceanos\/#primaryimage"},"thumbnailUrl":"https:\/\/www.correiobraziliense.com.br\/cbradar\/wp-content\/uploads\/2025\/03\/Istmo-do-Panama_1741615961078.jpg","datePublished":"2025-03-11T10:30:00+00:00","author":{"@id":"https:\/\/www.correiobraziliense.com.br\/cbradar\/#\/schema\/person\/58422787644df994b53a19d3e56c1513"},"description":"Existe um lugar onde \u00e9 poss\u00edvel ver o Oceano Atl\u00e2ntico de um lado e o Pac\u00edfico do outro. Descubra os mist\u00e9rios da cidade.","breadcrumb":{"@id":"https:\/\/www.correiobraziliense.com.br\/cbradar\/conheca-a-cidade-que-fica-entre-dois-oceanos\/#breadcrumb"},"inLanguage":"pt-BR","potentialAction":[{"@type":"ReadAction","target":["https:\/\/www.correiobraziliense.com.br\/cbradar\/conheca-a-cidade-que-fica-entre-dois-oceanos\/"]}]},{"@type":"ImageObject","inLanguage":"pt-BR","@id":"https:\/\/www.correiobraziliense.com.br\/cbradar\/conheca-a-cidade-que-fica-entre-dois-oceanos\/#primaryimage","url":"https:\/\/www.correiobraziliense.com.br\/cbradar\/wp-content\/uploads\/2025\/03\/Istmo-do-Panama_1741615961078.jpg","contentUrl":"https:\/\/www.correiobraziliense.com.br\/cbradar\/wp-content\/uploads\/2025\/03\/Istmo-do-Panama_1741615961078.jpg","width":1280,"height":720,"caption":"Istmo do Panam\u00e1. Cr\u00e9ditos: depositphotos.com \/ Klodien"},{"@type":"BreadcrumbList","@id":"https:\/\/www.correiobraziliense.com.br\/cbradar\/conheca-a-cidade-que-fica-entre-dois-oceanos\/#breadcrumb","itemListElement":[{"@type":"ListItem","position":1,"name":"In\u00edcio","item":"https:\/\/www.correiobraziliense.com.br\/cbradar\/"},{"@type":"ListItem","position":2,"name":"Conhe\u00e7a a cidade que fica entre dois oceanos"}]},{"@type":"WebSite","@id":"https:\/\/www.correiobraziliense.com.br\/cbradar\/#website","url":"https:\/\/www.correiobraziliense.com.br\/cbradar\/","name":"Correio Braziliense - Radar","description":"Acompanhe as \u00faltimas not\u00edcias e fique bem informado sobre tudo o que acontece no Brasil e no mundo.","potentialAction":[{"@type":"SearchAction","target":{"@type":"EntryPoint","urlTemplate":"https:\/\/www.correiobraziliense.com.br\/cbradar\/?s={search_term_string}"},"query-input":{"@type":"PropertyValueSpecification","valueRequired":true,"valueName":"search_term_string"}}],"inLanguage":"pt-BR"},{"@type":"Person","@id":"https:\/\/www.correiobraziliense.com.br\/cbradar\/#\/schema\/person\/58422787644df994b53a19d3e56c1513","name":"Larissa Carvalho","image":{"@type":"ImageObject","inLanguage":"pt-BR","@id":"https:\/\/www.correiobraziliense.com.br\/cbradar\/#\/schema\/person\/image\/","url":"https:\/\/secure.gravatar.com\/avatar\/fe4f91a0de32b52a838d0d612abdc1aa?s=96&d=mm&r=g","contentUrl":"https:\/\/secure.gravatar.com\/avatar\/fe4f91a0de32b52a838d0d612abdc1aa?s=96&d=mm&r=g","caption":"Larissa Carvalho"},"url":"https:\/\/www.correiobraziliense.com.br\/cbradar\/author\/larissamyth\/"}]}},"_links":{"self":[{"href":"https:\/\/www.correiobraziliense.com.br\/cbradar\/wp-json\/wp\/v2\/posts\/11134","targetHints":{"allow":["GET"]}}],"collection":[{"href":"https:\/\/www.correiobraziliense.com.br\/cbradar\/wp-json\/wp\/v2\/posts"}],"about":[{"href":"https:\/\/www.correiobraziliense.com.br\/cbradar\/wp-json\/wp\/v2\/types\/post"}],"author":[{"embeddable":true,"href":"https:\/\/www.correiobraziliense.com.br\/cbradar\/wp-json\/wp\/v2\/users\/3"}],"replies":[{"embeddable":true,"href":"https:\/\/www.correiobraziliense.com.br\/cbradar\/wp-json\/wp\/v2\/comments?post=11134"}],"version-history":[{"count":1,"href":"https:\/\/www.correiobraziliense.com.br\/cbradar\/wp-json\/wp\/v2\/posts\/11134\/revisions"}],"predecessor-version":[{"id":11146,"href":"https:\/\/www.correiobraziliense.com.br\/cbradar\/wp-json\/wp\/v2\/posts\/11134\/revisions\/11146"}],"wp:featuredmedia":[{"embeddable":true,"href":"https:\/\/www.correiobraziliense.com.br\/cbradar\/wp-json\/wp\/v2\/media\/11144"}],"wp:attachment":[{"href":"https:\/\/www.correiobraziliense.com.br\/cbradar\/wp-json\/wp\/v2\/media?parent=11134"}],"wp:term":[{"taxonomy":"category","embeddable":true,"href":"https:\/\/www.correiobraziliense.com.br\/cbradar\/wp-json\/wp\/v2\/categories?post=11134"},{"taxonomy":"post_tag","embeddable":true,"href":"https:\/\/www.correiobraziliense.com.br\/cbradar\/wp-json\/wp\/v2\/post_tag?post=11134"}],"curies":[{"name":"wp","href":"https:\/\/api.w.org\/{rel}","templated":true}]}}