{"id":11147,"date":"2025-03-11T09:30:00","date_gmt":"2025-03-11T12:30:00","guid":{"rendered":"https:\/\/www.correiobraziliense.com.br\/cbradar\/?p=11147"},"modified":"2025-03-10T16:58:48","modified_gmt":"2025-03-10T19:58:48","slug":"conheca-a-cidade-que-fica-no-lugar-mais-profundo-da-terra","status":"publish","type":"post","link":"https:\/\/www.correiobraziliense.com.br\/cbradar\/conheca-a-cidade-que-fica-no-lugar-mais-profundo-da-terra\/","title":{"rendered":"Conhe\u00e7a a cidade que fica no lugar mais profundo da Terra"},"content":{"rendered":"\n<p>Enquanto a maioria das cidades est\u00e1 alguns metros acima do n\u00edvel do mar, existe um lugar onde os moradores vivem a <strong>mais de 250 metros abaixo do n\u00edvel do mar<\/strong>. Esse lugar \u00e9 <strong>Jeric\u00f3<\/strong>, na Palestina, a cidade mais baixa do planeta.<\/p>\n\n\n\n<p>Al\u00e9m de sua localiza\u00e7\u00e3o \u00fanica, Jeric\u00f3 tamb\u00e9m \u00e9 considerada <strong>uma das cidades mais antigas do mundo<\/strong>, com uma hist\u00f3ria que remonta a mais de <strong>10.000 anos<\/strong>. Mas como essa altitude extrema afeta a vida cotidiana? E o que torna essa cidade t\u00e3o especial?<\/p>\n\n\n\n<h2 class=\"wp-block-heading\"><strong>Por que Jeric\u00f3 est\u00e1 t\u00e3o abaixo do n\u00edvel do mar?<\/strong><\/h2>\n\n\n\n<p>Jeric\u00f3 fica no <strong>Vale do Jord\u00e3o<\/strong>, uma depress\u00e3o geol\u00f3gica formada ao longo de milh\u00f5es de anos devido ao movimento das placas tect\u00f4nicas. Essa regi\u00e3o faz parte do <strong>Vale do Rift do Jord\u00e3o<\/strong>, uma das \u00e1reas mais profundas da superf\u00edcie terrestre.<\/p>\n\n\n\n<p>Como resultado, Jeric\u00f3 se encontra a cerca de <strong>258 metros abaixo do n\u00edvel do mar<\/strong>, tornando-se a cidade habitada mais baixa do mundo. Al\u00e9m disso, a proximidade com o <strong>Mar Morto<\/strong>, o ponto mais baixo da Terra, contribui para as condi\u00e7\u00f5es extremas da cidade.<\/p>\n\n\n\n<figure class=\"wp-block-image size-large\"><img decoding=\"async\" width=\"1024\" height=\"576\" src=\"https:\/\/www.correiobraziliense.com.br\/cbradar\/wp-content\/uploads\/2025\/03\/Jerico_1741616516349-1024x576.jpg\" alt=\"Conhe\u00e7a a cidade que fica no lugar mais profundo da Terra\" class=\"wp-image-11149\" srcset=\"https:\/\/www.correiobraziliense.com.br\/cbradar\/wp-content\/uploads\/2025\/03\/Jerico_1741616516349-1024x576.jpg 1024w, https:\/\/www.correiobraziliense.com.br\/cbradar\/wp-content\/uploads\/2025\/03\/Jerico_1741616516349-300x169.jpg 300w, https:\/\/www.correiobraziliense.com.br\/cbradar\/wp-content\/uploads\/2025\/03\/Jerico_1741616516349-768x432.jpg 768w, https:\/\/www.correiobraziliense.com.br\/cbradar\/wp-content\/uploads\/2025\/03\/Jerico_1741616516349-750x422.jpg 750w, https:\/\/www.correiobraziliense.com.br\/cbradar\/wp-content\/uploads\/2025\/03\/Jerico_1741616516349-1140x641.jpg 1140w, https:\/\/www.correiobraziliense.com.br\/cbradar\/wp-content\/uploads\/2025\/03\/Jerico_1741616516349.jpg 1280w\" sizes=\"(max-width: 1024px) 100vw, 1024px\" \/><figcaption class=\"wp-element-caption\">Jeric\u00f3. Cr\u00e9ditos: depositphotos.com \/ sframe<\/figcaption><\/figure>\n\n\n\n<h2 class=\"wp-block-heading\"><strong>Como \u00e9 a vida na cidade mais baixa do mundo?<\/strong><\/h2>\n\n\n\n<p>Apesar de estar localizada no ponto mais profundo do planeta, Jeric\u00f3 continua sendo um local vibrante e cheio de hist\u00f3ria. Algumas caracter\u00edsticas \u00fanicas da cidade incluem:<\/p>\n\n\n\n<ul class=\"wp-block-list\">\n<li><strong>Temperaturas extremamente quentes<\/strong> \u2013 Por estar em uma depress\u00e3o natural, Jeric\u00f3 tem ver\u00f5es escaldantes, com temperaturas que podem ultrapassar <strong>50\u00b0C<\/strong>.<\/li>\n\n\n\n<li><strong>Ar mais denso e rico em oxig\u00eanio<\/strong> \u2013 A baixa altitude faz com que o ar tenha uma concentra\u00e7\u00e3o maior de oxig\u00eanio, o que pode trazer benef\u00edcios para a respira\u00e7\u00e3o e recupera\u00e7\u00e3o muscular.<\/li>\n\n\n\n<li><strong>Solo f\u00e9rtil e agricultura pr\u00f3spera<\/strong> \u2013 Apesar do clima \u00e1rido, Jeric\u00f3 \u00e9 conhecida por sua produ\u00e7\u00e3o de <strong>t\u00e2maras, frutas c\u00edtricas e vegetais<\/strong>, gra\u00e7as \u00e0 irriga\u00e7\u00e3o proveniente do Rio Jord\u00e3o.<\/li>\n\n\n\n<li><strong>Turismo hist\u00f3rico e religioso<\/strong> \u2013 A cidade atrai visitantes do mundo inteiro devido ao seu papel na B\u00edblia e \u00e0s ru\u00ednas arqueol\u00f3gicas que remontam \u00e0s primeiras civiliza\u00e7\u00f5es.<\/li>\n\n\n\n<li><strong>A proximidade com o Mar Morto<\/strong> \u2013 O Mar Morto, a cerca de 10 km de Jeric\u00f3, \u00e9 famoso por sua \u00e1gua super salgada, onde \u00e9 imposs\u00edvel afundar.<\/li>\n<\/ul>\n\n\n\n<h3 class=\"wp-block-heading\"><strong>Curiosidades sobre Jeric\u00f3<\/strong><\/h3>\n\n\n\n<ul class=\"wp-block-list\">\n<li><strong>A cidade mais antiga continuamente habitada<\/strong> \u2013 Evid\u00eancias arqueol\u00f3gicas indicam que Jeric\u00f3 tem mais de <strong>10.000 anos<\/strong> de hist\u00f3ria.<\/li>\n\n\n\n<li><strong>As muralhas de Jeric\u00f3<\/strong> \u2013 A cidade foi mencionada na B\u00edblia como o local onde Josu\u00e9 e os israelitas derrubaram suas muralhas com trombetas.<\/li>\n\n\n\n<li><strong>Uma das cidades mais quentes do mundo<\/strong> \u2013 Durante o ver\u00e3o, as temperaturas frequentemente ultrapassam <strong>45\u00b0C<\/strong>.<\/li>\n\n\n\n<li><strong>Importante centro comercial no passado<\/strong> \u2013 Por sua localiza\u00e7\u00e3o estrat\u00e9gica, Jeric\u00f3 j\u00e1 foi um importante ponto de com\u00e9rcio no Oriente M\u00e9dio.<\/li>\n\n\n\n<li><strong>Mistura de culturas e religi\u00f5es<\/strong> \u2013 A cidade abriga locais sagrados para crist\u00e3os, judeus e mu\u00e7ulmanos.<\/li>\n<\/ul>\n\n\n\n<h2 class=\"wp-block-heading\">Viver abaixo do n\u00edvel do mar: um desafio ou um privil\u00e9gio?<\/h2>\n\n\n\n<p>Jeric\u00f3 prova que a geografia extrema n\u00e3o impede o desenvolvimento humano. Apesar do calor intenso e do ambiente desafiador, a cidade prosperou por mil\u00eanios e continua sendo um importante centro cultural e religioso.<\/p>\n\n\n\n<p>Mesmo estando no ponto mais baixo da Terra, Jeric\u00f3 se mant\u00e9m <strong>no topo da hist\u00f3ria da civiliza\u00e7\u00e3o<\/strong>, mostrando que a resili\u00eancia humana pode superar at\u00e9 mesmo as condi\u00e7\u00f5es mais extremas.<\/p>\n","protected":false},"excerpt":{"rendered":"<p>Existe uma cidade que fica no ponto mais baixo do planeta, abaixo do n\u00edvel do mar e cercada por um deserto escaldante.<\/p>\n","protected":false},"author":3,"featured_media":11148,"comment_status":"open","ping_status":"open","sticky":false,"template":"","format":"standard","meta":{"_yoast_wpseo_focuskw":"lugar mais profundo","_yoast_wpseo_title":"%%title%%","_yoast_wpseo_metadesc":"Existe uma cidade que fica no ponto mais baixo do planeta, abaixo do n\u00edvel do mar e cercada por um deserto escaldante.","jnews-multi-image_gallery":[],"jnews_single_post":{"format":"standard"},"jnews_primary_category":[],"jnews_social_meta":[],"jnews_override_counter":[],"footnotes":""},"categories":[108],"post_tag":[109],"class_list":["post-11147","post","type-post","status-publish","format-standard","has-post-thumbnail","hentry","category-cidades","tag-cidades"],"yoast_head":"<!-- This site is optimized with the Yoast SEO plugin v24.6 - https:\/\/yoast.com\/wordpress\/plugins\/seo\/ -->\n<title>Conhe\u00e7a a cidade que fica no lugar mais profundo da Terra<\/title>\n<meta name=\"description\" content=\"Existe uma cidade que fica no ponto mais baixo do planeta, abaixo do n\u00edvel do mar e cercada por um deserto escaldante.\" \/>\n<meta name=\"robots\" content=\"index, follow, max-snippet:-1, max-image-preview:large, max-video-preview:-1\" \/>\n<link rel=\"canonical\" href=\"https:\/\/www.correiobraziliense.com.br\/cbradar\/conheca-a-cidade-que-fica-no-lugar-mais-profundo-da-terra\/\" \/>\n<meta property=\"og:locale\" content=\"pt_BR\" \/>\n<meta property=\"og:type\" content=\"article\" \/>\n<meta property=\"og:title\" content=\"Conhe\u00e7a a cidade que fica no lugar mais profundo da Terra\" \/>\n<meta property=\"og:description\" content=\"Existe uma cidade que fica no ponto mais baixo do planeta, abaixo do n\u00edvel do mar e cercada por um deserto escaldante.\" \/>\n<meta property=\"og:url\" content=\"https:\/\/www.correiobraziliense.com.br\/cbradar\/conheca-a-cidade-que-fica-no-lugar-mais-profundo-da-terra\/\" \/>\n<meta property=\"og:site_name\" content=\"Correio Braziliense - Radar\" \/>\n<meta property=\"article:published_time\" content=\"2025-03-11T12:30:00+00:00\" \/>\n<meta property=\"og:image\" content=\"https:\/\/www.correiobraziliense.com.br\/cbradar\/wp-content\/uploads\/2025\/03\/Jerico_1741616483389.jpg\" \/>\n\t<meta property=\"og:image:width\" content=\"1279\" \/>\n\t<meta property=\"og:image:height\" content=\"720\" \/>\n\t<meta property=\"og:image:type\" content=\"image\/jpeg\" \/>\n<meta name=\"author\" content=\"Larissa Carvalho\" \/>\n<meta name=\"twitter:card\" content=\"summary_large_image\" \/>\n<meta name=\"twitter:label1\" content=\"Escrito por\" \/>\n\t<meta name=\"twitter:data1\" content=\"Larissa Carvalho\" \/>\n\t<meta name=\"twitter:label2\" content=\"Est. tempo de leitura\" \/>\n\t<meta name=\"twitter:data2\" content=\"4 minutos\" \/>\n<!-- \/ Yoast SEO plugin. -->","yoast_head_json":{"title":"Conhe\u00e7a a cidade que fica no lugar mais profundo da Terra","description":"Existe uma cidade que fica no ponto mais baixo do planeta, abaixo do n\u00edvel do mar e cercada por um deserto escaldante.","robots":{"index":"index","follow":"follow","max-snippet":"max-snippet:-1","max-image-preview":"max-image-preview:large","max-video-preview":"max-video-preview:-1"},"canonical":"https:\/\/www.correiobraziliense.com.br\/cbradar\/conheca-a-cidade-que-fica-no-lugar-mais-profundo-da-terra\/","og_locale":"pt_BR","og_type":"article","og_title":"Conhe\u00e7a a cidade que fica no lugar mais profundo da Terra","og_description":"Existe uma cidade que fica no ponto mais baixo do planeta, abaixo do n\u00edvel do mar e cercada por um deserto escaldante.","og_url":"https:\/\/www.correiobraziliense.com.br\/cbradar\/conheca-a-cidade-que-fica-no-lugar-mais-profundo-da-terra\/","og_site_name":"Correio Braziliense - Radar","article_published_time":"2025-03-11T12:30:00+00:00","og_image":[{"width":1279,"height":720,"url":"https:\/\/www.correiobraziliense.com.br\/cbradar\/wp-content\/uploads\/2025\/03\/Jerico_1741616483389.jpg","type":"image\/jpeg"}],"author":"Larissa Carvalho","twitter_card":"summary_large_image","twitter_misc":{"Escrito por":"Larissa Carvalho","Est. tempo de leitura":"4 minutos"},"schema":{"@context":"https:\/\/schema.org","@graph":[{"@type":"WebPage","@id":"https:\/\/www.correiobraziliense.com.br\/cbradar\/conheca-a-cidade-que-fica-no-lugar-mais-profundo-da-terra\/","url":"https:\/\/www.correiobraziliense.com.br\/cbradar\/conheca-a-cidade-que-fica-no-lugar-mais-profundo-da-terra\/","name":"Conhe\u00e7a a cidade que fica no lugar mais profundo da Terra","isPartOf":{"@id":"https:\/\/www.correiobraziliense.com.br\/cbradar\/#website"},"primaryImageOfPage":{"@id":"https:\/\/www.correiobraziliense.com.br\/cbradar\/conheca-a-cidade-que-fica-no-lugar-mais-profundo-da-terra\/#primaryimage"},"image":{"@id":"https:\/\/www.correiobraziliense.com.br\/cbradar\/conheca-a-cidade-que-fica-no-lugar-mais-profundo-da-terra\/#primaryimage"},"thumbnailUrl":"https:\/\/www.correiobraziliense.com.br\/cbradar\/wp-content\/uploads\/2025\/03\/Jerico_1741616483389.jpg","datePublished":"2025-03-11T12:30:00+00:00","author":{"@id":"https:\/\/www.correiobraziliense.com.br\/cbradar\/#\/schema\/person\/58422787644df994b53a19d3e56c1513"},"description":"Existe uma cidade que fica no ponto mais baixo do planeta, abaixo do n\u00edvel do mar e cercada por um deserto escaldante.","breadcrumb":{"@id":"https:\/\/www.correiobraziliense.com.br\/cbradar\/conheca-a-cidade-que-fica-no-lugar-mais-profundo-da-terra\/#breadcrumb"},"inLanguage":"pt-BR","potentialAction":[{"@type":"ReadAction","target":["https:\/\/www.correiobraziliense.com.br\/cbradar\/conheca-a-cidade-que-fica-no-lugar-mais-profundo-da-terra\/"]}]},{"@type":"ImageObject","inLanguage":"pt-BR","@id":"https:\/\/www.correiobraziliense.com.br\/cbradar\/conheca-a-cidade-que-fica-no-lugar-mais-profundo-da-terra\/#primaryimage","url":"https:\/\/www.correiobraziliense.com.br\/cbradar\/wp-content\/uploads\/2025\/03\/Jerico_1741616483389.jpg","contentUrl":"https:\/\/www.correiobraziliense.com.br\/cbradar\/wp-content\/uploads\/2025\/03\/Jerico_1741616483389.jpg","width":1279,"height":720,"caption":"Jeric\u00f3. Cr\u00e9ditos: depositphotos.com \/ Buurserstraat38"},{"@type":"BreadcrumbList","@id":"https:\/\/www.correiobraziliense.com.br\/cbradar\/conheca-a-cidade-que-fica-no-lugar-mais-profundo-da-terra\/#breadcrumb","itemListElement":[{"@type":"ListItem","position":1,"name":"In\u00edcio","item":"https:\/\/www.correiobraziliense.com.br\/cbradar\/"},{"@type":"ListItem","position":2,"name":"Conhe\u00e7a a cidade que fica no lugar mais profundo da Terra"}]},{"@type":"WebSite","@id":"https:\/\/www.correiobraziliense.com.br\/cbradar\/#website","url":"https:\/\/www.correiobraziliense.com.br\/cbradar\/","name":"Correio Braziliense - Radar","description":"Acompanhe as \u00faltimas not\u00edcias e fique bem informado sobre tudo o que acontece no Brasil e no mundo.","potentialAction":[{"@type":"SearchAction","target":{"@type":"EntryPoint","urlTemplate":"https:\/\/www.correiobraziliense.com.br\/cbradar\/?s={search_term_string}"},"query-input":{"@type":"PropertyValueSpecification","valueRequired":true,"valueName":"search_term_string"}}],"inLanguage":"pt-BR"},{"@type":"Person","@id":"https:\/\/www.correiobraziliense.com.br\/cbradar\/#\/schema\/person\/58422787644df994b53a19d3e56c1513","name":"Larissa Carvalho","image":{"@type":"ImageObject","inLanguage":"pt-BR","@id":"https:\/\/www.correiobraziliense.com.br\/cbradar\/#\/schema\/person\/image\/","url":"https:\/\/secure.gravatar.com\/avatar\/fe4f91a0de32b52a838d0d612abdc1aa?s=96&d=mm&r=g","contentUrl":"https:\/\/secure.gravatar.com\/avatar\/fe4f91a0de32b52a838d0d612abdc1aa?s=96&d=mm&r=g","caption":"Larissa Carvalho"},"url":"https:\/\/www.correiobraziliense.com.br\/cbradar\/author\/larissamyth\/"}]}},"_links":{"self":[{"href":"https:\/\/www.correiobraziliense.com.br\/cbradar\/wp-json\/wp\/v2\/posts\/11147","targetHints":{"allow":["GET"]}}],"collection":[{"href":"https:\/\/www.correiobraziliense.com.br\/cbradar\/wp-json\/wp\/v2\/posts"}],"about":[{"href":"https:\/\/www.correiobraziliense.com.br\/cbradar\/wp-json\/wp\/v2\/types\/post"}],"author":[{"embeddable":true,"href":"https:\/\/www.correiobraziliense.com.br\/cbradar\/wp-json\/wp\/v2\/users\/3"}],"replies":[{"embeddable":true,"href":"https:\/\/www.correiobraziliense.com.br\/cbradar\/wp-json\/wp\/v2\/comments?post=11147"}],"version-history":[{"count":1,"href":"https:\/\/www.correiobraziliense.com.br\/cbradar\/wp-json\/wp\/v2\/posts\/11147\/revisions"}],"predecessor-version":[{"id":11150,"href":"https:\/\/www.correiobraziliense.com.br\/cbradar\/wp-json\/wp\/v2\/posts\/11147\/revisions\/11150"}],"wp:featuredmedia":[{"embeddable":true,"href":"https:\/\/www.correiobraziliense.com.br\/cbradar\/wp-json\/wp\/v2\/media\/11148"}],"wp:attachment":[{"href":"https:\/\/www.correiobraziliense.com.br\/cbradar\/wp-json\/wp\/v2\/media?parent=11147"}],"wp:term":[{"taxonomy":"category","embeddable":true,"href":"https:\/\/www.correiobraziliense.com.br\/cbradar\/wp-json\/wp\/v2\/categories?post=11147"},{"taxonomy":"post_tag","embeddable":true,"href":"https:\/\/www.correiobraziliense.com.br\/cbradar\/wp-json\/wp\/v2\/post_tag?post=11147"}],"curies":[{"name":"wp","href":"https:\/\/api.w.org\/{rel}","templated":true}]}}