{"id":11151,"date":"2025-03-11T18:30:00","date_gmt":"2025-03-11T21:30:00","guid":{"rendered":"https:\/\/www.correiobraziliense.com.br\/cbradar\/?p=11151"},"modified":"2025-03-11T02:38:54","modified_gmt":"2025-03-11T05:38:54","slug":"conheca-a-cidade-precisou-ser-construida-duas-vezes","status":"publish","type":"post","link":"https:\/\/www.correiobraziliense.com.br\/cbradar\/conheca-a-cidade-precisou-ser-construida-duas-vezes\/","title":{"rendered":"Conhe\u00e7a a cidade precisou ser constru\u00edda duas vezes"},"content":{"rendered":"\n<p>Muitas cidades do mundo sofreram com guerras e desastres naturais, mas poucas passaram pelo que aconteceu com <strong>Vars\u00f3via, a capital da Pol\u00f4nia<\/strong>. Durante a <strong>Segunda Guerra Mundial<\/strong>, a cidade foi <strong>quase totalmente destru\u00edda<\/strong>, com cerca de <strong>85% de suas constru\u00e7\u00f5es reduzidas a escombros<\/strong>.<\/p>\n\n\n\n<p>No entanto, em vez de construir uma cidade nova e moderna no lugar, os poloneses tomaram uma decis\u00e3o surpreendente: <strong>reconstruir Vars\u00f3via exatamente como era antes<\/strong>, tijolo por tijolo. Mas como isso foi poss\u00edvel? E como a cidade conseguiu renascer das cinzas?<\/p>\n\n\n\n<h2 class=\"wp-block-heading\"><strong>A destrui\u00e7\u00e3o completa de Vars\u00f3via<\/strong><\/h2>\n\n\n\n<p>Antes da Segunda Guerra Mundial, Vars\u00f3via era uma das cidades mais bonitas da Europa, repleta de pra\u00e7as hist\u00f3ricas, igrejas e pal\u00e1cios que refletiam s\u00e9culos de hist\u00f3ria e cultura polonesa. No entanto, sua localiza\u00e7\u00e3o estrat\u00e9gica e seu papel central na resist\u00eancia contra a Alemanha nazista fizeram dela um alvo principal durante a ocupa\u00e7\u00e3o alem\u00e3.<\/p>\n\n\n\n<p>Ap\u00f3s a <strong>Revolta de Vars\u00f3via em 1944<\/strong>, quando a popula\u00e7\u00e3o tentou retomar o controle da cidade, Adolf Hitler ordenou sua <strong>destrui\u00e7\u00e3o total<\/strong>. Tropas nazistas sistematicamente demoliram pr\u00e9dios, monumentos e qualquer estrutura que representasse a identidade polonesa. Ao fim da guerra, <strong>85% de Vars\u00f3via estava em ru\u00ednas<\/strong>, e muitos acreditavam que a cidade jamais voltaria a ser o que era.<\/p>\n\n\n\n<figure class=\"wp-block-image size-large\"><img decoding=\"async\" width=\"1024\" height=\"576\" src=\"https:\/\/www.correiobraziliense.com.br\/cbradar\/wp-content\/uploads\/2025\/03\/Varsovia_1741617021481-1024x576.jpg\" alt=\"Essa cidade preciso ser constru\u00edda duas vezes\" class=\"wp-image-11158\" srcset=\"https:\/\/www.correiobraziliense.com.br\/cbradar\/wp-content\/uploads\/2025\/03\/Varsovia_1741617021481-1024x576.jpg 1024w, https:\/\/www.correiobraziliense.com.br\/cbradar\/wp-content\/uploads\/2025\/03\/Varsovia_1741617021481-300x169.jpg 300w, https:\/\/www.correiobraziliense.com.br\/cbradar\/wp-content\/uploads\/2025\/03\/Varsovia_1741617021481-768x432.jpg 768w, https:\/\/www.correiobraziliense.com.br\/cbradar\/wp-content\/uploads\/2025\/03\/Varsovia_1741617021481-750x422.jpg 750w, https:\/\/www.correiobraziliense.com.br\/cbradar\/wp-content\/uploads\/2025\/03\/Varsovia_1741617021481-1140x641.jpg 1140w, https:\/\/www.correiobraziliense.com.br\/cbradar\/wp-content\/uploads\/2025\/03\/Varsovia_1741617021481.jpg 1280w\" sizes=\"(max-width: 1024px) 100vw, 1024px\" \/><figcaption class=\"wp-element-caption\">Vars\u00f3via. Cr\u00e9ditos: depositphotos.com \/ Stanislaw<\/figcaption><\/figure>\n\n\n\n<h2 class=\"wp-block-heading\"><strong>A reconstru\u00e7\u00e3o de uma cidade inteira<\/strong><\/h2>\n\n\n\n<p>Apesar da destrui\u00e7\u00e3o, os poloneses decidiram reconstruir Vars\u00f3via <strong>exatamente como era antes da guerra<\/strong>, com base em <strong>pinturas, fotografias e documentos hist\u00f3ricos<\/strong>. Um dos principais guias para a reconstru\u00e7\u00e3o foi o trabalho de um artista chamado <strong>Bernardo Bellotto<\/strong>, um pintor do s\u00e9culo XVIII que havia documentado a cidade em detalhes.<\/p>\n\n\n\n<p>O projeto de reconstru\u00e7\u00e3o levou <strong>quase 20 anos<\/strong> e exigiu um esfor\u00e7o coletivo impressionante. Arquitetos, engenheiros e volunt\u00e1rios trabalharam para refazer as ruas, pra\u00e7as e edif\u00edcios hist\u00f3ricos da cidade. Entre os locais reconstru\u00eddos, destacam-se:<\/p>\n\n\n\n<ul class=\"wp-block-list\">\n<li><strong>O Centro Hist\u00f3rico de Vars\u00f3via<\/strong> \u2013 Hoje, um <strong>Patrim\u00f4nio Mundial da UNESCO<\/strong>, restaurado com base nos quadros de Bellotto.<\/li>\n\n\n\n<li><strong>O Castelo Real<\/strong> \u2013 Totalmente destru\u00eddo na guerra e reconstru\u00eddo com base em documentos hist\u00f3ricos.<\/li>\n\n\n\n<li><strong>A Pra\u00e7a do Mercado<\/strong> \u2013 Um dos cart\u00f5es-postais da cidade, refeita com os mesmos estilos e cores originais.<\/li>\n<\/ul>\n\n\n\n<p>Hoje, Vars\u00f3via \u00e9 um exemplo \u00fanico de <strong>reconstru\u00e7\u00e3o hist\u00f3rica bem-sucedida<\/strong>, misturando um centro antigo recriado com bairros modernos e arranha-c\u00e9us.<\/p>\n\n\n\n<h3 class=\"wp-block-heading\"><strong>Curiosidades sobre Vars\u00f3via<\/strong><\/h3>\n\n\n\n<ol class=\"wp-block-list\">\n<li><strong>Reconstru\u00edda com base em pinturas<\/strong> \u2013 Muitas partes da cidade foram restauradas seguindo obras de arte do s\u00e9culo XVIII.<\/li>\n\n\n\n<li><strong>O maior esfor\u00e7o de reconstru\u00e7\u00e3o da Europa<\/strong> \u2013 Nenhuma outra cidade europeia foi reconstru\u00edda em tamanha escala ap\u00f3s a guerra.<\/li>\n\n\n\n<li><strong>Cidade s\u00edmbolo da resist\u00eancia<\/strong> \u2013 Apesar de destru\u00edda, Vars\u00f3via nunca perdeu sua identidade e continuou sendo a capital da Pol\u00f4nia.<\/li>\n\n\n\n<li><strong>Memorial \u00e0 destrui\u00e7\u00e3o<\/strong> \u2013 Algumas ru\u00ednas foram preservadas como lembran\u00e7a do que aconteceu na guerra.<\/li>\n\n\n\n<li><strong>Mistura de passado e futuro<\/strong> \u2013 Al\u00e9m do centro hist\u00f3rico, Vars\u00f3via tem uma das arquiteturas mais modernas da Europa, com arranha-c\u00e9us e tecnologia de ponta.<\/li>\n<\/ol>\n\n\n\n<h2 class=\"wp-block-heading\"><strong>Vars\u00f3via \u00e9 uma prova da resili\u00eancia humana?<\/strong><\/h2>\n\n\n\n<p>A hist\u00f3ria de Vars\u00f3via mostra que, mesmo diante da destrui\u00e7\u00e3o total, a identidade de uma cidade pode sobreviver. O renascimento da capital polonesa n\u00e3o foi apenas uma reconstru\u00e7\u00e3o f\u00edsica, mas tamb\u00e9m um s\u00edmbolo de <strong>resist\u00eancia, orgulho nacional e mem\u00f3ria hist\u00f3rica<\/strong>.<\/p>\n","protected":false},"excerpt":{"rendered":"<p>Essa cidade foi quase completamente destru\u00edda na Segunda Guerra Mundial, mas foi reconstru\u00edda exatamente como era antes.<\/p>\n","protected":false},"author":3,"featured_media":11157,"comment_status":"open","ping_status":"open","sticky":false,"template":"","format":"standard","meta":{"_yoast_wpseo_focuskw":"cidade constru\u00edda duas vezes","_yoast_wpseo_title":"%%title%%","_yoast_wpseo_metadesc":"Essa cidade foi quase completamente destru\u00edda na Segunda Guerra Mundial, mas foi reconstru\u00edda exatamente como era antes.","jnews-multi-image_gallery":[],"jnews_single_post":{"format":"standard"},"jnews_primary_category":[],"jnews_social_meta":[],"jnews_override_counter":[],"footnotes":""},"categories":[108],"post_tag":[109],"class_list":["post-11151","post","type-post","status-publish","format-standard","has-post-thumbnail","hentry","category-cidades","tag-cidades"],"yoast_head":"<!-- This site is optimized with the Yoast SEO plugin v24.6 - https:\/\/yoast.com\/wordpress\/plugins\/seo\/ -->\n<title>Conhe\u00e7a a cidade precisou ser constru\u00edda duas vezes<\/title>\n<meta name=\"description\" content=\"Essa cidade foi quase completamente destru\u00edda na Segunda Guerra Mundial, mas foi reconstru\u00edda exatamente como era antes.\" \/>\n<meta name=\"robots\" content=\"index, follow, max-snippet:-1, max-image-preview:large, max-video-preview:-1\" \/>\n<link rel=\"canonical\" href=\"https:\/\/www.correiobraziliense.com.br\/cbradar\/conheca-a-cidade-precisou-ser-construida-duas-vezes\/\" \/>\n<meta property=\"og:locale\" content=\"pt_BR\" \/>\n<meta property=\"og:type\" content=\"article\" \/>\n<meta property=\"og:title\" content=\"Conhe\u00e7a a cidade precisou ser constru\u00edda duas vezes\" \/>\n<meta property=\"og:description\" content=\"Essa cidade foi quase completamente destru\u00edda na Segunda Guerra Mundial, mas foi reconstru\u00edda exatamente como era antes.\" \/>\n<meta property=\"og:url\" content=\"https:\/\/www.correiobraziliense.com.br\/cbradar\/conheca-a-cidade-precisou-ser-construida-duas-vezes\/\" \/>\n<meta property=\"og:site_name\" content=\"Correio Braziliense - Radar\" \/>\n<meta property=\"article:published_time\" content=\"2025-03-11T21:30:00+00:00\" \/>\n<meta property=\"og:image\" content=\"https:\/\/www.correiobraziliense.com.br\/cbradar\/wp-content\/uploads\/2025\/03\/Varsovia_1741616972388.jpg\" \/>\n\t<meta property=\"og:image:width\" content=\"1280\" \/>\n\t<meta property=\"og:image:height\" content=\"720\" \/>\n\t<meta property=\"og:image:type\" content=\"image\/jpeg\" \/>\n<meta name=\"author\" content=\"Larissa Carvalho\" \/>\n<meta name=\"twitter:card\" content=\"summary_large_image\" \/>\n<meta name=\"twitter:label1\" content=\"Escrito por\" \/>\n\t<meta name=\"twitter:data1\" content=\"Larissa Carvalho\" \/>\n\t<meta name=\"twitter:label2\" content=\"Est. tempo de leitura\" \/>\n\t<meta name=\"twitter:data2\" content=\"4 minutos\" \/>\n<!-- \/ Yoast SEO plugin. -->","yoast_head_json":{"title":"Conhe\u00e7a a cidade precisou ser constru\u00edda duas vezes","description":"Essa cidade foi quase completamente destru\u00edda na Segunda Guerra Mundial, mas foi reconstru\u00edda exatamente como era antes.","robots":{"index":"index","follow":"follow","max-snippet":"max-snippet:-1","max-image-preview":"max-image-preview:large","max-video-preview":"max-video-preview:-1"},"canonical":"https:\/\/www.correiobraziliense.com.br\/cbradar\/conheca-a-cidade-precisou-ser-construida-duas-vezes\/","og_locale":"pt_BR","og_type":"article","og_title":"Conhe\u00e7a a cidade precisou ser constru\u00edda duas vezes","og_description":"Essa cidade foi quase completamente destru\u00edda na Segunda Guerra Mundial, mas foi reconstru\u00edda exatamente como era antes.","og_url":"https:\/\/www.correiobraziliense.com.br\/cbradar\/conheca-a-cidade-precisou-ser-construida-duas-vezes\/","og_site_name":"Correio Braziliense - Radar","article_published_time":"2025-03-11T21:30:00+00:00","og_image":[{"width":1280,"height":720,"url":"https:\/\/www.correiobraziliense.com.br\/cbradar\/wp-content\/uploads\/2025\/03\/Varsovia_1741616972388.jpg","type":"image\/jpeg"}],"author":"Larissa Carvalho","twitter_card":"summary_large_image","twitter_misc":{"Escrito por":"Larissa Carvalho","Est. tempo de leitura":"4 minutos"},"schema":{"@context":"https:\/\/schema.org","@graph":[{"@type":"WebPage","@id":"https:\/\/www.correiobraziliense.com.br\/cbradar\/conheca-a-cidade-precisou-ser-construida-duas-vezes\/","url":"https:\/\/www.correiobraziliense.com.br\/cbradar\/conheca-a-cidade-precisou-ser-construida-duas-vezes\/","name":"Conhe\u00e7a a cidade precisou ser constru\u00edda duas vezes","isPartOf":{"@id":"https:\/\/www.correiobraziliense.com.br\/cbradar\/#website"},"primaryImageOfPage":{"@id":"https:\/\/www.correiobraziliense.com.br\/cbradar\/conheca-a-cidade-precisou-ser-construida-duas-vezes\/#primaryimage"},"image":{"@id":"https:\/\/www.correiobraziliense.com.br\/cbradar\/conheca-a-cidade-precisou-ser-construida-duas-vezes\/#primaryimage"},"thumbnailUrl":"https:\/\/www.correiobraziliense.com.br\/cbradar\/wp-content\/uploads\/2025\/03\/Varsovia_1741616972388.jpg","datePublished":"2025-03-11T21:30:00+00:00","author":{"@id":"https:\/\/www.correiobraziliense.com.br\/cbradar\/#\/schema\/person\/58422787644df994b53a19d3e56c1513"},"description":"Essa cidade foi quase completamente destru\u00edda na Segunda Guerra Mundial, mas foi reconstru\u00edda exatamente como era antes.","breadcrumb":{"@id":"https:\/\/www.correiobraziliense.com.br\/cbradar\/conheca-a-cidade-precisou-ser-construida-duas-vezes\/#breadcrumb"},"inLanguage":"pt-BR","potentialAction":[{"@type":"ReadAction","target":["https:\/\/www.correiobraziliense.com.br\/cbradar\/conheca-a-cidade-precisou-ser-construida-duas-vezes\/"]}]},{"@type":"ImageObject","inLanguage":"pt-BR","@id":"https:\/\/www.correiobraziliense.com.br\/cbradar\/conheca-a-cidade-precisou-ser-construida-duas-vezes\/#primaryimage","url":"https:\/\/www.correiobraziliense.com.br\/cbradar\/wp-content\/uploads\/2025\/03\/Varsovia_1741616972388.jpg","contentUrl":"https:\/\/www.correiobraziliense.com.br\/cbradar\/wp-content\/uploads\/2025\/03\/Varsovia_1741616972388.jpg","width":1280,"height":720,"caption":"Vars\u00f3via. Cr\u00e9ditos: depositphotos.com \/ DroneInWarsaw"},{"@type":"BreadcrumbList","@id":"https:\/\/www.correiobraziliense.com.br\/cbradar\/conheca-a-cidade-precisou-ser-construida-duas-vezes\/#breadcrumb","itemListElement":[{"@type":"ListItem","position":1,"name":"In\u00edcio","item":"https:\/\/www.correiobraziliense.com.br\/cbradar\/"},{"@type":"ListItem","position":2,"name":"Conhe\u00e7a a cidade precisou ser constru\u00edda duas vezes"}]},{"@type":"WebSite","@id":"https:\/\/www.correiobraziliense.com.br\/cbradar\/#website","url":"https:\/\/www.correiobraziliense.com.br\/cbradar\/","name":"Correio Braziliense - Radar","description":"Acompanhe as \u00faltimas not\u00edcias e fique bem informado sobre tudo o que acontece no Brasil e no mundo.","potentialAction":[{"@type":"SearchAction","target":{"@type":"EntryPoint","urlTemplate":"https:\/\/www.correiobraziliense.com.br\/cbradar\/?s={search_term_string}"},"query-input":{"@type":"PropertyValueSpecification","valueRequired":true,"valueName":"search_term_string"}}],"inLanguage":"pt-BR"},{"@type":"Person","@id":"https:\/\/www.correiobraziliense.com.br\/cbradar\/#\/schema\/person\/58422787644df994b53a19d3e56c1513","name":"Larissa Carvalho","image":{"@type":"ImageObject","inLanguage":"pt-BR","@id":"https:\/\/www.correiobraziliense.com.br\/cbradar\/#\/schema\/person\/image\/","url":"https:\/\/secure.gravatar.com\/avatar\/fe4f91a0de32b52a838d0d612abdc1aa?s=96&d=mm&r=g","contentUrl":"https:\/\/secure.gravatar.com\/avatar\/fe4f91a0de32b52a838d0d612abdc1aa?s=96&d=mm&r=g","caption":"Larissa Carvalho"},"url":"https:\/\/www.correiobraziliense.com.br\/cbradar\/author\/larissamyth\/"}]}},"_links":{"self":[{"href":"https:\/\/www.correiobraziliense.com.br\/cbradar\/wp-json\/wp\/v2\/posts\/11151","targetHints":{"allow":["GET"]}}],"collection":[{"href":"https:\/\/www.correiobraziliense.com.br\/cbradar\/wp-json\/wp\/v2\/posts"}],"about":[{"href":"https:\/\/www.correiobraziliense.com.br\/cbradar\/wp-json\/wp\/v2\/types\/post"}],"author":[{"embeddable":true,"href":"https:\/\/www.correiobraziliense.com.br\/cbradar\/wp-json\/wp\/v2\/users\/3"}],"replies":[{"embeddable":true,"href":"https:\/\/www.correiobraziliense.com.br\/cbradar\/wp-json\/wp\/v2\/comments?post=11151"}],"version-history":[{"count":4,"href":"https:\/\/www.correiobraziliense.com.br\/cbradar\/wp-json\/wp\/v2\/posts\/11151\/revisions"}],"predecessor-version":[{"id":11333,"href":"https:\/\/www.correiobraziliense.com.br\/cbradar\/wp-json\/wp\/v2\/posts\/11151\/revisions\/11333"}],"wp:featuredmedia":[{"embeddable":true,"href":"https:\/\/www.correiobraziliense.com.br\/cbradar\/wp-json\/wp\/v2\/media\/11157"}],"wp:attachment":[{"href":"https:\/\/www.correiobraziliense.com.br\/cbradar\/wp-json\/wp\/v2\/media?parent=11151"}],"wp:term":[{"taxonomy":"category","embeddable":true,"href":"https:\/\/www.correiobraziliense.com.br\/cbradar\/wp-json\/wp\/v2\/categories?post=11151"},{"taxonomy":"post_tag","embeddable":true,"href":"https:\/\/www.correiobraziliense.com.br\/cbradar\/wp-json\/wp\/v2\/post_tag?post=11151"}],"curies":[{"name":"wp","href":"https:\/\/api.w.org\/{rel}","templated":true}]}}