{"id":11179,"date":"2025-03-11T08:10:33","date_gmt":"2025-03-11T11:10:33","guid":{"rendered":"https:\/\/www.correiobraziliense.com.br\/cbradar\/?p=11179"},"modified":"2025-03-10T13:31:02","modified_gmt":"2025-03-10T16:31:02","slug":"passo-a-passo-para-cultivar-laranjeiras-em-vasos-mesmo-em-espacos-pequenos","status":"publish","type":"post","link":"https:\/\/www.correiobraziliense.com.br\/cbradar\/passo-a-passo-para-cultivar-laranjeiras-em-vasos-mesmo-em-espacos-pequenos\/","title":{"rendered":"Passo a passo para cultivar laranjeiras em vasos, mesmo em espa\u00e7os pequenos"},"content":{"rendered":"\n<p>O cultivo de <strong>laranjeiras <\/strong>em vasos \u00e9 uma pr\u00e1tica ideal para quem vive em espa\u00e7os urbanos e deseja ter frutas frescas ao alcance das m\u00e3os. A escolha da variedade certa \u00e9 crucial para o sucesso do <a href=\"https:\/\/www.correiobraziliense.com.br\/cbradar\/conheca-essas-5-tecnologias-para-uma-horta-inteligente-domestica\/\" target=\"_blank\" rel=\"noreferrer noopener\">cultivo<\/a>. Variedades an\u00e3s ou enxertadas s\u00e3o as mais adequadas, pois s\u00e3o adaptadas para crescer em espa\u00e7os limitados e ainda assim produzir uma quantidade significativa de frutos.<\/p>\n\n\n\n<p>Entre as variedades recomendadas, a <strong>Laranja Bahia<\/strong> \u00e9 conhecida por seus frutos grandes e saborosos, ideais para consumo direto. A <strong>Laranja Lima<\/strong> oferece um sabor doce e baixa acidez, al\u00e9m de ser resistente a pragas. A <strong>Laranja Pera<\/strong> \u00e9 famosa por sua alta produtividade e versatilidade, sendo ideal para sucos. Para quem tem pouco espa\u00e7o, a <strong>Laranja Kinkan<\/strong>, ou Kumquat, \u00e9 perfeita, pois seus frutos pequenos podem ser consumidos com casca.<\/p>\n\n\n\n<p>Optar por mudas enxertadas pode acelerar o processo de frutifica\u00e7\u00e3o, com a produ\u00e7\u00e3o de frutos iniciando em 2 a 3 anos. Estudos indicam que essas mudas podem produzir at\u00e9 50% mais frutos em compara\u00e7\u00e3o com aquelas cultivadas a partir de sementes.<\/p>\n\n\n\n<h2 class=\"wp-block-heading\">Como preparar o solo ou substrato ideal para o cultivo da laranjeira em vasos?<\/h2>\n\n\n\n<p>Preparar um substrato adequado \u00e9 fundamental para o cultivo bem-sucedido de laranjeiras em vasos. A planta necessita de um solo que seja bem drenado e rico em nutrientes para prosperar. Uma mistura eficaz deve incluir componentes que promovam a fertilidade e garantam uma boa drenagem.<\/p>\n\n\n\n<p>Uma composi\u00e7\u00e3o recomendada \u00e9 50% de terra vegetal rica em nutrientes, 30% de composto org\u00e2nico, como h\u00famus de minhoca ou esterco bem curtido, e 20% de areia grossa ou perlita para facilitar a drenagem. Al\u00e9m disso, \u00e9 importante ajustar o pH do solo, mantendo-o entre 5,5 e 6,5, o que \u00e9 ideal para laranjeiras.<\/p>\n\n\n\n<p>Evitar solos compactados e excesso de \u00e1gua \u00e9 crucial, pois podem causar apodrecimento das ra\u00edzes e afetar a produ\u00e7\u00e3o. Um solo bem preparado pode aumentar a produ\u00e7\u00e3o de frutos em at\u00e9 40%, evitando problemas de sa\u00fade nas ra\u00edzes.<\/p>\n\n\n\n<h2 class=\"wp-block-heading\">Passo a passo para plantar laranjeira em vasos<\/h2>\n\n\n\n<p>Plantar uma laranjeira em vaso requer aten\u00e7\u00e3o a alguns detalhes para garantir um cultivo bem-sucedido. A escolha do vaso, o preparo do substrato e o plantio correto s\u00e3o etapas fundamentais.<\/p>\n\n\n\n<ol class=\"wp-block-list\">\n<li><strong>Escolha do vaso:<\/strong> Utilize um vaso grande, com pelo menos 50 cm de di\u00e2metro e profundidade, e que possua furos para drenagem.<\/li>\n\n\n\n<li><strong>Preparo do substrato:<\/strong> Misture terra f\u00e9rtil, composto org\u00e2nico e areia grossa conforme a propor\u00e7\u00e3o recomendada.<\/li>\n\n\n\n<li><strong>Plantio da muda:<\/strong> Posicione a muda no centro do vaso, garantindo que o ponto de enxerto fique acima da linha do solo.<\/li>\n\n\n\n<li><strong>Irriga\u00e7\u00e3o inicial:<\/strong> Regue suavemente para manter o solo \u00famido, evitando encharcamento.<\/li>\n\n\n\n<li><strong>Exposi\u00e7\u00e3o solar:<\/strong> Coloque o vaso em um local que receba pelo menos 6 horas de sol direto diariamente.<\/li>\n<\/ol>\n\n\n\n<p>\u00c9 importante lembrar que as laranjeiras em vasos necessitam de fertiliza\u00e7\u00e3o regular, pois os nutrientes se esgotam mais rapidamente. Nutrientes como nitrog\u00eanio, f\u00f3sforo e pot\u00e1ssio s\u00e3o essenciais para uma frutifica\u00e7\u00e3o saud\u00e1vel.<\/p>\n\n\n<div class=\"wp-block-image\">\n<figure class=\"aligncenter size-large\"><img decoding=\"async\" width=\"1024\" height=\"576\" src=\"https:\/\/www.correiobraziliense.com.br\/cbradar\/wp-content\/uploads\/2025\/02\/laranja-arvore_1740070780731-1024x576.jpg\" alt=\"Do vaso \u00e0 fruta! Como cultivar laranjeiras e obter uma colheita rica\" class=\"wp-image-4240\" srcset=\"https:\/\/www.correiobraziliense.com.br\/cbradar\/wp-content\/uploads\/2025\/02\/laranja-arvore_1740070780731-1024x576.jpg 1024w, https:\/\/www.correiobraziliense.com.br\/cbradar\/wp-content\/uploads\/2025\/02\/laranja-arvore_1740070780731-300x169.jpg 300w, https:\/\/www.correiobraziliense.com.br\/cbradar\/wp-content\/uploads\/2025\/02\/laranja-arvore_1740070780731-768x432.jpg 768w, https:\/\/www.correiobraziliense.com.br\/cbradar\/wp-content\/uploads\/2025\/02\/laranja-arvore_1740070780731-750x422.jpg 750w, https:\/\/www.correiobraziliense.com.br\/cbradar\/wp-content\/uploads\/2025\/02\/laranja-arvore_1740070780731-1140x641.jpg 1140w, https:\/\/www.correiobraziliense.com.br\/cbradar\/wp-content\/uploads\/2025\/02\/laranja-arvore_1740070780731.jpg 1280w\" sizes=\"(max-width: 1024px) 100vw, 1024px\" \/><figcaption class=\"wp-element-caption\">Laranjeira &#8211; Cr\u00e9ditos: depositphotos.com \/ IgorVetushko<\/figcaption><\/figure><\/div>\n\n\n<h2 class=\"wp-block-heading\">Cuidados essenciais para garantir uma colheita abundante<\/h2>\n\n\n\n<p>Para garantir uma colheita farta de laranjas, \u00e9 necess\u00e1rio seguir algumas pr\u00e1ticas de cuidado com a planta. A irriga\u00e7\u00e3o deve ser feita de 3 a 4 vezes por semana, mantendo o solo \u00famido, mas sem encharcar. Durante o ver\u00e3o, pode ser necess\u00e1rio aumentar a frequ\u00eancia de rega.<\/p>\n\n\n\n<p>A aduba\u00e7\u00e3o \u00e9 crucial para o desenvolvimento da planta. Recomenda-se aplicar h\u00famus de minhoca ou esterco curtido mensalmente. Durante a fase de frutifica\u00e7\u00e3o, fertilizantes ricos em pot\u00e1ssio e c\u00e1lcio s\u00e3o indicados para melhorar a qualidade dos frutos. A t\u00e9cnica de <em>mulching<\/em>, que consiste em cobrir o solo com materiais como palha seca ou casca de pinus, ajuda a manter a umidade.<\/p>\n\n\n\n<p>Renovar parte do substrato a cada seis meses \u00e9 uma pr\u00e1tica recomendada para manter os nutrientes dispon\u00edveis. A aduba\u00e7\u00e3o rica em pot\u00e1ssio pode aumentar a do\u00e7ura das frutas em at\u00e9 20%.<\/p>\n\n\n\n<h2 class=\"wp-block-heading\">Como fazer a poda correta para manter a laranjeira saud\u00e1vel?<\/h2>\n\n\n\n<p>A poda \u00e9 uma pr\u00e1tica essencial para manter a sa\u00fade da laranjeira e estimular a produ\u00e7\u00e3o de frutos. Existem diferentes tipos de poda que devem ser realizados em momentos espec\u00edficos do desenvolvimento da planta.<\/p>\n\n\n\n<p>A <strong>poda de forma\u00e7\u00e3o<\/strong> \u00e9 realizada nos primeiros anos e consiste em remover galhos fracos, mantendo de 3 a 5 galhos principais. A <strong>poda de limpeza<\/strong> deve ser feita anualmente, removendo galhos secos e doentes para melhorar a circula\u00e7\u00e3o de ar. J\u00e1 a <strong>poda de frutifica\u00e7\u00e3o<\/strong> envolve cortar as pontas de galhos muito longos para estimular mais flores e frutos.<\/p>\n\n\n\n<p>\u00c9 importante evitar podas dr\u00e1sticas, pois isso pode reduzir a produ\u00e7\u00e3o na pr\u00f3xima safra. \u00c1rvores podadas corretamente podem produzir at\u00e9 30% mais frutos, conforme dados t\u00e9cnicos.<\/p>\n\n\n<div class=\"wp-block-image\">\n<figure class=\"aligncenter size-large\"><img decoding=\"async\" width=\"1024\" height=\"576\" src=\"https:\/\/www.correiobraziliense.com.br\/cbradar\/wp-content\/uploads\/2025\/03\/arvore-laranja-em-vasos_1741623734436-1024x576.jpg\" alt=\"\" class=\"wp-image-11181\" srcset=\"https:\/\/www.correiobraziliense.com.br\/cbradar\/wp-content\/uploads\/2025\/03\/arvore-laranja-em-vasos_1741623734436-1024x576.jpg 1024w, https:\/\/www.correiobraziliense.com.br\/cbradar\/wp-content\/uploads\/2025\/03\/arvore-laranja-em-vasos_1741623734436-300x169.jpg 300w, https:\/\/www.correiobraziliense.com.br\/cbradar\/wp-content\/uploads\/2025\/03\/arvore-laranja-em-vasos_1741623734436-768x432.jpg 768w, https:\/\/www.correiobraziliense.com.br\/cbradar\/wp-content\/uploads\/2025\/03\/arvore-laranja-em-vasos_1741623734436-750x422.jpg 750w, https:\/\/www.correiobraziliense.com.br\/cbradar\/wp-content\/uploads\/2025\/03\/arvore-laranja-em-vasos_1741623734436-1140x641.jpg 1140w, https:\/\/www.correiobraziliense.com.br\/cbradar\/wp-content\/uploads\/2025\/03\/arvore-laranja-em-vasos_1741623734436.jpg 1280w\" sizes=\"(max-width: 1024px) 100vw, 1024px\" \/><figcaption class=\"wp-element-caption\">Laranja &#8211; Cr\u00e9ditos: depositphotos.com \/ VIKVAD<\/figcaption><\/figure><\/div>\n\n\n<h2 class=\"wp-block-heading\">Como prevenir e tratar pragas e doen\u00e7as na laranjeira?<\/h2>\n\n\n\n<p>Pragas e doen\u00e7as s\u00e3o desafios comuns no cultivo de laranjeiras, mas podem ser controlados com m\u00e9todos naturais e eficazes. Para combater pulg\u00f5es e cochonilhas, o uso de \u00f3leo de neem ou ch\u00e1 de alho \u00e9 recomendado. \u00c1caros podem ser controlados com pulveriza\u00e7\u00f5es de ch\u00e1 de camomila ou calda de sab\u00e3o neutro.<\/p>\n\n\n\n<p>Entre as doen\u00e7as mais comuns est\u00e3o os fungos e o m\u00edldio, que podem ser prevenidos evitando molhar as folhas e mantendo o solo bem drenado. A podrid\u00e3o das ra\u00edzes \u00e9 evitada com a redu\u00e7\u00e3o da irriga\u00e7\u00e3o e melhoria da drenagem.<\/p>\n\n\n\n<p>Uma dica \u00e9 plantar manjeric\u00e3o e alecrim pr\u00f3ximos \u00e0 laranjeira para afastar insetos naturalmente. O uso de \u00f3leo de neem pode reduzir em at\u00e9 85% a infesta\u00e7\u00e3o de pragas, segundo dados t\u00e9cnicos.<\/p>\n\n\n\n<h2 class=\"wp-block-heading\">Como e quando colher laranjas para garantir frutas suculentas?<\/h2>\n\n\n\n<p>O momento da colheita \u00e9 crucial para garantir frutas suculentas e saborosas. Laranjeiras enxertadas geralmente produzem frutos em 2 a 3 anos, enquanto o cultivo por sementes pode levar de 5 a 8 anos para frutificar.<\/p>\n\n\n\n<p>Os sinais de que a laranja est\u00e1 pronta para colheita incluem frutos bem formados e pesados, casca laranja brilhante e aroma intenso. Ap\u00f3s a colheita, laranjas armazenadas na geladeira podem durar at\u00e9 3 semanas.<\/p>\n\n\n\n<p>Laranjeiras saud\u00e1veis podem produzir de 100 a 200 laranjas por ano, tornando o cultivo em vasos uma op\u00e7\u00e3o vi\u00e1vel e recompensadora para quem deseja desfrutar de frutas frescas em casa.<\/p>\n","protected":false},"excerpt":{"rendered":"<p>O cultivo de laranjeiras em vasos \u00e9 uma pr\u00e1tica ideal para quem vive em espa\u00e7os urbanos e deseja ter frutas frescas ao alcance das m\u00e3os. A escolha da variedade certa \u00e9 crucial para o sucesso do cultivo. Variedades an\u00e3s ou enxertadas s\u00e3o as mais adequadas, pois s\u00e3o adaptadas para crescer em espa\u00e7os limitados e ainda [&hellip;]<\/p>\n","protected":false},"author":9,"featured_media":4243,"comment_status":"open","ping_status":"open","sticky":false,"template":"","format":"standard","meta":{"_yoast_wpseo_focuskw":"laranjeiras","_yoast_wpseo_title":"%%title%% %%page%%","_yoast_wpseo_metadesc":"Aprenda a cultivar laranjeiras em vasos, escolha a variedade ideal e cuidados essenciais para garantir uma colheita farta e saborosa.","jnews-multi-image_gallery":[],"jnews_single_post":{"format":"standard"},"jnews_primary_category":[],"jnews_social_meta":[],"jnews_override_counter":[],"footnotes":""},"categories":[136],"post_tag":[614,1605,947,948],"class_list":["post-11179","post","type-post","status-publish","format-standard","has-post-thumbnail","hentry","category-jardinagem","tag-cultivo","tag-frutificacao","tag-laranjeira","tag-vaso"],"yoast_head":"<!-- This site is optimized with the Yoast SEO plugin v24.6 - https:\/\/yoast.com\/wordpress\/plugins\/seo\/ -->\n<title>Passo a passo para cultivar laranjeiras em vasos, mesmo em espa\u00e7os pequenos<\/title>\n<meta name=\"description\" content=\"Aprenda a cultivar laranjeiras em vasos, escolha a variedade ideal e cuidados essenciais para garantir uma colheita farta e saborosa.\" \/>\n<meta name=\"robots\" content=\"index, follow, max-snippet:-1, max-image-preview:large, max-video-preview:-1\" \/>\n<link rel=\"canonical\" href=\"https:\/\/www.correiobraziliense.com.br\/cbradar\/passo-a-passo-para-cultivar-laranjeiras-em-vasos-mesmo-em-espacos-pequenos\/\" \/>\n<meta property=\"og:locale\" content=\"pt_BR\" \/>\n<meta property=\"og:type\" content=\"article\" \/>\n<meta property=\"og:title\" content=\"Passo a passo para cultivar laranjeiras em vasos, mesmo em espa\u00e7os pequenos\" \/>\n<meta property=\"og:description\" content=\"Aprenda a cultivar laranjeiras em vasos, escolha a variedade ideal e cuidados essenciais para garantir uma colheita farta e saborosa.\" \/>\n<meta property=\"og:url\" content=\"https:\/\/www.correiobraziliense.com.br\/cbradar\/passo-a-passo-para-cultivar-laranjeiras-em-vasos-mesmo-em-espacos-pequenos\/\" \/>\n<meta property=\"og:site_name\" content=\"Correio Braziliense - Radar\" \/>\n<meta property=\"article:published_time\" content=\"2025-03-11T11:10:33+00:00\" \/>\n<meta property=\"og:image\" content=\"https:\/\/www.correiobraziliense.com.br\/cbradar\/wp-content\/uploads\/2025\/02\/laranja-arvore_1740071307925.jpg\" \/>\n\t<meta property=\"og:image:width\" content=\"1280\" \/>\n\t<meta property=\"og:image:height\" content=\"720\" \/>\n\t<meta property=\"og:image:type\" content=\"image\/jpeg\" \/>\n<meta name=\"author\" content=\"Daniely Cardoso\" \/>\n<meta name=\"twitter:card\" content=\"summary_large_image\" \/>\n<meta name=\"twitter:label1\" content=\"Escrito por\" \/>\n\t<meta name=\"twitter:data1\" content=\"Daniely Cardoso\" \/>\n\t<meta name=\"twitter:label2\" content=\"Est. tempo de leitura\" \/>\n\t<meta name=\"twitter:data2\" content=\"7 minutos\" \/>\n<!-- \/ Yoast SEO plugin. -->","yoast_head_json":{"title":"Passo a passo para cultivar laranjeiras em vasos, mesmo em espa\u00e7os pequenos","description":"Aprenda a cultivar laranjeiras em vasos, escolha a variedade ideal e cuidados essenciais para garantir uma colheita farta e saborosa.","robots":{"index":"index","follow":"follow","max-snippet":"max-snippet:-1","max-image-preview":"max-image-preview:large","max-video-preview":"max-video-preview:-1"},"canonical":"https:\/\/www.correiobraziliense.com.br\/cbradar\/passo-a-passo-para-cultivar-laranjeiras-em-vasos-mesmo-em-espacos-pequenos\/","og_locale":"pt_BR","og_type":"article","og_title":"Passo a passo para cultivar laranjeiras em vasos, mesmo em espa\u00e7os pequenos","og_description":"Aprenda a cultivar laranjeiras em vasos, escolha a variedade ideal e cuidados essenciais para garantir uma colheita farta e saborosa.","og_url":"https:\/\/www.correiobraziliense.com.br\/cbradar\/passo-a-passo-para-cultivar-laranjeiras-em-vasos-mesmo-em-espacos-pequenos\/","og_site_name":"Correio Braziliense - Radar","article_published_time":"2025-03-11T11:10:33+00:00","og_image":[{"width":1280,"height":720,"url":"https:\/\/www.correiobraziliense.com.br\/cbradar\/wp-content\/uploads\/2025\/02\/laranja-arvore_1740071307925.jpg","type":"image\/jpeg"}],"author":"Daniely Cardoso","twitter_card":"summary_large_image","twitter_misc":{"Escrito por":"Daniely Cardoso","Est. tempo de leitura":"7 minutos"},"schema":{"@context":"https:\/\/schema.org","@graph":[{"@type":"WebPage","@id":"https:\/\/www.correiobraziliense.com.br\/cbradar\/passo-a-passo-para-cultivar-laranjeiras-em-vasos-mesmo-em-espacos-pequenos\/","url":"https:\/\/www.correiobraziliense.com.br\/cbradar\/passo-a-passo-para-cultivar-laranjeiras-em-vasos-mesmo-em-espacos-pequenos\/","name":"Passo a passo para cultivar laranjeiras em vasos, mesmo em espa\u00e7os pequenos","isPartOf":{"@id":"https:\/\/www.correiobraziliense.com.br\/cbradar\/#website"},"primaryImageOfPage":{"@id":"https:\/\/www.correiobraziliense.com.br\/cbradar\/passo-a-passo-para-cultivar-laranjeiras-em-vasos-mesmo-em-espacos-pequenos\/#primaryimage"},"image":{"@id":"https:\/\/www.correiobraziliense.com.br\/cbradar\/passo-a-passo-para-cultivar-laranjeiras-em-vasos-mesmo-em-espacos-pequenos\/#primaryimage"},"thumbnailUrl":"https:\/\/www.correiobraziliense.com.br\/cbradar\/wp-content\/uploads\/2025\/02\/laranja-arvore_1740071307925.jpg","datePublished":"2025-03-11T11:10:33+00:00","author":{"@id":"https:\/\/www.correiobraziliense.com.br\/cbradar\/#\/schema\/person\/7356666e12ec0ee53f348ee5db227032"},"description":"Aprenda a cultivar laranjeiras em vasos, escolha a variedade ideal e cuidados essenciais para garantir uma colheita farta e saborosa.","breadcrumb":{"@id":"https:\/\/www.correiobraziliense.com.br\/cbradar\/passo-a-passo-para-cultivar-laranjeiras-em-vasos-mesmo-em-espacos-pequenos\/#breadcrumb"},"inLanguage":"pt-BR","potentialAction":[{"@type":"ReadAction","target":["https:\/\/www.correiobraziliense.com.br\/cbradar\/passo-a-passo-para-cultivar-laranjeiras-em-vasos-mesmo-em-espacos-pequenos\/"]}]},{"@type":"ImageObject","inLanguage":"pt-BR","@id":"https:\/\/www.correiobraziliense.com.br\/cbradar\/passo-a-passo-para-cultivar-laranjeiras-em-vasos-mesmo-em-espacos-pequenos\/#primaryimage","url":"https:\/\/www.correiobraziliense.com.br\/cbradar\/wp-content\/uploads\/2025\/02\/laranja-arvore_1740071307925.jpg","contentUrl":"https:\/\/www.correiobraziliense.com.br\/cbradar\/wp-content\/uploads\/2025\/02\/laranja-arvore_1740071307925.jpg","width":1280,"height":720,"caption":"P\u00e9 de laranja - Cr\u00e9ditos: depositphotos.com \/ dvoevnore"},{"@type":"BreadcrumbList","@id":"https:\/\/www.correiobraziliense.com.br\/cbradar\/passo-a-passo-para-cultivar-laranjeiras-em-vasos-mesmo-em-espacos-pequenos\/#breadcrumb","itemListElement":[{"@type":"ListItem","position":1,"name":"In\u00edcio","item":"https:\/\/www.correiobraziliense.com.br\/cbradar\/"},{"@type":"ListItem","position":2,"name":"Passo a passo para cultivar laranjeiras em vasos, mesmo em espa\u00e7os pequenos"}]},{"@type":"WebSite","@id":"https:\/\/www.correiobraziliense.com.br\/cbradar\/#website","url":"https:\/\/www.correiobraziliense.com.br\/cbradar\/","name":"Correio Braziliense - Radar","description":"Acompanhe as \u00faltimas not\u00edcias e fique bem informado sobre tudo o que acontece no Brasil e no mundo.","potentialAction":[{"@type":"SearchAction","target":{"@type":"EntryPoint","urlTemplate":"https:\/\/www.correiobraziliense.com.br\/cbradar\/?s={search_term_string}"},"query-input":{"@type":"PropertyValueSpecification","valueRequired":true,"valueName":"search_term_string"}}],"inLanguage":"pt-BR"},{"@type":"Person","@id":"https:\/\/www.correiobraziliense.com.br\/cbradar\/#\/schema\/person\/7356666e12ec0ee53f348ee5db227032","name":"Daniely Cardoso","image":{"@type":"ImageObject","inLanguage":"pt-BR","@id":"https:\/\/www.correiobraziliense.com.br\/cbradar\/#\/schema\/person\/image\/","url":"https:\/\/secure.gravatar.com\/avatar\/4b80ddbd124d1f071b626d52d62e5dff?s=96&d=mm&r=g","contentUrl":"https:\/\/secure.gravatar.com\/avatar\/4b80ddbd124d1f071b626d52d62e5dff?s=96&d=mm&r=g","caption":"Daniely Cardoso"},"description":"Redatora nos portais CB Radar e EM Foco, formada pela Universidade Federal de Goi\u00e1s, em Goi\u00e2nia. Apaixonada por comunica\u00e7\u00e3o, arte, decora\u00e7\u00e3o e tend\u00eancias, atuo na produ\u00e7\u00e3o de conte\u00fados envolventes sobre curiosidades, moda, beleza e paisagismo, sempre com um olhar atento \u00e0s novidades do momento.","sameAs":["https:\/\/www.correiobraziliense.com.br\/cbradar"],"url":"https:\/\/www.correiobraziliense.com.br\/cbradar\/author\/danielymyth\/"}]}},"_links":{"self":[{"href":"https:\/\/www.correiobraziliense.com.br\/cbradar\/wp-json\/wp\/v2\/posts\/11179","targetHints":{"allow":["GET"]}}],"collection":[{"href":"https:\/\/www.correiobraziliense.com.br\/cbradar\/wp-json\/wp\/v2\/posts"}],"about":[{"href":"https:\/\/www.correiobraziliense.com.br\/cbradar\/wp-json\/wp\/v2\/types\/post"}],"author":[{"embeddable":true,"href":"https:\/\/www.correiobraziliense.com.br\/cbradar\/wp-json\/wp\/v2\/users\/9"}],"replies":[{"embeddable":true,"href":"https:\/\/www.correiobraziliense.com.br\/cbradar\/wp-json\/wp\/v2\/comments?post=11179"}],"version-history":[{"count":3,"href":"https:\/\/www.correiobraziliense.com.br\/cbradar\/wp-json\/wp\/v2\/posts\/11179\/revisions"}],"predecessor-version":[{"id":11184,"href":"https:\/\/www.correiobraziliense.com.br\/cbradar\/wp-json\/wp\/v2\/posts\/11179\/revisions\/11184"}],"wp:featuredmedia":[{"embeddable":true,"href":"https:\/\/www.correiobraziliense.com.br\/cbradar\/wp-json\/wp\/v2\/media\/4243"}],"wp:attachment":[{"href":"https:\/\/www.correiobraziliense.com.br\/cbradar\/wp-json\/wp\/v2\/media?parent=11179"}],"wp:term":[{"taxonomy":"category","embeddable":true,"href":"https:\/\/www.correiobraziliense.com.br\/cbradar\/wp-json\/wp\/v2\/categories?post=11179"},{"taxonomy":"post_tag","embeddable":true,"href":"https:\/\/www.correiobraziliense.com.br\/cbradar\/wp-json\/wp\/v2\/post_tag?post=11179"}],"curies":[{"name":"wp","href":"https:\/\/api.w.org\/{rel}","templated":true}]}}