{"id":111833,"date":"2025-10-03T19:43:00","date_gmt":"2025-10-03T22:43:00","guid":{"rendered":"https:\/\/www.correiobraziliense.com.br\/cbradar\/?p=111833"},"modified":"2025-09-30T12:46:06","modified_gmt":"2025-09-30T15:46:06","slug":"a-fruta-pouco-conhecida-que-ajuda-a-reduzir-a-ansiedade-e-melhora-o-sono","status":"publish","type":"post","link":"https:\/\/www.correiobraziliense.com.br\/cbradar\/a-fruta-pouco-conhecida-que-ajuda-a-reduzir-a-ansiedade-e-melhora-o-sono\/","title":{"rendered":"A fruta pouco conhecida que ajuda a reduzir a ansiedade e melhora o sono"},"content":{"rendered":"\n<p>Voc\u00ea sabia que uma fruta pouco conhecida pode ser a chave para melhorar a&nbsp;<strong>ansiedade<\/strong>&nbsp;e a&nbsp;<strong>qualidade do seu sono<\/strong>? Descubra como esse alimento natural pode transformar suas noites e sua sa\u00fade.<\/p>\n\n\n\n<ul class=\"wp-block-list\">\n<li>Entenda os principais benef\u00edcios dessa fruta para a sa\u00fade mental.<\/li>\n\n\n\n<li>Aprenda a incorporar essa fruta na sua dieta di\u00e1ria.<\/li>\n\n\n\n<li>Conhe\u00e7a relatos de pessoas que experimentaram essa maravilha.<\/li>\n<\/ul>\n\n\n\n<h2 class=\"wp-block-heading\">Como a fruta ajuda a combater a ansiedade?<\/h2>\n\n\n<div class=\"wp-block-image\">\n<figure class=\"aligncenter size-large\"><img decoding=\"async\" width=\"1024\" height=\"576\" src=\"https:\/\/www.correiobraziliense.com.br\/cbradar\/wp-content\/uploads\/2025\/07\/ansiedade_1752025977146-1024x576.jpg\" alt=\"A fruta pouco conhecida que ajuda a reduzir a ansiedade e melhora o sono\" class=\"wp-image-66918\" srcset=\"https:\/\/www.correiobraziliense.com.br\/cbradar\/wp-content\/uploads\/2025\/07\/ansiedade_1752025977146-1024x576.jpg 1024w, https:\/\/www.correiobraziliense.com.br\/cbradar\/wp-content\/uploads\/2025\/07\/ansiedade_1752025977146-300x169.jpg 300w, https:\/\/www.correiobraziliense.com.br\/cbradar\/wp-content\/uploads\/2025\/07\/ansiedade_1752025977146-768x432.jpg 768w, https:\/\/www.correiobraziliense.com.br\/cbradar\/wp-content\/uploads\/2025\/07\/ansiedade_1752025977146-750x422.jpg 750w, https:\/\/www.correiobraziliense.com.br\/cbradar\/wp-content\/uploads\/2025\/07\/ansiedade_1752025977146-1140x641.jpg 1140w, https:\/\/www.correiobraziliense.com.br\/cbradar\/wp-content\/uploads\/2025\/07\/ansiedade_1752025977146.jpg 1280w\" sizes=\"(max-width: 1024px) 100vw, 1024px\" \/><figcaption class=\"wp-element-caption\">Uma mulher sentada no ch\u00e3o &#8211; Cr\u00e9ditos: depositphotos.com \/ AndrewLozovyi<\/figcaption><\/figure><\/div>\n\n\n<p>A\u00a0<strong>fruta<\/strong>\u00a0em quest\u00e3o \u00e9 o\u00a0<strong><a href=\"https:\/\/pmc-ncbi-nlm-nih-gov.translate.goog\/articles\/PMC6267416\/?_x_tr_sl=en&amp;_x_tr_tl=pt&amp;_x_tr_hl=pt&amp;_x_tr_pto=tc\" target=\"_blank\" rel=\"noreferrer noopener\">kiwi<\/a><\/strong>, um alimento de sabor marcante e origem asi\u00e1tica. O kiwi \u00e9 rico em nutrientes que promovem a sensa\u00e7\u00e3o de bem-estar. Um dos seus principais componentes ajuda a regular os n\u00edveis de cortisol, o horm\u00f4nio do estresse.<\/p>\n\n\n\n<p>Al\u00e9m disso, a presen\u00e7a de antioxidantes combate os radicais livres, contribuindo para uma mente mais tranquila e menos ansiosa.<\/p>\n\n\n\n<p>Consumir o kiwi regularmente pode fazer parte de um plano de combate \u00e0 ansiedade, junto com outras pr\u00e1ticas saud\u00e1veis.&nbsp;Estudos recentes mostram que o kiwi apresenta compostos que estimulam neurotransmissores como a serotonina, relacionada ao humor positivo.<\/p>\n\n\n\n<p>Leia tamb\u00e9m: <a href=\"https:\/\/www.correiobraziliense.com.br\/cbradar\/caminhada-acelerada-de-15-minutos-que-substitui-treino-intenso\" target=\"_blank\" rel=\"noreferrer noopener\">Caminhada acelerada de 15 minutos que substitui treino intenso<\/a><\/p>\n\n\n\n<h2 class=\"wp-block-heading\">Qual a rela\u00e7\u00e3o da fruta com um sono melhor?<\/h2>\n\n\n\n<p>Compostos naturais presentes no kiwi podem fornecer um efeito calmante, facilitando o relaxamento necess\u00e1rio para uma boa noite de sono.<\/p>\n\n\n\n<p>Essa fruta cont\u00e9m melatonina, uma subst\u00e2ncia que ajuda a regular o ciclo do sono. Com seu consumo, a&nbsp;<strong>qualidade do sono<\/strong>&nbsp;tende a melhorar significativamente.<\/p>\n\n\n\n<p>Muitas pessoas relatam que, ao incluir o kiwi em sua dieta, dormem mais r\u00e1pido e t\u00eam um sono mais reparador. Pesquisas indicam que consumir o kiwi aproximadamente uma hora antes de dormir pode potencializar esses benef\u00edcios.<\/p>\n\n\n\n<h2 class=\"wp-block-heading\">Incorporando o kiwi na dieta di\u00e1ria<\/h2>\n\n\n<div class=\"wp-block-image\">\n<figure class=\"aligncenter size-large\"><img decoding=\"async\" width=\"1024\" height=\"576\" src=\"https:\/\/www.correiobraziliense.com.br\/cbradar\/wp-content\/uploads\/2025\/09\/kiwi-_1759154850784-1024x576.jpg\" alt=\"A fruta pouco conhecida que ajuda a reduzir a ansiedade e melhora o sono\" class=\"wp-image-111319\" srcset=\"https:\/\/www.correiobraziliense.com.br\/cbradar\/wp-content\/uploads\/2025\/09\/kiwi-_1759154850784-1024x576.jpg 1024w, https:\/\/www.correiobraziliense.com.br\/cbradar\/wp-content\/uploads\/2025\/09\/kiwi-_1759154850784-300x169.jpg 300w, https:\/\/www.correiobraziliense.com.br\/cbradar\/wp-content\/uploads\/2025\/09\/kiwi-_1759154850784-768x432.jpg 768w, https:\/\/www.correiobraziliense.com.br\/cbradar\/wp-content\/uploads\/2025\/09\/kiwi-_1759154850784-750x422.jpg 750w, https:\/\/www.correiobraziliense.com.br\/cbradar\/wp-content\/uploads\/2025\/09\/kiwi-_1759154850784-1140x641.jpg 1140w, https:\/\/www.correiobraziliense.com.br\/cbradar\/wp-content\/uploads\/2025\/09\/kiwi-_1759154850784.jpg 1280w\" sizes=\"(max-width: 1024px) 100vw, 1024px\" \/><figcaption class=\"wp-element-caption\">Kiwi &#8211; Cr\u00e9ditos: depositphotos.com \/ VadimVasenin<\/figcaption><\/figure><\/div>\n\n\n<p>Incorporar o kiwi na dieta \u00e9 simples. Ele pode ser consumido puro, em sucos, ou adicionado a smoothies e saladas.<\/p>\n\n\n\n<p>Para melhores resultados, consuma o kiwi no final da tarde ou \u00e0 noite, alinhando com os hor\u00e1rios de relaxamento do corpo.<\/p>\n\n\n\n<p>Lembre-se de variar seu consumo com outras frutas e alimentos saud\u00e1veis para uma dieta balanceada. Consultar um nutricionista pode ser \u00fatil para adequar o consumo ao seu perfil alimentar.<\/p>\n\n\n\n<h2 class=\"wp-block-heading\">Relatos de sucesso com o uso da fruta<\/h2>\n\n\n\n<p>Pessoas que inclu\u00edram o kiwi em suas rotinas relataram uma redu\u00e7\u00e3o consider\u00e1vel nos n\u00edveis de ansiedade.<\/p>\n\n\n\n<p>Usu\u00e1rios tamb\u00e9m mencionam uma melhoria not\u00e1vel na qualidade e dura\u00e7\u00e3o do sono, acordando mais revigorados.<\/p>\n\n\n\n<p>Esses relatos s\u00e3o respaldados por estudos que apontam os benef\u00edcios comprovados do kiwi para a sa\u00fade mental. Em f\u00f3runs de sa\u00fade, muitos compartilham experi\u00eancias positivas sobre como o kiwi impactou seu bem-estar emocional.<\/p>\n\n\n\n<h2 class=\"wp-block-heading\">Por que escolher essa fruta para sua sa\u00fade?<\/h2>\n\n\n\n<p>O kiwi oferece uma alternativa natural e eficaz para reduzir a ansiedade, sem os efeitos colaterais comuns de medicamentos.<\/p>\n\n\n\n<p>Al\u00e9m disso, melhora a qualidade do sono, beneficiando o corpo e a mente de forma integrada.<\/p>\n\n\n\n<p>Experimente incluir essa fruta em sua dieta e sinta a diferen\u00e7a na sua sa\u00fade e bem-estar.<\/p>\n\n\n\n<p>Leia tamb\u00e9m: <a href=\"https:\/\/www.correiobraziliense.com.br\/cbradar\/a-falta-desse-nutriente-comum-pode-estar-fazendo-seus-cabelos-cairem\" target=\"_blank\" rel=\"noreferrer noopener\">A falta desse nutriente comum pode estar fazendo seus cabelos ca\u00edrem<\/a><\/p>\n","protected":false},"excerpt":{"rendered":"<p>Voc\u00ea sabia que uma fruta pouco conhecida pode ser a chave para melhorar a&nbsp;ansiedade&nbsp;e a&nbsp;qualidade do seu sono? Descubra como esse alimento natural pode transformar suas noites e sua sa\u00fade. Como a fruta ajuda a combater a ansiedade? A\u00a0fruta\u00a0em quest\u00e3o \u00e9 o\u00a0kiwi, um alimento de sabor marcante e origem asi\u00e1tica. O kiwi \u00e9 rico em [&hellip;]<\/p>\n","protected":false},"author":11,"featured_media":111318,"comment_status":"open","ping_status":"open","sticky":false,"template":"","format":"standard","meta":{"_yoast_wpseo_focuskw":"fruta","_yoast_wpseo_title":"","_yoast_wpseo_metadesc":"Fruta pouco conhecida auxilia na redu\u00e7\u00e3o da ansiedade e promove um sono mais profundo trazendo equil\u00edbrio e bem-estar ao corpo","jnews-multi-image_gallery":[],"jnews_single_post":{"format":"standard"},"jnews_primary_category":[],"jnews_social_meta":[],"jnews_override_counter":[],"footnotes":""},"categories":[119],"tags":[1423,812,1637,1318],"class_list":["post-111833","post","type-post","status-publish","format-standard","has-post-thumbnail","hentry","category-bem-estar","tag-alimentos","tag-ansiedade","tag-kiwi","tag-saude-2"],"yoast_head":"<!-- This site is optimized with the Yoast SEO plugin v24.6 - https:\/\/yoast.com\/wordpress\/plugins\/seo\/ -->\n<title>A fruta pouco conhecida que ajuda a reduzir a ansiedade e melhora o sono - Correio Braziliense - Radar<\/title>\n<meta name=\"description\" content=\"Fruta pouco conhecida auxilia na redu\u00e7\u00e3o da ansiedade e promove um sono mais profundo trazendo equil\u00edbrio e bem-estar ao corpo\" \/>\n<meta name=\"robots\" content=\"index, follow, max-snippet:-1, max-image-preview:large, max-video-preview:-1\" \/>\n<link rel=\"canonical\" href=\"https:\/\/www.correiobraziliense.com.br\/cbradar\/a-fruta-pouco-conhecida-que-ajuda-a-reduzir-a-ansiedade-e-melhora-o-sono\/\" \/>\n<meta property=\"og:locale\" content=\"pt_BR\" \/>\n<meta property=\"og:type\" content=\"article\" \/>\n<meta property=\"og:title\" content=\"A fruta pouco conhecida que ajuda a reduzir a ansiedade e melhora o sono - Correio Braziliense - Radar\" \/>\n<meta property=\"og:description\" content=\"Fruta pouco conhecida auxilia na redu\u00e7\u00e3o da ansiedade e promove um sono mais profundo trazendo equil\u00edbrio e bem-estar ao corpo\" \/>\n<meta property=\"og:url\" content=\"https:\/\/www.correiobraziliense.com.br\/cbradar\/a-fruta-pouco-conhecida-que-ajuda-a-reduzir-a-ansiedade-e-melhora-o-sono\/\" \/>\n<meta property=\"og:site_name\" content=\"Correio Braziliense - Radar\" \/>\n<meta property=\"article:published_time\" content=\"2025-10-03T22:43:00+00:00\" \/>\n<meta property=\"og:image\" content=\"https:\/\/www.correiobraziliense.com.br\/cbradar\/wp-content\/uploads\/2025\/09\/kiwi-_1759154768889.jpg\" \/>\n\t<meta property=\"og:image:width\" content=\"1280\" \/>\n\t<meta property=\"og:image:height\" content=\"720\" \/>\n\t<meta property=\"og:image:type\" content=\"image\/jpeg\" \/>\n<meta name=\"author\" content=\"Paulo Custodio\" \/>\n<meta name=\"twitter:card\" content=\"summary_large_image\" \/>\n<meta name=\"twitter:label1\" content=\"Escrito por\" \/>\n\t<meta name=\"twitter:data1\" content=\"Paulo Custodio\" \/>\n\t<meta name=\"twitter:label2\" content=\"Est. tempo de leitura\" \/>\n\t<meta name=\"twitter:data2\" content=\"4 minutos\" \/>\n<!-- \/ Yoast SEO plugin. -->","yoast_head_json":{"title":"A fruta pouco conhecida que ajuda a reduzir a ansiedade e melhora o sono - Correio Braziliense - Radar","description":"Fruta pouco conhecida auxilia na redu\u00e7\u00e3o da ansiedade e promove um sono mais profundo trazendo equil\u00edbrio e bem-estar ao corpo","robots":{"index":"index","follow":"follow","max-snippet":"max-snippet:-1","max-image-preview":"max-image-preview:large","max-video-preview":"max-video-preview:-1"},"canonical":"https:\/\/www.correiobraziliense.com.br\/cbradar\/a-fruta-pouco-conhecida-que-ajuda-a-reduzir-a-ansiedade-e-melhora-o-sono\/","og_locale":"pt_BR","og_type":"article","og_title":"A fruta pouco conhecida que ajuda a reduzir a ansiedade e melhora o sono - Correio Braziliense - Radar","og_description":"Fruta pouco conhecida auxilia na redu\u00e7\u00e3o da ansiedade e promove um sono mais profundo trazendo equil\u00edbrio e bem-estar ao corpo","og_url":"https:\/\/www.correiobraziliense.com.br\/cbradar\/a-fruta-pouco-conhecida-que-ajuda-a-reduzir-a-ansiedade-e-melhora-o-sono\/","og_site_name":"Correio Braziliense - Radar","article_published_time":"2025-10-03T22:43:00+00:00","og_image":[{"width":1280,"height":720,"url":"https:\/\/www.correiobraziliense.com.br\/cbradar\/wp-content\/uploads\/2025\/09\/kiwi-_1759154768889.jpg","type":"image\/jpeg"}],"author":"Paulo Custodio","twitter_card":"summary_large_image","twitter_misc":{"Escrito por":"Paulo Custodio","Est. tempo de leitura":"4 minutos"},"schema":{"@context":"https:\/\/schema.org","@graph":[{"@type":"WebPage","@id":"https:\/\/www.correiobraziliense.com.br\/cbradar\/a-fruta-pouco-conhecida-que-ajuda-a-reduzir-a-ansiedade-e-melhora-o-sono\/","url":"https:\/\/www.correiobraziliense.com.br\/cbradar\/a-fruta-pouco-conhecida-que-ajuda-a-reduzir-a-ansiedade-e-melhora-o-sono\/","name":"A fruta pouco conhecida que ajuda a reduzir a ansiedade e melhora o sono - Correio Braziliense - Radar","isPartOf":{"@id":"https:\/\/www.correiobraziliense.com.br\/cbradar\/#website"},"primaryImageOfPage":{"@id":"https:\/\/www.correiobraziliense.com.br\/cbradar\/a-fruta-pouco-conhecida-que-ajuda-a-reduzir-a-ansiedade-e-melhora-o-sono\/#primaryimage"},"image":{"@id":"https:\/\/www.correiobraziliense.com.br\/cbradar\/a-fruta-pouco-conhecida-que-ajuda-a-reduzir-a-ansiedade-e-melhora-o-sono\/#primaryimage"},"thumbnailUrl":"https:\/\/www.correiobraziliense.com.br\/cbradar\/wp-content\/uploads\/2025\/09\/kiwi-_1759154768889.jpg","datePublished":"2025-10-03T22:43:00+00:00","author":{"@id":"https:\/\/www.correiobraziliense.com.br\/cbradar\/#\/schema\/person\/4cec7857301a9a1a2ef249893cd908d3"},"description":"Fruta pouco conhecida auxilia na redu\u00e7\u00e3o da ansiedade e promove um sono mais profundo trazendo equil\u00edbrio e bem-estar ao corpo","breadcrumb":{"@id":"https:\/\/www.correiobraziliense.com.br\/cbradar\/a-fruta-pouco-conhecida-que-ajuda-a-reduzir-a-ansiedade-e-melhora-o-sono\/#breadcrumb"},"inLanguage":"pt-BR","potentialAction":[{"@type":"ReadAction","target":["https:\/\/www.correiobraziliense.com.br\/cbradar\/a-fruta-pouco-conhecida-que-ajuda-a-reduzir-a-ansiedade-e-melhora-o-sono\/"]}]},{"@type":"ImageObject","inLanguage":"pt-BR","@id":"https:\/\/www.correiobraziliense.com.br\/cbradar\/a-fruta-pouco-conhecida-que-ajuda-a-reduzir-a-ansiedade-e-melhora-o-sono\/#primaryimage","url":"https:\/\/www.correiobraziliense.com.br\/cbradar\/wp-content\/uploads\/2025\/09\/kiwi-_1759154768889.jpg","contentUrl":"https:\/\/www.correiobraziliense.com.br\/cbradar\/wp-content\/uploads\/2025\/09\/kiwi-_1759154768889.jpg","width":1280,"height":720,"caption":"Kiwi - Cr\u00e9ditos: depositphotos.com \/ REDPIXEL"},{"@type":"BreadcrumbList","@id":"https:\/\/www.correiobraziliense.com.br\/cbradar\/a-fruta-pouco-conhecida-que-ajuda-a-reduzir-a-ansiedade-e-melhora-o-sono\/#breadcrumb","itemListElement":[{"@type":"ListItem","position":1,"name":"In\u00edcio","item":"https:\/\/www.correiobraziliense.com.br\/cbradar\/"},{"@type":"ListItem","position":2,"name":"A fruta pouco conhecida que ajuda a reduzir a ansiedade e melhora o sono"}]},{"@type":"WebSite","@id":"https:\/\/www.correiobraziliense.com.br\/cbradar\/#website","url":"https:\/\/www.correiobraziliense.com.br\/cbradar\/","name":"Correio Braziliense - Radar","description":"Acompanhe as \u00faltimas not\u00edcias e fique bem informado sobre tudo o que acontece no Brasil e no mundo.","potentialAction":[{"@type":"SearchAction","target":{"@type":"EntryPoint","urlTemplate":"https:\/\/www.correiobraziliense.com.br\/cbradar\/?s={search_term_string}"},"query-input":{"@type":"PropertyValueSpecification","valueRequired":true,"valueName":"search_term_string"}}],"inLanguage":"pt-BR"},{"@type":"Person","@id":"https:\/\/www.correiobraziliense.com.br\/cbradar\/#\/schema\/person\/4cec7857301a9a1a2ef249893cd908d3","name":"Paulo Custodio","image":{"@type":"ImageObject","inLanguage":"pt-BR","@id":"https:\/\/www.correiobraziliense.com.br\/cbradar\/#\/schema\/person\/image\/","url":"https:\/\/secure.gravatar.com\/avatar\/bcd67168d1534e8fcf4f45c726a87cea?s=96&d=mm&r=g","contentUrl":"https:\/\/secure.gravatar.com\/avatar\/bcd67168d1534e8fcf4f45c726a87cea?s=96&d=mm&r=g","caption":"Paulo Custodio"},"sameAs":["https:\/\/www.correiobraziliense.com.br\/cbradar"],"url":"https:\/\/www.correiobraziliense.com.br\/cbradar\/author\/paulomyth\/"}]}},"_links":{"self":[{"href":"https:\/\/www.correiobraziliense.com.br\/cbradar\/wp-json\/wp\/v2\/posts\/111833","targetHints":{"allow":["GET"]}}],"collection":[{"href":"https:\/\/www.correiobraziliense.com.br\/cbradar\/wp-json\/wp\/v2\/posts"}],"about":[{"href":"https:\/\/www.correiobraziliense.com.br\/cbradar\/wp-json\/wp\/v2\/types\/post"}],"author":[{"embeddable":true,"href":"https:\/\/www.correiobraziliense.com.br\/cbradar\/wp-json\/wp\/v2\/users\/11"}],"replies":[{"embeddable":true,"href":"https:\/\/www.correiobraziliense.com.br\/cbradar\/wp-json\/wp\/v2\/comments?post=111833"}],"version-history":[{"count":1,"href":"https:\/\/www.correiobraziliense.com.br\/cbradar\/wp-json\/wp\/v2\/posts\/111833\/revisions"}],"predecessor-version":[{"id":111834,"href":"https:\/\/www.correiobraziliense.com.br\/cbradar\/wp-json\/wp\/v2\/posts\/111833\/revisions\/111834"}],"wp:featuredmedia":[{"embeddable":true,"href":"https:\/\/www.correiobraziliense.com.br\/cbradar\/wp-json\/wp\/v2\/media\/111318"}],"wp:attachment":[{"href":"https:\/\/www.correiobraziliense.com.br\/cbradar\/wp-json\/wp\/v2\/media?parent=111833"}],"wp:term":[{"taxonomy":"category","embeddable":true,"href":"https:\/\/www.correiobraziliense.com.br\/cbradar\/wp-json\/wp\/v2\/categories?post=111833"},{"taxonomy":"post_tag","embeddable":true,"href":"https:\/\/www.correiobraziliense.com.br\/cbradar\/wp-json\/wp\/v2\/tags?post=111833"}],"curies":[{"name":"wp","href":"https:\/\/api.w.org\/{rel}","templated":true}]}}