{"id":112056,"date":"2025-10-02T22:03:00","date_gmt":"2025-10-03T01:03:00","guid":{"rendered":"https:\/\/www.correiobraziliense.com.br\/cbradar\/?p=112056"},"modified":"2025-09-30T22:32:19","modified_gmt":"2025-10-01T01:32:19","slug":"estudo-sugere-que-vaporizar-aumenta-o-risco-de-pre-diabetes","status":"publish","type":"post","link":"https:\/\/www.correiobraziliense.com.br\/cbradar\/estudo-sugere-que-vaporizar-aumenta-o-risco-de-pre-diabetes\/","title":{"rendered":"Estudo sugere que vaporizar aumenta o risco de pr\u00e9-diabetes"},"content":{"rendered":"\n<p>A recente descoberta de um <strong>estudo<\/strong> sugere que o uso de cigarros eletr\u00f4nicos pode aumentar o risco de <strong>pr\u00e9-diabetes<\/strong>. Pessoas que fumam tanto cigarros convencionais quanto os eletr\u00f4nicos correm um risco ainda maior. A pr\u00e9-diabetes \u00e9 uma condi\u00e7\u00e3o em que o n\u00edvel de a\u00e7\u00facar no sangue est\u00e1 mais alto que o normal, e pode preceder o desenvolvimento do diabetes tipo 2.<\/p>\n\n\n\n<ul class=\"wp-block-list\">\n<li>O uso de cigarros eletr\u00f4nicos isoladamente eleva o risco de pr\u00e9-diabetes em 7%.<\/li>\n\n\n\n<li>Fumantes de cigarros convencionais t\u00eam um risco 15% maior de pr\u00e9-diabetes.<\/li>\n\n\n\n<li>Usu\u00e1rios de ambos tipos de cigarros apresentam o maior risco, 28% a mais do que n\u00e3o fumantes.<\/li>\n<\/ul>\n\n\n\n<h2 class=\"wp-block-heading\">O que \u00e9 pr\u00e9-diabetes?<\/h2>\n\n\n\n<p>A <strong>pr\u00e9-diabetes<\/strong> ocorre quando os n\u00edveis de a\u00e7\u00facar no sangue est\u00e3o elevados, mas n\u00e3o o suficiente para serem classificados como diabetes tipo 2. \u00c9 uma condi\u00e7\u00e3o revers\u00edvel, mas pode indicar danos card\u00edacos, renais e nervosos. <em>Efeitos<\/em> como esses s\u00e3o bem conhecidos nos fumantes, mas os resultados dos cigarros eletr\u00f4nicos ainda s\u00e3o incertos.<\/p>\n\n\n\n<h2 class=\"wp-block-heading\">Quais s\u00e3o os riscos do uso duplo?<\/h2>\n\n\n\n<p>Segundo o estudo, pessoas que combinam o uso de cigarro convencional e eletr\u00f4nico apresentam um risco aumentado de 28% para pr\u00e9-diabetes. O <strong>risco<\/strong> para diabetes total \u00e9 tamb\u00e9m maior entre os usu\u00e1rios duplos, 9% acima dos n\u00e3o fumantes.<\/p>\n\n\n\n<p>&#8220;O uso de <strong>e-cigarros<\/strong> sozinho aumenta a chance de pr\u00e9-diabetes, e o uso duplo confere risco adicional. Este estudo destaca os danos potenciais de ambos os tipos de produtos,&#8221; diz <strong>Sulakshan Neupane<\/strong>, economista de sa\u00fade da <strong>Universidade da Ge\u00f3rgia<\/strong>.<\/p>\n\n\n\n<figure class=\"wp-block-image size-large\"><img decoding=\"async\" width=\"1024\" height=\"576\" src=\"https:\/\/www.correiobraziliense.com.br\/cbradar\/wp-content\/uploads\/2025\/09\/cigarro-eletronico_1759261501026-1024x576.jpg\" alt=\"Estudo sugere que vaporizar aumenta o risco de pr\u00e9-diabetes\" class=\"wp-image-112064\" srcset=\"https:\/\/www.correiobraziliense.com.br\/cbradar\/wp-content\/uploads\/2025\/09\/cigarro-eletronico_1759261501026-1024x576.jpg 1024w, https:\/\/www.correiobraziliense.com.br\/cbradar\/wp-content\/uploads\/2025\/09\/cigarro-eletronico_1759261501026-300x169.jpg 300w, https:\/\/www.correiobraziliense.com.br\/cbradar\/wp-content\/uploads\/2025\/09\/cigarro-eletronico_1759261501026-768x432.jpg 768w, https:\/\/www.correiobraziliense.com.br\/cbradar\/wp-content\/uploads\/2025\/09\/cigarro-eletronico_1759261501026-750x422.jpg 750w, https:\/\/www.correiobraziliense.com.br\/cbradar\/wp-content\/uploads\/2025\/09\/cigarro-eletronico_1759261501026-1140x641.jpg 1140w, https:\/\/www.correiobraziliense.com.br\/cbradar\/wp-content\/uploads\/2025\/09\/cigarro-eletronico_1759261501026.jpg 1280w\" sizes=\"(max-width: 1024px) 100vw, 1024px\" \/><figcaption class=\"wp-element-caption\">Pessoa soltando fuma\u00e7a\nCr\u00e9ditos: depositphotos.com \/ EdZbarzhyvetsky<\/figcaption><\/figure>\n\n\n\n<h2 class=\"wp-block-heading\">Por que a pesquisa importa?<\/h2>\n\n\n\n<p>Esta an\u00e1lise evalia a rela\u00e7\u00e3o entre dispositivos n\u00e3o combust\u00edveis e problemas de sa\u00fade metab\u00f3licos. Apesar de ser um estudo observado, \u00e9 importante considerar seus resultados, j\u00e1 que originam-se de dados significativos coletados por mais de 1.2 milh\u00e3o de pontos de dados.<\/p>\n\n\n\n<h2 class=\"wp-block-heading\">Quem est\u00e1 mais em risco?<\/h2>\n\n\n\n<p>O estudo tamb\u00e9m indica que usu\u00e1rios de cigarros eletr\u00f4nicos com sobrepeso ou obesidade t\u00eam um risco maior de pr\u00e9-diabetes em compara\u00e7\u00e3o a usu\u00e1rios de peso mais baixo. Al\u00e9m disso, latinos, negros e asi\u00e1ticos demonstraram um risco aumentado em rela\u00e7\u00e3o a pessoas brancas.<\/p>\n\n\n\n<p>Outro dado importante mencionado pela <strong>AJPM Focus<\/strong> \u00e9 que jovens adultos e adolescentes tamb\u00e9m est\u00e3o adotando os cigarros eletr\u00f4nicos em taxas crescentes, tornando essa popula\u00e7\u00e3o especialmente vulner\u00e1vel aos efeitos metab\u00f3licos adversos.<\/p>\n\n\n\n<p>Leia tamb\u00e9m: <a href=\"https:\/\/www.correiobraziliense.com.br\/cbradar\/dentista-explica-como-o-impacto-do-cigarro-na-boca-vai-alem-do-mau-halito\/\" target=\"_blank\" rel=\"noreferrer noopener\">Dentista explica como o impacto do cigarro na boca vai al\u00e9m do mau h\u00e1lito<\/a><\/p>\n\n\n\n<h2 class=\"wp-block-heading\">Compreender os impactos a longo prazo<\/h2>\n\n\n\n<p>Embora o estudo seja limitado, as correla\u00e7\u00f5es encontradas fornecem um importante marco para futuras pesquisas. \u00c9 crucial determinar os efeitos completos dos cigarros eletr\u00f4nicos n\u00e3o apenas nos pulm\u00f5es, mas em todo o corpo e na sa\u00fade metab\u00f3lica em geral.<\/p>\n\n\n\n<p>Conforme aumenta o uso de <strong>e-cigarros<\/strong>, compreender seus impactos de sa\u00fade mais abrangentes torna-se vital. Este \u00e9 um ponto chave na <em>publica\u00e7\u00e3o<\/em> do estudo na <strong>AJPM Focus<\/strong>.<\/p>\n\n\n\n<h2 class=\"wp-block-heading\">Principais considera\u00e7\u00f5es: sa\u00fade e preven\u00e7\u00e3o<\/h2>\n\n\n\n<ul class=\"wp-block-list\">\n<li>O uso exclusivo de cigarros eletr\u00f4nicos aumenta o risco de pr\u00e9-diabetes em 7%.<\/li>\n\n\n\n<li>O uso combinado de cigarros convencionais e eletr\u00f4nicos apresenta o maior risco para pr\u00e9-diabetes.<\/li>\n\n\n\n<li>H\u00e1 uma necessidade cr\u00edtica de entender os efeitos a longo prazo do uso de e-cigarros na sa\u00fade metab\u00f3lica.<\/li>\n<\/ul>\n","protected":false},"excerpt":{"rendered":"<p>Novo estudo revela que uso de e-cigarros pode aumentar o risco de pr\u00e9-diabetes, especialmente quando combinados com cigarros tradicionais.<\/p>\n","protected":false},"author":3,"featured_media":112063,"comment_status":"open","ping_status":"open","sticky":false,"template":"","format":"standard","meta":{"_yoast_wpseo_focuskw":"vaporizar aumenta risco diabetes","_yoast_wpseo_title":"%%title%%","_yoast_wpseo_metadesc":"Novo estudo revela que uso de e-cigarros pode aumentar o risco de pr\u00e9-diabetes, especialmente quando combinados com cigarros tradicionais.","jnews-multi-image_gallery":[],"jnews_single_post":{"format":"standard"},"jnews_primary_category":[],"jnews_social_meta":[],"jnews_override_counter":[],"footnotes":""},"categories":[112],"tags":[120,1318],"class_list":["post-112056","post","type-post","status-publish","format-standard","has-post-thumbnail","hentry","category-curiosidades","tag-bem-estar","tag-saude-2"],"yoast_head":"<!-- This site is optimized with the Yoast SEO plugin v24.6 - https:\/\/yoast.com\/wordpress\/plugins\/seo\/ -->\n<title>Estudo sugere que vaporizar aumenta o risco de pr\u00e9-diabetes<\/title>\n<meta name=\"description\" content=\"Novo estudo revela que uso de e-cigarros pode aumentar o risco de pr\u00e9-diabetes, especialmente quando combinados com cigarros tradicionais.\" \/>\n<meta name=\"robots\" content=\"index, follow, max-snippet:-1, max-image-preview:large, max-video-preview:-1\" \/>\n<link rel=\"canonical\" href=\"https:\/\/www.correiobraziliense.com.br\/cbradar\/estudo-sugere-que-vaporizar-aumenta-o-risco-de-pre-diabetes\/\" \/>\n<meta property=\"og:locale\" content=\"pt_BR\" \/>\n<meta property=\"og:type\" content=\"article\" \/>\n<meta property=\"og:title\" content=\"Estudo sugere que vaporizar aumenta o risco de pr\u00e9-diabetes\" \/>\n<meta property=\"og:description\" content=\"Novo estudo revela que uso de e-cigarros pode aumentar o risco de pr\u00e9-diabetes, especialmente quando combinados com cigarros tradicionais.\" \/>\n<meta property=\"og:url\" content=\"https:\/\/www.correiobraziliense.com.br\/cbradar\/estudo-sugere-que-vaporizar-aumenta-o-risco-de-pre-diabetes\/\" \/>\n<meta property=\"og:site_name\" content=\"Correio Braziliense - Radar\" \/>\n<meta property=\"article:published_time\" content=\"2025-10-03T01:03:00+00:00\" \/>\n<meta property=\"og:image\" content=\"https:\/\/www.correiobraziliense.com.br\/cbradar\/wp-content\/uploads\/2025\/09\/cigarro-eletronico_1759261477797.jpg\" \/>\n\t<meta property=\"og:image:width\" content=\"1280\" \/>\n\t<meta property=\"og:image:height\" content=\"720\" \/>\n\t<meta property=\"og:image:type\" content=\"image\/jpeg\" \/>\n<meta name=\"author\" content=\"Larissa Carvalho\" \/>\n<meta name=\"twitter:card\" content=\"summary_large_image\" \/>\n<meta name=\"twitter:label1\" content=\"Escrito por\" \/>\n\t<meta name=\"twitter:data1\" content=\"Larissa Carvalho\" \/>\n\t<meta name=\"twitter:label2\" content=\"Est. tempo de leitura\" \/>\n\t<meta name=\"twitter:data2\" content=\"4 minutos\" \/>\n<!-- \/ Yoast SEO plugin. -->","yoast_head_json":{"title":"Estudo sugere que vaporizar aumenta o risco de pr\u00e9-diabetes","description":"Novo estudo revela que uso de e-cigarros pode aumentar o risco de pr\u00e9-diabetes, especialmente quando combinados com cigarros tradicionais.","robots":{"index":"index","follow":"follow","max-snippet":"max-snippet:-1","max-image-preview":"max-image-preview:large","max-video-preview":"max-video-preview:-1"},"canonical":"https:\/\/www.correiobraziliense.com.br\/cbradar\/estudo-sugere-que-vaporizar-aumenta-o-risco-de-pre-diabetes\/","og_locale":"pt_BR","og_type":"article","og_title":"Estudo sugere que vaporizar aumenta o risco de pr\u00e9-diabetes","og_description":"Novo estudo revela que uso de e-cigarros pode aumentar o risco de pr\u00e9-diabetes, especialmente quando combinados com cigarros tradicionais.","og_url":"https:\/\/www.correiobraziliense.com.br\/cbradar\/estudo-sugere-que-vaporizar-aumenta-o-risco-de-pre-diabetes\/","og_site_name":"Correio Braziliense - Radar","article_published_time":"2025-10-03T01:03:00+00:00","og_image":[{"width":1280,"height":720,"url":"https:\/\/www.correiobraziliense.com.br\/cbradar\/wp-content\/uploads\/2025\/09\/cigarro-eletronico_1759261477797.jpg","type":"image\/jpeg"}],"author":"Larissa Carvalho","twitter_card":"summary_large_image","twitter_misc":{"Escrito por":"Larissa Carvalho","Est. tempo de leitura":"4 minutos"},"schema":{"@context":"https:\/\/schema.org","@graph":[{"@type":"WebPage","@id":"https:\/\/www.correiobraziliense.com.br\/cbradar\/estudo-sugere-que-vaporizar-aumenta-o-risco-de-pre-diabetes\/","url":"https:\/\/www.correiobraziliense.com.br\/cbradar\/estudo-sugere-que-vaporizar-aumenta-o-risco-de-pre-diabetes\/","name":"Estudo sugere que vaporizar aumenta o risco de pr\u00e9-diabetes","isPartOf":{"@id":"https:\/\/www.correiobraziliense.com.br\/cbradar\/#website"},"primaryImageOfPage":{"@id":"https:\/\/www.correiobraziliense.com.br\/cbradar\/estudo-sugere-que-vaporizar-aumenta-o-risco-de-pre-diabetes\/#primaryimage"},"image":{"@id":"https:\/\/www.correiobraziliense.com.br\/cbradar\/estudo-sugere-que-vaporizar-aumenta-o-risco-de-pre-diabetes\/#primaryimage"},"thumbnailUrl":"https:\/\/www.correiobraziliense.com.br\/cbradar\/wp-content\/uploads\/2025\/09\/cigarro-eletronico_1759261477797.jpg","datePublished":"2025-10-03T01:03:00+00:00","author":{"@id":"https:\/\/www.correiobraziliense.com.br\/cbradar\/#\/schema\/person\/58422787644df994b53a19d3e56c1513"},"description":"Novo estudo revela que uso de e-cigarros pode aumentar o risco de pr\u00e9-diabetes, especialmente quando combinados com cigarros tradicionais.","breadcrumb":{"@id":"https:\/\/www.correiobraziliense.com.br\/cbradar\/estudo-sugere-que-vaporizar-aumenta-o-risco-de-pre-diabetes\/#breadcrumb"},"inLanguage":"pt-BR","potentialAction":[{"@type":"ReadAction","target":["https:\/\/www.correiobraziliense.com.br\/cbradar\/estudo-sugere-que-vaporizar-aumenta-o-risco-de-pre-diabetes\/"]}]},{"@type":"ImageObject","inLanguage":"pt-BR","@id":"https:\/\/www.correiobraziliense.com.br\/cbradar\/estudo-sugere-que-vaporizar-aumenta-o-risco-de-pre-diabetes\/#primaryimage","url":"https:\/\/www.correiobraziliense.com.br\/cbradar\/wp-content\/uploads\/2025\/09\/cigarro-eletronico_1759261477797.jpg","contentUrl":"https:\/\/www.correiobraziliense.com.br\/cbradar\/wp-content\/uploads\/2025\/09\/cigarro-eletronico_1759261477797.jpg","width":1280,"height":720,"caption":"Cigarro eletr\u00f4nico Cr\u00e9ditos: depositphotos.com \/ REDPIXEL"},{"@type":"BreadcrumbList","@id":"https:\/\/www.correiobraziliense.com.br\/cbradar\/estudo-sugere-que-vaporizar-aumenta-o-risco-de-pre-diabetes\/#breadcrumb","itemListElement":[{"@type":"ListItem","position":1,"name":"In\u00edcio","item":"https:\/\/www.correiobraziliense.com.br\/cbradar\/"},{"@type":"ListItem","position":2,"name":"Estudo sugere que vaporizar aumenta o risco de pr\u00e9-diabetes"}]},{"@type":"WebSite","@id":"https:\/\/www.correiobraziliense.com.br\/cbradar\/#website","url":"https:\/\/www.correiobraziliense.com.br\/cbradar\/","name":"Correio Braziliense - Radar","description":"Acompanhe as \u00faltimas not\u00edcias e fique bem informado sobre tudo o que acontece no Brasil e no mundo.","potentialAction":[{"@type":"SearchAction","target":{"@type":"EntryPoint","urlTemplate":"https:\/\/www.correiobraziliense.com.br\/cbradar\/?s={search_term_string}"},"query-input":{"@type":"PropertyValueSpecification","valueRequired":true,"valueName":"search_term_string"}}],"inLanguage":"pt-BR"},{"@type":"Person","@id":"https:\/\/www.correiobraziliense.com.br\/cbradar\/#\/schema\/person\/58422787644df994b53a19d3e56c1513","name":"Larissa Carvalho","image":{"@type":"ImageObject","inLanguage":"pt-BR","@id":"https:\/\/www.correiobraziliense.com.br\/cbradar\/#\/schema\/person\/image\/","url":"https:\/\/secure.gravatar.com\/avatar\/fe4f91a0de32b52a838d0d612abdc1aa?s=96&d=mm&r=g","contentUrl":"https:\/\/secure.gravatar.com\/avatar\/fe4f91a0de32b52a838d0d612abdc1aa?s=96&d=mm&r=g","caption":"Larissa Carvalho"},"url":"https:\/\/www.correiobraziliense.com.br\/cbradar\/author\/larissamyth\/"}]}},"_links":{"self":[{"href":"https:\/\/www.correiobraziliense.com.br\/cbradar\/wp-json\/wp\/v2\/posts\/112056","targetHints":{"allow":["GET"]}}],"collection":[{"href":"https:\/\/www.correiobraziliense.com.br\/cbradar\/wp-json\/wp\/v2\/posts"}],"about":[{"href":"https:\/\/www.correiobraziliense.com.br\/cbradar\/wp-json\/wp\/v2\/types\/post"}],"author":[{"embeddable":true,"href":"https:\/\/www.correiobraziliense.com.br\/cbradar\/wp-json\/wp\/v2\/users\/3"}],"replies":[{"embeddable":true,"href":"https:\/\/www.correiobraziliense.com.br\/cbradar\/wp-json\/wp\/v2\/comments?post=112056"}],"version-history":[{"count":2,"href":"https:\/\/www.correiobraziliense.com.br\/cbradar\/wp-json\/wp\/v2\/posts\/112056\/revisions"}],"predecessor-version":[{"id":112177,"href":"https:\/\/www.correiobraziliense.com.br\/cbradar\/wp-json\/wp\/v2\/posts\/112056\/revisions\/112177"}],"wp:featuredmedia":[{"embeddable":true,"href":"https:\/\/www.correiobraziliense.com.br\/cbradar\/wp-json\/wp\/v2\/media\/112063"}],"wp:attachment":[{"href":"https:\/\/www.correiobraziliense.com.br\/cbradar\/wp-json\/wp\/v2\/media?parent=112056"}],"wp:term":[{"taxonomy":"category","embeddable":true,"href":"https:\/\/www.correiobraziliense.com.br\/cbradar\/wp-json\/wp\/v2\/categories?post=112056"},{"taxonomy":"post_tag","embeddable":true,"href":"https:\/\/www.correiobraziliense.com.br\/cbradar\/wp-json\/wp\/v2\/tags?post=112056"}],"curies":[{"name":"wp","href":"https:\/\/api.w.org\/{rel}","templated":true}]}}