{"id":112127,"date":"2025-10-01T22:33:00","date_gmt":"2025-10-02T01:33:00","guid":{"rendered":"https:\/\/www.correiobraziliense.com.br\/cbradar\/?p=112127"},"modified":"2025-09-30T19:10:01","modified_gmt":"2025-09-30T22:10:01","slug":"abacate-o-heroi-mais-subestimado-da-sua-dieta","status":"publish","type":"post","link":"https:\/\/www.correiobraziliense.com.br\/cbradar\/abacate-o-heroi-mais-subestimado-da-sua-dieta\/","title":{"rendered":"Abacate o her\u00f3i mais subestimado da sua dieta"},"content":{"rendered":"\n<p>O <strong>Abacate <\/strong>ganhou destaque no mundo da nutri\u00e7\u00e3o, passando de vil\u00e3o a her\u00f3i devido ao seu impressionante perfil de nutrientes. Antes marcado como uma fonte de gordura indesejada, hoje \u00e9 respeitado como um alimento rico em benef\u00edcios para a <a href=\"https:\/\/www.correiobraziliense.com.br\/cbradar\/dr-baltazar-leao-neurocirurgiao-o-tumor-cerebral-mais-agressivo-e-o-desafio-da-medicina-moderna\/\" target=\"_blank\" rel=\"noreferrer noopener\">sa\u00fade<\/a>.<\/p>\n\n\n\n<p>Seu uso adequado dentro de uma dieta balanceada tem propriedades comprovadas que podem trazer diversas vantagens para quem busca melhorar sua sa\u00fade alimentar. Contudo, \u00e9 sempre essencial realizar qualquer mudan\u00e7a na dieta sob a orienta\u00e7\u00e3o de um profissional de sa\u00fade, especialmente para condi\u00e7\u00f5es espec\u00edficas como colesterol alto.<\/p>\n\n\n\n<h2 class=\"wp-block-heading\">Quais as fibras e as gorduras do Abacate?<\/h2>\n\n\n\n<p>O Abacate \u00e9 uma exce\u00e7\u00e3o entre as frutas, uma vez que oferece uma grande concentra\u00e7\u00e3o de gorduras saud\u00e1veis e fibras. Essas fibras s\u00e3o fundamentais porque ajudam a aumentar a sensa\u00e7\u00e3o de saciedade ap\u00f3s as refei\u00e7\u00f5es, o que pode auxiliar no controle do consumo cal\u00f3rico.<\/p>\n\n\n\n<p>As gorduras monoinsaturadas presentes no Abacate s\u00e3o outro ponto forte, pois influenciam na velocidade da digest\u00e3o e ajudam na libera\u00e7\u00e3o de horm\u00f4nios respons\u00e1veis pela sensa\u00e7\u00e3o de plenitude, tornando-se um complemento importante em uma alimenta\u00e7\u00e3o equilibrada.<\/p>\n\n\n\n<h2 class=\"wp-block-heading\">Sa\u00fade do cora\u00e7\u00e3o e o consumo de Abacate?<\/h2>\n\n\n\n<p>Entre os diversos benef\u00edcios, o Abacate desempenha um papel ben\u00e9fico na sa\u00fade do cora\u00e7\u00e3o. A chave est\u00e1 em suas gorduras monoinsaturadas e fitoester\u00f3is, que ajudam a reduzir o colesterol LDL, comumente chamado de &#8220;colesterol ruim&#8221;.<\/p>\n\n\n\n<figure class=\"wp-block-image aligncenter size-large\"><img decoding=\"async\" width=\"1024\" height=\"576\" src=\"https:\/\/www.correiobraziliense.com.br\/cbradar\/wp-content\/uploads\/2025\/05\/abacate_1747158606514-1024x576.jpg\" alt=\"\" class=\"wp-image-36330\" srcset=\"https:\/\/www.correiobraziliense.com.br\/cbradar\/wp-content\/uploads\/2025\/05\/abacate_1747158606514-1024x576.jpg 1024w, https:\/\/www.correiobraziliense.com.br\/cbradar\/wp-content\/uploads\/2025\/05\/abacate_1747158606514-300x169.jpg 300w, https:\/\/www.correiobraziliense.com.br\/cbradar\/wp-content\/uploads\/2025\/05\/abacate_1747158606514-768x432.jpg 768w, https:\/\/www.correiobraziliense.com.br\/cbradar\/wp-content\/uploads\/2025\/05\/abacate_1747158606514-750x422.jpg 750w, https:\/\/www.correiobraziliense.com.br\/cbradar\/wp-content\/uploads\/2025\/05\/abacate_1747158606514-1140x641.jpg 1140w, https:\/\/www.correiobraziliense.com.br\/cbradar\/wp-content\/uploads\/2025\/05\/abacate_1747158606514.jpg 1280w\" sizes=\"(max-width: 1024px) 100vw, 1024px\" \/><figcaption class=\"wp-element-caption\">Abacate &#8211; Cr\u00e9ditos: depositphotos.com \/ serezniy\n<\/figcaption><\/figure>\n\n\n\n<p>Os fitoester\u00f3is competem com o colesterol durante sua absor\u00e7\u00e3o no corpo, o que resulta em menos colesterol sendo absorvido, promovendo um perfil lip\u00eddico mais equilibrado e saud\u00e1vel no sangue.<\/p>\n\n\n\n<h2 class=\"wp-block-heading\">Modera\u00e7\u00e3o no Consumo<\/h2>\n\n\n\n<p>Apesar do seu valor nutricional, o Abacate deve ser consumido com modera\u00e7\u00e3o devido \u00e0s suas calorias. Uma ingest\u00e3o controlada permite colher os benef\u00edcios sem contribuir para o ganho de peso indesejado. Considera-se adequado substituir outras fontes de gordura por Abacate para manter o equil\u00edbrio cal\u00f3rico.<\/p>\n\n\n\n<p>\u00c9 aconselh\u00e1vel incluir o Abacate em prepara\u00e7\u00f5es culin\u00e1rias substituindo ingredientes menos saud\u00e1veis, como algumas molhos e pastas, tornando a dieta mais nutritiva e saborosa.<\/p>\n\n\n\n<h2 class=\"wp-block-heading\">Qual a integra\u00e7\u00e3o do Abacate em uma dieta hol\u00edstica?<\/h2>\n\n\n\n<p>Apesar dos seus muitos benef\u00edcios, o Abacate n\u00e3o \u00e9 uma solu\u00e7\u00e3o m\u00e1gica para a sa\u00fade cardiovascular ou controle de peso. Deve ser incorporado em uma estrat\u00e9gia de alimenta\u00e7\u00e3o saud\u00e1vel e equilibrada, complementada por exerc\u00edcios f\u00edsicos regulares e cuidados m\u00e9dicos.<\/p>\n\n\n\n<p>Para aqueles que enfrentam desafios de sa\u00fade espec\u00edficos, a consulta a profissionais de sa\u00fade \u00e9 indispens\u00e1vel para a elabora\u00e7\u00e3o de um plano alimentar que possa incluir o Abacate de forma eficaz e segura.<\/p>\n\n\n<a href=\"https:\/\/www.instagram.com\/dra.annaluisabf\/\" target=\"_blank\" rel=\"noopener\" style=\"text-decoration: none; color: inherit;\">\n    <span style=\"display: inline-block; border: 1px solid #ccc; border-radius: 10px; padding: 15px; max-width: 550px; font-family: sans-serif; box-shadow: 0 2px 5px rgba(0,0,0,0.1); width: 100%;\">\n\n      <!-- T\u00edtulo -->\n      <span style=\"display: block; margin: 0 0 15px 0; font-weight: bold; color: #2c3e50; text-align: center;\">\n        Entre em contato:\n      <\/span>\n\n      <!-- Linha do perfil -->\n      <span style=\"display: flex; align-items: center; gap: 15px;\">\n        <img decoding=\"async\"\n          src=\"https:\/\/www.correiobraziliense.com.br\/cbradar\/wp-content\/uploads\/2025\/08\/dra_anna_luisa.jpeg\"\n          alt=\"Foto da Dra. Anna Lu\u00edsa\"\n          style=\"border-radius: 50%; width: 80px; height: 80px; object-fit: cover;\"\n        \/>\n        <span style=\"display: flex; flex-direction: column;\">\n          <span style=\"font-size: 18px; font-weight: 700; color: #2c3e50;\">Dra. Anna Lu\u00edsa Barbosa Fernandes<\/span>\n          <span style=\"color: #555;\">CRM-GO 33.271<\/span>\n        <\/span>\n      <\/span>\n\n      <!-- Redes -->\n      <span style=\"display: flex; align-items: center; gap: 10px; margin-top: 12px;\">\n        <img decoding=\"async\" src=\"https:\/\/cdn-icons-png.flaticon.com\/24\/1384\/1384063.png\" alt=\"Instagram\" width=\"24\" height=\"24\" \/>\n        <span style=\"text-decoration: underline; color: #2c3e50;\">@dra.annaluisabf<\/span>\n      <\/span>\n\n    <\/span>\n  <\/a>","protected":false},"excerpt":{"rendered":"<p>O Abacate ganhou destaque no mundo da nutri\u00e7\u00e3o, passando de vil\u00e3o a her\u00f3i devido ao seu impressionante perfil de nutrientes. Antes marcado como uma fonte de gordura indesejada, hoje \u00e9 respeitado como um alimento rico em benef\u00edcios para a sa\u00fade. Seu uso adequado dentro de uma dieta balanceada tem propriedades comprovadas que podem trazer diversas [&hellip;]<\/p>\n","protected":false},"author":14,"featured_media":36329,"comment_status":"open","ping_status":"open","sticky":false,"template":"","format":"standard","meta":{"jnews-multi-image_gallery":[],"jnews_single_post":{"format":"standard"},"jnews_primary_category":[],"jnews_social_meta":[],"jnews_override_counter":[],"footnotes":""},"categories":[4404],"post_tag":[281,1423,120,1318],"class_list":["post-112127","post","type-post","status-publish","format-standard","has-post-thumbnail","hentry","category-saude","tag-alimentacao","tag-alimentos","tag-bem-estar","tag-saude-2"],"yoast_head":"<!-- This site is optimized with the Yoast SEO plugin v24.6 - https:\/\/yoast.com\/wordpress\/plugins\/seo\/ -->\n<title>Abacate o her\u00f3i mais subestimado da sua dieta - Correio Braziliense - Radar<\/title>\n<meta name=\"description\" content=\"Benef\u00edcios do abacate v\u00e3o al\u00e9m da moda. Aprenda como incluir com modera\u00e7\u00e3o e o detalhe que ajuda no colesterol sem perder sabor.\" \/>\n<meta name=\"robots\" content=\"index, follow, max-snippet:-1, max-image-preview:large, max-video-preview:-1\" \/>\n<link rel=\"canonical\" href=\"https:\/\/www.correiobraziliense.com.br\/cbradar\/abacate-o-heroi-mais-subestimado-da-sua-dieta\/\" \/>\n<meta property=\"og:locale\" content=\"pt_BR\" \/>\n<meta property=\"og:type\" content=\"article\" \/>\n<meta property=\"og:title\" content=\"Abacate o her\u00f3i mais subestimado da sua dieta - Correio Braziliense - Radar\" \/>\n<meta property=\"og:description\" content=\"Benef\u00edcios do abacate v\u00e3o al\u00e9m da moda. Aprenda como incluir com modera\u00e7\u00e3o e o detalhe que ajuda no colesterol sem perder sabor.\" \/>\n<meta property=\"og:url\" content=\"https:\/\/www.correiobraziliense.com.br\/cbradar\/abacate-o-heroi-mais-subestimado-da-sua-dieta\/\" \/>\n<meta property=\"og:site_name\" content=\"Correio Braziliense - Radar\" \/>\n<meta property=\"article:published_time\" content=\"2025-10-02T01:33:00+00:00\" \/>\n<meta property=\"og:image\" content=\"https:\/\/www.correiobraziliense.com.br\/cbradar\/wp-content\/uploads\/2025\/05\/abacate_1747158574154.jpg\" \/>\n\t<meta property=\"og:image:width\" content=\"1280\" \/>\n\t<meta property=\"og:image:height\" content=\"720\" \/>\n\t<meta property=\"og:image:type\" content=\"image\/jpeg\" \/>\n<meta name=\"author\" content=\"guilherme_saude\" \/>\n<meta name=\"twitter:card\" content=\"summary_large_image\" \/>\n<meta name=\"twitter:label1\" content=\"Escrito por\" \/>\n\t<meta name=\"twitter:data1\" content=\"guilherme_saude\" \/>\n\t<meta name=\"twitter:label2\" content=\"Est. tempo de leitura\" \/>\n\t<meta name=\"twitter:data2\" content=\"4 minutos\" \/>\n<!-- \/ Yoast SEO plugin. -->","yoast_head_json":{"title":"Abacate o her\u00f3i mais subestimado da sua dieta - Correio Braziliense - Radar","description":"Benef\u00edcios do abacate v\u00e3o al\u00e9m da moda. Aprenda como incluir com modera\u00e7\u00e3o e o detalhe que ajuda no colesterol sem perder sabor.","robots":{"index":"index","follow":"follow","max-snippet":"max-snippet:-1","max-image-preview":"max-image-preview:large","max-video-preview":"max-video-preview:-1"},"canonical":"https:\/\/www.correiobraziliense.com.br\/cbradar\/abacate-o-heroi-mais-subestimado-da-sua-dieta\/","og_locale":"pt_BR","og_type":"article","og_title":"Abacate o her\u00f3i mais subestimado da sua dieta - Correio Braziliense - Radar","og_description":"Benef\u00edcios do abacate v\u00e3o al\u00e9m da moda. Aprenda como incluir com modera\u00e7\u00e3o e o detalhe que ajuda no colesterol sem perder sabor.","og_url":"https:\/\/www.correiobraziliense.com.br\/cbradar\/abacate-o-heroi-mais-subestimado-da-sua-dieta\/","og_site_name":"Correio Braziliense - Radar","article_published_time":"2025-10-02T01:33:00+00:00","og_image":[{"width":1280,"height":720,"url":"https:\/\/www.correiobraziliense.com.br\/cbradar\/wp-content\/uploads\/2025\/05\/abacate_1747158574154.jpg","type":"image\/jpeg"}],"author":"guilherme_saude","twitter_card":"summary_large_image","twitter_misc":{"Escrito por":"guilherme_saude","Est. tempo de leitura":"4 minutos"},"schema":{"@context":"https:\/\/schema.org","@graph":[{"@type":"WebPage","@id":"https:\/\/www.correiobraziliense.com.br\/cbradar\/abacate-o-heroi-mais-subestimado-da-sua-dieta\/","url":"https:\/\/www.correiobraziliense.com.br\/cbradar\/abacate-o-heroi-mais-subestimado-da-sua-dieta\/","name":"Abacate o her\u00f3i mais subestimado da sua dieta - Correio Braziliense - Radar","isPartOf":{"@id":"https:\/\/www.correiobraziliense.com.br\/cbradar\/#website"},"primaryImageOfPage":{"@id":"https:\/\/www.correiobraziliense.com.br\/cbradar\/abacate-o-heroi-mais-subestimado-da-sua-dieta\/#primaryimage"},"image":{"@id":"https:\/\/www.correiobraziliense.com.br\/cbradar\/abacate-o-heroi-mais-subestimado-da-sua-dieta\/#primaryimage"},"thumbnailUrl":"https:\/\/www.correiobraziliense.com.br\/cbradar\/wp-content\/uploads\/2025\/05\/abacate_1747158574154.jpg","datePublished":"2025-10-02T01:33:00+00:00","author":{"@id":"https:\/\/www.correiobraziliense.com.br\/cbradar\/#\/schema\/person\/5aa4bf3c8fa699c267933611de12978b"},"description":"Benef\u00edcios do abacate v\u00e3o al\u00e9m da moda. Aprenda como incluir com modera\u00e7\u00e3o e o detalhe que ajuda no colesterol sem perder sabor.","breadcrumb":{"@id":"https:\/\/www.correiobraziliense.com.br\/cbradar\/abacate-o-heroi-mais-subestimado-da-sua-dieta\/#breadcrumb"},"inLanguage":"pt-BR","potentialAction":[{"@type":"ReadAction","target":["https:\/\/www.correiobraziliense.com.br\/cbradar\/abacate-o-heroi-mais-subestimado-da-sua-dieta\/"]}]},{"@type":"ImageObject","inLanguage":"pt-BR","@id":"https:\/\/www.correiobraziliense.com.br\/cbradar\/abacate-o-heroi-mais-subestimado-da-sua-dieta\/#primaryimage","url":"https:\/\/www.correiobraziliense.com.br\/cbradar\/wp-content\/uploads\/2025\/05\/abacate_1747158574154.jpg","contentUrl":"https:\/\/www.correiobraziliense.com.br\/cbradar\/wp-content\/uploads\/2025\/05\/abacate_1747158574154.jpg","width":1280,"height":720,"caption":"Abacate - Cr\u00e9ditos: depositphotos.com \/ VadimVasenin"},{"@type":"BreadcrumbList","@id":"https:\/\/www.correiobraziliense.com.br\/cbradar\/abacate-o-heroi-mais-subestimado-da-sua-dieta\/#breadcrumb","itemListElement":[{"@type":"ListItem","position":1,"name":"In\u00edcio","item":"https:\/\/www.correiobraziliense.com.br\/cbradar\/"},{"@type":"ListItem","position":2,"name":"Abacate o her\u00f3i mais subestimado da sua dieta"}]},{"@type":"WebSite","@id":"https:\/\/www.correiobraziliense.com.br\/cbradar\/#website","url":"https:\/\/www.correiobraziliense.com.br\/cbradar\/","name":"Correio Braziliense - Radar","description":"Acompanhe as \u00faltimas not\u00edcias e fique bem informado sobre tudo o que acontece no Brasil e no mundo.","potentialAction":[{"@type":"SearchAction","target":{"@type":"EntryPoint","urlTemplate":"https:\/\/www.correiobraziliense.com.br\/cbradar\/?s={search_term_string}"},"query-input":{"@type":"PropertyValueSpecification","valueRequired":true,"valueName":"search_term_string"}}],"inLanguage":"pt-BR"},{"@type":"Person","@id":"https:\/\/www.correiobraziliense.com.br\/cbradar\/#\/schema\/person\/5aa4bf3c8fa699c267933611de12978b","name":"guilherme_saude","image":{"@type":"ImageObject","inLanguage":"pt-BR","@id":"https:\/\/www.correiobraziliense.com.br\/cbradar\/#\/schema\/person\/image\/","url":"https:\/\/secure.gravatar.com\/avatar\/df9adfb835d344bc0af109d41756253f?s=96&d=mm&r=g","contentUrl":"https:\/\/secure.gravatar.com\/avatar\/df9adfb835d344bc0af109d41756253f?s=96&d=mm&r=g","caption":"guilherme_saude"},"url":"https:\/\/www.correiobraziliense.com.br\/cbradar\/author\/guilherme_saude\/"}]}},"_links":{"self":[{"href":"https:\/\/www.correiobraziliense.com.br\/cbradar\/wp-json\/wp\/v2\/posts\/112127","targetHints":{"allow":["GET"]}}],"collection":[{"href":"https:\/\/www.correiobraziliense.com.br\/cbradar\/wp-json\/wp\/v2\/posts"}],"about":[{"href":"https:\/\/www.correiobraziliense.com.br\/cbradar\/wp-json\/wp\/v2\/types\/post"}],"author":[{"embeddable":true,"href":"https:\/\/www.correiobraziliense.com.br\/cbradar\/wp-json\/wp\/v2\/users\/14"}],"replies":[{"embeddable":true,"href":"https:\/\/www.correiobraziliense.com.br\/cbradar\/wp-json\/wp\/v2\/comments?post=112127"}],"version-history":[{"count":1,"href":"https:\/\/www.correiobraziliense.com.br\/cbradar\/wp-json\/wp\/v2\/posts\/112127\/revisions"}],"predecessor-version":[{"id":112128,"href":"https:\/\/www.correiobraziliense.com.br\/cbradar\/wp-json\/wp\/v2\/posts\/112127\/revisions\/112128"}],"wp:featuredmedia":[{"embeddable":true,"href":"https:\/\/www.correiobraziliense.com.br\/cbradar\/wp-json\/wp\/v2\/media\/36329"}],"wp:attachment":[{"href":"https:\/\/www.correiobraziliense.com.br\/cbradar\/wp-json\/wp\/v2\/media?parent=112127"}],"wp:term":[{"taxonomy":"category","embeddable":true,"href":"https:\/\/www.correiobraziliense.com.br\/cbradar\/wp-json\/wp\/v2\/categories?post=112127"},{"taxonomy":"post_tag","embeddable":true,"href":"https:\/\/www.correiobraziliense.com.br\/cbradar\/wp-json\/wp\/v2\/post_tag?post=112127"}],"curies":[{"name":"wp","href":"https:\/\/api.w.org\/{rel}","templated":true}]}}