{"id":112295,"date":"2025-10-04T19:43:00","date_gmt":"2025-10-04T22:43:00","guid":{"rendered":"https:\/\/www.correiobraziliense.com.br\/cbradar\/?p=112295"},"modified":"2025-10-01T09:50:00","modified_gmt":"2025-10-01T12:50:00","slug":"como-essa-semente-pode-te-ajudar-na-saude-da-prostata","status":"publish","type":"post","link":"https:\/\/www.correiobraziliense.com.br\/cbradar\/como-essa-semente-pode-te-ajudar-na-saude-da-prostata\/","title":{"rendered":"Como essa semente pode te ajudar na sa\u00fade da pr\u00f3stata"},"content":{"rendered":"\n<p>As&nbsp;<strong>sementes de ab\u00f3bora<\/strong>&nbsp;s\u00e3o conhecidas por seus in\u00fameros benef\u00edcios \u00e0 sa\u00fade, especialmente quando se trata do bem-estar da pr\u00f3stata. Estas sementes s\u00e3o ricas em nutrientes que podem oferecer suporte significativo para a sa\u00fade masculina.<\/p>\n\n\n\n<ul class=\"wp-block-list\">\n<li>Riqueza em\u00a0<strong>zinco<\/strong>, um mineral importante para a fun\u00e7\u00e3o prost\u00e1tica<\/li>\n\n\n\n<li>Presen\u00e7a de antioxidantes que combatem os radicais livres<\/li>\n\n\n\n<li>Propriedades anti-inflamat\u00f3rias naturais<\/li>\n<\/ul>\n\n\n\n<h2 class=\"wp-block-heading\">Por que o zinco \u00e9 importante para a sa\u00fade da pr\u00f3stata?<\/h2>\n\n\n<div class=\"wp-block-image\">\n<figure class=\"aligncenter size-large\"><img decoding=\"async\" width=\"1024\" height=\"576\" src=\"https:\/\/www.correiobraziliense.com.br\/cbradar\/wp-content\/uploads\/2025\/04\/zinco_1744723946108-1024x576.jpg\" alt=\"Como essa semente pode te ajudar na sa\u00fade da pr\u00f3stata\" class=\"wp-image-23890\" srcset=\"https:\/\/www.correiobraziliense.com.br\/cbradar\/wp-content\/uploads\/2025\/04\/zinco_1744723946108-1024x576.jpg 1024w, https:\/\/www.correiobraziliense.com.br\/cbradar\/wp-content\/uploads\/2025\/04\/zinco_1744723946108-300x169.jpg 300w, https:\/\/www.correiobraziliense.com.br\/cbradar\/wp-content\/uploads\/2025\/04\/zinco_1744723946108-768x432.jpg 768w, https:\/\/www.correiobraziliense.com.br\/cbradar\/wp-content\/uploads\/2025\/04\/zinco_1744723946108-750x422.jpg 750w, https:\/\/www.correiobraziliense.com.br\/cbradar\/wp-content\/uploads\/2025\/04\/zinco_1744723946108-1140x641.jpg 1140w, https:\/\/www.correiobraziliense.com.br\/cbradar\/wp-content\/uploads\/2025\/04\/zinco_1744723946108.jpg 1280w\" sizes=\"(max-width: 1024px) 100vw, 1024px\" \/><figcaption class=\"wp-element-caption\">Zinco &#8211; Cr\u00e9ditos: depositphotos.com \/ Airborne<\/figcaption><\/figure><\/div>\n\n\n<p>O&nbsp;<strong>zinco<\/strong>&nbsp;\u00e9 um mineral fundamental para a sa\u00fade da pr\u00f3stata, pois contribui para o funcionamento adequado deste \u00f3rg\u00e3o.&nbsp;Ingerir alimentos ricos em zinco, como as sementes de ab\u00f3bora, pode ajudar a manter o equil\u00edbrio necess\u00e1rio.<\/p>\n\n\n\n<p>Al\u00e9m disso, o zinco encontrado nas sementes auxilia na regula\u00e7\u00e3o da prolifera\u00e7\u00e3o celular na pr\u00f3stata, proporcionando uma camada extra de prote\u00e7\u00e3o contra complica\u00e7\u00f5es.<\/p>\n\n\n\n<p>Incorporar essas sementes na&nbsp;<strong>dieta<\/strong>&nbsp;pode ser uma maneira f\u00e1cil de garantir que voc\u00ea esteja recebendo uma quantidade adequada de zinco diariamente, promovendo a sa\u00fade prost\u00e1tica.&nbsp;Tamb\u00e9m vale destacar que o zinco contribui para a produ\u00e7\u00e3o de testosterona e a manuten\u00e7\u00e3o da fertilidade masculina, tornando-se ainda mais relevante para os homens.<\/p>\n\n\n\n<p>Leia tamb\u00e9m: <a href=\"https:\/\/www.correiobraziliense.com.br\/cbradar\/?p=111835&amp;preview=true\" target=\"_blank\" rel=\"noreferrer noopener\">O suplemento natural que pode acelerar a queima de gordura<\/a><\/p>\n\n\n\n<h2 class=\"wp-block-heading\">Quais s\u00e3o os benef\u00edcios dos antioxidantes?<\/h2>\n\n\n\n<p>As sementes de ab\u00f3bora s\u00e3o ricas em antioxidantes, que ajudam a proteger as c\u00e9lulas do corpo contra os&nbsp;<strong>radicais livres<\/strong>.&nbsp;Esta prote\u00e7\u00e3o \u00e9 vital para impedir danos celulares que podem afetar a sa\u00fade da pr\u00f3stata.<\/p>\n\n\n\n<p>O consumo regular de antioxidantes, presentes nas sementes de ab\u00f3bora, pode reduzir o risco de inflama\u00e7\u00e3o e estresse oxidativo, ambos associados a problemas prost\u00e1ticos.<\/p>\n\n\n\n<p>Al\u00e9m disso, manter uma dieta rica em antioxidantes pode favorecer a sa\u00fade geral do organismo, contribuindo para um&nbsp;<strong>sistema imunol\u00f3gico<\/strong>&nbsp;mais forte.&nbsp;Antioxidantes como vitamina E e carotenoides presentes nas sementes tamb\u00e9m podem ajudar a retardar o envelhecimento celular.<\/p>\n\n\n\n<h2 class=\"wp-block-heading\">Como as propriedades anti-inflamat\u00f3rias auxiliam a pr\u00f3stata?<\/h2>\n\n\n\n<p>As propriedades anti-inflamat\u00f3rias naturais das&nbsp;<strong>sementes de ab\u00f3bora<\/strong>&nbsp;podem ajudar a manter a pr\u00f3stata saud\u00e1vel, combatendo a inflama\u00e7\u00e3o cr\u00f4nica que pode desencadear dist\u00farbios prost\u00e1ticos.<\/p>\n\n\n\n<p>Consumir essas sementes regularmente pode ajudar a reduzir os sinais de inflama\u00e7\u00e3o, proporcionando al\u00edvio para sintomas de problemas na pr\u00f3stata.&nbsp;Estudos sugerem que o consumo cont\u00ednuo est\u00e1 relacionado \u00e0 diminui\u00e7\u00e3o do risco de hiperplasia prost\u00e1tica benigna (HPB), uma condi\u00e7\u00e3o comum em homens acima dos 50 anos.<\/p>\n\n\n\n<p>Integrar essas sementes em uma dieta equilibrada \u00e9 uma estrat\u00e9gia pr\u00e1tica para apoiar a sa\u00fade a longo prazo, especialmente para homens em idade avan\u00e7ada.<\/p>\n\n\n\n<p>Leia tamb\u00e9m: <a href=\"https:\/\/www.correiobraziliense.com.br\/cbradar\/?p=111833&amp;preview=true\" target=\"_blank\" rel=\"noreferrer noopener\">A fruta pouco conhecida que ajuda a reduzir a ansiedade e melhora o sono<\/a><\/p>\n\n\n\n<h2 class=\"wp-block-heading\">Diversas formas de consumir sementes de ab\u00f3bora<\/h2>\n\n\n<div class=\"wp-block-image\">\n<figure class=\"aligncenter size-large\"><img decoding=\"async\" width=\"1024\" height=\"576\" src=\"https:\/\/www.correiobraziliense.com.br\/cbradar\/wp-content\/uploads\/2025\/08\/semente-de-abobora_1754917021088-1024x576.jpg\" alt=\"Como essa semente pode te ajudar na sa\u00fade da pr\u00f3stata\" class=\"wp-image-84859\" srcset=\"https:\/\/www.correiobraziliense.com.br\/cbradar\/wp-content\/uploads\/2025\/08\/semente-de-abobora_1754917021088-1024x576.jpg 1024w, https:\/\/www.correiobraziliense.com.br\/cbradar\/wp-content\/uploads\/2025\/08\/semente-de-abobora_1754917021088-300x169.jpg 300w, https:\/\/www.correiobraziliense.com.br\/cbradar\/wp-content\/uploads\/2025\/08\/semente-de-abobora_1754917021088-768x432.jpg 768w, https:\/\/www.correiobraziliense.com.br\/cbradar\/wp-content\/uploads\/2025\/08\/semente-de-abobora_1754917021088-750x422.jpg 750w, https:\/\/www.correiobraziliense.com.br\/cbradar\/wp-content\/uploads\/2025\/08\/semente-de-abobora_1754917021088-1140x641.jpg 1140w, https:\/\/www.correiobraziliense.com.br\/cbradar\/wp-content\/uploads\/2025\/08\/semente-de-abobora_1754917021088.jpg 1280w\" sizes=\"(max-width: 1024px) 100vw, 1024px\" \/><figcaption class=\"wp-element-caption\">Semente de ab\u00f3bora &#8211; Cr\u00e9ditos: depositphotos.com \/ monticello<\/figcaption><\/figure><\/div>\n\n\n<p>Existem v\u00e1rias maneiras de integrar as sementes de ab\u00f3bora na sua dieta di\u00e1ria para aproveitar seus benef\u00edcios \u00e0 pr\u00f3stata.\u00a0Voc\u00ea pode consumi-las como<a href=\"https:\/\/www.gov.br\/saude\/pt-br\/assuntos\/saude-brasil\/eu-quero-me-alimentar-melhor\/noticias\/2021\/alimentacao-saudavel-ao-seu-alcance\" target=\"_blank\" rel=\"noreferrer noopener\">\u00a0<strong>lanches<\/strong>\u00a0saud\u00e1veis<\/a>, adicion\u00e1-las a saladas, ou at\u00e9 mesmo mistur\u00e1-las em smoothies.<\/p>\n\n\n\n<p>As sementes de ab\u00f3bora tamb\u00e9m podem ser usadas como adi\u00e7\u00e3o crocante a sopas e pratos principais, oferecendo uma textura \u00fanica e nutrientes valiosos.&nbsp;Outra dica \u00e9 torrar levemente as sementes para real\u00e7ar o sabor e facilitar o consumo di\u00e1rio.<\/p>\n\n\n\n<p>Para quem busca praticidade, o \u00f3leo de semente de ab\u00f3bora tamb\u00e9m \u00e9 uma op\u00e7\u00e3o eficaz, mantendo muitos dos benef\u00edcios nutricionais das sementes inteiras.<\/p>\n\n\n\n<h2 class=\"wp-block-heading\">Sa\u00fade da pr\u00f3stata: passos simples e eficazes<\/h2>\n\n\n\n<p>Concentrar-se em h\u00e1bitos saud\u00e1veis \u00e9 essencial para a manuten\u00e7\u00e3o da sa\u00fade da pr\u00f3stata e evitar complica\u00e7\u00f5es. Incluir&nbsp;<strong>sementes de ab\u00f3bora<\/strong>&nbsp;na dieta \u00e9 uma estrat\u00e9gia simples com m\u00faltiplos benef\u00edcios.<\/p>\n\n\n\n<ul class=\"wp-block-list\">\n<li>Integrar alimentos ricos em zinco, antioxidantes e anti-inflamat\u00f3rios<\/li>\n\n\n\n<li>Variar a forma de consumo para n\u00e3o enjoar e potencializar os benef\u00edcios<\/li>\n\n\n\n<li>Prestar aten\u00e7\u00e3o \u00e0s necessidades do corpo, ajustando a dieta conforme necess\u00e1rio<\/li>\n<\/ul>\n\n\n\n<p>Lembre-se, investir em uma alimenta\u00e7\u00e3o saud\u00e1vel \u00e9 crucial para garantir uma&nbsp;<strong>boa sa\u00fade<\/strong>&nbsp;prost\u00e1tica ao longo da vida.&nbsp;Al\u00e9m do consumo das sementes de ab\u00f3bora, \u00e9 importante manter uma rotina de exerc\u00edcios f\u00edsicos e visitar o m\u00e9dico regularmente para acompanhamento preventivo.<\/p>\n","protected":false},"excerpt":{"rendered":"<p>As&nbsp;sementes de ab\u00f3bora&nbsp;s\u00e3o conhecidas por seus in\u00fameros benef\u00edcios \u00e0 sa\u00fade, especialmente quando se trata do bem-estar da pr\u00f3stata. Estas sementes s\u00e3o ricas em nutrientes que podem oferecer suporte significativo para a sa\u00fade masculina. Por que o zinco \u00e9 importante para a sa\u00fade da pr\u00f3stata? O&nbsp;zinco&nbsp;\u00e9 um mineral fundamental para a sa\u00fade da pr\u00f3stata, pois contribui [&hellip;]<\/p>\n","protected":false},"author":11,"featured_media":84795,"comment_status":"open","ping_status":"open","sticky":false,"template":"","format":"standard","meta":{"jnews-multi-image_gallery":[],"jnews_single_post":{"format":"standard"},"jnews_primary_category":[],"jnews_social_meta":[],"jnews_override_counter":[],"footnotes":""},"categories":[119],"post_tag":[10582,1318,8921],"class_list":["post-112295","post","type-post","status-publish","format-standard","has-post-thumbnail","hentry","category-bem-estar","tag-abobora-2","tag-saude-2","tag-semente"],"yoast_head":"<!-- This site is optimized with the Yoast SEO plugin v24.6 - https:\/\/yoast.com\/wordpress\/plugins\/seo\/ -->\n<title>Como essa semente pode te ajudar na sa\u00fade da pr\u00f3stata - Correio Braziliense - Radar<\/title>\n<meta name=\"description\" content=\"Semente poderosa contribui para a sa\u00fade da pr\u00f3stata auxiliando na preven\u00e7\u00e3o de problemas e promovendo bem-estar masculino\" \/>\n<meta name=\"robots\" content=\"index, follow, max-snippet:-1, max-image-preview:large, max-video-preview:-1\" \/>\n<link rel=\"canonical\" href=\"https:\/\/www.correiobraziliense.com.br\/cbradar\/como-essa-semente-pode-te-ajudar-na-saude-da-prostata\/\" \/>\n<meta property=\"og:locale\" content=\"pt_BR\" \/>\n<meta property=\"og:type\" content=\"article\" \/>\n<meta property=\"og:title\" content=\"Como essa semente pode te ajudar na sa\u00fade da pr\u00f3stata - Correio Braziliense - Radar\" \/>\n<meta property=\"og:description\" content=\"Semente poderosa contribui para a sa\u00fade da pr\u00f3stata auxiliando na preven\u00e7\u00e3o de problemas e promovendo bem-estar masculino\" \/>\n<meta property=\"og:url\" content=\"https:\/\/www.correiobraziliense.com.br\/cbradar\/como-essa-semente-pode-te-ajudar-na-saude-da-prostata\/\" \/>\n<meta property=\"og:site_name\" content=\"Correio Braziliense - Radar\" \/>\n<meta property=\"article:published_time\" content=\"2025-10-04T22:43:00+00:00\" \/>\n<meta property=\"og:image\" content=\"https:\/\/www.correiobraziliense.com.br\/cbradar\/wp-content\/uploads\/2025\/08\/Sementes-de-abobora-_1754913276915.jpg\" \/>\n\t<meta property=\"og:image:width\" content=\"1280\" \/>\n\t<meta property=\"og:image:height\" content=\"720\" \/>\n\t<meta property=\"og:image:type\" content=\"image\/jpeg\" \/>\n<meta name=\"author\" content=\"Paulo Custodio\" \/>\n<meta name=\"twitter:card\" content=\"summary_large_image\" \/>\n<meta name=\"twitter:label1\" content=\"Escrito por\" \/>\n\t<meta name=\"twitter:data1\" content=\"Paulo Custodio\" \/>\n\t<meta name=\"twitter:label2\" content=\"Est. tempo de leitura\" \/>\n\t<meta name=\"twitter:data2\" content=\"5 minutos\" \/>\n<!-- \/ Yoast SEO plugin. -->","yoast_head_json":{"title":"Como essa semente pode te ajudar na sa\u00fade da pr\u00f3stata - Correio Braziliense - Radar","description":"Semente poderosa contribui para a sa\u00fade da pr\u00f3stata auxiliando na preven\u00e7\u00e3o de problemas e promovendo bem-estar masculino","robots":{"index":"index","follow":"follow","max-snippet":"max-snippet:-1","max-image-preview":"max-image-preview:large","max-video-preview":"max-video-preview:-1"},"canonical":"https:\/\/www.correiobraziliense.com.br\/cbradar\/como-essa-semente-pode-te-ajudar-na-saude-da-prostata\/","og_locale":"pt_BR","og_type":"article","og_title":"Como essa semente pode te ajudar na sa\u00fade da pr\u00f3stata - Correio Braziliense - Radar","og_description":"Semente poderosa contribui para a sa\u00fade da pr\u00f3stata auxiliando na preven\u00e7\u00e3o de problemas e promovendo bem-estar masculino","og_url":"https:\/\/www.correiobraziliense.com.br\/cbradar\/como-essa-semente-pode-te-ajudar-na-saude-da-prostata\/","og_site_name":"Correio Braziliense - Radar","article_published_time":"2025-10-04T22:43:00+00:00","og_image":[{"width":1280,"height":720,"url":"https:\/\/www.correiobraziliense.com.br\/cbradar\/wp-content\/uploads\/2025\/08\/Sementes-de-abobora-_1754913276915.jpg","type":"image\/jpeg"}],"author":"Paulo Custodio","twitter_card":"summary_large_image","twitter_misc":{"Escrito por":"Paulo Custodio","Est. tempo de leitura":"5 minutos"},"schema":{"@context":"https:\/\/schema.org","@graph":[{"@type":"WebPage","@id":"https:\/\/www.correiobraziliense.com.br\/cbradar\/como-essa-semente-pode-te-ajudar-na-saude-da-prostata\/","url":"https:\/\/www.correiobraziliense.com.br\/cbradar\/como-essa-semente-pode-te-ajudar-na-saude-da-prostata\/","name":"Como essa semente pode te ajudar na sa\u00fade da pr\u00f3stata - Correio Braziliense - Radar","isPartOf":{"@id":"https:\/\/www.correiobraziliense.com.br\/cbradar\/#website"},"primaryImageOfPage":{"@id":"https:\/\/www.correiobraziliense.com.br\/cbradar\/como-essa-semente-pode-te-ajudar-na-saude-da-prostata\/#primaryimage"},"image":{"@id":"https:\/\/www.correiobraziliense.com.br\/cbradar\/como-essa-semente-pode-te-ajudar-na-saude-da-prostata\/#primaryimage"},"thumbnailUrl":"https:\/\/www.correiobraziliense.com.br\/cbradar\/wp-content\/uploads\/2025\/08\/Sementes-de-abobora-_1754913276915.jpg","datePublished":"2025-10-04T22:43:00+00:00","author":{"@id":"https:\/\/www.correiobraziliense.com.br\/cbradar\/#\/schema\/person\/4cec7857301a9a1a2ef249893cd908d3"},"description":"Semente poderosa contribui para a sa\u00fade da pr\u00f3stata auxiliando na preven\u00e7\u00e3o de problemas e promovendo bem-estar masculino","breadcrumb":{"@id":"https:\/\/www.correiobraziliense.com.br\/cbradar\/como-essa-semente-pode-te-ajudar-na-saude-da-prostata\/#breadcrumb"},"inLanguage":"pt-BR","potentialAction":[{"@type":"ReadAction","target":["https:\/\/www.correiobraziliense.com.br\/cbradar\/como-essa-semente-pode-te-ajudar-na-saude-da-prostata\/"]}]},{"@type":"ImageObject","inLanguage":"pt-BR","@id":"https:\/\/www.correiobraziliense.com.br\/cbradar\/como-essa-semente-pode-te-ajudar-na-saude-da-prostata\/#primaryimage","url":"https:\/\/www.correiobraziliense.com.br\/cbradar\/wp-content\/uploads\/2025\/08\/Sementes-de-abobora-_1754913276915.jpg","contentUrl":"https:\/\/www.correiobraziliense.com.br\/cbradar\/wp-content\/uploads\/2025\/08\/Sementes-de-abobora-_1754913276915.jpg","width":1280,"height":720,"caption":"Iogurte com semente de ab\u00f3bora \u00e0 noite para massa muscular - Cr\u00e9ditos: depositphotos.com \/ VadimVasenin"},{"@type":"BreadcrumbList","@id":"https:\/\/www.correiobraziliense.com.br\/cbradar\/como-essa-semente-pode-te-ajudar-na-saude-da-prostata\/#breadcrumb","itemListElement":[{"@type":"ListItem","position":1,"name":"In\u00edcio","item":"https:\/\/www.correiobraziliense.com.br\/cbradar\/"},{"@type":"ListItem","position":2,"name":"Como essa semente pode te ajudar na sa\u00fade da pr\u00f3stata"}]},{"@type":"WebSite","@id":"https:\/\/www.correiobraziliense.com.br\/cbradar\/#website","url":"https:\/\/www.correiobraziliense.com.br\/cbradar\/","name":"Correio Braziliense - Radar","description":"Acompanhe as \u00faltimas not\u00edcias e fique bem informado sobre tudo o que acontece no Brasil e no mundo.","potentialAction":[{"@type":"SearchAction","target":{"@type":"EntryPoint","urlTemplate":"https:\/\/www.correiobraziliense.com.br\/cbradar\/?s={search_term_string}"},"query-input":{"@type":"PropertyValueSpecification","valueRequired":true,"valueName":"search_term_string"}}],"inLanguage":"pt-BR"},{"@type":"Person","@id":"https:\/\/www.correiobraziliense.com.br\/cbradar\/#\/schema\/person\/4cec7857301a9a1a2ef249893cd908d3","name":"Paulo Custodio","image":{"@type":"ImageObject","inLanguage":"pt-BR","@id":"https:\/\/www.correiobraziliense.com.br\/cbradar\/#\/schema\/person\/image\/","url":"https:\/\/secure.gravatar.com\/avatar\/bcd67168d1534e8fcf4f45c726a87cea?s=96&d=mm&r=g","contentUrl":"https:\/\/secure.gravatar.com\/avatar\/bcd67168d1534e8fcf4f45c726a87cea?s=96&d=mm&r=g","caption":"Paulo Custodio"},"sameAs":["https:\/\/www.correiobraziliense.com.br\/cbradar"],"url":"https:\/\/www.correiobraziliense.com.br\/cbradar\/author\/paulomyth\/"}]}},"_links":{"self":[{"href":"https:\/\/www.correiobraziliense.com.br\/cbradar\/wp-json\/wp\/v2\/posts\/112295","targetHints":{"allow":["GET"]}}],"collection":[{"href":"https:\/\/www.correiobraziliense.com.br\/cbradar\/wp-json\/wp\/v2\/posts"}],"about":[{"href":"https:\/\/www.correiobraziliense.com.br\/cbradar\/wp-json\/wp\/v2\/types\/post"}],"author":[{"embeddable":true,"href":"https:\/\/www.correiobraziliense.com.br\/cbradar\/wp-json\/wp\/v2\/users\/11"}],"replies":[{"embeddable":true,"href":"https:\/\/www.correiobraziliense.com.br\/cbradar\/wp-json\/wp\/v2\/comments?post=112295"}],"version-history":[{"count":1,"href":"https:\/\/www.correiobraziliense.com.br\/cbradar\/wp-json\/wp\/v2\/posts\/112295\/revisions"}],"predecessor-version":[{"id":112296,"href":"https:\/\/www.correiobraziliense.com.br\/cbradar\/wp-json\/wp\/v2\/posts\/112295\/revisions\/112296"}],"wp:featuredmedia":[{"embeddable":true,"href":"https:\/\/www.correiobraziliense.com.br\/cbradar\/wp-json\/wp\/v2\/media\/84795"}],"wp:attachment":[{"href":"https:\/\/www.correiobraziliense.com.br\/cbradar\/wp-json\/wp\/v2\/media?parent=112295"}],"wp:term":[{"taxonomy":"category","embeddable":true,"href":"https:\/\/www.correiobraziliense.com.br\/cbradar\/wp-json\/wp\/v2\/categories?post=112295"},{"taxonomy":"post_tag","embeddable":true,"href":"https:\/\/www.correiobraziliense.com.br\/cbradar\/wp-json\/wp\/v2\/post_tag?post=112295"}],"curies":[{"name":"wp","href":"https:\/\/api.w.org\/{rel}","templated":true}]}}