{"id":11240,"date":"2025-03-11T13:30:00","date_gmt":"2025-03-11T16:30:00","guid":{"rendered":"https:\/\/www.correiobraziliense.com.br\/cbradar\/?p=11240"},"modified":"2025-03-10T16:58:00","modified_gmt":"2025-03-10T19:58:00","slug":"como-plantar-lirios-em-casa-de-uma-forma-pratica","status":"publish","type":"post","link":"https:\/\/www.correiobraziliense.com.br\/cbradar\/como-plantar-lirios-em-casa-de-uma-forma-pratica\/","title":{"rendered":"Como plantar l\u00edrios em casa de uma forma pr\u00e1tica"},"content":{"rendered":"\n<p>Os <strong>l\u00edrios<\/strong>, pertencentes ao g\u00eanero&nbsp;<strong><em>Lilium<\/em>&nbsp;<\/strong>da fam\u00edlia <strong>Liliaceae<\/strong>, s\u00e3o flores encantadoras origin\u00e1rias do hemisf\u00e9rio norte, com presen\u00e7a marcante na <strong>Europa, \u00c1sia e Am\u00e9rica do Norte<\/strong>. Estas plantas herb\u00e1ceas s\u00e3o conhecidas por sua resist\u00eancia e pelas grandes flores de cores vibrantes que produzem. Cultivar l\u00edrios pode ser uma atividade gratificante para jardineiros e entusiastas de plantas, gra\u00e7as \u00e0 sua beleza e facilidade de cultivo.<\/p>\n\n\n\n<p>Com mais de 600 esp\u00e9cies diferentes, os l\u00edrios oferecem uma diversidade impressionante de formas e cores. Esp\u00e9cies populares incluem o l\u00edrio amarelo (<em>Hemerocales fulva<\/em>), a babosa (<em>Aloe vera<\/em>), e o l\u00edrio da paz. Essas flores s\u00e3o amplamente utilizadas em buqu\u00eas, arranjos florais e decora\u00e7\u00e3o de jardins, devido \u00e0 sua apar\u00eancia atraente e fragr\u00e2ncia agrad\u00e1vel.<\/p>\n\n\n\n<h2 class=\"wp-block-heading\"><strong>Como plantar l\u00edrios: guia passo a passo<\/strong><\/h2>\n\n\n\n<p>Para cultivar l\u00edrios com sucesso, \u00e9 essencial preparar um solo adequado. O solo ideal deve ser leve e f\u00e9rtil, o que pode ser alcan\u00e7ado misturando substratos com areia grossa para melhorar a drenagem e adubo org\u00e2nico para enriquecer o solo com nutrientes. O plantio dos bulbos deve ser feito em buracos de 10 a 15 cent\u00edmetros de profundidade, garantindo que fiquem bem protegidos e as hastes firmes.<\/p>\n\n\n\n<figure class=\"wp-block-image size-large\"><img decoding=\"async\" width=\"1024\" height=\"576\" src=\"https:\/\/www.correiobraziliense.com.br\/cbradar\/wp-content\/uploads\/2025\/03\/Lirios_1741629306228-1024x576.jpg\" alt=\"Como plantar l\u00edrios em casa de uma forma pr\u00e1tica\" class=\"wp-image-11248\" srcset=\"https:\/\/www.correiobraziliense.com.br\/cbradar\/wp-content\/uploads\/2025\/03\/Lirios_1741629306228-1024x576.jpg 1024w, https:\/\/www.correiobraziliense.com.br\/cbradar\/wp-content\/uploads\/2025\/03\/Lirios_1741629306228-300x169.jpg 300w, https:\/\/www.correiobraziliense.com.br\/cbradar\/wp-content\/uploads\/2025\/03\/Lirios_1741629306228-768x432.jpg 768w, https:\/\/www.correiobraziliense.com.br\/cbradar\/wp-content\/uploads\/2025\/03\/Lirios_1741629306228-750x422.jpg 750w, https:\/\/www.correiobraziliense.com.br\/cbradar\/wp-content\/uploads\/2025\/03\/Lirios_1741629306228-1140x642.jpg 1140w, https:\/\/www.correiobraziliense.com.br\/cbradar\/wp-content\/uploads\/2025\/03\/Lirios_1741629306228.jpg 1279w\" sizes=\"(max-width: 1024px) 100vw, 1024px\" \/><figcaption class=\"wp-element-caption\">L\u00edrios. Cr\u00e9ditos: depositphotos.com \/ VadimVasenin<\/figcaption><\/figure>\n\n\n\n<p>Ao plantar no solo, \u00e9 importante manter um espa\u00e7amento de 15 cent\u00edmetros entre os bulbos para permitir que cada planta tenha espa\u00e7o suficiente para crescer. Ap\u00f3s o plantio, regue imediatamente para incentivar o crescimento. O momento ideal para plantar os bulbos \u00e9 no outono ou in\u00edcio do inverno, para que flores\u00e7am na primavera.<\/p>\n\n\n\n<h2 class=\"wp-block-heading\"><strong>Qual \u00e9 a melhor luminosidade para os l\u00edrios?<\/strong><\/h2>\n\n\n\n<p>Os l\u00edrios necessitam de boa ilumina\u00e7\u00e3o, mas \u00e9 crucial evitar a exposi\u00e7\u00e3o direta ao sol durante as horas mais quentes do dia. Em vasos, o substrato deve ser mantido \u00famido, mas n\u00e3o encharcado. Durante o ver\u00e3o, os bulbos devem ser protegidos da luz solar direta para evitar danos.<\/p>\n\n\n\n<p>Essas plantas s\u00e3o resistentes ao frio do inverno, e embora possam perder algumas folhas, geralmente n\u00e3o morrem. Ap\u00f3s o inverno, os l\u00edrios retomam o crescimento, produzindo novas folhas e flores. Durante esta fase, \u00e9 importante refor\u00e7ar a aduba\u00e7\u00e3o com fertilizantes ricos em f\u00f3sforo para estimular a flora\u00e7\u00e3o.<\/p>\n\n\n\n<h2 class=\"wp-block-heading\"><strong>Cuidados durante a flora\u00e7\u00e3o e poda<\/strong><\/h2>\n\n\n\n<p>Durante a flora\u00e7\u00e3o, os l\u00edrios devem ser regados semanalmente nos primeiros tr\u00eas meses. Ap\u00f3s esse per\u00edodo, a irriga\u00e7\u00e3o deve ser interrompida para permitir que os bulbos entrem em dorm\u00eancia, preparando-se para florescer novamente na primavera seguinte. A poda das flores murchas \u00e9 essencial para manter a planta saud\u00e1vel, mas \u00e9 importante deixar pelo menos dois ter\u00e7os da haste intacta.<\/p>\n\n\n\n<h2 class=\"wp-block-heading\"><strong>Onde adquirir bulbos de l\u00edrios?<\/strong><\/h2>\n\n\n\n<p>Para aqueles interessados em cultivar l\u00edrios, \u00e9 poss\u00edvel encontrar uma variedade de bulbos em centros de jardinagem especializados. Op\u00e7\u00f5es como l\u00edrio branco, l\u00edrio vermelho e l\u00edrio coral est\u00e3o dispon\u00edveis para quem deseja adicionar um toque de cor e eleg\u00e2ncia ao jardim.<\/p>\n\n\n\n<p>Com o conhecimento adequado e os cuidados necess\u00e1rios, cultivar l\u00edrios pode ser uma experi\u00eancia recompensadora, proporcionando beleza e fragr\u00e2ncia ao ambiente. Seja em vasos ou canteiros, essas flores encantadoras certamente trar\u00e3o um charme especial a qualquer espa\u00e7o.<\/p>\n","protected":false},"excerpt":{"rendered":"<p>Descubra a beleza dos l\u00edrios e aprenda a cultiv\u00e1-los com sucesso. Dicas de plantio, cuidados e muito mais!<\/p>\n","protected":false},"author":3,"featured_media":11247,"comment_status":"open","ping_status":"open","sticky":false,"template":"","format":"standard","meta":{"_yoast_wpseo_focuskw":"l\u00edrios","_yoast_wpseo_title":"%%title%%","_yoast_wpseo_metadesc":"Descubra a beleza dos l\u00edrios e aprenda a cultiv\u00e1-los com sucesso. Dicas de plantio, cuidados e muito mais!","jnews-multi-image_gallery":[],"jnews_single_post":{"format":"standard"},"jnews_primary_category":[],"jnews_social_meta":[],"jnews_override_counter":[],"footnotes":""},"categories":[136],"post_tag":[137,1776],"class_list":["post-11240","post","type-post","status-publish","format-standard","has-post-thumbnail","hentry","category-jardinagem","tag-como-plantar","tag-lirias"],"yoast_head":"<!-- This site is optimized with the Yoast SEO plugin v24.6 - https:\/\/yoast.com\/wordpress\/plugins\/seo\/ -->\n<title>Como plantar l\u00edrios em casa de uma forma pr\u00e1tica<\/title>\n<meta name=\"description\" content=\"Descubra a beleza dos l\u00edrios e aprenda a cultiv\u00e1-los com sucesso. Dicas de plantio, cuidados e muito mais!\" \/>\n<meta name=\"robots\" content=\"index, follow, max-snippet:-1, max-image-preview:large, max-video-preview:-1\" \/>\n<link rel=\"canonical\" href=\"https:\/\/www.correiobraziliense.com.br\/cbradar\/como-plantar-lirios-em-casa-de-uma-forma-pratica\/\" \/>\n<meta property=\"og:locale\" content=\"pt_BR\" \/>\n<meta property=\"og:type\" content=\"article\" \/>\n<meta property=\"og:title\" content=\"Como plantar l\u00edrios em casa de uma forma pr\u00e1tica\" \/>\n<meta property=\"og:description\" content=\"Descubra a beleza dos l\u00edrios e aprenda a cultiv\u00e1-los com sucesso. Dicas de plantio, cuidados e muito mais!\" \/>\n<meta property=\"og:url\" content=\"https:\/\/www.correiobraziliense.com.br\/cbradar\/como-plantar-lirios-em-casa-de-uma-forma-pratica\/\" \/>\n<meta property=\"og:site_name\" content=\"Correio Braziliense - Radar\" \/>\n<meta property=\"article:published_time\" content=\"2025-03-11T16:30:00+00:00\" \/>\n<meta property=\"og:image\" content=\"https:\/\/www.correiobraziliense.com.br\/cbradar\/wp-content\/uploads\/2025\/03\/Lirios_1741629256313.jpg\" \/>\n\t<meta property=\"og:image:width\" content=\"1280\" \/>\n\t<meta property=\"og:image:height\" content=\"720\" \/>\n\t<meta property=\"og:image:type\" content=\"image\/jpeg\" \/>\n<meta name=\"author\" content=\"Larissa Carvalho\" \/>\n<meta name=\"twitter:card\" content=\"summary_large_image\" \/>\n<meta name=\"twitter:label1\" content=\"Escrito por\" \/>\n\t<meta name=\"twitter:data1\" content=\"Larissa Carvalho\" \/>\n\t<meta name=\"twitter:label2\" content=\"Est. tempo de leitura\" \/>\n\t<meta name=\"twitter:data2\" content=\"4 minutos\" \/>\n<!-- \/ Yoast SEO plugin. -->","yoast_head_json":{"title":"Como plantar l\u00edrios em casa de uma forma pr\u00e1tica","description":"Descubra a beleza dos l\u00edrios e aprenda a cultiv\u00e1-los com sucesso. Dicas de plantio, cuidados e muito mais!","robots":{"index":"index","follow":"follow","max-snippet":"max-snippet:-1","max-image-preview":"max-image-preview:large","max-video-preview":"max-video-preview:-1"},"canonical":"https:\/\/www.correiobraziliense.com.br\/cbradar\/como-plantar-lirios-em-casa-de-uma-forma-pratica\/","og_locale":"pt_BR","og_type":"article","og_title":"Como plantar l\u00edrios em casa de uma forma pr\u00e1tica","og_description":"Descubra a beleza dos l\u00edrios e aprenda a cultiv\u00e1-los com sucesso. Dicas de plantio, cuidados e muito mais!","og_url":"https:\/\/www.correiobraziliense.com.br\/cbradar\/como-plantar-lirios-em-casa-de-uma-forma-pratica\/","og_site_name":"Correio Braziliense - Radar","article_published_time":"2025-03-11T16:30:00+00:00","og_image":[{"width":1280,"height":720,"url":"https:\/\/www.correiobraziliense.com.br\/cbradar\/wp-content\/uploads\/2025\/03\/Lirios_1741629256313.jpg","type":"image\/jpeg"}],"author":"Larissa Carvalho","twitter_card":"summary_large_image","twitter_misc":{"Escrito por":"Larissa Carvalho","Est. tempo de leitura":"4 minutos"},"schema":{"@context":"https:\/\/schema.org","@graph":[{"@type":"WebPage","@id":"https:\/\/www.correiobraziliense.com.br\/cbradar\/como-plantar-lirios-em-casa-de-uma-forma-pratica\/","url":"https:\/\/www.correiobraziliense.com.br\/cbradar\/como-plantar-lirios-em-casa-de-uma-forma-pratica\/","name":"Como plantar l\u00edrios em casa de uma forma pr\u00e1tica","isPartOf":{"@id":"https:\/\/www.correiobraziliense.com.br\/cbradar\/#website"},"primaryImageOfPage":{"@id":"https:\/\/www.correiobraziliense.com.br\/cbradar\/como-plantar-lirios-em-casa-de-uma-forma-pratica\/#primaryimage"},"image":{"@id":"https:\/\/www.correiobraziliense.com.br\/cbradar\/como-plantar-lirios-em-casa-de-uma-forma-pratica\/#primaryimage"},"thumbnailUrl":"https:\/\/www.correiobraziliense.com.br\/cbradar\/wp-content\/uploads\/2025\/03\/Lirios_1741629256313.jpg","datePublished":"2025-03-11T16:30:00+00:00","author":{"@id":"https:\/\/www.correiobraziliense.com.br\/cbradar\/#\/schema\/person\/58422787644df994b53a19d3e56c1513"},"description":"Descubra a beleza dos l\u00edrios e aprenda a cultiv\u00e1-los com sucesso. Dicas de plantio, cuidados e muito mais!","breadcrumb":{"@id":"https:\/\/www.correiobraziliense.com.br\/cbradar\/como-plantar-lirios-em-casa-de-uma-forma-pratica\/#breadcrumb"},"inLanguage":"pt-BR","potentialAction":[{"@type":"ReadAction","target":["https:\/\/www.correiobraziliense.com.br\/cbradar\/como-plantar-lirios-em-casa-de-uma-forma-pratica\/"]}]},{"@type":"ImageObject","inLanguage":"pt-BR","@id":"https:\/\/www.correiobraziliense.com.br\/cbradar\/como-plantar-lirios-em-casa-de-uma-forma-pratica\/#primaryimage","url":"https:\/\/www.correiobraziliense.com.br\/cbradar\/wp-content\/uploads\/2025\/03\/Lirios_1741629256313.jpg","contentUrl":"https:\/\/www.correiobraziliense.com.br\/cbradar\/wp-content\/uploads\/2025\/03\/Lirios_1741629256313.jpg","width":1280,"height":720,"caption":"L\u00edrios. Cr\u00e9ditos: depositphotos.com \/ mallivan"},{"@type":"BreadcrumbList","@id":"https:\/\/www.correiobraziliense.com.br\/cbradar\/como-plantar-lirios-em-casa-de-uma-forma-pratica\/#breadcrumb","itemListElement":[{"@type":"ListItem","position":1,"name":"In\u00edcio","item":"https:\/\/www.correiobraziliense.com.br\/cbradar\/"},{"@type":"ListItem","position":2,"name":"Como plantar l\u00edrios em casa de uma forma pr\u00e1tica"}]},{"@type":"WebSite","@id":"https:\/\/www.correiobraziliense.com.br\/cbradar\/#website","url":"https:\/\/www.correiobraziliense.com.br\/cbradar\/","name":"Correio Braziliense - Radar","description":"Acompanhe as \u00faltimas not\u00edcias e fique bem informado sobre tudo o que acontece no Brasil e no mundo.","potentialAction":[{"@type":"SearchAction","target":{"@type":"EntryPoint","urlTemplate":"https:\/\/www.correiobraziliense.com.br\/cbradar\/?s={search_term_string}"},"query-input":{"@type":"PropertyValueSpecification","valueRequired":true,"valueName":"search_term_string"}}],"inLanguage":"pt-BR"},{"@type":"Person","@id":"https:\/\/www.correiobraziliense.com.br\/cbradar\/#\/schema\/person\/58422787644df994b53a19d3e56c1513","name":"Larissa Carvalho","image":{"@type":"ImageObject","inLanguage":"pt-BR","@id":"https:\/\/www.correiobraziliense.com.br\/cbradar\/#\/schema\/person\/image\/","url":"https:\/\/secure.gravatar.com\/avatar\/fe4f91a0de32b52a838d0d612abdc1aa?s=96&d=mm&r=g","contentUrl":"https:\/\/secure.gravatar.com\/avatar\/fe4f91a0de32b52a838d0d612abdc1aa?s=96&d=mm&r=g","caption":"Larissa Carvalho"},"url":"https:\/\/www.correiobraziliense.com.br\/cbradar\/author\/larissamyth\/"}]}},"_links":{"self":[{"href":"https:\/\/www.correiobraziliense.com.br\/cbradar\/wp-json\/wp\/v2\/posts\/11240","targetHints":{"allow":["GET"]}}],"collection":[{"href":"https:\/\/www.correiobraziliense.com.br\/cbradar\/wp-json\/wp\/v2\/posts"}],"about":[{"href":"https:\/\/www.correiobraziliense.com.br\/cbradar\/wp-json\/wp\/v2\/types\/post"}],"author":[{"embeddable":true,"href":"https:\/\/www.correiobraziliense.com.br\/cbradar\/wp-json\/wp\/v2\/users\/3"}],"replies":[{"embeddable":true,"href":"https:\/\/www.correiobraziliense.com.br\/cbradar\/wp-json\/wp\/v2\/comments?post=11240"}],"version-history":[{"count":2,"href":"https:\/\/www.correiobraziliense.com.br\/cbradar\/wp-json\/wp\/v2\/posts\/11240\/revisions"}],"predecessor-version":[{"id":11305,"href":"https:\/\/www.correiobraziliense.com.br\/cbradar\/wp-json\/wp\/v2\/posts\/11240\/revisions\/11305"}],"wp:featuredmedia":[{"embeddable":true,"href":"https:\/\/www.correiobraziliense.com.br\/cbradar\/wp-json\/wp\/v2\/media\/11247"}],"wp:attachment":[{"href":"https:\/\/www.correiobraziliense.com.br\/cbradar\/wp-json\/wp\/v2\/media?parent=11240"}],"wp:term":[{"taxonomy":"category","embeddable":true,"href":"https:\/\/www.correiobraziliense.com.br\/cbradar\/wp-json\/wp\/v2\/categories?post=11240"},{"taxonomy":"post_tag","embeddable":true,"href":"https:\/\/www.correiobraziliense.com.br\/cbradar\/wp-json\/wp\/v2\/post_tag?post=11240"}],"curies":[{"name":"wp","href":"https:\/\/api.w.org\/{rel}","templated":true}]}}