{"id":112480,"date":"2025-10-02T11:03:00","date_gmt":"2025-10-02T14:03:00","guid":{"rendered":"https:\/\/www.correiobraziliense.com.br\/cbradar\/?p=112480"},"modified":"2025-10-01T15:40:31","modified_gmt":"2025-10-01T18:40:31","slug":"a-fruta-que-vai-ajudar-a-regenerar-o-figado-de-forma-natural","status":"publish","type":"post","link":"https:\/\/www.correiobraziliense.com.br\/cbradar\/a-fruta-que-vai-ajudar-a-regenerar-o-figado-de-forma-natural\/","title":{"rendered":"A fruta que vai ajudar a regenerar o f\u00edgado de forma natural"},"content":{"rendered":"\n<p>A <strong>N\u00easpera<\/strong>, conhecida cientificamente como\u00a0<em>Eriobotrya japonica<\/em>, \u00e9 uma \u00e1rvore frut\u00edfera de origem asi\u00e1tica, reconhecida tanto pelo sabor caracter\u00edstico quanto pelas propriedades medicinais. Suas qualidades terap\u00eauticas t\u00eam sido estudadas amplamente, comprovando sua efic\u00e1cia em diversos tratamentos naturais.<\/p>\n\n\n\n<p>Rica em compostos bioativos como flavonoides, \u00e1cidos fen\u00f3licos e carotenoides, a N\u00easpera possui uma poderosa a\u00e7\u00e3o antioxidante. Estes compostos desempenham um papel significativo na neutraliza\u00e7\u00e3o dos radicais livres, promovendo a redu\u00e7\u00e3o do estresse oxidativo e protegendo as c\u00e9lulas contra o envelhecimento precoce. Al\u00e9m disso, h\u00e1 evid\u00eancias de que esses antioxidantes podem at\u00e9 mesmo auxiliar na preven\u00e7\u00e3o de doen\u00e7as neurodegenerativas.<\/p>\n\n\n\n<h2 class=\"wp-block-heading\">Quais s\u00e3o os benef\u00edcios anti-inflamat\u00f3rios da N\u00easpera?<\/h2>\n\n\n\n<p>As folhas da N\u00easpera s\u00e3o especialmente valorizadas por seus triterpenos, como o \u00e1cido urs\u00f3lico e o \u00e1cido olean\u00f3lico, que t\u00eam mostrado efic\u00e1cia na redu\u00e7\u00e3o de marcadores inflamat\u00f3rios. Tais propriedades justificam o uso da planta em condi\u00e7\u00f5es como artrite e dores metab\u00f3licas cr\u00f4nicas. Essas descobertas t\u00eam validado o emprego tradicional da N\u00easpera em pr\u00e1ticas fitoter\u00e1picas, oferecendo al\u00edvio para quem sofre de inflama\u00e7\u00f5es duradouras.<\/p>\n\n\n<div class=\"wp-block-image\">\n<figure class=\"aligncenter size-large\"><img decoding=\"async\" width=\"1024\" height=\"576\" src=\"https:\/\/www.correiobraziliense.com.br\/cbradar\/wp-content\/uploads\/2025\/09\/loquat_1757288697693-1024x576.jpg\" alt=\"\" class=\"wp-image-100414\" srcset=\"https:\/\/www.correiobraziliense.com.br\/cbradar\/wp-content\/uploads\/2025\/09\/loquat_1757288697693-1024x576.jpg 1024w, https:\/\/www.correiobraziliense.com.br\/cbradar\/wp-content\/uploads\/2025\/09\/loquat_1757288697693-300x169.jpg 300w, https:\/\/www.correiobraziliense.com.br\/cbradar\/wp-content\/uploads\/2025\/09\/loquat_1757288697693-768x432.jpg 768w, https:\/\/www.correiobraziliense.com.br\/cbradar\/wp-content\/uploads\/2025\/09\/loquat_1757288697693-750x422.jpg 750w, https:\/\/www.correiobraziliense.com.br\/cbradar\/wp-content\/uploads\/2025\/09\/loquat_1757288697693-1140x641.jpg 1140w, https:\/\/www.correiobraziliense.com.br\/cbradar\/wp-content\/uploads\/2025\/09\/loquat_1757288697693.jpg 1280w\" sizes=\"(max-width: 1024px) 100vw, 1024px\" \/><figcaption class=\"wp-element-caption\">N\u00easpera &#8211; Cr\u00e9ditos: depositphotos.com \/ membio<\/figcaption><\/figure><\/div>\n\n\n<h2 class=\"wp-block-heading\">Como a N\u00easpera pode auxiliar na sa\u00fade do f\u00edgado?<\/h2>\n\n\n\n<p>Outro destaque da N\u00easpera \u00e9 seu efeito hepatoprotetor. Pesquisas indicam que extratos da fruta s\u00e3o capazes de diminuir enzimas hep\u00e1ticas prejudiciais e estimular a regenera\u00e7\u00e3o de c\u00e9lulas do f\u00edgado. No Jap\u00e3o, estudos sugerem que a N\u00easpera pode ser eficaz na recupera\u00e7\u00e3o de danos hep\u00e1ticos causados por medicamentos, refor\u00e7ando sua import\u00e2ncia no apoio \u00e0 <a href=\"https:\/\/www.correiobraziliense.com.br\/cbradar\/muito-alem-do-visual-os-oculos-escuros-protegem-sua-saude-ocular\/\" target=\"_blank\" rel=\"noreferrer noopener\">sa\u00fade <\/a>do f\u00edgado.<\/p>\n\n\n\n<h2 class=\"wp-block-heading\">A N\u00easpera pode ajudar no controle do diabetes?<\/h2>\n\n\n\n<p>Al\u00e9m de suas propriedades j\u00e1 mencionadas, a N\u00easpera demonstra potencial no controle do diabetes. Isso se deve a polissacar\u00eddeos e saponinas presentes nas folhas que exibem atividades antibacterianas e impactam positivamente na regula\u00e7\u00e3o dos n\u00edveis de glicose. Contudo, \u00e9 imperativo que o uso seja supervisionado por um profissional de sa\u00fade, pois doses elevadas de princ\u00edpios ativos naturais podem ocasionar efeitos colaterais.<\/p>\n\n\n\n<p>Em suma, a N\u00easpera revela-se uma aliada valiosa na promo\u00e7\u00e3o da sa\u00fade, com propriedades que v\u00e3o desde o fortalecimento do f\u00edgado at\u00e9 o equil\u00edbrio de processos inflamat\u00f3rios. Ao incorporar essa fruta na dieta, pode-se obter um suporte natural para uma vida mais saud\u00e1vel e equilibrada, sempre respeitando as orienta\u00e7\u00f5es de uso adequado.<\/p>\n\n\n<a href=\"https:\/\/www.instagram.com\/dra.annaluisabf\/\" target=\"_blank\" rel=\"noopener\" style=\"text-decoration: none; color: inherit;\">\n    <span style=\"display: inline-block; border: 1px solid #ccc; border-radius: 10px; padding: 15px; max-width: 550px; font-family: sans-serif; box-shadow: 0 2px 5px rgba(0,0,0,0.1); width: 100%;\">\n\n      <!-- T\u00edtulo -->\n      <span style=\"display: block; margin: 0 0 15px 0; font-weight: bold; color: #2c3e50; text-align: center;\">\n        Entre em contato:\n      <\/span>\n\n      <!-- Linha do perfil -->\n      <span style=\"display: flex; align-items: center; gap: 15px;\">\n        <img decoding=\"async\"\n          src=\"https:\/\/www.correiobraziliense.com.br\/cbradar\/wp-content\/uploads\/2025\/08\/dra_anna_luisa.jpeg\"\n          alt=\"Foto da Dra. Anna Lu\u00edsa\"\n          style=\"border-radius: 50%; width: 80px; height: 80px; object-fit: cover;\"\n        \/>\n        <span style=\"display: flex; flex-direction: column;\">\n          <span style=\"font-size: 18px; font-weight: 700; color: #2c3e50;\">Dra. Anna Lu\u00edsa Barbosa Fernandes<\/span>\n          <span style=\"color: #555;\">CRM-GO 33.271<\/span>\n        <\/span>\n      <\/span>\n\n      <!-- Redes -->\n      <span style=\"display: flex; align-items: center; gap: 10px; margin-top: 12px;\">\n        <img decoding=\"async\" src=\"https:\/\/cdn-icons-png.flaticon.com\/24\/1384\/1384063.png\" alt=\"Instagram\" width=\"24\" height=\"24\" \/>\n        <span style=\"text-decoration: underline; color: #2c3e50;\">@dra.annaluisabf<\/span>\n      <\/span>\n\n    <\/span>\n  <\/a>","protected":false},"excerpt":{"rendered":"<p>A N\u00easpera, conhecida cientificamente como\u00a0Eriobotrya japonica, \u00e9 uma \u00e1rvore frut\u00edfera de origem asi\u00e1tica, reconhecida tanto pelo sabor caracter\u00edstico quanto pelas propriedades medicinais. Suas qualidades terap\u00eauticas t\u00eam sido estudadas amplamente, comprovando sua efic\u00e1cia em diversos tratamentos naturais. Rica em compostos bioativos como flavonoides, \u00e1cidos fen\u00f3licos e carotenoides, a N\u00easpera possui uma poderosa a\u00e7\u00e3o antioxidante. Estes compostos [&hellip;]<\/p>\n","protected":false},"author":14,"featured_media":92945,"comment_status":"open","ping_status":"open","sticky":false,"template":"","format":"standard","meta":{"_yoast_wpseo_focuskw":"N\u00easpera","_yoast_wpseo_title":"","_yoast_wpseo_metadesc":"Benef\u00edcios da n\u00easpera v\u00e3o al\u00e9m do sabor. Veja o h\u00e1bito discreto que protege c\u00e9lulas e ajuda no controle do diabetes com seguran\u00e7a.","jnews-multi-image_gallery":[],"jnews_single_post":{"format":"standard"},"jnews_primary_category":[],"jnews_social_meta":[],"jnews_override_counter":[],"footnotes":""},"categories":[4404],"post_tag":[281,1423,120,1318],"class_list":["post-112480","post","type-post","status-publish","format-standard","has-post-thumbnail","hentry","category-saude","tag-alimentacao","tag-alimentos","tag-bem-estar","tag-saude-2"],"yoast_head":"<!-- This site is optimized with the Yoast SEO plugin v24.6 - https:\/\/yoast.com\/wordpress\/plugins\/seo\/ -->\n<title>A fruta que vai ajudar a regenerar o f\u00edgado de forma natural - Correio Braziliense - Radar<\/title>\n<meta name=\"description\" content=\"Benef\u00edcios da n\u00easpera v\u00e3o al\u00e9m do sabor. Veja o h\u00e1bito discreto que protege c\u00e9lulas e ajuda no controle do diabetes com seguran\u00e7a.\" \/>\n<meta name=\"robots\" content=\"index, follow, max-snippet:-1, max-image-preview:large, max-video-preview:-1\" \/>\n<link rel=\"canonical\" href=\"https:\/\/www.correiobraziliense.com.br\/cbradar\/a-fruta-que-vai-ajudar-a-regenerar-o-figado-de-forma-natural\/\" \/>\n<meta property=\"og:locale\" content=\"pt_BR\" \/>\n<meta property=\"og:type\" content=\"article\" \/>\n<meta property=\"og:title\" content=\"A fruta que vai ajudar a regenerar o f\u00edgado de forma natural - Correio Braziliense - Radar\" \/>\n<meta property=\"og:description\" content=\"Benef\u00edcios da n\u00easpera v\u00e3o al\u00e9m do sabor. Veja o h\u00e1bito discreto que protege c\u00e9lulas e ajuda no controle do diabetes com seguran\u00e7a.\" \/>\n<meta property=\"og:url\" content=\"https:\/\/www.correiobraziliense.com.br\/cbradar\/a-fruta-que-vai-ajudar-a-regenerar-o-figado-de-forma-natural\/\" \/>\n<meta property=\"og:site_name\" content=\"Correio Braziliense - Radar\" \/>\n<meta property=\"article:published_time\" content=\"2025-10-02T14:03:00+00:00\" \/>\n<meta property=\"og:image\" content=\"https:\/\/www.correiobraziliense.com.br\/cbradar\/wp-content\/uploads\/2025\/08\/loquat_1756132379949.jpg\" \/>\n\t<meta property=\"og:image:width\" content=\"1280\" \/>\n\t<meta property=\"og:image:height\" content=\"720\" \/>\n\t<meta property=\"og:image:type\" content=\"image\/jpeg\" \/>\n<meta name=\"author\" content=\"guilherme_saude\" \/>\n<meta name=\"twitter:card\" content=\"summary_large_image\" \/>\n<meta name=\"twitter:label1\" content=\"Escrito por\" \/>\n\t<meta name=\"twitter:data1\" content=\"guilherme_saude\" \/>\n\t<meta name=\"twitter:label2\" content=\"Est. tempo de leitura\" \/>\n\t<meta name=\"twitter:data2\" content=\"3 minutos\" \/>\n<!-- \/ Yoast SEO plugin. -->","yoast_head_json":{"title":"A fruta que vai ajudar a regenerar o f\u00edgado de forma natural - Correio Braziliense - Radar","description":"Benef\u00edcios da n\u00easpera v\u00e3o al\u00e9m do sabor. Veja o h\u00e1bito discreto que protege c\u00e9lulas e ajuda no controle do diabetes com seguran\u00e7a.","robots":{"index":"index","follow":"follow","max-snippet":"max-snippet:-1","max-image-preview":"max-image-preview:large","max-video-preview":"max-video-preview:-1"},"canonical":"https:\/\/www.correiobraziliense.com.br\/cbradar\/a-fruta-que-vai-ajudar-a-regenerar-o-figado-de-forma-natural\/","og_locale":"pt_BR","og_type":"article","og_title":"A fruta que vai ajudar a regenerar o f\u00edgado de forma natural - Correio Braziliense - Radar","og_description":"Benef\u00edcios da n\u00easpera v\u00e3o al\u00e9m do sabor. Veja o h\u00e1bito discreto que protege c\u00e9lulas e ajuda no controle do diabetes com seguran\u00e7a.","og_url":"https:\/\/www.correiobraziliense.com.br\/cbradar\/a-fruta-que-vai-ajudar-a-regenerar-o-figado-de-forma-natural\/","og_site_name":"Correio Braziliense - Radar","article_published_time":"2025-10-02T14:03:00+00:00","og_image":[{"width":1280,"height":720,"url":"https:\/\/www.correiobraziliense.com.br\/cbradar\/wp-content\/uploads\/2025\/08\/loquat_1756132379949.jpg","type":"image\/jpeg"}],"author":"guilherme_saude","twitter_card":"summary_large_image","twitter_misc":{"Escrito por":"guilherme_saude","Est. tempo de leitura":"3 minutos"},"schema":{"@context":"https:\/\/schema.org","@graph":[{"@type":"WebPage","@id":"https:\/\/www.correiobraziliense.com.br\/cbradar\/a-fruta-que-vai-ajudar-a-regenerar-o-figado-de-forma-natural\/","url":"https:\/\/www.correiobraziliense.com.br\/cbradar\/a-fruta-que-vai-ajudar-a-regenerar-o-figado-de-forma-natural\/","name":"A fruta que vai ajudar a regenerar o f\u00edgado de forma natural - Correio Braziliense - Radar","isPartOf":{"@id":"https:\/\/www.correiobraziliense.com.br\/cbradar\/#website"},"primaryImageOfPage":{"@id":"https:\/\/www.correiobraziliense.com.br\/cbradar\/a-fruta-que-vai-ajudar-a-regenerar-o-figado-de-forma-natural\/#primaryimage"},"image":{"@id":"https:\/\/www.correiobraziliense.com.br\/cbradar\/a-fruta-que-vai-ajudar-a-regenerar-o-figado-de-forma-natural\/#primaryimage"},"thumbnailUrl":"https:\/\/www.correiobraziliense.com.br\/cbradar\/wp-content\/uploads\/2025\/08\/loquat_1756132379949.jpg","datePublished":"2025-10-02T14:03:00+00:00","author":{"@id":"https:\/\/www.correiobraziliense.com.br\/cbradar\/#\/schema\/person\/5aa4bf3c8fa699c267933611de12978b"},"description":"Benef\u00edcios da n\u00easpera v\u00e3o al\u00e9m do sabor. Veja o h\u00e1bito discreto que protege c\u00e9lulas e ajuda no controle do diabetes com seguran\u00e7a.","breadcrumb":{"@id":"https:\/\/www.correiobraziliense.com.br\/cbradar\/a-fruta-que-vai-ajudar-a-regenerar-o-figado-de-forma-natural\/#breadcrumb"},"inLanguage":"pt-BR","potentialAction":[{"@type":"ReadAction","target":["https:\/\/www.correiobraziliense.com.br\/cbradar\/a-fruta-que-vai-ajudar-a-regenerar-o-figado-de-forma-natural\/"]}]},{"@type":"ImageObject","inLanguage":"pt-BR","@id":"https:\/\/www.correiobraziliense.com.br\/cbradar\/a-fruta-que-vai-ajudar-a-regenerar-o-figado-de-forma-natural\/#primaryimage","url":"https:\/\/www.correiobraziliense.com.br\/cbradar\/wp-content\/uploads\/2025\/08\/loquat_1756132379949.jpg","contentUrl":"https:\/\/www.correiobraziliense.com.br\/cbradar\/wp-content\/uploads\/2025\/08\/loquat_1756132379949.jpg","width":1280,"height":720,"caption":"N\u00easpera - Cr\u00e9ditos: depositphotos.com \/ francescomoufotografo"},{"@type":"BreadcrumbList","@id":"https:\/\/www.correiobraziliense.com.br\/cbradar\/a-fruta-que-vai-ajudar-a-regenerar-o-figado-de-forma-natural\/#breadcrumb","itemListElement":[{"@type":"ListItem","position":1,"name":"In\u00edcio","item":"https:\/\/www.correiobraziliense.com.br\/cbradar\/"},{"@type":"ListItem","position":2,"name":"A fruta que vai ajudar a regenerar o f\u00edgado de forma natural"}]},{"@type":"WebSite","@id":"https:\/\/www.correiobraziliense.com.br\/cbradar\/#website","url":"https:\/\/www.correiobraziliense.com.br\/cbradar\/","name":"Correio Braziliense - Radar","description":"Acompanhe as \u00faltimas not\u00edcias e fique bem informado sobre tudo o que acontece no Brasil e no mundo.","potentialAction":[{"@type":"SearchAction","target":{"@type":"EntryPoint","urlTemplate":"https:\/\/www.correiobraziliense.com.br\/cbradar\/?s={search_term_string}"},"query-input":{"@type":"PropertyValueSpecification","valueRequired":true,"valueName":"search_term_string"}}],"inLanguage":"pt-BR"},{"@type":"Person","@id":"https:\/\/www.correiobraziliense.com.br\/cbradar\/#\/schema\/person\/5aa4bf3c8fa699c267933611de12978b","name":"guilherme_saude","image":{"@type":"ImageObject","inLanguage":"pt-BR","@id":"https:\/\/www.correiobraziliense.com.br\/cbradar\/#\/schema\/person\/image\/","url":"https:\/\/secure.gravatar.com\/avatar\/df9adfb835d344bc0af109d41756253f?s=96&d=mm&r=g","contentUrl":"https:\/\/secure.gravatar.com\/avatar\/df9adfb835d344bc0af109d41756253f?s=96&d=mm&r=g","caption":"guilherme_saude"},"url":"https:\/\/www.correiobraziliense.com.br\/cbradar\/author\/guilherme_saude\/"}]}},"_links":{"self":[{"href":"https:\/\/www.correiobraziliense.com.br\/cbradar\/wp-json\/wp\/v2\/posts\/112480","targetHints":{"allow":["GET"]}}],"collection":[{"href":"https:\/\/www.correiobraziliense.com.br\/cbradar\/wp-json\/wp\/v2\/posts"}],"about":[{"href":"https:\/\/www.correiobraziliense.com.br\/cbradar\/wp-json\/wp\/v2\/types\/post"}],"author":[{"embeddable":true,"href":"https:\/\/www.correiobraziliense.com.br\/cbradar\/wp-json\/wp\/v2\/users\/14"}],"replies":[{"embeddable":true,"href":"https:\/\/www.correiobraziliense.com.br\/cbradar\/wp-json\/wp\/v2\/comments?post=112480"}],"version-history":[{"count":1,"href":"https:\/\/www.correiobraziliense.com.br\/cbradar\/wp-json\/wp\/v2\/posts\/112480\/revisions"}],"predecessor-version":[{"id":112493,"href":"https:\/\/www.correiobraziliense.com.br\/cbradar\/wp-json\/wp\/v2\/posts\/112480\/revisions\/112493"}],"wp:featuredmedia":[{"embeddable":true,"href":"https:\/\/www.correiobraziliense.com.br\/cbradar\/wp-json\/wp\/v2\/media\/92945"}],"wp:attachment":[{"href":"https:\/\/www.correiobraziliense.com.br\/cbradar\/wp-json\/wp\/v2\/media?parent=112480"}],"wp:term":[{"taxonomy":"category","embeddable":true,"href":"https:\/\/www.correiobraziliense.com.br\/cbradar\/wp-json\/wp\/v2\/categories?post=112480"},{"taxonomy":"post_tag","embeddable":true,"href":"https:\/\/www.correiobraziliense.com.br\/cbradar\/wp-json\/wp\/v2\/post_tag?post=112480"}],"curies":[{"name":"wp","href":"https:\/\/api.w.org\/{rel}","templated":true}]}}