{"id":112541,"date":"2025-10-02T17:33:00","date_gmt":"2025-10-02T20:33:00","guid":{"rendered":"https:\/\/www.correiobraziliense.com.br\/cbradar\/?p=112541"},"modified":"2025-10-01T16:19:23","modified_gmt":"2025-10-01T19:19:23","slug":"5-tratamentos-e-procedimentos-gratuitos-disponiveis-no-sus","status":"publish","type":"post","link":"https:\/\/www.correiobraziliense.com.br\/cbradar\/5-tratamentos-e-procedimentos-gratuitos-disponiveis-no-sus\/","title":{"rendered":"5 Tratamentos e procedimentos gratuitos dispon\u00edveis no SUS"},"content":{"rendered":"\n<p>O<strong> Sistema \u00danico de Sa\u00fade (SUS)<\/strong> \u00e9 uma estrutura fundamental no Brasil, assegurando o acesso universal e gratuito a servi\u00e7os de sa\u00fade para toda a popula\u00e7\u00e3o. Institu\u00eddo pela Constitui\u00e7\u00e3o de 1988, o SUS tem como base princ\u00edpios de universalidade, integralidade e equidade. Ele oferece desde atendimento prim\u00e1rio em unidades de sa\u00fade at\u00e9 servi\u00e7os especializados, garantindo que todos os cidad\u00e3os possam usufruir de cuidados essenciais sem qualquer custo.<\/p>\n\n\n\n<p>Al\u00e9m de proporcionar consultas m\u00e9dicas e atendimentos de emerg\u00eancia, o SUS promove uma abordagem integral \u00e0 <a href=\"https:\/\/www.correiobraziliense.com.br\/cbradar\/muito-alem-do-visual-os-oculos-escuros-protegem-sua-saude-ocular\/\" target=\"_blank\" rel=\"noreferrer noopener\">sa\u00fade <\/a>que inclui preven\u00e7\u00e3o, diagn\u00f3stico e tratamento de doen\u00e7as. Especialistas destacam que muitos brasileiros desconhecem a variedade de procedimentos dispon\u00edveis no sistema, perdendo oportunidades de acessar tratamentos importantes sem custos. A conscientiza\u00e7\u00e3o sobre os direitos e os servi\u00e7os oferecidos \u00e9 crucial para um aproveitamento total dessa pol\u00edtica p\u00fablica.<\/p>\n\n\n\n<h2 class=\"wp-block-heading\">Como funciona o acesso aos servi\u00e7os do SUS?<\/h2>\n\n\n\n<p>O acesso aos servi\u00e7os de sa\u00fade pelo SUS inicia-se, geralmente, nas Unidades B\u00e1sicas de Sa\u00fade (UBSs), que atuam como porta de entrada para o sistema. Nessas unidades, os pacientes podem realizar consultas m\u00e9dicas ou odontol\u00f3gicas, receber orienta\u00e7\u00f5es sobre sa\u00fade preventiva e, quando necess\u00e1rio, obter encaminhamentos para atendimentos mais especializados. As UBSs tamb\u00e9m s\u00e3o respons\u00e1veis por agendar exames e consultas em outros n\u00edveis de servi\u00e7o, assegurando um fluxo cont\u00ednuo e organizado de cuidados.<\/p>\n\n\n<div class=\"wp-block-image\">\n<figure class=\"aligncenter size-large\"><img decoding=\"async\" width=\"1024\" height=\"576\" src=\"https:\/\/www.correiobraziliense.com.br\/cbradar\/wp-content\/uploads\/2025\/08\/check-up-medico_1755810435831-1024x576.jpg\" alt=\"\" class=\"wp-image-90596\" srcset=\"https:\/\/www.correiobraziliense.com.br\/cbradar\/wp-content\/uploads\/2025\/08\/check-up-medico_1755810435831-1024x576.jpg 1024w, https:\/\/www.correiobraziliense.com.br\/cbradar\/wp-content\/uploads\/2025\/08\/check-up-medico_1755810435831-300x169.jpg 300w, https:\/\/www.correiobraziliense.com.br\/cbradar\/wp-content\/uploads\/2025\/08\/check-up-medico_1755810435831-768x432.jpg 768w, https:\/\/www.correiobraziliense.com.br\/cbradar\/wp-content\/uploads\/2025\/08\/check-up-medico_1755810435831-750x422.jpg 750w, https:\/\/www.correiobraziliense.com.br\/cbradar\/wp-content\/uploads\/2025\/08\/check-up-medico_1755810435831-1140x641.jpg 1140w, https:\/\/www.correiobraziliense.com.br\/cbradar\/wp-content\/uploads\/2025\/08\/check-up-medico_1755810435831.jpg 1280w\" sizes=\"(max-width: 1024px) 100vw, 1024px\" \/><figcaption class=\"wp-element-caption\">check up &#8211; Cr\u00e9ditos: depositphotos.com \/ nito103<\/figcaption><\/figure><\/div>\n\n\n<h2 class=\"wp-block-heading\">Quais s\u00e3o os servi\u00e7os especializados dispon\u00edveis?<\/h2>\n\n\n\n<p>O SUS disponibiliza uma gama extensa de servi\u00e7os especializados. Entre eles, a inser\u00e7\u00e3o do DIU (Dispositivo Intrauterino), realizada em UBSs mediante avalia\u00e7\u00e3o m\u00e9dica. Procedimentos ambulatoriais para preven\u00e7\u00e3o da perda de vis\u00e3o em idosos tamb\u00e9m s\u00e3o comuns, proporcionando acompanhamento cont\u00ednuo e espec\u00edfico. Exames como tomografia, resson\u00e2ncia magn\u00e9tica e colonoscopia exigem encaminhamento m\u00e9dico, mas s\u00e3o oferecidos gratuitamente, garantindo diagn\u00f3sticos precisos e tratamentos adequados.<\/p>\n\n\n\n<h2 class=\"wp-block-heading\">O SUS oferece terapias alternativas?<\/h2>\n\n\n\n<p>Sim, o SUS \u00e9 um dos sistemas p\u00fablicos que inclui pr\u00e1ticas integrativas e complementares, reconhecidas pelo Minist\u00e9rio da Sa\u00fade. Entre elas, est\u00e3o sess\u00f5es de acupuntura, auriculoterapia e reiki, ampliando as op\u00e7\u00f5es de tratamento para os usu\u00e1rios do sistema. Essas pr\u00e1ticas t\u00eam ganhado espa\u00e7o por promoverem o bem-estar e por complementarem o tratamento de condi\u00e7\u00f5es cl\u00ednicas tradicionais, oferecendo um cuidado mais humanizado e abrangente.<\/p>\n\n\n\n<h2 class=\"wp-block-heading\">Como o SUS impacta a sociedade brasileira?<\/h2>\n\n\n\n<p>O SUS representa um pilar na promo\u00e7\u00e3o da sa\u00fade p\u00fablica e na redu\u00e7\u00e3o das desigualdades sociais no Brasil. Ao garantir que todas as pessoas, independentemente de sua classe social, tenham direito ao cuidado gratuito, o sistema busca eliminar barreiras ao acesso \u00e0 sa\u00fade. Essa abordagem fortalece a qualidade de vida e a sa\u00fade coletiva, contribuindo para uma sociedade mais justa e saud\u00e1vel. Assim, o cont\u00ednuo investimento e melhoria na infraestrutura e no atendimento pelo SUS s\u00e3o cruciais para enfrentar os desafios emergentes da sa\u00fade p\u00fablica no pa\u00eds.<\/p>\n\n\n<a href=\"https:\/\/www.instagram.com\/dra.annaluisabf\/\" target=\"_blank\" rel=\"noopener\" style=\"text-decoration: none; color: inherit;\">\n    <span style=\"display: inline-block; border: 1px solid #ccc; border-radius: 10px; padding: 15px; max-width: 550px; font-family: sans-serif; box-shadow: 0 2px 5px rgba(0,0,0,0.1); width: 100%;\">\n\n      <!-- T\u00edtulo -->\n      <span style=\"display: block; margin: 0 0 15px 0; font-weight: bold; color: #2c3e50; text-align: center;\">\n        Entre em contato:\n      <\/span>\n\n      <!-- Linha do perfil -->\n      <span style=\"display: flex; align-items: center; gap: 15px;\">\n        <img decoding=\"async\"\n          src=\"https:\/\/www.correiobraziliense.com.br\/cbradar\/wp-content\/uploads\/2025\/08\/dra_anna_luisa.jpeg\"\n          alt=\"Foto da Dra. Anna Lu\u00edsa\"\n          style=\"border-radius: 50%; width: 80px; height: 80px; object-fit: cover;\"\n        \/>\n        <span style=\"display: flex; flex-direction: column;\">\n          <span style=\"font-size: 18px; font-weight: 700; color: #2c3e50;\">Dra. Anna Lu\u00edsa Barbosa Fernandes<\/span>\n          <span style=\"color: #555;\">CRM-GO 33.271<\/span>\n        <\/span>\n      <\/span>\n\n      <!-- Redes -->\n      <span style=\"display: flex; align-items: center; gap: 10px; margin-top: 12px;\">\n        <img decoding=\"async\" src=\"https:\/\/cdn-icons-png.flaticon.com\/24\/1384\/1384063.png\" alt=\"Instagram\" width=\"24\" height=\"24\" \/>\n        <span style=\"text-decoration: underline; color: #2c3e50;\">@dra.annaluisabf<\/span>\n      <\/span>\n\n    <\/span>\n  <\/a>","protected":false},"excerpt":{"rendered":"<p>O Sistema \u00danico de Sa\u00fade (SUS) \u00e9 uma estrutura fundamental no Brasil, assegurando o acesso universal e gratuito a servi\u00e7os de sa\u00fade para toda a popula\u00e7\u00e3o. Institu\u00eddo pela Constitui\u00e7\u00e3o de 1988, o SUS tem como base princ\u00edpios de universalidade, integralidade e equidade. Ele oferece desde atendimento prim\u00e1rio em unidades de sa\u00fade at\u00e9 servi\u00e7os especializados, garantindo [&hellip;]<\/p>\n","protected":false},"author":14,"featured_media":112548,"comment_status":"open","ping_status":"open","sticky":false,"template":"","format":"standard","meta":{"_yoast_wpseo_focuskw":"SUS","_yoast_wpseo_title":"","_yoast_wpseo_metadesc":"Os servi\u00e7os do SUS oferecem mais do que voc\u00ea imagina. Conhe\u00e7a o detalhe que agiliza encaminhamentos e evita perder benef\u00edcios essenciais.","jnews-multi-image_gallery":[],"jnews_single_post":{"format":"standard"},"jnews_primary_category":[],"jnews_social_meta":[],"jnews_override_counter":[],"footnotes":""},"categories":[4404],"post_tag":[120,225,1318],"class_list":["post-112541","post","type-post","status-publish","format-standard","has-post-thumbnail","hentry","category-saude","tag-bem-estar","tag-brasil","tag-saude-2"],"yoast_head":"<!-- This site is optimized with the Yoast SEO plugin v24.6 - https:\/\/yoast.com\/wordpress\/plugins\/seo\/ -->\n<title>5 Tratamentos e procedimentos gratuitos dispon\u00edveis no SUS - Correio Braziliense - Radar<\/title>\n<meta name=\"description\" content=\"Os servi\u00e7os do SUS oferecem mais do que voc\u00ea imagina. Conhe\u00e7a o detalhe que agiliza encaminhamentos e evita perder benef\u00edcios essenciais.\" \/>\n<meta name=\"robots\" content=\"index, follow, max-snippet:-1, max-image-preview:large, max-video-preview:-1\" \/>\n<link rel=\"canonical\" href=\"https:\/\/www.correiobraziliense.com.br\/cbradar\/5-tratamentos-e-procedimentos-gratuitos-disponiveis-no-sus\/\" \/>\n<meta property=\"og:locale\" content=\"pt_BR\" \/>\n<meta property=\"og:type\" content=\"article\" \/>\n<meta property=\"og:title\" content=\"5 Tratamentos e procedimentos gratuitos dispon\u00edveis no SUS - Correio Braziliense - Radar\" \/>\n<meta property=\"og:description\" content=\"Os servi\u00e7os do SUS oferecem mais do que voc\u00ea imagina. Conhe\u00e7a o detalhe que agiliza encaminhamentos e evita perder benef\u00edcios essenciais.\" \/>\n<meta property=\"og:url\" content=\"https:\/\/www.correiobraziliense.com.br\/cbradar\/5-tratamentos-e-procedimentos-gratuitos-disponiveis-no-sus\/\" \/>\n<meta property=\"og:site_name\" content=\"Correio Braziliense - Radar\" \/>\n<meta property=\"article:published_time\" content=\"2025-10-02T20:33:00+00:00\" \/>\n<meta property=\"og:image\" content=\"https:\/\/www.correiobraziliense.com.br\/cbradar\/wp-content\/uploads\/2025\/10\/saude-brasil_1759346142173.jpg\" \/>\n\t<meta property=\"og:image:width\" content=\"1280\" \/>\n\t<meta property=\"og:image:height\" content=\"720\" \/>\n\t<meta property=\"og:image:type\" content=\"image\/jpeg\" \/>\n<meta name=\"author\" content=\"guilherme_saude\" \/>\n<meta name=\"twitter:card\" content=\"summary_large_image\" \/>\n<meta name=\"twitter:label1\" content=\"Escrito por\" \/>\n\t<meta name=\"twitter:data1\" content=\"guilherme_saude\" \/>\n\t<meta name=\"twitter:label2\" content=\"Est. tempo de leitura\" \/>\n\t<meta name=\"twitter:data2\" content=\"4 minutos\" \/>\n<!-- \/ Yoast SEO plugin. -->","yoast_head_json":{"title":"5 Tratamentos e procedimentos gratuitos dispon\u00edveis no SUS - Correio Braziliense - Radar","description":"Os servi\u00e7os do SUS oferecem mais do que voc\u00ea imagina. Conhe\u00e7a o detalhe que agiliza encaminhamentos e evita perder benef\u00edcios essenciais.","robots":{"index":"index","follow":"follow","max-snippet":"max-snippet:-1","max-image-preview":"max-image-preview:large","max-video-preview":"max-video-preview:-1"},"canonical":"https:\/\/www.correiobraziliense.com.br\/cbradar\/5-tratamentos-e-procedimentos-gratuitos-disponiveis-no-sus\/","og_locale":"pt_BR","og_type":"article","og_title":"5 Tratamentos e procedimentos gratuitos dispon\u00edveis no SUS - Correio Braziliense - Radar","og_description":"Os servi\u00e7os do SUS oferecem mais do que voc\u00ea imagina. Conhe\u00e7a o detalhe que agiliza encaminhamentos e evita perder benef\u00edcios essenciais.","og_url":"https:\/\/www.correiobraziliense.com.br\/cbradar\/5-tratamentos-e-procedimentos-gratuitos-disponiveis-no-sus\/","og_site_name":"Correio Braziliense - Radar","article_published_time":"2025-10-02T20:33:00+00:00","og_image":[{"width":1280,"height":720,"url":"https:\/\/www.correiobraziliense.com.br\/cbradar\/wp-content\/uploads\/2025\/10\/saude-brasil_1759346142173.jpg","type":"image\/jpeg"}],"author":"guilherme_saude","twitter_card":"summary_large_image","twitter_misc":{"Escrito por":"guilherme_saude","Est. tempo de leitura":"4 minutos"},"schema":{"@context":"https:\/\/schema.org","@graph":[{"@type":"WebPage","@id":"https:\/\/www.correiobraziliense.com.br\/cbradar\/5-tratamentos-e-procedimentos-gratuitos-disponiveis-no-sus\/","url":"https:\/\/www.correiobraziliense.com.br\/cbradar\/5-tratamentos-e-procedimentos-gratuitos-disponiveis-no-sus\/","name":"5 Tratamentos e procedimentos gratuitos dispon\u00edveis no SUS - Correio Braziliense - Radar","isPartOf":{"@id":"https:\/\/www.correiobraziliense.com.br\/cbradar\/#website"},"primaryImageOfPage":{"@id":"https:\/\/www.correiobraziliense.com.br\/cbradar\/5-tratamentos-e-procedimentos-gratuitos-disponiveis-no-sus\/#primaryimage"},"image":{"@id":"https:\/\/www.correiobraziliense.com.br\/cbradar\/5-tratamentos-e-procedimentos-gratuitos-disponiveis-no-sus\/#primaryimage"},"thumbnailUrl":"https:\/\/www.correiobraziliense.com.br\/cbradar\/wp-content\/uploads\/2025\/10\/saude-brasil_1759346142173.jpg","datePublished":"2025-10-02T20:33:00+00:00","author":{"@id":"https:\/\/www.correiobraziliense.com.br\/cbradar\/#\/schema\/person\/5aa4bf3c8fa699c267933611de12978b"},"description":"Os servi\u00e7os do SUS oferecem mais do que voc\u00ea imagina. Conhe\u00e7a o detalhe que agiliza encaminhamentos e evita perder benef\u00edcios essenciais.","breadcrumb":{"@id":"https:\/\/www.correiobraziliense.com.br\/cbradar\/5-tratamentos-e-procedimentos-gratuitos-disponiveis-no-sus\/#breadcrumb"},"inLanguage":"pt-BR","potentialAction":[{"@type":"ReadAction","target":["https:\/\/www.correiobraziliense.com.br\/cbradar\/5-tratamentos-e-procedimentos-gratuitos-disponiveis-no-sus\/"]}]},{"@type":"ImageObject","inLanguage":"pt-BR","@id":"https:\/\/www.correiobraziliense.com.br\/cbradar\/5-tratamentos-e-procedimentos-gratuitos-disponiveis-no-sus\/#primaryimage","url":"https:\/\/www.correiobraziliense.com.br\/cbradar\/wp-content\/uploads\/2025\/10\/saude-brasil_1759346142173.jpg","contentUrl":"https:\/\/www.correiobraziliense.com.br\/cbradar\/wp-content\/uploads\/2025\/10\/saude-brasil_1759346142173.jpg","width":1280,"height":720,"caption":"SUS - Cr\u00e9ditos: depositphotos.com \/ joasouza"},{"@type":"BreadcrumbList","@id":"https:\/\/www.correiobraziliense.com.br\/cbradar\/5-tratamentos-e-procedimentos-gratuitos-disponiveis-no-sus\/#breadcrumb","itemListElement":[{"@type":"ListItem","position":1,"name":"In\u00edcio","item":"https:\/\/www.correiobraziliense.com.br\/cbradar\/"},{"@type":"ListItem","position":2,"name":"5 Tratamentos e procedimentos gratuitos dispon\u00edveis no SUS"}]},{"@type":"WebSite","@id":"https:\/\/www.correiobraziliense.com.br\/cbradar\/#website","url":"https:\/\/www.correiobraziliense.com.br\/cbradar\/","name":"Correio Braziliense - Radar","description":"Acompanhe as \u00faltimas not\u00edcias e fique bem informado sobre tudo o que acontece no Brasil e no mundo.","potentialAction":[{"@type":"SearchAction","target":{"@type":"EntryPoint","urlTemplate":"https:\/\/www.correiobraziliense.com.br\/cbradar\/?s={search_term_string}"},"query-input":{"@type":"PropertyValueSpecification","valueRequired":true,"valueName":"search_term_string"}}],"inLanguage":"pt-BR"},{"@type":"Person","@id":"https:\/\/www.correiobraziliense.com.br\/cbradar\/#\/schema\/person\/5aa4bf3c8fa699c267933611de12978b","name":"guilherme_saude","image":{"@type":"ImageObject","inLanguage":"pt-BR","@id":"https:\/\/www.correiobraziliense.com.br\/cbradar\/#\/schema\/person\/image\/","url":"https:\/\/secure.gravatar.com\/avatar\/df9adfb835d344bc0af109d41756253f?s=96&d=mm&r=g","contentUrl":"https:\/\/secure.gravatar.com\/avatar\/df9adfb835d344bc0af109d41756253f?s=96&d=mm&r=g","caption":"guilherme_saude"},"url":"https:\/\/www.correiobraziliense.com.br\/cbradar\/author\/guilherme_saude\/"}]}},"_links":{"self":[{"href":"https:\/\/www.correiobraziliense.com.br\/cbradar\/wp-json\/wp\/v2\/posts\/112541","targetHints":{"allow":["GET"]}}],"collection":[{"href":"https:\/\/www.correiobraziliense.com.br\/cbradar\/wp-json\/wp\/v2\/posts"}],"about":[{"href":"https:\/\/www.correiobraziliense.com.br\/cbradar\/wp-json\/wp\/v2\/types\/post"}],"author":[{"embeddable":true,"href":"https:\/\/www.correiobraziliense.com.br\/cbradar\/wp-json\/wp\/v2\/users\/14"}],"replies":[{"embeddable":true,"href":"https:\/\/www.correiobraziliense.com.br\/cbradar\/wp-json\/wp\/v2\/comments?post=112541"}],"version-history":[{"count":1,"href":"https:\/\/www.correiobraziliense.com.br\/cbradar\/wp-json\/wp\/v2\/posts\/112541\/revisions"}],"predecessor-version":[{"id":112551,"href":"https:\/\/www.correiobraziliense.com.br\/cbradar\/wp-json\/wp\/v2\/posts\/112541\/revisions\/112551"}],"wp:featuredmedia":[{"embeddable":true,"href":"https:\/\/www.correiobraziliense.com.br\/cbradar\/wp-json\/wp\/v2\/media\/112548"}],"wp:attachment":[{"href":"https:\/\/www.correiobraziliense.com.br\/cbradar\/wp-json\/wp\/v2\/media?parent=112541"}],"wp:term":[{"taxonomy":"category","embeddable":true,"href":"https:\/\/www.correiobraziliense.com.br\/cbradar\/wp-json\/wp\/v2\/categories?post=112541"},{"taxonomy":"post_tag","embeddable":true,"href":"https:\/\/www.correiobraziliense.com.br\/cbradar\/wp-json\/wp\/v2\/post_tag?post=112541"}],"curies":[{"name":"wp","href":"https:\/\/api.w.org\/{rel}","templated":true}]}}