{"id":11256,"date":"2025-03-12T20:30:00","date_gmt":"2025-03-12T23:30:00","guid":{"rendered":"https:\/\/www.correiobraziliense.com.br\/cbradar\/?p=11256"},"modified":"2025-03-11T11:42:14","modified_gmt":"2025-03-11T14:42:14","slug":"guia-completo-para-o-cultivo-da-roma-em-casa-veja-detalhes","status":"publish","type":"post","link":"https:\/\/www.correiobraziliense.com.br\/cbradar\/guia-completo-para-o-cultivo-da-roma-em-casa-veja-detalhes\/","title":{"rendered":"Guia completo para o cultivo da rom\u00e3 em casa, veja detalhes"},"content":{"rendered":"\n<p>A rom\u00e3, uma fruta origin\u00e1ria do Oriente M\u00e9dio, tem ganhado popularidade no <strong>Brasil<\/strong>, sendo consumida de diversas formas, como fresca, em sucos ou em saladas. Al\u00e9m de seu sabor caracter\u00edstico, a rom\u00e3 \u00e9 rica em nutrientes, incluindo vitaminas A e B, ferro e c\u00e1lcio, tornando-se uma excelente adi\u00e7\u00e3o \u00e0 dieta. Com o Ir\u00e3 como maior produtor mundial, a fruta tamb\u00e9m \u00e9 cultivada em menor escala em quintais e varandas brasileiras.<\/p>\n\n\n\n<p>O cultivo da rom\u00e3 em casa \u00e9 vi\u00e1vel e pode ser realizado em vasos, desde que algumas condi\u00e7\u00f5es sejam respeitadas. <strong>Edson Lopes<\/strong>, especialista em jardinagem, destaca a import\u00e2ncia de manter a planta em ambientes externos para garantir sua sa\u00fade e produtividade. A aten\u00e7\u00e3o \u00e0 aduba\u00e7\u00e3o e ao controle de pragas \u00e9 essencial para o desenvolvimento de frutos de qualidade.<\/p>\n\n\n\n<h2 class=\"wp-block-heading\"><strong>Como plantar rom\u00e3 em vasos?<\/strong><\/h2>\n\n\n\n<p>Para iniciar o cultivo da rom\u00e3 a partir de sementes, \u00e9 importante escolher frutas saud\u00e1veis. As sementes devem ser limpas e secas antes do plantio. Ap\u00f3s dois dias de secagem, elas podem ser semeadas em solo com substrato adequado. Quando as mudas atingirem cerca de 40 cm, \u00e9 necess\u00e1rio selecionar as mais vigorosas para o transplante em vasos maiores.<\/p>\n\n\n\n<figure class=\"wp-block-image size-large\"><img decoding=\"async\" width=\"1024\" height=\"576\" src=\"https:\/\/www.correiobraziliense.com.br\/cbradar\/wp-content\/uploads\/2025\/03\/Roma_1741630042648-1024x576.jpg\" alt=\"Guia Completo para o Cultivo da Rom\u00e3\" class=\"wp-image-11260\" srcset=\"https:\/\/www.correiobraziliense.com.br\/cbradar\/wp-content\/uploads\/2025\/03\/Roma_1741630042648-1024x576.jpg 1024w, https:\/\/www.correiobraziliense.com.br\/cbradar\/wp-content\/uploads\/2025\/03\/Roma_1741630042648-300x169.jpg 300w, https:\/\/www.correiobraziliense.com.br\/cbradar\/wp-content\/uploads\/2025\/03\/Roma_1741630042648-768x432.jpg 768w, https:\/\/www.correiobraziliense.com.br\/cbradar\/wp-content\/uploads\/2025\/03\/Roma_1741630042648-750x422.jpg 750w, https:\/\/www.correiobraziliense.com.br\/cbradar\/wp-content\/uploads\/2025\/03\/Roma_1741630042648-1140x642.jpg 1140w, https:\/\/www.correiobraziliense.com.br\/cbradar\/wp-content\/uploads\/2025\/03\/Roma_1741630042648.jpg 1279w\" sizes=\"(max-width: 1024px) 100vw, 1024px\" \/><figcaption class=\"wp-element-caption\">Rom\u00e3.Cr\u00e9ditos: depositphotos.com \/ grafnata<\/figcaption><\/figure>\n\n\n\n<p>Os vasos devem ter dimens\u00f5es de pelo menos 60 cm x 60 cm para acomodar o crescimento da planta, que pode atingir at\u00e9 2 metros de altura. O solo ideal \u00e9 bem drenado, profundo e argiloso, e a adi\u00e7\u00e3o de mat\u00e9ria org\u00e2nica \u00e9 recomendada para promover o desenvolvimento saud\u00e1vel da planta.<\/p>\n\n\n\n<h2 class=\"wp-block-heading\"><strong>Quais cuidados a rom\u00e3 exige?<\/strong><\/h2>\n\n\n\n<p>A rega da rom\u00e3 deve ser ajustada conforme a esta\u00e7\u00e3o do ano. Durante o inverno, duas regas semanais s\u00e3o suficientes, enquanto no ver\u00e3o, a frequ\u00eancia deve ser aumentada. \u00c9 importante verificar a umidade do solo antes de regar, evitando o excesso de \u00e1gua, que pode prejudicar a planta.<\/p>\n\n\n\n<p>A ilumina\u00e7\u00e3o \u00e9 outro fator crucial para o cultivo da rom\u00e3. A planta necessita de pelo menos 5 horas di\u00e1rias de luz solar direta. Portanto, deve ser posicionada em locais onde receba luz suficiente. A poda n\u00e3o \u00e9 necess\u00e1ria, mas a remo\u00e7\u00e3o de galhos secos pode favorecer o crescimento saud\u00e1vel.<\/p>\n\n\n\n<h2 class=\"wp-block-heading\"><strong>Quanto tempo leva para a rom\u00e3 frutificar?<\/strong><\/h2>\n\n\n\n<p>Com os cuidados adequados, uma \u00e1rvore de rom\u00e3 pode come\u00e7ar a produzir frutos entre o segundo e o terceiro ano de cultivo. Em condi\u00e7\u00f5es ideais, a planta pode render de 12 a 16 frutos por ano. A aduba\u00e7\u00e3o regular e o manejo correto s\u00e3o fundamentais para alcan\u00e7ar essa produtividade.<\/p>\n\n\n\n<p>O cultivo da rom\u00e3 em casa pode ser uma experi\u00eancia gratificante, proporcionando n\u00e3o apenas frutos saborosos, mas tamb\u00e9m uma bela adi\u00e7\u00e3o ao jardim. Com aten\u00e7\u00e3o aos detalhes de plantio e cuidados, \u00e9 poss\u00edvel desfrutar dos benef\u00edcios dessa fruta rica em nutrientes diretamente do quintal.<\/p>\n","protected":false},"excerpt":{"rendered":"<p>Aprenda a cultivar rom\u00e3 em casa com nosso guia completo. Descubra as condi\u00e7\u00f5es necess\u00e1rias para o plantio e cuidados.<\/p>\n","protected":false},"author":3,"featured_media":11259,"comment_status":"open","ping_status":"open","sticky":false,"template":"","format":"standard","meta":{"_yoast_wpseo_focuskw":"como plantar rom\u00e3","_yoast_wpseo_title":"%%title%% %%page%%","_yoast_wpseo_metadesc":"Aprenda a cultivar rom\u00e3 em casa com nosso guia completo. Descubra as condi\u00e7\u00f5es necess\u00e1rias para o plantio e cuidados.","jnews-multi-image_gallery":[],"jnews_single_post":{"format":"standard"},"jnews_primary_category":[],"jnews_social_meta":[],"jnews_override_counter":[],"footnotes":""},"categories":[136],"post_tag":[137,1595],"class_list":["post-11256","post","type-post","status-publish","format-standard","has-post-thumbnail","hentry","category-jardinagem","tag-como-plantar","tag-roma"],"yoast_head":"<!-- This site is optimized with the Yoast SEO plugin v24.6 - https:\/\/yoast.com\/wordpress\/plugins\/seo\/ -->\n<title>Guia completo para o cultivo da rom\u00e3 em casa, veja detalhes<\/title>\n<meta name=\"description\" content=\"Aprenda a cultivar rom\u00e3 em casa com nosso guia completo. Descubra as condi\u00e7\u00f5es necess\u00e1rias para o plantio e cuidados.\" \/>\n<meta name=\"robots\" content=\"index, follow, max-snippet:-1, max-image-preview:large, max-video-preview:-1\" \/>\n<link rel=\"canonical\" href=\"https:\/\/www.correiobraziliense.com.br\/cbradar\/guia-completo-para-o-cultivo-da-roma-em-casa-veja-detalhes\/\" \/>\n<meta property=\"og:locale\" content=\"pt_BR\" \/>\n<meta property=\"og:type\" content=\"article\" \/>\n<meta property=\"og:title\" content=\"Guia completo para o cultivo da rom\u00e3 em casa, veja detalhes\" \/>\n<meta property=\"og:description\" content=\"Aprenda a cultivar rom\u00e3 em casa com nosso guia completo. Descubra as condi\u00e7\u00f5es necess\u00e1rias para o plantio e cuidados.\" \/>\n<meta property=\"og:url\" content=\"https:\/\/www.correiobraziliense.com.br\/cbradar\/guia-completo-para-o-cultivo-da-roma-em-casa-veja-detalhes\/\" \/>\n<meta property=\"og:site_name\" content=\"Correio Braziliense - Radar\" \/>\n<meta property=\"article:published_time\" content=\"2025-03-12T23:30:00+00:00\" \/>\n<meta property=\"og:image\" content=\"https:\/\/www.correiobraziliense.com.br\/cbradar\/wp-content\/uploads\/2025\/03\/Roma_1741630001818.jpg\" \/>\n\t<meta property=\"og:image:width\" content=\"1280\" \/>\n\t<meta property=\"og:image:height\" content=\"720\" \/>\n\t<meta property=\"og:image:type\" content=\"image\/jpeg\" \/>\n<meta name=\"author\" content=\"Larissa Carvalho\" \/>\n<meta name=\"twitter:card\" content=\"summary_large_image\" \/>\n<meta name=\"twitter:label1\" content=\"Escrito por\" \/>\n\t<meta name=\"twitter:data1\" content=\"Larissa Carvalho\" \/>\n\t<meta name=\"twitter:label2\" content=\"Est. tempo de leitura\" \/>\n\t<meta name=\"twitter:data2\" content=\"3 minutos\" \/>\n<!-- \/ Yoast SEO plugin. -->","yoast_head_json":{"title":"Guia completo para o cultivo da rom\u00e3 em casa, veja detalhes","description":"Aprenda a cultivar rom\u00e3 em casa com nosso guia completo. Descubra as condi\u00e7\u00f5es necess\u00e1rias para o plantio e cuidados.","robots":{"index":"index","follow":"follow","max-snippet":"max-snippet:-1","max-image-preview":"max-image-preview:large","max-video-preview":"max-video-preview:-1"},"canonical":"https:\/\/www.correiobraziliense.com.br\/cbradar\/guia-completo-para-o-cultivo-da-roma-em-casa-veja-detalhes\/","og_locale":"pt_BR","og_type":"article","og_title":"Guia completo para o cultivo da rom\u00e3 em casa, veja detalhes","og_description":"Aprenda a cultivar rom\u00e3 em casa com nosso guia completo. Descubra as condi\u00e7\u00f5es necess\u00e1rias para o plantio e cuidados.","og_url":"https:\/\/www.correiobraziliense.com.br\/cbradar\/guia-completo-para-o-cultivo-da-roma-em-casa-veja-detalhes\/","og_site_name":"Correio Braziliense - Radar","article_published_time":"2025-03-12T23:30:00+00:00","og_image":[{"width":1280,"height":720,"url":"https:\/\/www.correiobraziliense.com.br\/cbradar\/wp-content\/uploads\/2025\/03\/Roma_1741630001818.jpg","type":"image\/jpeg"}],"author":"Larissa Carvalho","twitter_card":"summary_large_image","twitter_misc":{"Escrito por":"Larissa Carvalho","Est. tempo de leitura":"3 minutos"},"schema":{"@context":"https:\/\/schema.org","@graph":[{"@type":"WebPage","@id":"https:\/\/www.correiobraziliense.com.br\/cbradar\/guia-completo-para-o-cultivo-da-roma-em-casa-veja-detalhes\/","url":"https:\/\/www.correiobraziliense.com.br\/cbradar\/guia-completo-para-o-cultivo-da-roma-em-casa-veja-detalhes\/","name":"Guia completo para o cultivo da rom\u00e3 em casa, veja detalhes","isPartOf":{"@id":"https:\/\/www.correiobraziliense.com.br\/cbradar\/#website"},"primaryImageOfPage":{"@id":"https:\/\/www.correiobraziliense.com.br\/cbradar\/guia-completo-para-o-cultivo-da-roma-em-casa-veja-detalhes\/#primaryimage"},"image":{"@id":"https:\/\/www.correiobraziliense.com.br\/cbradar\/guia-completo-para-o-cultivo-da-roma-em-casa-veja-detalhes\/#primaryimage"},"thumbnailUrl":"https:\/\/www.correiobraziliense.com.br\/cbradar\/wp-content\/uploads\/2025\/03\/Roma_1741630001818.jpg","datePublished":"2025-03-12T23:30:00+00:00","author":{"@id":"https:\/\/www.correiobraziliense.com.br\/cbradar\/#\/schema\/person\/58422787644df994b53a19d3e56c1513"},"description":"Aprenda a cultivar rom\u00e3 em casa com nosso guia completo. Descubra as condi\u00e7\u00f5es necess\u00e1rias para o plantio e cuidados.","breadcrumb":{"@id":"https:\/\/www.correiobraziliense.com.br\/cbradar\/guia-completo-para-o-cultivo-da-roma-em-casa-veja-detalhes\/#breadcrumb"},"inLanguage":"pt-BR","potentialAction":[{"@type":"ReadAction","target":["https:\/\/www.correiobraziliense.com.br\/cbradar\/guia-completo-para-o-cultivo-da-roma-em-casa-veja-detalhes\/"]}]},{"@type":"ImageObject","inLanguage":"pt-BR","@id":"https:\/\/www.correiobraziliense.com.br\/cbradar\/guia-completo-para-o-cultivo-da-roma-em-casa-veja-detalhes\/#primaryimage","url":"https:\/\/www.correiobraziliense.com.br\/cbradar\/wp-content\/uploads\/2025\/03\/Roma_1741630001818.jpg","contentUrl":"https:\/\/www.correiobraziliense.com.br\/cbradar\/wp-content\/uploads\/2025\/03\/Roma_1741630001818.jpg","width":1280,"height":720,"caption":"Rom\u00e3. Cr\u00e9ditos: depositphotos.com \/ Valentyn_Volkov"},{"@type":"BreadcrumbList","@id":"https:\/\/www.correiobraziliense.com.br\/cbradar\/guia-completo-para-o-cultivo-da-roma-em-casa-veja-detalhes\/#breadcrumb","itemListElement":[{"@type":"ListItem","position":1,"name":"In\u00edcio","item":"https:\/\/www.correiobraziliense.com.br\/cbradar\/"},{"@type":"ListItem","position":2,"name":"Guia completo para o cultivo da rom\u00e3 em casa, veja detalhes"}]},{"@type":"WebSite","@id":"https:\/\/www.correiobraziliense.com.br\/cbradar\/#website","url":"https:\/\/www.correiobraziliense.com.br\/cbradar\/","name":"Correio Braziliense - Radar","description":"Acompanhe as \u00faltimas not\u00edcias e fique bem informado sobre tudo o que acontece no Brasil e no mundo.","potentialAction":[{"@type":"SearchAction","target":{"@type":"EntryPoint","urlTemplate":"https:\/\/www.correiobraziliense.com.br\/cbradar\/?s={search_term_string}"},"query-input":{"@type":"PropertyValueSpecification","valueRequired":true,"valueName":"search_term_string"}}],"inLanguage":"pt-BR"},{"@type":"Person","@id":"https:\/\/www.correiobraziliense.com.br\/cbradar\/#\/schema\/person\/58422787644df994b53a19d3e56c1513","name":"Larissa Carvalho","image":{"@type":"ImageObject","inLanguage":"pt-BR","@id":"https:\/\/www.correiobraziliense.com.br\/cbradar\/#\/schema\/person\/image\/","url":"https:\/\/secure.gravatar.com\/avatar\/fe4f91a0de32b52a838d0d612abdc1aa?s=96&d=mm&r=g","contentUrl":"https:\/\/secure.gravatar.com\/avatar\/fe4f91a0de32b52a838d0d612abdc1aa?s=96&d=mm&r=g","caption":"Larissa Carvalho"},"url":"https:\/\/www.correiobraziliense.com.br\/cbradar\/author\/larissamyth\/"}]}},"_links":{"self":[{"href":"https:\/\/www.correiobraziliense.com.br\/cbradar\/wp-json\/wp\/v2\/posts\/11256","targetHints":{"allow":["GET"]}}],"collection":[{"href":"https:\/\/www.correiobraziliense.com.br\/cbradar\/wp-json\/wp\/v2\/posts"}],"about":[{"href":"https:\/\/www.correiobraziliense.com.br\/cbradar\/wp-json\/wp\/v2\/types\/post"}],"author":[{"embeddable":true,"href":"https:\/\/www.correiobraziliense.com.br\/cbradar\/wp-json\/wp\/v2\/users\/3"}],"replies":[{"embeddable":true,"href":"https:\/\/www.correiobraziliense.com.br\/cbradar\/wp-json\/wp\/v2\/comments?post=11256"}],"version-history":[{"count":2,"href":"https:\/\/www.correiobraziliense.com.br\/cbradar\/wp-json\/wp\/v2\/posts\/11256\/revisions"}],"predecessor-version":[{"id":11308,"href":"https:\/\/www.correiobraziliense.com.br\/cbradar\/wp-json\/wp\/v2\/posts\/11256\/revisions\/11308"}],"wp:featuredmedia":[{"embeddable":true,"href":"https:\/\/www.correiobraziliense.com.br\/cbradar\/wp-json\/wp\/v2\/media\/11259"}],"wp:attachment":[{"href":"https:\/\/www.correiobraziliense.com.br\/cbradar\/wp-json\/wp\/v2\/media?parent=11256"}],"wp:term":[{"taxonomy":"category","embeddable":true,"href":"https:\/\/www.correiobraziliense.com.br\/cbradar\/wp-json\/wp\/v2\/categories?post=11256"},{"taxonomy":"post_tag","embeddable":true,"href":"https:\/\/www.correiobraziliense.com.br\/cbradar\/wp-json\/wp\/v2\/post_tag?post=11256"}],"curies":[{"name":"wp","href":"https:\/\/api.w.org\/{rel}","templated":true}]}}