{"id":112568,"date":"2025-10-03T10:23:00","date_gmt":"2025-10-03T13:23:00","guid":{"rendered":"https:\/\/www.correiobraziliense.com.br\/cbradar\/?p=112568"},"modified":"2025-10-01T20:45:26","modified_gmt":"2025-10-01T23:45:26","slug":"onde-fica-a-ponte-suspensa-mais-perigosa-do-mundo","status":"publish","type":"post","link":"https:\/\/www.correiobraziliense.com.br\/cbradar\/onde-fica-a-ponte-suspensa-mais-perigosa-do-mundo\/","title":{"rendered":"Onde fica a ponte suspensa mais &#8220;perigosa&#8221; do mundo?"},"content":{"rendered":"\n<p>Nos arredores do centro de <strong>Vancouver<\/strong>, no <strong>Canad\u00e1<\/strong>, encontra-se o <strong>Puente de Capilano<\/strong>, um dos <strong>mais famosos<\/strong> e ic\u00f4nicos pontes suspensas do mundo. Com 70 metros de altura sobre o rio <strong>Capilano<\/strong> e uma extens\u00e3o de 140 metros, este <strong>destino tur\u00edstico<\/strong> atrai anualmente quase um milh\u00e3o de visitantes. A seguir, exploremos os elementos que tornam este ponto tur\u00edstico t\u00e3o especial.<\/p>\n\n\n\n<ul class=\"wp-block-list\">\n<li>Constru\u00eddo em 1889, combina modernidade com tradi\u00e7\u00e3o.<\/li>\n\n\n\n<li>Oferece trilhas a\u00e9reas entre as copas das \u00e1rvores.<\/li>\n\n\n\n<li>Destaque-se por sua vista impressionante e experi\u00eancia auditiva \u00fanica.<\/li>\n<\/ul>\n\n\n\n<h2 class=\"wp-block-heading\">Qual \u00e9 a hist\u00f3ria por tr\u00e1s do <strong>Puente de Capilano<\/strong>?<\/h2>\n\n\n\n<p>Originalmente constru\u00eddo em 1889 pelo engenheiro escoc\u00eas <strong>George Grant Mackay<\/strong>, o <strong>Puente de Capilano<\/strong> passou por v\u00e1rias reconstru\u00e7\u00f5es. Hoje, ele representa uma combina\u00e7\u00e3o de <strong>estruturas modernas<\/strong> e <strong>tradi\u00e7\u00e3o<\/strong>. Curiosamente, o local tamb\u00e9m foi cen\u00e1rio de grava\u00e7\u00f5es de s\u00e9ries e filmes, o que ajudou ainda mais a popularizar a ponte internacionalmente.<\/p>\n\n\n\n<h2 class=\"wp-block-heading\">O que fazer no <strong>Parque Capilano<\/strong> al\u00e9m de cruzar o <strong>Puente<\/strong>?<\/h2>\n\n\n\n<p>Al\u00e9m do trajeto principal, o parque que abriga o <strong>Puente de Capilano<\/strong> oferece:<\/p>\n\n\n\n<ul class=\"wp-block-list\">\n<li>Trilhas entre \u00e1rvores antigas.<\/li>\n\n\n\n<li>Passarelas suspensas entre copas das \u00e1rvores.<\/li>\n\n\n\n<li>Exibi\u00e7\u00f5es de arte ind\u00edgena da na\u00e7\u00e3o <strong>Squamish<\/strong>.<\/li>\n\n\n\n<li>Atra\u00e7\u00f5es como o &#8220;<strong>Cliffwalk<\/strong>&#8220;, um percurso sobre penhascos.<\/li>\n\n\n\n<li>Lojas de souvenirs, cafeterias e \u00e1reas de piquenique para aproveitar a culin\u00e1ria local e relaxar com a fam\u00edlia.<\/li>\n<\/ul>\n\n\n\n<figure class=\"wp-block-image size-large\"><img decoding=\"async\" width=\"1024\" height=\"576\" src=\"https:\/\/www.correiobraziliense.com.br\/cbradar\/wp-content\/uploads\/2025\/10\/puente-de-capilano_1759351778714-1024x576.jpg\" alt=\"Ela \u00e9 muito longa e fica suspensa a 70 metros: onde fica a ponte suspensa mais &quot;perigosa&quot; do mundo?\" class=\"wp-image-112572\" srcset=\"https:\/\/www.correiobraziliense.com.br\/cbradar\/wp-content\/uploads\/2025\/10\/puente-de-capilano_1759351778714-1024x576.jpg 1024w, https:\/\/www.correiobraziliense.com.br\/cbradar\/wp-content\/uploads\/2025\/10\/puente-de-capilano_1759351778714-300x169.jpg 300w, https:\/\/www.correiobraziliense.com.br\/cbradar\/wp-content\/uploads\/2025\/10\/puente-de-capilano_1759351778714-768x432.jpg 768w, https:\/\/www.correiobraziliense.com.br\/cbradar\/wp-content\/uploads\/2025\/10\/puente-de-capilano_1759351778714-750x422.jpg 750w, https:\/\/www.correiobraziliense.com.br\/cbradar\/wp-content\/uploads\/2025\/10\/puente-de-capilano_1759351778714-1140x641.jpg 1140w, https:\/\/www.correiobraziliense.com.br\/cbradar\/wp-content\/uploads\/2025\/10\/puente-de-capilano_1759351778714.jpg 1280w\" sizes=\"(max-width: 1024px) 100vw, 1024px\" \/><figcaption class=\"wp-element-caption\">Puente de Capilano\nCr\u00e9ditos: depositphotos.com \/ rabbit75_dep<\/figcaption><\/figure>\n\n\n\n<h2 class=\"wp-block-heading\">Por que o <strong>Puente de Capilano<\/strong> \u00e9 considerado desafiador?<\/h2>\n\n\n\n<p>Ao visit\u00e1-lo, a experi\u00eancia vai al\u00e9m da <strong>beleza visual<\/strong>. O <strong>puente se move<\/strong> e balan\u00e7a, provocando uma sensa\u00e7\u00e3o de <strong>v\u00e9rtigo<\/strong> que muitos visitantes descrevem como \u00fanica. Essa mistura de altura, movimento e um <strong>vazio ao redor<\/strong> impressiona e desafia os limites de quem atravessa, tornando-se uma aventura memor\u00e1vel.<\/p>\n\n\n\n<h2 class=\"wp-block-heading\">Cuidados ao cruzar o <strong>Puente de Capilano<\/strong><\/h2>\n\n\n\n<p>Ainda que a travessia possa causar certo <strong>medo<\/strong>, o <strong>puente<\/strong> \u00e9 bem mantido e segue elevados padr\u00f5es de seguran\u00e7a. Recomenda-se que os visitantes:<\/p>\n\n\n\n<ul class=\"wp-block-list\">\n<li>Segurem-se no corrim\u00e3o.<\/li>\n\n\n\n<li>Evitem correr ou fazer movimentos bruscos.<\/li>\n\n\n\n<li>Vigiem as crian\u00e7as pequenas.<\/li>\n\n\n\n<li>Parem para admirar a paisagem e respirar o ar puro.<\/li>\n\n\n\n<li>Verifiquem hor\u00e1rios de funcionamento e condi\u00e7\u00f5es meteorol\u00f3gicas, especialmente durante o inverno, quando o parque pode apresentar atra\u00e7\u00f5es sazonalmente distintas.<\/li>\n<\/ul>\n\n\n\n<h2 class=\"wp-block-heading\">O <strong>Puente de Capilano<\/strong>: uma experi\u00eancia a n\u00e3o perder<\/h2>\n\n\n\n<ul class=\"wp-block-list\">\n<li>A <strong>combina\u00e7\u00e3o \u00fanica<\/strong> de altura e movimento oferece vistas deslumbrantes.<\/li>\n\n\n\n<li>\u00c9 um <strong>parque completo<\/strong> com m\u00faltiplas atra\u00e7\u00f5es.<\/li>\n\n\n\n<li>Faz parte de um aprendizado hist\u00f3rico e cultural imersivo.<\/li>\n\n\n\n<li>Ideal tamb\u00e9m para fot\u00f3grafos e amantes da natureza que buscam capturar paisagens incr\u00edveis do <strong>Canad\u00e1<\/strong>.<\/li>\n<\/ul>\n","protected":false},"excerpt":{"rendered":"<p>Descubra o emocionante e vertiginoso passeio pelo ic\u00f4nico e &#8216;perigoso&#8217; Ponte Capilano em Vancouver. Aventura e natureza em harmonia \u00fanica!<\/p>\n","protected":false},"author":3,"featured_media":112571,"comment_status":"open","ping_status":"open","sticky":false,"template":"","format":"standard","meta":{"_yoast_wpseo_focuskw":"ponte suspensa mais perigosa do mundo","_yoast_wpseo_title":"%%title%%","_yoast_wpseo_metadesc":"Descubra o emocionante e vertiginoso passeio pelo ic\u00f4nico e 'perigoso' Ponte Capilano em Vancouver. Aventura e natureza em harmonia \u00fanica!","jnews-multi-image_gallery":[],"jnews_single_post":{"format":"standard"},"jnews_primary_category":[],"jnews_social_meta":[],"jnews_override_counter":[],"footnotes":""},"categories":[112],"tags":[315,181],"class_list":["post-112568","post","type-post","status-publish","format-standard","has-post-thumbnail","hentry","category-curiosidades","tag-turismo","tag-viagem"],"yoast_head":"<!-- This site is optimized with the Yoast SEO plugin v24.6 - https:\/\/yoast.com\/wordpress\/plugins\/seo\/ -->\n<title>Onde fica a ponte suspensa mais &quot;perigosa&quot; do mundo?<\/title>\n<meta name=\"description\" content=\"Descubra o emocionante e vertiginoso passeio pelo ic\u00f4nico e &#039;perigoso&#039; Ponte Capilano em Vancouver. Aventura e natureza em harmonia \u00fanica!\" \/>\n<meta name=\"robots\" content=\"index, follow, max-snippet:-1, max-image-preview:large, max-video-preview:-1\" \/>\n<link rel=\"canonical\" href=\"https:\/\/www.correiobraziliense.com.br\/cbradar\/onde-fica-a-ponte-suspensa-mais-perigosa-do-mundo\/\" \/>\n<meta property=\"og:locale\" content=\"pt_BR\" \/>\n<meta property=\"og:type\" content=\"article\" \/>\n<meta property=\"og:title\" content=\"Onde fica a ponte suspensa mais &quot;perigosa&quot; do mundo?\" \/>\n<meta property=\"og:description\" content=\"Descubra o emocionante e vertiginoso passeio pelo ic\u00f4nico e &#039;perigoso&#039; Ponte Capilano em Vancouver. Aventura e natureza em harmonia \u00fanica!\" \/>\n<meta property=\"og:url\" content=\"https:\/\/www.correiobraziliense.com.br\/cbradar\/onde-fica-a-ponte-suspensa-mais-perigosa-do-mundo\/\" \/>\n<meta property=\"og:site_name\" content=\"Correio Braziliense - Radar\" \/>\n<meta property=\"article:published_time\" content=\"2025-10-03T13:23:00+00:00\" \/>\n<meta property=\"og:image\" content=\"https:\/\/www.correiobraziliense.com.br\/cbradar\/wp-content\/uploads\/2025\/10\/puente-de-capilano_1759351726505.jpg\" \/>\n\t<meta property=\"og:image:width\" content=\"1280\" \/>\n\t<meta property=\"og:image:height\" content=\"720\" \/>\n\t<meta property=\"og:image:type\" content=\"image\/jpeg\" \/>\n<meta name=\"author\" content=\"Larissa Carvalho\" \/>\n<meta name=\"twitter:card\" content=\"summary_large_image\" \/>\n<meta name=\"twitter:label1\" content=\"Escrito por\" \/>\n\t<meta name=\"twitter:data1\" content=\"Larissa Carvalho\" \/>\n\t<meta name=\"twitter:label2\" content=\"Est. tempo de leitura\" \/>\n\t<meta name=\"twitter:data2\" content=\"3 minutos\" \/>\n<!-- \/ Yoast SEO plugin. -->","yoast_head_json":{"title":"Onde fica a ponte suspensa mais \"perigosa\" do mundo?","description":"Descubra o emocionante e vertiginoso passeio pelo ic\u00f4nico e 'perigoso' Ponte Capilano em Vancouver. Aventura e natureza em harmonia \u00fanica!","robots":{"index":"index","follow":"follow","max-snippet":"max-snippet:-1","max-image-preview":"max-image-preview:large","max-video-preview":"max-video-preview:-1"},"canonical":"https:\/\/www.correiobraziliense.com.br\/cbradar\/onde-fica-a-ponte-suspensa-mais-perigosa-do-mundo\/","og_locale":"pt_BR","og_type":"article","og_title":"Onde fica a ponte suspensa mais \"perigosa\" do mundo?","og_description":"Descubra o emocionante e vertiginoso passeio pelo ic\u00f4nico e 'perigoso' Ponte Capilano em Vancouver. Aventura e natureza em harmonia \u00fanica!","og_url":"https:\/\/www.correiobraziliense.com.br\/cbradar\/onde-fica-a-ponte-suspensa-mais-perigosa-do-mundo\/","og_site_name":"Correio Braziliense - Radar","article_published_time":"2025-10-03T13:23:00+00:00","og_image":[{"width":1280,"height":720,"url":"https:\/\/www.correiobraziliense.com.br\/cbradar\/wp-content\/uploads\/2025\/10\/puente-de-capilano_1759351726505.jpg","type":"image\/jpeg"}],"author":"Larissa Carvalho","twitter_card":"summary_large_image","twitter_misc":{"Escrito por":"Larissa Carvalho","Est. tempo de leitura":"3 minutos"},"schema":{"@context":"https:\/\/schema.org","@graph":[{"@type":"WebPage","@id":"https:\/\/www.correiobraziliense.com.br\/cbradar\/onde-fica-a-ponte-suspensa-mais-perigosa-do-mundo\/","url":"https:\/\/www.correiobraziliense.com.br\/cbradar\/onde-fica-a-ponte-suspensa-mais-perigosa-do-mundo\/","name":"Onde fica a ponte suspensa mais \"perigosa\" do mundo?","isPartOf":{"@id":"https:\/\/www.correiobraziliense.com.br\/cbradar\/#website"},"primaryImageOfPage":{"@id":"https:\/\/www.correiobraziliense.com.br\/cbradar\/onde-fica-a-ponte-suspensa-mais-perigosa-do-mundo\/#primaryimage"},"image":{"@id":"https:\/\/www.correiobraziliense.com.br\/cbradar\/onde-fica-a-ponte-suspensa-mais-perigosa-do-mundo\/#primaryimage"},"thumbnailUrl":"https:\/\/www.correiobraziliense.com.br\/cbradar\/wp-content\/uploads\/2025\/10\/puente-de-capilano_1759351726505.jpg","datePublished":"2025-10-03T13:23:00+00:00","author":{"@id":"https:\/\/www.correiobraziliense.com.br\/cbradar\/#\/schema\/person\/58422787644df994b53a19d3e56c1513"},"description":"Descubra o emocionante e vertiginoso passeio pelo ic\u00f4nico e 'perigoso' Ponte Capilano em Vancouver. Aventura e natureza em harmonia \u00fanica!","breadcrumb":{"@id":"https:\/\/www.correiobraziliense.com.br\/cbradar\/onde-fica-a-ponte-suspensa-mais-perigosa-do-mundo\/#breadcrumb"},"inLanguage":"pt-BR","potentialAction":[{"@type":"ReadAction","target":["https:\/\/www.correiobraziliense.com.br\/cbradar\/onde-fica-a-ponte-suspensa-mais-perigosa-do-mundo\/"]}]},{"@type":"ImageObject","inLanguage":"pt-BR","@id":"https:\/\/www.correiobraziliense.com.br\/cbradar\/onde-fica-a-ponte-suspensa-mais-perigosa-do-mundo\/#primaryimage","url":"https:\/\/www.correiobraziliense.com.br\/cbradar\/wp-content\/uploads\/2025\/10\/puente-de-capilano_1759351726505.jpg","contentUrl":"https:\/\/www.correiobraziliense.com.br\/cbradar\/wp-content\/uploads\/2025\/10\/puente-de-capilano_1759351726505.jpg","width":1280,"height":720,"caption":"Puente capilano Cr\u00e9ditos: depositphotos.com \/ rabbit75_dep"},{"@type":"BreadcrumbList","@id":"https:\/\/www.correiobraziliense.com.br\/cbradar\/onde-fica-a-ponte-suspensa-mais-perigosa-do-mundo\/#breadcrumb","itemListElement":[{"@type":"ListItem","position":1,"name":"In\u00edcio","item":"https:\/\/www.correiobraziliense.com.br\/cbradar\/"},{"@type":"ListItem","position":2,"name":"Onde fica a ponte suspensa mais &#8220;perigosa&#8221; do mundo?"}]},{"@type":"WebSite","@id":"https:\/\/www.correiobraziliense.com.br\/cbradar\/#website","url":"https:\/\/www.correiobraziliense.com.br\/cbradar\/","name":"Correio Braziliense - Radar","description":"Acompanhe as \u00faltimas not\u00edcias e fique bem informado sobre tudo o que acontece no Brasil e no mundo.","potentialAction":[{"@type":"SearchAction","target":{"@type":"EntryPoint","urlTemplate":"https:\/\/www.correiobraziliense.com.br\/cbradar\/?s={search_term_string}"},"query-input":{"@type":"PropertyValueSpecification","valueRequired":true,"valueName":"search_term_string"}}],"inLanguage":"pt-BR"},{"@type":"Person","@id":"https:\/\/www.correiobraziliense.com.br\/cbradar\/#\/schema\/person\/58422787644df994b53a19d3e56c1513","name":"Larissa Carvalho","image":{"@type":"ImageObject","inLanguage":"pt-BR","@id":"https:\/\/www.correiobraziliense.com.br\/cbradar\/#\/schema\/person\/image\/","url":"https:\/\/secure.gravatar.com\/avatar\/fe4f91a0de32b52a838d0d612abdc1aa?s=96&d=mm&r=g","contentUrl":"https:\/\/secure.gravatar.com\/avatar\/fe4f91a0de32b52a838d0d612abdc1aa?s=96&d=mm&r=g","caption":"Larissa Carvalho"},"url":"https:\/\/www.correiobraziliense.com.br\/cbradar\/author\/larissamyth\/"}]}},"_links":{"self":[{"href":"https:\/\/www.correiobraziliense.com.br\/cbradar\/wp-json\/wp\/v2\/posts\/112568","targetHints":{"allow":["GET"]}}],"collection":[{"href":"https:\/\/www.correiobraziliense.com.br\/cbradar\/wp-json\/wp\/v2\/posts"}],"about":[{"href":"https:\/\/www.correiobraziliense.com.br\/cbradar\/wp-json\/wp\/v2\/types\/post"}],"author":[{"embeddable":true,"href":"https:\/\/www.correiobraziliense.com.br\/cbradar\/wp-json\/wp\/v2\/users\/3"}],"replies":[{"embeddable":true,"href":"https:\/\/www.correiobraziliense.com.br\/cbradar\/wp-json\/wp\/v2\/comments?post=112568"}],"version-history":[{"count":3,"href":"https:\/\/www.correiobraziliense.com.br\/cbradar\/wp-json\/wp\/v2\/posts\/112568\/revisions"}],"predecessor-version":[{"id":112604,"href":"https:\/\/www.correiobraziliense.com.br\/cbradar\/wp-json\/wp\/v2\/posts\/112568\/revisions\/112604"}],"wp:featuredmedia":[{"embeddable":true,"href":"https:\/\/www.correiobraziliense.com.br\/cbradar\/wp-json\/wp\/v2\/media\/112571"}],"wp:attachment":[{"href":"https:\/\/www.correiobraziliense.com.br\/cbradar\/wp-json\/wp\/v2\/media?parent=112568"}],"wp:term":[{"taxonomy":"category","embeddable":true,"href":"https:\/\/www.correiobraziliense.com.br\/cbradar\/wp-json\/wp\/v2\/categories?post=112568"},{"taxonomy":"post_tag","embeddable":true,"href":"https:\/\/www.correiobraziliense.com.br\/cbradar\/wp-json\/wp\/v2\/tags?post=112568"}],"curies":[{"name":"wp","href":"https:\/\/api.w.org\/{rel}","templated":true}]}}