{"id":112718,"date":"2025-10-03T06:03:34","date_gmt":"2025-10-03T09:03:34","guid":{"rendered":"https:\/\/www.correiobraziliense.com.br\/cbradar\/?p=112718"},"modified":"2025-10-02T12:59:30","modified_gmt":"2025-10-02T15:59:30","slug":"a-fruta-mais-indicada-para-fortalecer-musculos-e-ossos-apos-os-50-segundo-especialistas","status":"publish","type":"post","link":"https:\/\/www.correiobraziliense.com.br\/cbradar\/a-fruta-mais-indicada-para-fortalecer-musculos-e-ossos-apos-os-50-segundo-especialistas\/","title":{"rendered":"A fruta mais indicada para fortalecer m\u00fasculos e ossos ap\u00f3s os 50, segundo especialistas"},"content":{"rendered":"\n<p>Com o passar dos anos, a <strong>perda de massa muscular<\/strong> e a <strong>fragilidade \u00f3ssea<\/strong> tornam-se preocupa\u00e7\u00f5es comuns para muitos. Felizmente, a alimenta\u00e7\u00e3o pode ser uma poderosa aliada nesse processo de envelhecimento saud\u00e1vel.<\/p>\n\n\n\n<ul class=\"wp-block-list\">\n<li>A <strong>banana<\/strong> \u00e9 rica em nutrientes essenciais para a sa\u00fade muscular e \u00f3ssea.<\/li>\n\n\n\n<li>Pot\u00e1ssio e magn\u00e9sio s\u00e3o cruciais para quem busca maior firmeza muscular.<\/li>\n\n\n\n<li>Vitaminas do complexo B auxiliam no fortalecimento dos ossos.<\/li>\n<\/ul>\n\n\n\n<h2 class=\"wp-block-heading\">Por que a banana \u00e9 a fruta ideal para fortalecer m\u00fasculos e ossos?<\/h2>\n\n\n\n<p>Especialistas indicam que a <strong>banana<\/strong> \u00e9 uma das frutas mais completas para auxiliar na sa\u00fade dos m\u00fasculos e ossos. Seu alto teor de <strong>pot\u00e1ssio<\/strong> ajuda a prevenir a perda de massa muscular, enquanto o <strong>magn\u00e9sio<\/strong> desempenha um papel vital na forma\u00e7\u00e3o \u00f3ssea.<\/p>\n\n\n\n<h2 class=\"wp-block-heading\">Como os nutrientes da banana atuam no corpo?<\/h2>\n\n\n\n<p>O <strong>pot\u00e1ssio<\/strong>, presente em abund\u00e2ncia na banana, melhora a contra\u00e7\u00e3o muscular e diminui o risco de c\u00e3ibras. J\u00e1 o <strong>magn\u00e9sio<\/strong> atua na absor\u00e7\u00e3o do c\u00e1lcio, favorecendo a sa\u00fade dos ossos.<\/p>\n\n\n\n<p>Estudos mostram que adultos que consomem <strong>banana<\/strong> regularmente apresentam melhores \u00edndices de for\u00e7a muscular e densidade \u00f3ssea. Uma pesquisa realizada na <strong>Universidade de S\u00e3o Paulo<\/strong> demonstrou que a introdu\u00e7\u00e3o regular da fruta na dieta ap\u00f3s os 50 anos pode contribuir at\u00e9 mesmo para a redu\u00e7\u00e3o do risco de quedas e fraturas.<\/p>\n\n\n<div class=\"wp-block-image\">\n<figure class=\"aligncenter size-large\"><img decoding=\"async\" width=\"1024\" height=\"576\" src=\"https:\/\/www.correiobraziliense.com.br\/cbradar\/wp-content\/uploads\/2025\/03\/banana_1741018658989-1024x576.jpg\" alt=\"Banana-da-terra ou banana-comum! Saiba qual escolher para cada preparo\" class=\"wp-image-8476\" srcset=\"https:\/\/www.correiobraziliense.com.br\/cbradar\/wp-content\/uploads\/2025\/03\/banana_1741018658989-1024x576.jpg 1024w, https:\/\/www.correiobraziliense.com.br\/cbradar\/wp-content\/uploads\/2025\/03\/banana_1741018658989-300x169.jpg 300w, https:\/\/www.correiobraziliense.com.br\/cbradar\/wp-content\/uploads\/2025\/03\/banana_1741018658989-768x432.jpg 768w, https:\/\/www.correiobraziliense.com.br\/cbradar\/wp-content\/uploads\/2025\/03\/banana_1741018658989-750x422.jpg 750w, https:\/\/www.correiobraziliense.com.br\/cbradar\/wp-content\/uploads\/2025\/03\/banana_1741018658989-1140x642.jpg 1140w, https:\/\/www.correiobraziliense.com.br\/cbradar\/wp-content\/uploads\/2025\/03\/banana_1741018658989.jpg 1279w\" sizes=\"(max-width: 1024px) 100vw, 1024px\" \/><figcaption class=\"wp-element-caption\">Incorporar bananas na dieta \u00e9 f\u00e1cil e pr\u00e1tico &#8211; Cr\u00e9ditos: depositphotos.com \/ phloenphoto<\/figcaption><\/figure><\/div>\n\n\n<h2 class=\"wp-block-heading\">Quais s\u00e3o formas pr\u00e1ticas de incluir a banana na alimenta\u00e7\u00e3o do dia a dia?<\/h2>\n\n\n\n<p>Incorporar <strong>bananas<\/strong> na dieta \u00e9 f\u00e1cil e pr\u00e1tico. Elas podem ser consumidas em uma <strong>vitamina matinal<\/strong>, como pr\u00e9-treino para aumentar a energia, ou combinadas com aveia para um caf\u00e9 da manh\u00e3 nutritivo.<\/p>\n\n\n\n<p><em>Dica r\u00e1pida:<\/em> Misture <strong>banana<\/strong> amassada com iogurte para um lanche rico em nutrientes. Tamb\u00e9m pode ser adicionada em panquecas, bolos saud\u00e1veis e at\u00e9 mesmo cortada em rodelas para acompanhar um pouco de mel em torradas integrais.<\/p>\n\n\n\n<h2 class=\"wp-block-heading\">Por que considerar uma abordagem hol\u00edstica para envelhecer com sa\u00fade?<\/h2>\n\n\n\n<p>\u00c9 importante lembrar que, embora a <strong>banana<\/strong> ofere\u00e7a benef\u00edcios not\u00e1veis, ela n\u00e3o substitui o tratamento m\u00e9dico convencional. Ao lado de uma dieta balanceada e exerc\u00edcios regulares, pode ser uma aliada poderosa na busca por um envelhecimento saud\u00e1vel. M\u00e9dicos da <strong>Sociedade Brasileira de Geriatria<\/strong> recomendam, inclusive, que os pacientes busquem sempre orienta\u00e7\u00e3o profissional para ajustar sua alimenta\u00e7\u00e3o e rotina f\u00edsica conforme necessidades individuais.<\/p>\n\n\n\n<p>Leia tamb\u00e9m: <a href=\"https:\/\/www.correiobraziliense.com.br\/cbradar\/a-fruta-mais-poderosa-contra-inflamacoes-e-para-bem-estar-diario-segundo-a-ciencia\/\" target=\"_blank\" rel=\"noopener\">A fruta mais poderosa contra inflama\u00e7\u00f5es e para bem-estar di\u00e1rio, segundo a ci\u00eancia<\/a><\/p>\n\n\n\n<h2 class=\"wp-block-heading\">Quais s\u00e3o os principais aprendizados sobre a banana e fortalecimento f\u00edsico?<\/h2>\n\n\n\n<ul class=\"wp-block-list\">\n<li>A <strong>banana<\/strong> \u00e9 uma excelente fonte de pot\u00e1ssio e magn\u00e9sio, essenciais para a sa\u00fade muscular e \u00f3ssea.<\/li>\n\n\n\n<li>Integrar <strong>bananas<\/strong> \u00e0 dieta oferece suporte \u00e0 for\u00e7a muscular e \u00e0 densidade dos ossos.<\/li>\n\n\n\n<li>Seu consumo regular \u00e9 um complemento valioso a uma abordagem geral de sa\u00fade ao envelhecer.<\/li>\n<\/ul>\n","protected":false},"excerpt":{"rendered":"<p>Com o passar dos anos, a perda de massa muscular e a fragilidade \u00f3ssea tornam-se preocupa\u00e7\u00f5es comuns para muitos. Felizmente, a alimenta\u00e7\u00e3o pode ser uma poderosa aliada nesse processo de envelhecimento saud\u00e1vel. Por que a banana \u00e9 a fruta ideal para fortalecer m\u00fasculos e ossos? Especialistas indicam que a banana \u00e9 uma das frutas mais [&hellip;]<\/p>\n","protected":false},"author":9,"featured_media":17032,"comment_status":"open","ping_status":"open","sticky":false,"template":"","format":"standard","meta":{"_yoast_wpseo_focuskw":"banana","_yoast_wpseo_title":"%%title%% %%page%%","_yoast_wpseo_metadesc":"A banana fortalece m\u00fasculos, protege ossos e ajuda na sa\u00fade ao envelhecer. Descubra como incluir na dieta de forma pr\u00e1tica e saborosa.","jnews-multi-image_gallery":[],"jnews_single_post":{"format":"standard"},"jnews_primary_category":[],"jnews_social_meta":[],"jnews_override_counter":[],"footnotes":""},"categories":[119,4404],"tags":[615,1571,565],"class_list":["post-112718","post","type-post","status-publish","format-standard","has-post-thumbnail","hentry","category-bem-estar","category-saude","tag-fruta","tag-musculos","tag-saude"],"yoast_head":"<!-- This site is optimized with the Yoast SEO plugin v24.6 - https:\/\/yoast.com\/wordpress\/plugins\/seo\/ -->\n<title>A fruta mais indicada para fortalecer m\u00fasculos e ossos ap\u00f3s os 50, segundo especialistas<\/title>\n<meta name=\"description\" content=\"A banana fortalece m\u00fasculos, protege ossos e ajuda na sa\u00fade ao envelhecer. Descubra como incluir na dieta de forma pr\u00e1tica e saborosa.\" \/>\n<meta name=\"robots\" content=\"index, follow, max-snippet:-1, max-image-preview:large, max-video-preview:-1\" \/>\n<link rel=\"canonical\" href=\"https:\/\/www.correiobraziliense.com.br\/cbradar\/a-fruta-mais-indicada-para-fortalecer-musculos-e-ossos-apos-os-50-segundo-especialistas\/\" \/>\n<meta property=\"og:locale\" content=\"pt_BR\" \/>\n<meta property=\"og:type\" content=\"article\" \/>\n<meta property=\"og:title\" content=\"A fruta mais indicada para fortalecer m\u00fasculos e ossos ap\u00f3s os 50, segundo especialistas\" \/>\n<meta property=\"og:description\" content=\"A banana fortalece m\u00fasculos, protege ossos e ajuda na sa\u00fade ao envelhecer. Descubra como incluir na dieta de forma pr\u00e1tica e saborosa.\" \/>\n<meta property=\"og:url\" content=\"https:\/\/www.correiobraziliense.com.br\/cbradar\/a-fruta-mais-indicada-para-fortalecer-musculos-e-ossos-apos-os-50-segundo-especialistas\/\" \/>\n<meta property=\"og:site_name\" content=\"Correio Braziliense - Radar\" \/>\n<meta property=\"article:published_time\" content=\"2025-10-03T09:03:34+00:00\" \/>\n<meta property=\"og:image\" content=\"https:\/\/www.correiobraziliense.com.br\/cbradar\/wp-content\/uploads\/2025\/03\/banana-plantacao_1743265486730.jpg\" \/>\n\t<meta property=\"og:image:width\" content=\"1280\" \/>\n\t<meta property=\"og:image:height\" content=\"720\" \/>\n\t<meta property=\"og:image:type\" content=\"image\/jpeg\" \/>\n<meta name=\"author\" content=\"Daniely Cardoso\" \/>\n<meta name=\"twitter:card\" content=\"summary_large_image\" \/>\n<meta name=\"twitter:label1\" content=\"Escrito por\" \/>\n\t<meta name=\"twitter:data1\" content=\"Daniely Cardoso\" \/>\n\t<meta name=\"twitter:label2\" content=\"Est. tempo de leitura\" \/>\n\t<meta name=\"twitter:data2\" content=\"3 minutos\" \/>\n<!-- \/ Yoast SEO plugin. -->","yoast_head_json":{"title":"A fruta mais indicada para fortalecer m\u00fasculos e ossos ap\u00f3s os 50, segundo especialistas","description":"A banana fortalece m\u00fasculos, protege ossos e ajuda na sa\u00fade ao envelhecer. Descubra como incluir na dieta de forma pr\u00e1tica e saborosa.","robots":{"index":"index","follow":"follow","max-snippet":"max-snippet:-1","max-image-preview":"max-image-preview:large","max-video-preview":"max-video-preview:-1"},"canonical":"https:\/\/www.correiobraziliense.com.br\/cbradar\/a-fruta-mais-indicada-para-fortalecer-musculos-e-ossos-apos-os-50-segundo-especialistas\/","og_locale":"pt_BR","og_type":"article","og_title":"A fruta mais indicada para fortalecer m\u00fasculos e ossos ap\u00f3s os 50, segundo especialistas","og_description":"A banana fortalece m\u00fasculos, protege ossos e ajuda na sa\u00fade ao envelhecer. Descubra como incluir na dieta de forma pr\u00e1tica e saborosa.","og_url":"https:\/\/www.correiobraziliense.com.br\/cbradar\/a-fruta-mais-indicada-para-fortalecer-musculos-e-ossos-apos-os-50-segundo-especialistas\/","og_site_name":"Correio Braziliense - Radar","article_published_time":"2025-10-03T09:03:34+00:00","og_image":[{"width":1280,"height":720,"url":"https:\/\/www.correiobraziliense.com.br\/cbradar\/wp-content\/uploads\/2025\/03\/banana-plantacao_1743265486730.jpg","type":"image\/jpeg"}],"author":"Daniely Cardoso","twitter_card":"summary_large_image","twitter_misc":{"Escrito por":"Daniely Cardoso","Est. tempo de leitura":"3 minutos"},"schema":{"@context":"https:\/\/schema.org","@graph":[{"@type":"WebPage","@id":"https:\/\/www.correiobraziliense.com.br\/cbradar\/a-fruta-mais-indicada-para-fortalecer-musculos-e-ossos-apos-os-50-segundo-especialistas\/","url":"https:\/\/www.correiobraziliense.com.br\/cbradar\/a-fruta-mais-indicada-para-fortalecer-musculos-e-ossos-apos-os-50-segundo-especialistas\/","name":"A fruta mais indicada para fortalecer m\u00fasculos e ossos ap\u00f3s os 50, segundo especialistas","isPartOf":{"@id":"https:\/\/www.correiobraziliense.com.br\/cbradar\/#website"},"primaryImageOfPage":{"@id":"https:\/\/www.correiobraziliense.com.br\/cbradar\/a-fruta-mais-indicada-para-fortalecer-musculos-e-ossos-apos-os-50-segundo-especialistas\/#primaryimage"},"image":{"@id":"https:\/\/www.correiobraziliense.com.br\/cbradar\/a-fruta-mais-indicada-para-fortalecer-musculos-e-ossos-apos-os-50-segundo-especialistas\/#primaryimage"},"thumbnailUrl":"https:\/\/www.correiobraziliense.com.br\/cbradar\/wp-content\/uploads\/2025\/03\/banana-plantacao_1743265486730.jpg","datePublished":"2025-10-03T09:03:34+00:00","author":{"@id":"https:\/\/www.correiobraziliense.com.br\/cbradar\/#\/schema\/person\/7356666e12ec0ee53f348ee5db227032"},"description":"A banana fortalece m\u00fasculos, protege ossos e ajuda na sa\u00fade ao envelhecer. Descubra como incluir na dieta de forma pr\u00e1tica e saborosa.","breadcrumb":{"@id":"https:\/\/www.correiobraziliense.com.br\/cbradar\/a-fruta-mais-indicada-para-fortalecer-musculos-e-ossos-apos-os-50-segundo-especialistas\/#breadcrumb"},"inLanguage":"pt-BR","potentialAction":[{"@type":"ReadAction","target":["https:\/\/www.correiobraziliense.com.br\/cbradar\/a-fruta-mais-indicada-para-fortalecer-musculos-e-ossos-apos-os-50-segundo-especialistas\/"]}]},{"@type":"ImageObject","inLanguage":"pt-BR","@id":"https:\/\/www.correiobraziliense.com.br\/cbradar\/a-fruta-mais-indicada-para-fortalecer-musculos-e-ossos-apos-os-50-segundo-especialistas\/#primaryimage","url":"https:\/\/www.correiobraziliense.com.br\/cbradar\/wp-content\/uploads\/2025\/03\/banana-plantacao_1743265486730.jpg","contentUrl":"https:\/\/www.correiobraziliense.com.br\/cbradar\/wp-content\/uploads\/2025\/03\/banana-plantacao_1743265486730.jpg","width":1280,"height":720,"caption":"Efeito protetor sobre o sistema digestivo - Cr\u00e9ditos: depositphotos.com \/ mbastos"},{"@type":"BreadcrumbList","@id":"https:\/\/www.correiobraziliense.com.br\/cbradar\/a-fruta-mais-indicada-para-fortalecer-musculos-e-ossos-apos-os-50-segundo-especialistas\/#breadcrumb","itemListElement":[{"@type":"ListItem","position":1,"name":"In\u00edcio","item":"https:\/\/www.correiobraziliense.com.br\/cbradar\/"},{"@type":"ListItem","position":2,"name":"A fruta mais indicada para fortalecer m\u00fasculos e ossos ap\u00f3s os 50, segundo especialistas"}]},{"@type":"WebSite","@id":"https:\/\/www.correiobraziliense.com.br\/cbradar\/#website","url":"https:\/\/www.correiobraziliense.com.br\/cbradar\/","name":"Correio Braziliense - Radar","description":"Acompanhe as \u00faltimas not\u00edcias e fique bem informado sobre tudo o que acontece no Brasil e no mundo.","potentialAction":[{"@type":"SearchAction","target":{"@type":"EntryPoint","urlTemplate":"https:\/\/www.correiobraziliense.com.br\/cbradar\/?s={search_term_string}"},"query-input":{"@type":"PropertyValueSpecification","valueRequired":true,"valueName":"search_term_string"}}],"inLanguage":"pt-BR"},{"@type":"Person","@id":"https:\/\/www.correiobraziliense.com.br\/cbradar\/#\/schema\/person\/7356666e12ec0ee53f348ee5db227032","name":"Daniely Cardoso","image":{"@type":"ImageObject","inLanguage":"pt-BR","@id":"https:\/\/www.correiobraziliense.com.br\/cbradar\/#\/schema\/person\/image\/","url":"https:\/\/secure.gravatar.com\/avatar\/4b80ddbd124d1f071b626d52d62e5dff?s=96&d=mm&r=g","contentUrl":"https:\/\/secure.gravatar.com\/avatar\/4b80ddbd124d1f071b626d52d62e5dff?s=96&d=mm&r=g","caption":"Daniely Cardoso"},"description":"Redatora nos portais CB Radar e EM Foco, formada pela Universidade Federal de Goi\u00e1s, em Goi\u00e2nia. Apaixonada por comunica\u00e7\u00e3o, arte, decora\u00e7\u00e3o e tend\u00eancias, atuo na produ\u00e7\u00e3o de conte\u00fados envolventes sobre curiosidades, moda, beleza e paisagismo, sempre com um olhar atento \u00e0s novidades do momento.","sameAs":["https:\/\/www.correiobraziliense.com.br\/cbradar"],"url":"https:\/\/www.correiobraziliense.com.br\/cbradar\/author\/danielymyth\/"}]}},"_links":{"self":[{"href":"https:\/\/www.correiobraziliense.com.br\/cbradar\/wp-json\/wp\/v2\/posts\/112718","targetHints":{"allow":["GET"]}}],"collection":[{"href":"https:\/\/www.correiobraziliense.com.br\/cbradar\/wp-json\/wp\/v2\/posts"}],"about":[{"href":"https:\/\/www.correiobraziliense.com.br\/cbradar\/wp-json\/wp\/v2\/types\/post"}],"author":[{"embeddable":true,"href":"https:\/\/www.correiobraziliense.com.br\/cbradar\/wp-json\/wp\/v2\/users\/9"}],"replies":[{"embeddable":true,"href":"https:\/\/www.correiobraziliense.com.br\/cbradar\/wp-json\/wp\/v2\/comments?post=112718"}],"version-history":[{"count":2,"href":"https:\/\/www.correiobraziliense.com.br\/cbradar\/wp-json\/wp\/v2\/posts\/112718\/revisions"}],"predecessor-version":[{"id":112729,"href":"https:\/\/www.correiobraziliense.com.br\/cbradar\/wp-json\/wp\/v2\/posts\/112718\/revisions\/112729"}],"wp:featuredmedia":[{"embeddable":true,"href":"https:\/\/www.correiobraziliense.com.br\/cbradar\/wp-json\/wp\/v2\/media\/17032"}],"wp:attachment":[{"href":"https:\/\/www.correiobraziliense.com.br\/cbradar\/wp-json\/wp\/v2\/media?parent=112718"}],"wp:term":[{"taxonomy":"category","embeddable":true,"href":"https:\/\/www.correiobraziliense.com.br\/cbradar\/wp-json\/wp\/v2\/categories?post=112718"},{"taxonomy":"post_tag","embeddable":true,"href":"https:\/\/www.correiobraziliense.com.br\/cbradar\/wp-json\/wp\/v2\/tags?post=112718"}],"curies":[{"name":"wp","href":"https:\/\/api.w.org\/{rel}","templated":true}]}}