{"id":11275,"date":"2025-03-12T08:30:00","date_gmt":"2025-03-12T11:30:00","guid":{"rendered":"https:\/\/www.correiobraziliense.com.br\/cbradar\/?p=11275"},"modified":"2025-03-11T14:17:36","modified_gmt":"2025-03-11T17:17:36","slug":"iphone-17-pro-max-surpreende-o-mercado-veja-novidades","status":"publish","type":"post","link":"https:\/\/www.correiobraziliense.com.br\/cbradar\/iphone-17-pro-max-surpreende-o-mercado-veja-novidades\/","title":{"rendered":"iPhone 17 Pro Max surpreende o mercado, veja novidades"},"content":{"rendered":"\n<p>Com o lan\u00e7amento do <strong>iPhone 17 Pro Max<\/strong> se aproximando, as expectativas em torno das melhorias e inova\u00e7\u00f5es que a <strong><a href=\"https:\/\/www.apple.com\/br\/\" target=\"_blank\" rel=\"noreferrer noopener\">Apple<\/a> <\/strong>pode trazer s\u00e3o altas. Um dos aspectos mais comentados \u00e9 a poss\u00edvel melhoria na bateria, que \u00e9 um ponto crucial para muitos usu\u00e1rios. Informa\u00e7\u00f5es recentes sugerem que a <strong>Apple <\/strong>est\u00e1 aumentando a espessura do dispositivo para acomodar uma bateria maior, o que pode ser uma resposta \u00e0s cr\u00edticas sobre a dura\u00e7\u00e3o da bateria nos modelos anteriores.<\/p>\n\n\n\n<p>Al\u00e9m da bateria, outros componentes do <strong>iPhone 17 Pro Max<\/strong> tamb\u00e9m devem receber atualiza\u00e7\u00f5es significativas. A <strong>Apple <\/strong>continua a investir em tecnologia de ponta para seus dispositivos, e o novo modelo n\u00e3o deve ser diferente. As melhorias esperadas incluem um novo chip e mudan\u00e7as no design das c\u00e2meras, o que pode impactar diretamente na experi\u00eancia do usu\u00e1rio.<\/p>\n\n\n\n<h2 class=\"wp-block-heading\"><strong>Quais s\u00e3o as melhorias esperadas na bateria?<\/strong><\/h2>\n\n\n\n<p>A espessura do <strong>iPhone 17 Pro Max<\/strong> deve aumentar em 0,475 mm, passando de 8,23 mm para 8,725 mm. Essa mudan\u00e7a pode parecer sutil, mas \u00e9 significativa quando se trata de acomodar uma bateria maior. Embora a capacidade exata da nova bateria ainda n\u00e3o tenha sido confirmada, especula-se que ela possa variar entre 5.100 mAh e 5.300 mAh, um aumento consider\u00e1vel em rela\u00e7\u00e3o aos 4.865 mAh do <strong>iPhone 16 Pro Max<\/strong>.<\/p>\n\n\n\n<p>O aumento na capacidade da bateria \u00e9 uma resposta direta \u00e0s demandas dos consumidores por uma maior autonomia. Com mais dispositivos e aplicativos exigindo energia, uma bateria mais robusta \u00e9 essencial para garantir que o <strong>iPhone 17 Pro Max<\/strong> atenda \u00e0s expectativas dos usu\u00e1rios.<\/p>\n\n\n\n<figure class=\"wp-block-image size-large\"><img decoding=\"async\" width=\"1024\" height=\"576\" src=\"https:\/\/www.correiobraziliense.com.br\/cbradar\/wp-content\/uploads\/2025\/03\/apple-empresa_1741631489098-1024x576.jpg\" alt=\"iPhone 17 Pro Max surpreende o mercado, veja novidades\" class=\"wp-image-11283\" srcset=\"https:\/\/www.correiobraziliense.com.br\/cbradar\/wp-content\/uploads\/2025\/03\/apple-empresa_1741631489098-1024x576.jpg 1024w, https:\/\/www.correiobraziliense.com.br\/cbradar\/wp-content\/uploads\/2025\/03\/apple-empresa_1741631489098-300x169.jpg 300w, https:\/\/www.correiobraziliense.com.br\/cbradar\/wp-content\/uploads\/2025\/03\/apple-empresa_1741631489098-768x432.jpg 768w, https:\/\/www.correiobraziliense.com.br\/cbradar\/wp-content\/uploads\/2025\/03\/apple-empresa_1741631489098-750x422.jpg 750w, https:\/\/www.correiobraziliense.com.br\/cbradar\/wp-content\/uploads\/2025\/03\/apple-empresa_1741631489098-1140x641.jpg 1140w, https:\/\/www.correiobraziliense.com.br\/cbradar\/wp-content\/uploads\/2025\/03\/apple-empresa_1741631489098.jpg 1280w\" sizes=\"(max-width: 1024px) 100vw, 1024px\" \/><figcaption class=\"wp-element-caption\">Apple\nCr\u00e9ditos: depositphotos.com \/ frantic00<\/figcaption><\/figure>\n\n\n\n<h2 class=\"wp-block-heading\"><strong>Como o novo chip pode influenciar o desempenho do iPhone 17 Pro Max?<\/strong><\/h2>\n\n\n\n<p>O <strong>iPhone 17 Pro Max<\/strong> deve ser equipado com o novo <strong>chip A19 Pro<\/strong>, que utiliza uma litografia de 2 nan\u00f4metros. Essa tecnologia avan\u00e7ada pode oferecer maior efici\u00eancia energ\u00e9tica, permitindo que o dispositivo funcione de maneira mais eficaz e prolongue a vida \u00fatil da bateria. O novo chip tamb\u00e9m deve melhorar o desempenho geral do aparelho, tornando-o mais r\u00e1pido e capaz de lidar com tarefas complexas com facilidade.<\/p>\n\n\n\n<p>Al\u00e9m disso, a efici\u00eancia energ\u00e9tica do <strong>chip A19 Pro<\/strong> pode contribuir para uma experi\u00eancia de usu\u00e1rio mais fluida, com menos necessidade de recarga frequente. Isso \u00e9 particularmente importante para usu\u00e1rios que dependem do <strong>iPhone <\/strong>para trabalho e entretenimento ao longo do dia.<\/p>\n\n\n\n<h2 class=\"wp-block-heading\"><strong>Quais s\u00e3o as mudan\u00e7as esperadas no design das c\u00e2meras?<\/strong><\/h2>\n\n\n\n<p>Espera-se que a linha do <strong>iPhone 17<\/strong> adote um novo design para o m\u00f3dulo de c\u00e2meras, possivelmente inspirado no estilo em barra utilizado pela linha <strong>Pixel <\/strong>do <strong>Google<\/strong>. Essa mudan\u00e7a pode resultar em uma sali\u00eancia na parte traseira do dispositivo, que varia conforme a quantidade de c\u00e2meras. O novo design pode n\u00e3o apenas melhorar a est\u00e9tica do aparelho, mas tamb\u00e9m permitir a inclus\u00e3o de novas funcionalidades e melhorias na qualidade das fotos.<\/p>\n\n\n\n<p>As atualiza\u00e7\u00f5es no m\u00f3dulo de c\u00e2meras s\u00e3o uma parte importante da estrat\u00e9gia da <strong>Apple <\/strong>para manter sua posi\u00e7\u00e3o de lideran\u00e7a no mercado de smartphones. Com a crescente demanda por c\u00e2meras de alta qualidade em dispositivos m\u00f3veis, a <strong>Apple <\/strong>deve continuar a inovar para atender \u00e0s expectativas dos consumidores.<\/p>\n\n\n\n<h2 class=\"wp-block-heading\"><strong>Quando o iPhone 17 Pro Max estar\u00e1 dispon\u00edvel?<\/strong><\/h2>\n\n\n\n<p>O lan\u00e7amento do <strong>iPhone 17 Pro Max<\/strong> est\u00e1 previsto para ocorrer entre setembro e outubro de 2025. Al\u00e9m dos modelos regulares, rumores indicam que a <strong>Apple <\/strong>tamb\u00e9m est\u00e1 desenvolvendo um <strong>iPhone 17<\/strong> Slim, que seria uma vers\u00e3o mais fina do dispositivo. Essa variedade de op\u00e7\u00f5es pode atrair diferentes perfis de consumidores, oferecendo alternativas para aqueles que buscam um design mais compacto.<\/p>\n\n\n\n<p>Com tantas novidades e melhorias esperadas, o <strong>iPhone 17 Pro Max<\/strong> promete ser um dos lan\u00e7amentos mais aguardados do ano. A <strong>Apple <\/strong>continua a desafiar os limites da tecnologia m\u00f3vel, e os consumidores est\u00e3o ansiosos para ver o que a empresa trar\u00e1 de novo com esta nova gera\u00e7\u00e3o de <strong>iPhones<\/strong>.<\/p>\n","protected":false},"excerpt":{"rendered":"<p>O lan\u00e7amento do iPhone 17 Pro Max est\u00e1 repleto de expectativas, especialmente em rela\u00e7\u00e3o \u00e0 bateria, ao chip e \u00e0s c\u00e2meras.<\/p>\n","protected":false},"author":3,"featured_media":11280,"comment_status":"open","ping_status":"open","sticky":false,"template":"","format":"standard","meta":{"_yoast_wpseo_focuskw":"iPhone 17 Pro Max","_yoast_wpseo_title":"%%title%%","_yoast_wpseo_metadesc":"O lan\u00e7amento do iPhone 17 Pro Max est\u00e1 repleto de expectativas, especialmente em rela\u00e7\u00e3o \u00e0 bateria, ao chip e \u00e0s c\u00e2meras.","jnews-multi-image_gallery":[],"jnews_single_post":{"format":"standard"},"jnews_primary_category":[],"jnews_social_meta":[],"jnews_override_counter":[],"footnotes":""},"categories":[115],"post_tag":[158,323],"class_list":["post-11275","post","type-post","status-publish","format-standard","has-post-thumbnail","hentry","category-tecnologia","tag-apple","tag-iphone"],"yoast_head":"<!-- This site is optimized with the Yoast SEO plugin v24.6 - https:\/\/yoast.com\/wordpress\/plugins\/seo\/ -->\n<title>iPhone 17 Pro Max surpreende o mercado, veja novidades<\/title>\n<meta name=\"description\" content=\"O lan\u00e7amento do iPhone 17 Pro Max est\u00e1 repleto de expectativas, especialmente em rela\u00e7\u00e3o \u00e0 bateria, ao chip e \u00e0s c\u00e2meras.\" \/>\n<meta name=\"robots\" content=\"index, follow, max-snippet:-1, max-image-preview:large, max-video-preview:-1\" \/>\n<link rel=\"canonical\" href=\"https:\/\/www.correiobraziliense.com.br\/cbradar\/iphone-17-pro-max-surpreende-o-mercado-veja-novidades\/\" \/>\n<meta property=\"og:locale\" content=\"pt_BR\" \/>\n<meta property=\"og:type\" content=\"article\" \/>\n<meta property=\"og:title\" content=\"iPhone 17 Pro Max surpreende o mercado, veja novidades\" \/>\n<meta property=\"og:description\" content=\"O lan\u00e7amento do iPhone 17 Pro Max est\u00e1 repleto de expectativas, especialmente em rela\u00e7\u00e3o \u00e0 bateria, ao chip e \u00e0s c\u00e2meras.\" \/>\n<meta property=\"og:url\" content=\"https:\/\/www.correiobraziliense.com.br\/cbradar\/iphone-17-pro-max-surpreende-o-mercado-veja-novidades\/\" \/>\n<meta property=\"og:site_name\" content=\"Correio Braziliense - Radar\" \/>\n<meta property=\"article:published_time\" content=\"2025-03-12T11:30:00+00:00\" \/>\n<meta property=\"og:image\" content=\"https:\/\/www.correiobraziliense.com.br\/cbradar\/wp-content\/uploads\/2025\/03\/iPhone-17-_1741631383428.jpg\" \/>\n\t<meta property=\"og:image:width\" content=\"1280\" \/>\n\t<meta property=\"og:image:height\" content=\"720\" \/>\n\t<meta property=\"og:image:type\" content=\"image\/jpeg\" \/>\n<meta name=\"author\" content=\"Larissa Carvalho\" \/>\n<meta name=\"twitter:card\" content=\"summary_large_image\" \/>\n<meta name=\"twitter:label1\" content=\"Escrito por\" \/>\n\t<meta name=\"twitter:data1\" content=\"Larissa Carvalho\" \/>\n\t<meta name=\"twitter:label2\" content=\"Est. tempo de leitura\" \/>\n\t<meta name=\"twitter:data2\" content=\"4 minutos\" \/>\n<!-- \/ Yoast SEO plugin. -->","yoast_head_json":{"title":"iPhone 17 Pro Max surpreende o mercado, veja novidades","description":"O lan\u00e7amento do iPhone 17 Pro Max est\u00e1 repleto de expectativas, especialmente em rela\u00e7\u00e3o \u00e0 bateria, ao chip e \u00e0s c\u00e2meras.","robots":{"index":"index","follow":"follow","max-snippet":"max-snippet:-1","max-image-preview":"max-image-preview:large","max-video-preview":"max-video-preview:-1"},"canonical":"https:\/\/www.correiobraziliense.com.br\/cbradar\/iphone-17-pro-max-surpreende-o-mercado-veja-novidades\/","og_locale":"pt_BR","og_type":"article","og_title":"iPhone 17 Pro Max surpreende o mercado, veja novidades","og_description":"O lan\u00e7amento do iPhone 17 Pro Max est\u00e1 repleto de expectativas, especialmente em rela\u00e7\u00e3o \u00e0 bateria, ao chip e \u00e0s c\u00e2meras.","og_url":"https:\/\/www.correiobraziliense.com.br\/cbradar\/iphone-17-pro-max-surpreende-o-mercado-veja-novidades\/","og_site_name":"Correio Braziliense - Radar","article_published_time":"2025-03-12T11:30:00+00:00","og_image":[{"width":1280,"height":720,"url":"https:\/\/www.correiobraziliense.com.br\/cbradar\/wp-content\/uploads\/2025\/03\/iPhone-17-_1741631383428.jpg","type":"image\/jpeg"}],"author":"Larissa Carvalho","twitter_card":"summary_large_image","twitter_misc":{"Escrito por":"Larissa Carvalho","Est. tempo de leitura":"4 minutos"},"schema":{"@context":"https:\/\/schema.org","@graph":[{"@type":"WebPage","@id":"https:\/\/www.correiobraziliense.com.br\/cbradar\/iphone-17-pro-max-surpreende-o-mercado-veja-novidades\/","url":"https:\/\/www.correiobraziliense.com.br\/cbradar\/iphone-17-pro-max-surpreende-o-mercado-veja-novidades\/","name":"iPhone 17 Pro Max surpreende o mercado, veja novidades","isPartOf":{"@id":"https:\/\/www.correiobraziliense.com.br\/cbradar\/#website"},"primaryImageOfPage":{"@id":"https:\/\/www.correiobraziliense.com.br\/cbradar\/iphone-17-pro-max-surpreende-o-mercado-veja-novidades\/#primaryimage"},"image":{"@id":"https:\/\/www.correiobraziliense.com.br\/cbradar\/iphone-17-pro-max-surpreende-o-mercado-veja-novidades\/#primaryimage"},"thumbnailUrl":"https:\/\/www.correiobraziliense.com.br\/cbradar\/wp-content\/uploads\/2025\/03\/iPhone-17-_1741631383428.jpg","datePublished":"2025-03-12T11:30:00+00:00","author":{"@id":"https:\/\/www.correiobraziliense.com.br\/cbradar\/#\/schema\/person\/58422787644df994b53a19d3e56c1513"},"description":"O lan\u00e7amento do iPhone 17 Pro Max est\u00e1 repleto de expectativas, especialmente em rela\u00e7\u00e3o \u00e0 bateria, ao chip e \u00e0s c\u00e2meras.","breadcrumb":{"@id":"https:\/\/www.correiobraziliense.com.br\/cbradar\/iphone-17-pro-max-surpreende-o-mercado-veja-novidades\/#breadcrumb"},"inLanguage":"pt-BR","potentialAction":[{"@type":"ReadAction","target":["https:\/\/www.correiobraziliense.com.br\/cbradar\/iphone-17-pro-max-surpreende-o-mercado-veja-novidades\/"]}]},{"@type":"ImageObject","inLanguage":"pt-BR","@id":"https:\/\/www.correiobraziliense.com.br\/cbradar\/iphone-17-pro-max-surpreende-o-mercado-veja-novidades\/#primaryimage","url":"https:\/\/www.correiobraziliense.com.br\/cbradar\/wp-content\/uploads\/2025\/03\/iPhone-17-_1741631383428.jpg","contentUrl":"https:\/\/www.correiobraziliense.com.br\/cbradar\/wp-content\/uploads\/2025\/03\/iPhone-17-_1741631383428.jpg","width":1280,"height":720,"caption":"iPhone 17 Pro Max Cr\u00e9ditos: depositphotos.com \/ kle1njke@gmail.com"},{"@type":"BreadcrumbList","@id":"https:\/\/www.correiobraziliense.com.br\/cbradar\/iphone-17-pro-max-surpreende-o-mercado-veja-novidades\/#breadcrumb","itemListElement":[{"@type":"ListItem","position":1,"name":"In\u00edcio","item":"https:\/\/www.correiobraziliense.com.br\/cbradar\/"},{"@type":"ListItem","position":2,"name":"iPhone 17 Pro Max surpreende o mercado, veja novidades"}]},{"@type":"WebSite","@id":"https:\/\/www.correiobraziliense.com.br\/cbradar\/#website","url":"https:\/\/www.correiobraziliense.com.br\/cbradar\/","name":"Correio Braziliense - Radar","description":"Acompanhe as \u00faltimas not\u00edcias e fique bem informado sobre tudo o que acontece no Brasil e no mundo.","potentialAction":[{"@type":"SearchAction","target":{"@type":"EntryPoint","urlTemplate":"https:\/\/www.correiobraziliense.com.br\/cbradar\/?s={search_term_string}"},"query-input":{"@type":"PropertyValueSpecification","valueRequired":true,"valueName":"search_term_string"}}],"inLanguage":"pt-BR"},{"@type":"Person","@id":"https:\/\/www.correiobraziliense.com.br\/cbradar\/#\/schema\/person\/58422787644df994b53a19d3e56c1513","name":"Larissa Carvalho","image":{"@type":"ImageObject","inLanguage":"pt-BR","@id":"https:\/\/www.correiobraziliense.com.br\/cbradar\/#\/schema\/person\/image\/","url":"https:\/\/secure.gravatar.com\/avatar\/fe4f91a0de32b52a838d0d612abdc1aa?s=96&d=mm&r=g","contentUrl":"https:\/\/secure.gravatar.com\/avatar\/fe4f91a0de32b52a838d0d612abdc1aa?s=96&d=mm&r=g","caption":"Larissa Carvalho"},"url":"https:\/\/www.correiobraziliense.com.br\/cbradar\/author\/larissamyth\/"}]}},"_links":{"self":[{"href":"https:\/\/www.correiobraziliense.com.br\/cbradar\/wp-json\/wp\/v2\/posts\/11275","targetHints":{"allow":["GET"]}}],"collection":[{"href":"https:\/\/www.correiobraziliense.com.br\/cbradar\/wp-json\/wp\/v2\/posts"}],"about":[{"href":"https:\/\/www.correiobraziliense.com.br\/cbradar\/wp-json\/wp\/v2\/types\/post"}],"author":[{"embeddable":true,"href":"https:\/\/www.correiobraziliense.com.br\/cbradar\/wp-json\/wp\/v2\/users\/3"}],"replies":[{"embeddable":true,"href":"https:\/\/www.correiobraziliense.com.br\/cbradar\/wp-json\/wp\/v2\/comments?post=11275"}],"version-history":[{"count":2,"href":"https:\/\/www.correiobraziliense.com.br\/cbradar\/wp-json\/wp\/v2\/posts\/11275\/revisions"}],"predecessor-version":[{"id":11319,"href":"https:\/\/www.correiobraziliense.com.br\/cbradar\/wp-json\/wp\/v2\/posts\/11275\/revisions\/11319"}],"wp:featuredmedia":[{"embeddable":true,"href":"https:\/\/www.correiobraziliense.com.br\/cbradar\/wp-json\/wp\/v2\/media\/11280"}],"wp:attachment":[{"href":"https:\/\/www.correiobraziliense.com.br\/cbradar\/wp-json\/wp\/v2\/media?parent=11275"}],"wp:term":[{"taxonomy":"category","embeddable":true,"href":"https:\/\/www.correiobraziliense.com.br\/cbradar\/wp-json\/wp\/v2\/categories?post=11275"},{"taxonomy":"post_tag","embeddable":true,"href":"https:\/\/www.correiobraziliense.com.br\/cbradar\/wp-json\/wp\/v2\/post_tag?post=11275"}],"curies":[{"name":"wp","href":"https:\/\/api.w.org\/{rel}","templated":true}]}}