{"id":11320,"date":"2025-03-12T08:23:00","date_gmt":"2025-03-12T11:23:00","guid":{"rendered":"https:\/\/www.correiobraziliense.com.br\/cbradar\/?p=11320"},"modified":"2025-03-11T14:17:47","modified_gmt":"2025-03-11T17:17:47","slug":"melhores-carros-para-motoristas-de-aplicativos-em-2025","status":"publish","type":"post","link":"https:\/\/www.correiobraziliense.com.br\/cbradar\/melhores-carros-para-motoristas-de-aplicativos-em-2025\/","title":{"rendered":"Melhores carros para motoristas de aplicativos em 2025"},"content":{"rendered":"\n<p>Para aqueles que desejam ingressar no mercado de transporte por aplicativos ou j\u00e1 atuam como motoristas e est\u00e3o considerando trocar de ve\u00edculo, a escolha do carro \u00e9 um aspecto crucial. Essa decis\u00e3o impacta diretamente a satisfa\u00e7\u00e3o dos passageiros e a reputa\u00e7\u00e3o do motorista na plataforma. Com diversas op\u00e7\u00f5es dispon\u00edveis no mercado, \u00e9 essencial avaliar fatores como economia de combust\u00edvel, conforto, espa\u00e7o interno, confiabilidade e manuten\u00e7\u00e3o, al\u00e9m dos requisitos espec\u00edficos das plataformas de transporte.<\/p>\n\n\n\n<p>O motorista deve priorizar suas necessidades e as prefer\u00eancias dos usu\u00e1rios ao decidir qual modelo adquirir ou alugar. Para auxiliar nessa escolha, apresentamos uma lista com oito ve\u00edculos que oferecem conforto, seguran\u00e7a e uma experi\u00eancia de viagem agrad\u00e1vel para os passageiros, al\u00e9m de serem um bom investimento para os motoristas.<\/p>\n\n\n\n<h2 class=\"wp-block-heading\"><strong>Quais s\u00e3o os melhores carros para motoristas de aplicativos?<\/strong><\/h2>\n\n\n\n<p>Selecionar o carro certo pode fazer toda a diferen\u00e7a na rotina de um motorista de aplicativo. Aqui est\u00e3o algumas op\u00e7\u00f5es que se destacam no mercado em 2025:<\/p>\n\n\n\n<figure class=\"wp-block-image\"><img decoding=\"async\" width=\"1024\" height=\"576\" src=\"https:\/\/www.correiobraziliense.com.br\/cbradar\/wp-content\/uploads\/2025\/03\/motorista-de-aplicativo_1741632589811-1024x576.jpg\" alt=\"Melhores carros para motoristas de aplicativos em 2025\" class=\"wp-image-11289\" srcset=\"https:\/\/www.correiobraziliense.com.br\/cbradar\/wp-content\/uploads\/2025\/03\/motorista-de-aplicativo_1741632589811-1024x576.jpg 1024w, https:\/\/www.correiobraziliense.com.br\/cbradar\/wp-content\/uploads\/2025\/03\/motorista-de-aplicativo_1741632589811-300x169.jpg 300w, https:\/\/www.correiobraziliense.com.br\/cbradar\/wp-content\/uploads\/2025\/03\/motorista-de-aplicativo_1741632589811-768x432.jpg 768w, https:\/\/www.correiobraziliense.com.br\/cbradar\/wp-content\/uploads\/2025\/03\/motorista-de-aplicativo_1741632589811-750x422.jpg 750w, https:\/\/www.correiobraziliense.com.br\/cbradar\/wp-content\/uploads\/2025\/03\/motorista-de-aplicativo_1741632589811-1140x641.jpg 1140w, https:\/\/www.correiobraziliense.com.br\/cbradar\/wp-content\/uploads\/2025\/03\/motorista-de-aplicativo_1741632589811.jpg 1280w\" sizes=\"(max-width: 1024px) 100vw, 1024px\" \/><figcaption class=\"wp-element-caption\">motorista de aplicativo Cr\u00e9ditos: depositphotos.com \/ joasouza<\/figcaption><\/figure>\n\n\n\n<h2 class=\"wp-block-heading\"><strong>1. Chevrolet Onix Plus<\/strong><\/h2>\n\n\n\n<p>O&nbsp;<strong>Chevrolet Onix Plus<\/strong>&nbsp;\u00e9 um sedan acess\u00edvel e econ\u00f4mico, oferecendo conforto, espa\u00e7o interno e seguran\u00e7a. Equipado com um motor turbo de 116 cv e transmiss\u00e3o autom\u00e1tica de 6 velocidades, o&nbsp;<strong>Onix Plus<\/strong>&nbsp;se adapta a v\u00e1rias categorias dentro dos aplicativos de corrida. Sua tecnologia e design proporcionam uma experi\u00eancia agrad\u00e1vel tanto para motoristas quanto para passageiros.<\/p>\n\n\n\n<h2 class=\"wp-block-heading\"><strong>2. Chevrolet Cruze<\/strong><\/h2>\n\n\n\n<p>Dispon\u00edvel nas vers\u00f5es hatch e sedan, o&nbsp;<strong>Chevrolet Cruze<\/strong>&nbsp;\u00e9 uma excelente escolha para quem deseja atuar nas categorias mais altas da&nbsp;<strong>Uber<\/strong>, como&nbsp;<strong>Black&nbsp;<\/strong>e&nbsp;<strong>Comfort<\/strong>. Com um motor 1.4 Ecotec turbo flex, o&nbsp;<strong>Cruze&nbsp;<\/strong>oferece economia de combust\u00edvel e estabilidade. O consumo de gasolina \u00e9 de 11,1 km\/l na cidade e 13,9 km\/l na estrada, enquanto com etanol, o rendimento \u00e9 de 7,6 km\/l na cidade e 9,4 km\/l na estrada.<\/p>\n\n\n\n<h2 class=\"wp-block-heading\"><strong>3. Hyundai Creta<\/strong><\/h2>\n\n\n\n<p>O&nbsp;<strong>Hyundai Creta<\/strong>&nbsp;\u00e9 um&nbsp;<strong>SUV&nbsp;<\/strong>vers\u00e1til, ideal para motoristas de aplicativos que precisam de espa\u00e7o extra para bagagens. Com um consumo de combust\u00edvel de 12 km\/l de gasolina na cidade, o&nbsp;<strong>Creta&nbsp;<\/strong>\u00e9 econ\u00f4mico e oferece conforto interno, dire\u00e7\u00e3o leve e uma \u00f3tima suspens\u00e3o, sendo uma escolha segura e bem acabada.<\/p>\n\n\n\n<h2 class=\"wp-block-heading\"><strong>4. Honda Civic<\/strong><\/h2>\n\n\n\n<p>Conhecido por seu conforto, o&nbsp;<strong>Honda Civic<\/strong>&nbsp;possui um motor potente e tecnologia avan\u00e7ada, melhorando a experi\u00eancia de viagem. As vers\u00f5es Turbo s\u00e3o especialmente econ\u00f4micas para uso urbano. O&nbsp;<strong>Civic&nbsp;<\/strong>\u00e9 um dos sedans mais econ\u00f4micos para aplicativos, oferecendo espa\u00e7o interno generoso e um bagageiro amplo.<\/p>\n\n\n\n<h2 class=\"wp-block-heading\"><strong>5. Toyota Corolla<\/strong><\/h2>\n\n\n\n<p>O&nbsp;<strong>Toyota Corolla<\/strong>&nbsp;\u00e9 um modelo cl\u00e1ssico e confi\u00e1vel, valorizado por passageiros e motoristas. Com um motor eficiente e uma vers\u00e3o h\u00edbrida dispon\u00edvel, o&nbsp;<strong>Corolla&nbsp;<\/strong>cumpre todos os requisitos das plataformas de transporte. Sua confiabilidade, baixo custo de manuten\u00e7\u00e3o e excelente reputa\u00e7\u00e3o de revenda fazem dele uma escolha s\u00f3lida.<\/p>\n\n\n\n<h2 class=\"wp-block-heading\"><strong>6. Volkswagen Virtus<\/strong><\/h2>\n\n\n\n<p>O&nbsp;<strong>Volkswagen Virtus<\/strong>&nbsp;destaca-se pelo espa\u00e7o interno e conforto, garantindo boas avalia\u00e7\u00f5es nos aplicativos. Sua efici\u00eancia em consumo de combust\u00edvel e manuten\u00e7\u00e3o acess\u00edvel tornam o&nbsp;<strong>Virtus&nbsp;<\/strong>uma escolha econ\u00f4mica e confi\u00e1vel para motoristas de aplicativos.<\/p>\n\n\n\n<h2 class=\"wp-block-heading\"><strong>7. Renault Logan<\/strong><\/h2>\n\n\n\n<p>O&nbsp;<strong>Renault Logan<\/strong>&nbsp;\u00e9 conhecido por sua alta economia de combust\u00edvel e conforto interno. Com uma manuten\u00e7\u00e3o acess\u00edvel e uma boa reputa\u00e7\u00e3o de confiabilidade, o&nbsp;<strong>Logan&nbsp;<\/strong>\u00e9 uma op\u00e7\u00e3o econ\u00f4mica para motoristas que desejam minimizar gastos com reparos.<\/p>\n\n\n\n<h2 class=\"wp-block-heading\"><strong>8. Fiat Cronos<\/strong><\/h2>\n\n\n\n<p>O&nbsp;<strong>Fiat Cronos<\/strong>&nbsp;\u00e9 uma escolha popular entre motoristas que priorizam economia e praticidade. Compacto, mas com bom espa\u00e7o interno, o&nbsp;<strong>Cronos&nbsp;<\/strong>oferece um consumo de combust\u00edvel eficiente e manuten\u00e7\u00e3o de baixo custo, sendo ideal para uso frequente.<\/p>\n\n\n\n<p>Em 2025, a escolha do carro certo para motoristas de aplicativos continua a ser uma decis\u00e3o importante, influenciando diretamente a experi\u00eancia dos passageiros e a efici\u00eancia do motorista. Considerar fatores como economia, conforto e requisitos das plataformas pode ajudar a garantir uma escolha acertada.<\/p>\n","protected":false},"excerpt":{"rendered":"<p>Conhe\u00e7a os melhores carros para motoristas de aplicativos em 2025: economia, conforto e espa\u00e7o interno s\u00e3o alguns dos crit\u00e9rios de escolha.<\/p>\n","protected":false},"author":3,"featured_media":11288,"comment_status":"open","ping_status":"open","sticky":false,"template":"","format":"standard","meta":{"_yoast_wpseo_focuskw":"carros motoristas de aplicativo","_yoast_wpseo_title":"%%title%%","_yoast_wpseo_metadesc":"Conhe\u00e7a os melhores carros para motoristas de aplicativos em 2025: economia, conforto e espa\u00e7o interno s\u00e3o alguns dos crit\u00e9rios de escolha.","jnews-multi-image_gallery":[],"jnews_single_post":{"format":"standard"},"jnews_primary_category":[],"jnews_social_meta":[],"jnews_override_counter":[],"footnotes":""},"categories":[122],"post_tag":[123,1662,860],"class_list":["post-11320","post","type-post","status-publish","format-standard","has-post-thumbnail","hentry","category-automobilismo","tag-carros","tag-motorista-de-aplicativo","tag-uber"],"yoast_head":"<!-- This site is optimized with the Yoast SEO plugin v24.6 - https:\/\/yoast.com\/wordpress\/plugins\/seo\/ -->\n<title>Melhores carros para motoristas de aplicativos em 2025<\/title>\n<meta name=\"description\" content=\"Conhe\u00e7a os melhores carros para motoristas de aplicativos em 2025: economia, conforto e espa\u00e7o interno s\u00e3o alguns dos crit\u00e9rios de escolha.\" \/>\n<meta name=\"robots\" content=\"index, follow, max-snippet:-1, max-image-preview:large, max-video-preview:-1\" \/>\n<link rel=\"canonical\" href=\"https:\/\/www.correiobraziliense.com.br\/cbradar\/melhores-carros-para-motoristas-de-aplicativos-em-2025\/\" \/>\n<meta property=\"og:locale\" content=\"pt_BR\" \/>\n<meta property=\"og:type\" content=\"article\" \/>\n<meta property=\"og:title\" content=\"Melhores carros para motoristas de aplicativos em 2025\" \/>\n<meta property=\"og:description\" content=\"Conhe\u00e7a os melhores carros para motoristas de aplicativos em 2025: economia, conforto e espa\u00e7o interno s\u00e3o alguns dos crit\u00e9rios de escolha.\" \/>\n<meta property=\"og:url\" content=\"https:\/\/www.correiobraziliense.com.br\/cbradar\/melhores-carros-para-motoristas-de-aplicativos-em-2025\/\" \/>\n<meta property=\"og:site_name\" content=\"Correio Braziliense - Radar\" \/>\n<meta property=\"article:published_time\" content=\"2025-03-12T11:23:00+00:00\" \/>\n<meta property=\"og:image\" content=\"https:\/\/www.correiobraziliense.com.br\/cbradar\/wp-content\/uploads\/2025\/03\/Ukraine_Kyiv__16_July_2021_White_Ford_Falcon_Taxi_Uber_car_moving_on_the_street_.jpg\" \/>\n\t<meta property=\"og:image:width\" content=\"1280\" \/>\n\t<meta property=\"og:image:height\" content=\"720\" \/>\n\t<meta property=\"og:image:type\" content=\"image\/jpeg\" \/>\n<meta name=\"author\" content=\"Larissa Carvalho\" \/>\n<meta name=\"twitter:card\" content=\"summary_large_image\" \/>\n<meta name=\"twitter:label1\" content=\"Escrito por\" \/>\n\t<meta name=\"twitter:data1\" content=\"Larissa Carvalho\" \/>\n\t<meta name=\"twitter:label2\" content=\"Est. tempo de leitura\" \/>\n\t<meta name=\"twitter:data2\" content=\"4 minutos\" \/>\n<!-- \/ Yoast SEO plugin. -->","yoast_head_json":{"title":"Melhores carros para motoristas de aplicativos em 2025","description":"Conhe\u00e7a os melhores carros para motoristas de aplicativos em 2025: economia, conforto e espa\u00e7o interno s\u00e3o alguns dos crit\u00e9rios de escolha.","robots":{"index":"index","follow":"follow","max-snippet":"max-snippet:-1","max-image-preview":"max-image-preview:large","max-video-preview":"max-video-preview:-1"},"canonical":"https:\/\/www.correiobraziliense.com.br\/cbradar\/melhores-carros-para-motoristas-de-aplicativos-em-2025\/","og_locale":"pt_BR","og_type":"article","og_title":"Melhores carros para motoristas de aplicativos em 2025","og_description":"Conhe\u00e7a os melhores carros para motoristas de aplicativos em 2025: economia, conforto e espa\u00e7o interno s\u00e3o alguns dos crit\u00e9rios de escolha.","og_url":"https:\/\/www.correiobraziliense.com.br\/cbradar\/melhores-carros-para-motoristas-de-aplicativos-em-2025\/","og_site_name":"Correio Braziliense - Radar","article_published_time":"2025-03-12T11:23:00+00:00","og_image":[{"width":1280,"height":720,"url":"https:\/\/www.correiobraziliense.com.br\/cbradar\/wp-content\/uploads\/2025\/03\/Ukraine_Kyiv__16_July_2021_White_Ford_Falcon_Taxi_Uber_car_moving_on_the_street_.jpg","type":"image\/jpeg"}],"author":"Larissa Carvalho","twitter_card":"summary_large_image","twitter_misc":{"Escrito por":"Larissa Carvalho","Est. tempo de leitura":"4 minutos"},"schema":{"@context":"https:\/\/schema.org","@graph":[{"@type":"WebPage","@id":"https:\/\/www.correiobraziliense.com.br\/cbradar\/melhores-carros-para-motoristas-de-aplicativos-em-2025\/","url":"https:\/\/www.correiobraziliense.com.br\/cbradar\/melhores-carros-para-motoristas-de-aplicativos-em-2025\/","name":"Melhores carros para motoristas de aplicativos em 2025","isPartOf":{"@id":"https:\/\/www.correiobraziliense.com.br\/cbradar\/#website"},"primaryImageOfPage":{"@id":"https:\/\/www.correiobraziliense.com.br\/cbradar\/melhores-carros-para-motoristas-de-aplicativos-em-2025\/#primaryimage"},"image":{"@id":"https:\/\/www.correiobraziliense.com.br\/cbradar\/melhores-carros-para-motoristas-de-aplicativos-em-2025\/#primaryimage"},"thumbnailUrl":"https:\/\/www.correiobraziliense.com.br\/cbradar\/wp-content\/uploads\/2025\/03\/Ukraine_Kyiv__16_July_2021_White_Ford_Falcon_Taxi_Uber_car_moving_on_the_street_.jpg","datePublished":"2025-03-12T11:23:00+00:00","author":{"@id":"https:\/\/www.correiobraziliense.com.br\/cbradar\/#\/schema\/person\/58422787644df994b53a19d3e56c1513"},"description":"Conhe\u00e7a os melhores carros para motoristas de aplicativos em 2025: economia, conforto e espa\u00e7o interno s\u00e3o alguns dos crit\u00e9rios de escolha.","breadcrumb":{"@id":"https:\/\/www.correiobraziliense.com.br\/cbradar\/melhores-carros-para-motoristas-de-aplicativos-em-2025\/#breadcrumb"},"inLanguage":"pt-BR","potentialAction":[{"@type":"ReadAction","target":["https:\/\/www.correiobraziliense.com.br\/cbradar\/melhores-carros-para-motoristas-de-aplicativos-em-2025\/"]}]},{"@type":"ImageObject","inLanguage":"pt-BR","@id":"https:\/\/www.correiobraziliense.com.br\/cbradar\/melhores-carros-para-motoristas-de-aplicativos-em-2025\/#primaryimage","url":"https:\/\/www.correiobraziliense.com.br\/cbradar\/wp-content\/uploads\/2025\/03\/Ukraine_Kyiv__16_July_2021_White_Ford_Falcon_Taxi_Uber_car_moving_on_the_street_.jpg","contentUrl":"https:\/\/www.correiobraziliense.com.br\/cbradar\/wp-content\/uploads\/2025\/03\/Ukraine_Kyiv__16_July_2021_White_Ford_Falcon_Taxi_Uber_car_moving_on_the_street_.jpg","width":1280,"height":720,"caption":"melhores carros para motoristas de aplicativo Cr\u00e9ditos: depositphotos.com \/ Yuriy_Vlasenko"},{"@type":"BreadcrumbList","@id":"https:\/\/www.correiobraziliense.com.br\/cbradar\/melhores-carros-para-motoristas-de-aplicativos-em-2025\/#breadcrumb","itemListElement":[{"@type":"ListItem","position":1,"name":"In\u00edcio","item":"https:\/\/www.correiobraziliense.com.br\/cbradar\/"},{"@type":"ListItem","position":2,"name":"Melhores carros para motoristas de aplicativos em 2025"}]},{"@type":"WebSite","@id":"https:\/\/www.correiobraziliense.com.br\/cbradar\/#website","url":"https:\/\/www.correiobraziliense.com.br\/cbradar\/","name":"Correio Braziliense - Radar","description":"Acompanhe as \u00faltimas not\u00edcias e fique bem informado sobre tudo o que acontece no Brasil e no mundo.","potentialAction":[{"@type":"SearchAction","target":{"@type":"EntryPoint","urlTemplate":"https:\/\/www.correiobraziliense.com.br\/cbradar\/?s={search_term_string}"},"query-input":{"@type":"PropertyValueSpecification","valueRequired":true,"valueName":"search_term_string"}}],"inLanguage":"pt-BR"},{"@type":"Person","@id":"https:\/\/www.correiobraziliense.com.br\/cbradar\/#\/schema\/person\/58422787644df994b53a19d3e56c1513","name":"Larissa Carvalho","image":{"@type":"ImageObject","inLanguage":"pt-BR","@id":"https:\/\/www.correiobraziliense.com.br\/cbradar\/#\/schema\/person\/image\/","url":"https:\/\/secure.gravatar.com\/avatar\/fe4f91a0de32b52a838d0d612abdc1aa?s=96&d=mm&r=g","contentUrl":"https:\/\/secure.gravatar.com\/avatar\/fe4f91a0de32b52a838d0d612abdc1aa?s=96&d=mm&r=g","caption":"Larissa Carvalho"},"url":"https:\/\/www.correiobraziliense.com.br\/cbradar\/author\/larissamyth\/"}]}},"_links":{"self":[{"href":"https:\/\/www.correiobraziliense.com.br\/cbradar\/wp-json\/wp\/v2\/posts\/11320","targetHints":{"allow":["GET"]}}],"collection":[{"href":"https:\/\/www.correiobraziliense.com.br\/cbradar\/wp-json\/wp\/v2\/posts"}],"about":[{"href":"https:\/\/www.correiobraziliense.com.br\/cbradar\/wp-json\/wp\/v2\/types\/post"}],"author":[{"embeddable":true,"href":"https:\/\/www.correiobraziliense.com.br\/cbradar\/wp-json\/wp\/v2\/users\/3"}],"replies":[{"embeddable":true,"href":"https:\/\/www.correiobraziliense.com.br\/cbradar\/wp-json\/wp\/v2\/comments?post=11320"}],"version-history":[{"count":1,"href":"https:\/\/www.correiobraziliense.com.br\/cbradar\/wp-json\/wp\/v2\/posts\/11320\/revisions"}],"predecessor-version":[{"id":11321,"href":"https:\/\/www.correiobraziliense.com.br\/cbradar\/wp-json\/wp\/v2\/posts\/11320\/revisions\/11321"}],"wp:featuredmedia":[{"embeddable":true,"href":"https:\/\/www.correiobraziliense.com.br\/cbradar\/wp-json\/wp\/v2\/media\/11288"}],"wp:attachment":[{"href":"https:\/\/www.correiobraziliense.com.br\/cbradar\/wp-json\/wp\/v2\/media?parent=11320"}],"wp:term":[{"taxonomy":"category","embeddable":true,"href":"https:\/\/www.correiobraziliense.com.br\/cbradar\/wp-json\/wp\/v2\/categories?post=11320"},{"taxonomy":"post_tag","embeddable":true,"href":"https:\/\/www.correiobraziliense.com.br\/cbradar\/wp-json\/wp\/v2\/post_tag?post=11320"}],"curies":[{"name":"wp","href":"https:\/\/api.w.org\/{rel}","templated":true}]}}