{"id":113262,"date":"2025-10-03T08:45:00","date_gmt":"2025-10-03T11:45:00","guid":{"rendered":"https:\/\/www.correiobraziliense.com.br\/cbradar\/?p=113262"},"modified":"2025-10-03T08:26:34","modified_gmt":"2025-10-03T11:26:34","slug":"a-planta-que-melhora-a-memoria-e-tambem-deixa-seus-pratos-mais-saborosos","status":"publish","type":"post","link":"https:\/\/www.correiobraziliense.com.br\/cbradar\/a-planta-que-melhora-a-memoria-e-tambem-deixa-seus-pratos-mais-saborosos\/","title":{"rendered":"A planta que melhora a mem\u00f3ria e tamb\u00e9m deixa seus pratos mais saborosos"},"content":{"rendered":"\n<p>O <strong>alecrim<\/strong> \u00e9 uma erva arom\u00e1tica muito usada na culin\u00e1ria, especialmente em carnes assadas, molhos e marinadas. Al\u00e9m do sabor marcante, essa planta tamb\u00e9m \u00e9 conhecida por seus benef\u00edcios medicinais, j\u00e1 que possui antioxidantes e compostos anti-inflamat\u00f3rios. F\u00e1cil de cultivar, adapta-se bem em hortas caseiras, jardins ou vasos.<\/p>\n\n\n\n<p>Por ser r\u00fastico e resistente, o alecrim exige poucos cuidados e pode viver por anos. Sua versatilidade o torna uma das ervas mais apreciadas tanto na cozinha quanto em pr\u00e1ticas naturais de bem-estar.<\/p>\n\n\n\n<h2 class=\"wp-block-heading\">Qual o clima e o solo ideais para cultivar alecrim?<\/h2>\n\n\n\n<p>O alecrim se desenvolve melhor em climas quentes e secos, com bastante luz solar e boa circula\u00e7\u00e3o de ar. Ele tolera temperaturas entre 18\u00b0C e 30\u00b0C, mas n\u00e3o suporta geadas ou solos encharcados.<\/p>\n\n\n\n<p>Prefere solos leves, bem drenados e com pH levemente alcalino (6,5 a 7,5). Misturas com areia e mat\u00e9ria org\u00e2nica favorecem o crescimento, enquanto terrenos argilosos devem ser evitados para n\u00e3o comprometer as ra\u00edzes.<\/p>\n\n\n\n<h2 class=\"wp-block-heading\">Como plantar alecrim por sementes ou mudas?<\/h2>\n\n\n\n<p>O plantio pode ser feito por sementes ou por estacas. As sementes apresentam germina\u00e7\u00e3o lenta e menor taxa de sucesso, sendo usadas mais em ambientes controlados.<\/p>\n\n\n\n<p>A propaga\u00e7\u00e3o por estacas \u00e9 a mais indicada. Basta cortar um ramo saud\u00e1vel de cerca de 15 cm, retirar as folhas da base e plantar em substrato leve e \u00famido. Em duas a tr\u00eas semanas surgem as brota\u00e7\u00f5es, quando ent\u00e3o a planta pode ser levada ao sol pleno.<\/p>\n\n\n\n<h2 class=\"wp-block-heading\">Qual \u00e9 a melhor \u00e9poca para plantar alecrim?<\/h2>\n\n\n\n<p>Embora possa ser cultivado o ano todo, o plantio na primavera ou no in\u00edcio do ver\u00e3o traz melhores resultados, j\u00e1 que o calor favorece o enraizamento e o crescimento inicial.<\/p>\n\n\n\n<p>Evite plantar em per\u00edodos de chuvas intensas ou frio rigoroso. Em regi\u00f5es com inverno severo, opte por vasos para facilitar a prote\u00e7\u00e3o da planta.<\/p>\n\n\n\n<figure class=\"wp-block-image size-large\"><img decoding=\"async\" width=\"1024\" height=\"576\" src=\"https:\/\/www.correiobraziliense.com.br\/cbradar\/wp-content\/uploads\/2025\/10\/alecrim_1759490743218-1024x576.jpg\" alt=\"A planta que melhora a mem\u00f3ria e tamb\u00e9m deixa seus pratos mais saborosos\" class=\"wp-image-113264\" srcset=\"https:\/\/www.correiobraziliense.com.br\/cbradar\/wp-content\/uploads\/2025\/10\/alecrim_1759490743218-1024x576.jpg 1024w, https:\/\/www.correiobraziliense.com.br\/cbradar\/wp-content\/uploads\/2025\/10\/alecrim_1759490743218-300x169.jpg 300w, https:\/\/www.correiobraziliense.com.br\/cbradar\/wp-content\/uploads\/2025\/10\/alecrim_1759490743218-768x432.jpg 768w, https:\/\/www.correiobraziliense.com.br\/cbradar\/wp-content\/uploads\/2025\/10\/alecrim_1759490743218-750x422.jpg 750w, https:\/\/www.correiobraziliense.com.br\/cbradar\/wp-content\/uploads\/2025\/10\/alecrim_1759490743218-1140x641.jpg 1140w, https:\/\/www.correiobraziliense.com.br\/cbradar\/wp-content\/uploads\/2025\/10\/alecrim_1759490743218.jpg 1280w\" sizes=\"(max-width: 1024px) 100vw, 1024px\" \/><figcaption class=\"wp-element-caption\">alecrim. Cr\u00e9ditos: depositphotos.com \/ Dream79<\/figcaption><\/figure>\n\n\n\n<h2 class=\"wp-block-heading\">Quais cuidados manter ap\u00f3s o plantio?<\/h2>\n\n\n\n<p>O alecrim n\u00e3o exige grandes cuidados, mas alguns pontos s\u00e3o essenciais: regas moderadas apenas quando o solo estiver seco e aduba\u00e7\u00e3o leve a cada dois meses com composto org\u00e2nico.<\/p>\n\n\n\n<p>Podas regulares ajudam a manter a planta compacta, estimulam o crescimento lateral e renovam a folhagem. Retirar galhos secos garante mais vigor e produ\u00e7\u00e3o de novos brotos.<\/p>\n\n\n\n<h2 class=\"wp-block-heading\">Quanto tempo o alecrim leva para crescer e ser colhido?<\/h2>\n\n\n\n<p>Em m\u00e9dia, o alecrim pode ser colhido a partir de 3 a 4 meses ap\u00f3s o plantio. O ideal \u00e9 cortar apenas os ramos mais desenvolvidos, preservando parte da planta para continuar se fortalecendo.<\/p>\n\n\n\n<p>A colheita pode ser feita o ano todo, preferencialmente pela manh\u00e3, quando os \u00f3leos essenciais est\u00e3o mais concentrados. Com bons cuidados, o alecrim pode durar muitos anos.<\/p>\n\n\n\n<h2 class=\"wp-block-heading\">\u00c9 poss\u00edvel cultivar alecrim em vasos?<\/h2>\n\n\n\n<p>Sim, o cultivo em vasos \u00e9 muito comum e pr\u00e1tico. O recipiente deve ter no m\u00ednimo 30 cm de profundidade, furos para drenagem e uma camada de brita ou argila expandida no fundo.<\/p>\n\n\n\n<p>O substrato ideal \u00e9 leve, com mistura de terra vegetal, areia e composto org\u00e2nico. O vaso deve ficar em local ensolarado, recebendo de 4 a 6 horas de luz direta por dia.<\/p>\n\n\n\n<h2 class=\"wp-block-heading\">Quais s\u00e3o os principais benef\u00edcios do alecrim para a sa\u00fade?<\/h2>\n\n\n\n<p>O alecrim \u00e9 rico em antioxidantes, como o \u00e1cido rosmar\u00ednico, que ajudam a combater radicais livres e fortalecem a imunidade. Tamb\u00e9m apresenta a\u00e7\u00e3o anti-inflamat\u00f3ria e digestiva.<\/p>\n\n\n\n<p>Seu uso em ch\u00e1s ou temperos auxilia na circula\u00e7\u00e3o sangu\u00ednea, na mem\u00f3ria e na concentra\u00e7\u00e3o. Al\u00e9m disso, \u00e9 utilizado na aromaterapia para reduzir fadiga mental e dores de cabe\u00e7a.<\/p>\n\n\n\n<h2 class=\"wp-block-heading\">FAQ<\/h2>\n\n\n\n<p><strong>1. O alecrim precisa de sol direto?<\/strong><br> Sim, pelo menos 4 a 6 horas de sol di\u00e1rio.<\/p>\n\n\n\n<p><strong>2. \u00c9 melhor plantar por semente ou estaca?<\/strong><br> Pela estaca, pois \u00e9 mais r\u00e1pido e eficaz.<\/p>\n\n\n\n<p><strong>3. O alecrim precisa de muita \u00e1gua?<\/strong><br> N\u00e3o. A rega deve ser feita apenas quando o solo estiver seco.<\/p>\n\n\n\n<p><strong>4. Posso cultivar alecrim dentro de casa?<\/strong><br> Sim, desde que receba luz solar direta e boa ventila\u00e7\u00e3o.<\/p>\n\n\n\n<p><strong>5. Como evitar que o alecrim morra ap\u00f3s o plantio?<\/strong><br> Evite excesso de \u00e1gua, garanta drenagem eficiente e mantenha a planta em local ensolarado.<\/p>\n","protected":false},"excerpt":{"rendered":"<p>Conhe\u00e7a como cultivar em casa, os cuidados essenciais, benef\u00edcios para a sa\u00fade e como essa erva pode melhorar mem\u00f3ria e pratos.<\/p>\n","protected":false},"author":3,"featured_media":113263,"comment_status":"open","ping_status":"open","sticky":false,"template":"","format":"standard","meta":{"_yoast_wpseo_focuskw":"planta melhora mem\u00f3ria pratos saborosos","_yoast_wpseo_title":"%%title%%","_yoast_wpseo_metadesc":"Conhe\u00e7a como cultivar em casa, os cuidados essenciais, benef\u00edcios para a sa\u00fade e como essa erva pode melhorar mem\u00f3ria e pratos.","jnews-multi-image_gallery":[],"jnews_single_post":{"format":"standard"},"jnews_primary_category":[],"jnews_social_meta":[],"jnews_override_counter":[],"footnotes":""},"categories":[112],"tags":[3559,144,1318],"class_list":["post-113262","post","type-post","status-publish","format-standard","has-post-thumbnail","hentry","category-curiosidades","tag-corpo-humano","tag-curiosidades","tag-saude-2"],"yoast_head":"<!-- This site is optimized with the Yoast SEO plugin v24.6 - https:\/\/yoast.com\/wordpress\/plugins\/seo\/ -->\n<title>A planta que melhora a mem\u00f3ria e tamb\u00e9m deixa seus pratos mais saborosos<\/title>\n<meta name=\"description\" content=\"Conhe\u00e7a como cultivar em casa, os cuidados essenciais, benef\u00edcios para a sa\u00fade e como essa erva pode melhorar mem\u00f3ria e pratos.\" \/>\n<meta name=\"robots\" content=\"index, follow, max-snippet:-1, max-image-preview:large, max-video-preview:-1\" \/>\n<link rel=\"canonical\" href=\"https:\/\/www.correiobraziliense.com.br\/cbradar\/a-planta-que-melhora-a-memoria-e-tambem-deixa-seus-pratos-mais-saborosos\/\" \/>\n<meta property=\"og:locale\" content=\"pt_BR\" \/>\n<meta property=\"og:type\" content=\"article\" \/>\n<meta property=\"og:title\" content=\"A planta que melhora a mem\u00f3ria e tamb\u00e9m deixa seus pratos mais saborosos\" \/>\n<meta property=\"og:description\" content=\"Conhe\u00e7a como cultivar em casa, os cuidados essenciais, benef\u00edcios para a sa\u00fade e como essa erva pode melhorar mem\u00f3ria e pratos.\" \/>\n<meta property=\"og:url\" content=\"https:\/\/www.correiobraziliense.com.br\/cbradar\/a-planta-que-melhora-a-memoria-e-tambem-deixa-seus-pratos-mais-saborosos\/\" \/>\n<meta property=\"og:site_name\" content=\"Correio Braziliense - Radar\" \/>\n<meta property=\"article:published_time\" content=\"2025-10-03T11:45:00+00:00\" \/>\n<meta property=\"og:image\" content=\"https:\/\/www.correiobraziliense.com.br\/cbradar\/wp-content\/uploads\/2025\/10\/alecrim_1759490694816.jpg\" \/>\n\t<meta property=\"og:image:width\" content=\"1280\" \/>\n\t<meta property=\"og:image:height\" content=\"720\" \/>\n\t<meta property=\"og:image:type\" content=\"image\/jpeg\" \/>\n<meta name=\"author\" content=\"Larissa Carvalho\" \/>\n<meta name=\"twitter:card\" content=\"summary_large_image\" \/>\n<meta name=\"twitter:label1\" content=\"Escrito por\" \/>\n\t<meta name=\"twitter:data1\" content=\"Larissa Carvalho\" \/>\n\t<meta name=\"twitter:label2\" content=\"Est. tempo de leitura\" \/>\n\t<meta name=\"twitter:data2\" content=\"5 minutos\" \/>\n<!-- \/ Yoast SEO plugin. -->","yoast_head_json":{"title":"A planta que melhora a mem\u00f3ria e tamb\u00e9m deixa seus pratos mais saborosos","description":"Conhe\u00e7a como cultivar em casa, os cuidados essenciais, benef\u00edcios para a sa\u00fade e como essa erva pode melhorar mem\u00f3ria e pratos.","robots":{"index":"index","follow":"follow","max-snippet":"max-snippet:-1","max-image-preview":"max-image-preview:large","max-video-preview":"max-video-preview:-1"},"canonical":"https:\/\/www.correiobraziliense.com.br\/cbradar\/a-planta-que-melhora-a-memoria-e-tambem-deixa-seus-pratos-mais-saborosos\/","og_locale":"pt_BR","og_type":"article","og_title":"A planta que melhora a mem\u00f3ria e tamb\u00e9m deixa seus pratos mais saborosos","og_description":"Conhe\u00e7a como cultivar em casa, os cuidados essenciais, benef\u00edcios para a sa\u00fade e como essa erva pode melhorar mem\u00f3ria e pratos.","og_url":"https:\/\/www.correiobraziliense.com.br\/cbradar\/a-planta-que-melhora-a-memoria-e-tambem-deixa-seus-pratos-mais-saborosos\/","og_site_name":"Correio Braziliense - Radar","article_published_time":"2025-10-03T11:45:00+00:00","og_image":[{"width":1280,"height":720,"url":"https:\/\/www.correiobraziliense.com.br\/cbradar\/wp-content\/uploads\/2025\/10\/alecrim_1759490694816.jpg","type":"image\/jpeg"}],"author":"Larissa Carvalho","twitter_card":"summary_large_image","twitter_misc":{"Escrito por":"Larissa Carvalho","Est. tempo de leitura":"5 minutos"},"schema":{"@context":"https:\/\/schema.org","@graph":[{"@type":"WebPage","@id":"https:\/\/www.correiobraziliense.com.br\/cbradar\/a-planta-que-melhora-a-memoria-e-tambem-deixa-seus-pratos-mais-saborosos\/","url":"https:\/\/www.correiobraziliense.com.br\/cbradar\/a-planta-que-melhora-a-memoria-e-tambem-deixa-seus-pratos-mais-saborosos\/","name":"A planta que melhora a mem\u00f3ria e tamb\u00e9m deixa seus pratos mais saborosos","isPartOf":{"@id":"https:\/\/www.correiobraziliense.com.br\/cbradar\/#website"},"primaryImageOfPage":{"@id":"https:\/\/www.correiobraziliense.com.br\/cbradar\/a-planta-que-melhora-a-memoria-e-tambem-deixa-seus-pratos-mais-saborosos\/#primaryimage"},"image":{"@id":"https:\/\/www.correiobraziliense.com.br\/cbradar\/a-planta-que-melhora-a-memoria-e-tambem-deixa-seus-pratos-mais-saborosos\/#primaryimage"},"thumbnailUrl":"https:\/\/www.correiobraziliense.com.br\/cbradar\/wp-content\/uploads\/2025\/10\/alecrim_1759490694816.jpg","datePublished":"2025-10-03T11:45:00+00:00","author":{"@id":"https:\/\/www.correiobraziliense.com.br\/cbradar\/#\/schema\/person\/58422787644df994b53a19d3e56c1513"},"description":"Conhe\u00e7a como cultivar em casa, os cuidados essenciais, benef\u00edcios para a sa\u00fade e como essa erva pode melhorar mem\u00f3ria e pratos.","breadcrumb":{"@id":"https:\/\/www.correiobraziliense.com.br\/cbradar\/a-planta-que-melhora-a-memoria-e-tambem-deixa-seus-pratos-mais-saborosos\/#breadcrumb"},"inLanguage":"pt-BR","potentialAction":[{"@type":"ReadAction","target":["https:\/\/www.correiobraziliense.com.br\/cbradar\/a-planta-que-melhora-a-memoria-e-tambem-deixa-seus-pratos-mais-saborosos\/"]}]},{"@type":"ImageObject","inLanguage":"pt-BR","@id":"https:\/\/www.correiobraziliense.com.br\/cbradar\/a-planta-que-melhora-a-memoria-e-tambem-deixa-seus-pratos-mais-saborosos\/#primaryimage","url":"https:\/\/www.correiobraziliense.com.br\/cbradar\/wp-content\/uploads\/2025\/10\/alecrim_1759490694816.jpg","contentUrl":"https:\/\/www.correiobraziliense.com.br\/cbradar\/wp-content\/uploads\/2025\/10\/alecrim_1759490694816.jpg","width":1280,"height":720,"caption":"alecrim. Cr\u00e9ditos: depositphotos.com \/ MarusiaBO"},{"@type":"BreadcrumbList","@id":"https:\/\/www.correiobraziliense.com.br\/cbradar\/a-planta-que-melhora-a-memoria-e-tambem-deixa-seus-pratos-mais-saborosos\/#breadcrumb","itemListElement":[{"@type":"ListItem","position":1,"name":"In\u00edcio","item":"https:\/\/www.correiobraziliense.com.br\/cbradar\/"},{"@type":"ListItem","position":2,"name":"A planta que melhora a mem\u00f3ria e tamb\u00e9m deixa seus pratos mais saborosos"}]},{"@type":"WebSite","@id":"https:\/\/www.correiobraziliense.com.br\/cbradar\/#website","url":"https:\/\/www.correiobraziliense.com.br\/cbradar\/","name":"Correio Braziliense - Radar","description":"Acompanhe as \u00faltimas not\u00edcias e fique bem informado sobre tudo o que acontece no Brasil e no mundo.","potentialAction":[{"@type":"SearchAction","target":{"@type":"EntryPoint","urlTemplate":"https:\/\/www.correiobraziliense.com.br\/cbradar\/?s={search_term_string}"},"query-input":{"@type":"PropertyValueSpecification","valueRequired":true,"valueName":"search_term_string"}}],"inLanguage":"pt-BR"},{"@type":"Person","@id":"https:\/\/www.correiobraziliense.com.br\/cbradar\/#\/schema\/person\/58422787644df994b53a19d3e56c1513","name":"Larissa Carvalho","image":{"@type":"ImageObject","inLanguage":"pt-BR","@id":"https:\/\/www.correiobraziliense.com.br\/cbradar\/#\/schema\/person\/image\/","url":"https:\/\/secure.gravatar.com\/avatar\/fe4f91a0de32b52a838d0d612abdc1aa?s=96&d=mm&r=g","contentUrl":"https:\/\/secure.gravatar.com\/avatar\/fe4f91a0de32b52a838d0d612abdc1aa?s=96&d=mm&r=g","caption":"Larissa Carvalho"},"url":"https:\/\/www.correiobraziliense.com.br\/cbradar\/author\/larissamyth\/"}]}},"_links":{"self":[{"href":"https:\/\/www.correiobraziliense.com.br\/cbradar\/wp-json\/wp\/v2\/posts\/113262","targetHints":{"allow":["GET"]}}],"collection":[{"href":"https:\/\/www.correiobraziliense.com.br\/cbradar\/wp-json\/wp\/v2\/posts"}],"about":[{"href":"https:\/\/www.correiobraziliense.com.br\/cbradar\/wp-json\/wp\/v2\/types\/post"}],"author":[{"embeddable":true,"href":"https:\/\/www.correiobraziliense.com.br\/cbradar\/wp-json\/wp\/v2\/users\/3"}],"replies":[{"embeddable":true,"href":"https:\/\/www.correiobraziliense.com.br\/cbradar\/wp-json\/wp\/v2\/comments?post=113262"}],"version-history":[{"count":1,"href":"https:\/\/www.correiobraziliense.com.br\/cbradar\/wp-json\/wp\/v2\/posts\/113262\/revisions"}],"predecessor-version":[{"id":113265,"href":"https:\/\/www.correiobraziliense.com.br\/cbradar\/wp-json\/wp\/v2\/posts\/113262\/revisions\/113265"}],"wp:featuredmedia":[{"embeddable":true,"href":"https:\/\/www.correiobraziliense.com.br\/cbradar\/wp-json\/wp\/v2\/media\/113263"}],"wp:attachment":[{"href":"https:\/\/www.correiobraziliense.com.br\/cbradar\/wp-json\/wp\/v2\/media?parent=113262"}],"wp:term":[{"taxonomy":"category","embeddable":true,"href":"https:\/\/www.correiobraziliense.com.br\/cbradar\/wp-json\/wp\/v2\/categories?post=113262"},{"taxonomy":"post_tag","embeddable":true,"href":"https:\/\/www.correiobraziliense.com.br\/cbradar\/wp-json\/wp\/v2\/tags?post=113262"}],"curies":[{"name":"wp","href":"https:\/\/api.w.org\/{rel}","templated":true}]}}