{"id":113493,"date":"2025-10-04T14:23:00","date_gmt":"2025-10-04T17:23:00","guid":{"rendered":"https:\/\/www.correiobraziliense.com.br\/cbradar\/?p=113493"},"modified":"2025-10-03T20:52:04","modified_gmt":"2025-10-03T23:52:04","slug":"dicas-para-acabar-com-a-prisao-de-ventre-sem-remedios","status":"publish","type":"post","link":"https:\/\/www.correiobraziliense.com.br\/cbradar\/dicas-para-acabar-com-a-prisao-de-ventre-sem-remedios\/","title":{"rendered":"Dicas para acabar com a pris\u00e3o de ventre sem rem\u00e9dios"},"content":{"rendered":"\n<p>O funcionamento adequado do intestino \u00e9 essencial para a manuten\u00e7\u00e3o da sa\u00fade e do bem-estar geral. Quando ocorre a <strong>Pris\u00e3o de Ventre<\/strong>, a ado\u00e7\u00e3o de algumas estrat\u00e9gias pode ajudar a aliviar esse desconforto. A pr\u00e1tica regular de exerc\u00edcios f\u00edsicos \u00e9 uma dessas abordagens que podem estimular os movimentos intestinais. Al\u00e9m de fortalecer os m\u00fasculos abdominais, a atividade f\u00edsica ajuda a aumentar a motilidade, promovendo uma evacua\u00e7\u00e3o mais regular e eficiente.<\/p>\n\n\n\n<p>Uma outra medida que pode trazer benef\u00edcios significativos \u00e9 a ingest\u00e3o adequada de \u00e1gua. Manter-se bem hidratado \u00e9 fundamental para o funcionamento do sistema digestivo, pois ajuda a amolecer as fezes e facilita o tr\u00e2nsito intestinal. Al\u00e9m disso, a combina\u00e7\u00e3o de \u00e1gua com frutas ricas em fibras, como ameixa, mam\u00e3o e laranja, \u00e9 altamente recomendada. As fibras s\u00e3o respons\u00e1veis por aumentar o volume das fezes, o que estimula o intestino a trabalhar de forma mais eficaz.<\/p>\n\n\n\n<h2 class=\"wp-block-heading\">Quais s\u00e3o os alimentos que ajudam a combater a Pris\u00e3o de Ventre?<\/h2>\n\n\n\n<p>Uma alimenta\u00e7\u00e3o rica em fibras \u00e9 crucial para o al\u00edvio do intestino preso. Alimentos como cereais integrais, frutas, legumes e verduras devem ser priorizados. Esses alimentos n\u00e3o s\u00f3 ajudam na forma\u00e7\u00e3o de um bolo fecal mais volumoso, mas tamb\u00e9m s\u00e3o essenciais para o crescimento e manuten\u00e7\u00e3o da microbiota intestinal saud\u00e1vel. Al\u00e9m disso, a mastiga\u00e7\u00e3o adequada dos alimentos melhora a digest\u00e3o e, consequentemente, o tr\u00e2nsito intestinal.<\/p>\n\n\n<div class=\"wp-block-image\">\n<figure class=\"aligncenter size-large\"><img decoding=\"async\" width=\"1024\" height=\"576\" src=\"https:\/\/www.correiobraziliense.com.br\/cbradar\/wp-content\/uploads\/2025\/07\/prisao-de-ventre_1752589551480-1024x576.jpg\" alt=\"\" class=\"wp-image-70439\" srcset=\"https:\/\/www.correiobraziliense.com.br\/cbradar\/wp-content\/uploads\/2025\/07\/prisao-de-ventre_1752589551480-1024x576.jpg 1024w, https:\/\/www.correiobraziliense.com.br\/cbradar\/wp-content\/uploads\/2025\/07\/prisao-de-ventre_1752589551480-300x169.jpg 300w, https:\/\/www.correiobraziliense.com.br\/cbradar\/wp-content\/uploads\/2025\/07\/prisao-de-ventre_1752589551480-768x432.jpg 768w, https:\/\/www.correiobraziliense.com.br\/cbradar\/wp-content\/uploads\/2025\/07\/prisao-de-ventre_1752589551480-750x422.jpg 750w, https:\/\/www.correiobraziliense.com.br\/cbradar\/wp-content\/uploads\/2025\/07\/prisao-de-ventre_1752589551480-1140x641.jpg 1140w, https:\/\/www.correiobraziliense.com.br\/cbradar\/wp-content\/uploads\/2025\/07\/prisao-de-ventre_1752589551480.jpg 1280w\" sizes=\"(max-width: 1024px) 100vw, 1024px\" \/><figcaption class=\"wp-element-caption\">Pris\u00e3o de ventre -Cr\u00e9ditos: depositphotos.com \/ 371819<\/figcaption><\/figure><\/div>\n\n\n<h2 class=\"wp-block-heading\">Por que os ch\u00e1s laxantes s\u00e3o recomendados?<\/h2>\n\n\n\n<p>Ch\u00e1s laxantes s\u00e3o uma op\u00e7\u00e3o natural para aliviar a Pris\u00e3o de Ventre. Variedades como o ch\u00e1 de sene, c\u00e1scara sagrada e ameixa seca possuem propriedades que hidratam as fezes e estimulam os movimentos intestinais. Esses ch\u00e1s cont\u00eam compostos que aumentam a motilidade do intestino, auxiliando a evacua\u00e7\u00e3o de forma natural e eficiente.<\/p>\n\n\n\n<h2 class=\"wp-block-heading\">\u00c9 poss\u00edvel aliviar o intestino preso de outras formas naturais?<\/h2>\n\n\n\n<p>Sim, al\u00e9m de dietas ricas em fibras e ingest\u00e3o adequada de l\u00edquidos, t\u00e9cnicas como a massagem abdominal podem ser bastante eficazes. A massagem deve ser feita suavemente e em movimentos circulares, come\u00e7ando do lado direito da barriga, movimentando-se em dire\u00e7\u00e3o ao lado esquerdo. Esse procedimento ajuda a estimular os movimentos perist\u00e1lticos do intestino, favorecendo a elimina\u00e7\u00e3o das fezes.<\/p>\n\n\n\n<p>Criar uma rotina para as idas ao banheiro tamb\u00e9m \u00e9 um passo importante. Estabelecer hor\u00e1rios, preferencialmente ap\u00f3s as refei\u00e7\u00f5es, pode ajudar a treinar o intestino a trabalhar de forma mais regular. No entanto, caso as medidas mencionadas n\u00e3o surtam efeito, ou haja presen\u00e7a de sintomas graves como sangue nas fezes, \u00e9 importante recorrer a um especialista. Um cl\u00ednico geral ou gastroenterologista pode identificar a causa subjacente e fornecer o tratamento adequado para casos persistentes ou graves de Pris\u00e3o de Ventre.<\/p>\n\n\n<a href=\"https:\/\/www.instagram.com\/dra.annaluisabf\/\" target=\"_blank\" rel=\"noopener\" style=\"text-decoration: none; color: inherit;\">\n    <span style=\"display: inline-block; border: 1px solid #ccc; border-radius: 10px; padding: 15px; max-width: 550px; font-family: sans-serif; box-shadow: 0 2px 5px rgba(0,0,0,0.1); width: 100%;\">\n\n      <!-- T\u00edtulo -->\n      <span style=\"display: block; margin: 0 0 15px 0; font-weight: bold; color: #2c3e50; text-align: center;\">\n        Entre em contato:\n      <\/span>\n\n      <!-- Linha do perfil -->\n      <span style=\"display: flex; align-items: center; gap: 15px;\">\n        <img decoding=\"async\"\n          src=\"https:\/\/www.correiobraziliense.com.br\/cbradar\/wp-content\/uploads\/2025\/08\/dra_anna_luisa.jpeg\"\n          alt=\"Foto da Dra. Anna Lu\u00edsa\"\n          style=\"border-radius: 50%; width: 80px; height: 80px; object-fit: cover;\"\n        \/>\n        <span style=\"display: flex; flex-direction: column;\">\n          <span style=\"font-size: 18px; font-weight: 700; color: #2c3e50;\">Dra. Anna Lu\u00edsa Barbosa Fernandes<\/span>\n          <span style=\"color: #555;\">CRM-GO 33.271<\/span>\n        <\/span>\n      <\/span>\n\n      <!-- Redes -->\n      <span style=\"display: flex; align-items: center; gap: 10px; margin-top: 12px;\">\n        <img decoding=\"async\" src=\"https:\/\/cdn-icons-png.flaticon.com\/24\/1384\/1384063.png\" alt=\"Instagram\" width=\"24\" height=\"24\" \/>\n        <span style=\"text-decoration: underline; color: #2c3e50;\">@dra.annaluisabf<\/span>\n      <\/span>\n\n    <\/span>\n  <\/a>","protected":false},"excerpt":{"rendered":"<p>O funcionamento adequado do intestino \u00e9 essencial para a manuten\u00e7\u00e3o da sa\u00fade e do bem-estar geral. Quando ocorre a Pris\u00e3o de Ventre, a ado\u00e7\u00e3o de algumas estrat\u00e9gias pode ajudar a aliviar esse desconforto. A pr\u00e1tica regular de exerc\u00edcios f\u00edsicos \u00e9 uma dessas abordagens que podem estimular os movimentos intestinais. Al\u00e9m de fortalecer os m\u00fasculos abdominais, [&hellip;]<\/p>\n","protected":false},"author":14,"featured_media":42781,"comment_status":"open","ping_status":"open","sticky":false,"template":"","format":"standard","meta":{"_yoast_wpseo_focuskw":"Pris\u00e3o de Ventre","_yoast_wpseo_title":"","_yoast_wpseo_metadesc":"Pris\u00e3o de ventre? Veja dicas simples e naturais com frutas, exerc\u00edcios, hidrata\u00e7\u00e3o e ch\u00e1s para soltar o intestino.","jnews-multi-image_gallery":[],"jnews_single_post":{"format":"standard"},"jnews_primary_category":[],"jnews_social_meta":[],"jnews_override_counter":[],"footnotes":""},"categories":[4404],"tags":[120,5339,1318],"class_list":["post-113493","post","type-post","status-publish","format-standard","has-post-thumbnail","hentry","category-saude","tag-bem-estar","tag-prisao-de-ventre","tag-saude-2"],"yoast_head":"<!-- This site is optimized with the Yoast SEO plugin v24.6 - https:\/\/yoast.com\/wordpress\/plugins\/seo\/ -->\n<title>Dicas para acabar com a pris\u00e3o de ventre sem rem\u00e9dios - Correio Braziliense - Radar<\/title>\n<meta name=\"description\" content=\"Pris\u00e3o de ventre? Veja dicas simples e naturais com frutas, exerc\u00edcios, hidrata\u00e7\u00e3o e ch\u00e1s para soltar o intestino.\" \/>\n<meta name=\"robots\" content=\"index, follow, max-snippet:-1, max-image-preview:large, max-video-preview:-1\" \/>\n<link rel=\"canonical\" href=\"https:\/\/www.correiobraziliense.com.br\/cbradar\/dicas-para-acabar-com-a-prisao-de-ventre-sem-remedios\/\" \/>\n<meta property=\"og:locale\" content=\"pt_BR\" \/>\n<meta property=\"og:type\" content=\"article\" \/>\n<meta property=\"og:title\" content=\"Dicas para acabar com a pris\u00e3o de ventre sem rem\u00e9dios - Correio Braziliense - Radar\" \/>\n<meta property=\"og:description\" content=\"Pris\u00e3o de ventre? Veja dicas simples e naturais com frutas, exerc\u00edcios, hidrata\u00e7\u00e3o e ch\u00e1s para soltar o intestino.\" \/>\n<meta property=\"og:url\" content=\"https:\/\/www.correiobraziliense.com.br\/cbradar\/dicas-para-acabar-com-a-prisao-de-ventre-sem-remedios\/\" \/>\n<meta property=\"og:site_name\" content=\"Correio Braziliense - Radar\" \/>\n<meta property=\"article:published_time\" content=\"2025-10-04T17:23:00+00:00\" \/>\n<meta property=\"og:image\" content=\"https:\/\/www.correiobraziliense.com.br\/cbradar\/wp-content\/uploads\/2025\/05\/intestino-preso_1748189889593.jpg\" \/>\n\t<meta property=\"og:image:width\" content=\"1280\" \/>\n\t<meta property=\"og:image:height\" content=\"720\" \/>\n\t<meta property=\"og:image:type\" content=\"image\/jpeg\" \/>\n<meta name=\"author\" content=\"guilherme_saude\" \/>\n<meta name=\"twitter:card\" content=\"summary_large_image\" \/>\n<meta name=\"twitter:label1\" content=\"Escrito por\" \/>\n\t<meta name=\"twitter:data1\" content=\"guilherme_saude\" \/>\n\t<meta name=\"twitter:label2\" content=\"Est. tempo de leitura\" \/>\n\t<meta name=\"twitter:data2\" content=\"4 minutos\" \/>\n<!-- \/ Yoast SEO plugin. -->","yoast_head_json":{"title":"Dicas para acabar com a pris\u00e3o de ventre sem rem\u00e9dios - Correio Braziliense - Radar","description":"Pris\u00e3o de ventre? Veja dicas simples e naturais com frutas, exerc\u00edcios, hidrata\u00e7\u00e3o e ch\u00e1s para soltar o intestino.","robots":{"index":"index","follow":"follow","max-snippet":"max-snippet:-1","max-image-preview":"max-image-preview:large","max-video-preview":"max-video-preview:-1"},"canonical":"https:\/\/www.correiobraziliense.com.br\/cbradar\/dicas-para-acabar-com-a-prisao-de-ventre-sem-remedios\/","og_locale":"pt_BR","og_type":"article","og_title":"Dicas para acabar com a pris\u00e3o de ventre sem rem\u00e9dios - Correio Braziliense - Radar","og_description":"Pris\u00e3o de ventre? Veja dicas simples e naturais com frutas, exerc\u00edcios, hidrata\u00e7\u00e3o e ch\u00e1s para soltar o intestino.","og_url":"https:\/\/www.correiobraziliense.com.br\/cbradar\/dicas-para-acabar-com-a-prisao-de-ventre-sem-remedios\/","og_site_name":"Correio Braziliense - Radar","article_published_time":"2025-10-04T17:23:00+00:00","og_image":[{"width":1280,"height":720,"url":"https:\/\/www.correiobraziliense.com.br\/cbradar\/wp-content\/uploads\/2025\/05\/intestino-preso_1748189889593.jpg","type":"image\/jpeg"}],"author":"guilherme_saude","twitter_card":"summary_large_image","twitter_misc":{"Escrito por":"guilherme_saude","Est. tempo de leitura":"4 minutos"},"schema":{"@context":"https:\/\/schema.org","@graph":[{"@type":"WebPage","@id":"https:\/\/www.correiobraziliense.com.br\/cbradar\/dicas-para-acabar-com-a-prisao-de-ventre-sem-remedios\/","url":"https:\/\/www.correiobraziliense.com.br\/cbradar\/dicas-para-acabar-com-a-prisao-de-ventre-sem-remedios\/","name":"Dicas para acabar com a pris\u00e3o de ventre sem rem\u00e9dios - Correio Braziliense - Radar","isPartOf":{"@id":"https:\/\/www.correiobraziliense.com.br\/cbradar\/#website"},"primaryImageOfPage":{"@id":"https:\/\/www.correiobraziliense.com.br\/cbradar\/dicas-para-acabar-com-a-prisao-de-ventre-sem-remedios\/#primaryimage"},"image":{"@id":"https:\/\/www.correiobraziliense.com.br\/cbradar\/dicas-para-acabar-com-a-prisao-de-ventre-sem-remedios\/#primaryimage"},"thumbnailUrl":"https:\/\/www.correiobraziliense.com.br\/cbradar\/wp-content\/uploads\/2025\/05\/intestino-preso_1748189889593.jpg","datePublished":"2025-10-04T17:23:00+00:00","author":{"@id":"https:\/\/www.correiobraziliense.com.br\/cbradar\/#\/schema\/person\/5aa4bf3c8fa699c267933611de12978b"},"description":"Pris\u00e3o de ventre? Veja dicas simples e naturais com frutas, exerc\u00edcios, hidrata\u00e7\u00e3o e ch\u00e1s para soltar o intestino.","breadcrumb":{"@id":"https:\/\/www.correiobraziliense.com.br\/cbradar\/dicas-para-acabar-com-a-prisao-de-ventre-sem-remedios\/#breadcrumb"},"inLanguage":"pt-BR","potentialAction":[{"@type":"ReadAction","target":["https:\/\/www.correiobraziliense.com.br\/cbradar\/dicas-para-acabar-com-a-prisao-de-ventre-sem-remedios\/"]}]},{"@type":"ImageObject","inLanguage":"pt-BR","@id":"https:\/\/www.correiobraziliense.com.br\/cbradar\/dicas-para-acabar-com-a-prisao-de-ventre-sem-remedios\/#primaryimage","url":"https:\/\/www.correiobraziliense.com.br\/cbradar\/wp-content\/uploads\/2025\/05\/intestino-preso_1748189889593.jpg","contentUrl":"https:\/\/www.correiobraziliense.com.br\/cbradar\/wp-content\/uploads\/2025\/05\/intestino-preso_1748189889593.jpg","width":1280,"height":720,"caption":"Pris\u00e3o de ventre - Cr\u00e9ditos: depositphotos.com \/ serezniy"},{"@type":"BreadcrumbList","@id":"https:\/\/www.correiobraziliense.com.br\/cbradar\/dicas-para-acabar-com-a-prisao-de-ventre-sem-remedios\/#breadcrumb","itemListElement":[{"@type":"ListItem","position":1,"name":"In\u00edcio","item":"https:\/\/www.correiobraziliense.com.br\/cbradar\/"},{"@type":"ListItem","position":2,"name":"Dicas para acabar com a pris\u00e3o de ventre sem rem\u00e9dios"}]},{"@type":"WebSite","@id":"https:\/\/www.correiobraziliense.com.br\/cbradar\/#website","url":"https:\/\/www.correiobraziliense.com.br\/cbradar\/","name":"Correio Braziliense - Radar","description":"Acompanhe as \u00faltimas not\u00edcias e fique bem informado sobre tudo o que acontece no Brasil e no mundo.","potentialAction":[{"@type":"SearchAction","target":{"@type":"EntryPoint","urlTemplate":"https:\/\/www.correiobraziliense.com.br\/cbradar\/?s={search_term_string}"},"query-input":{"@type":"PropertyValueSpecification","valueRequired":true,"valueName":"search_term_string"}}],"inLanguage":"pt-BR"},{"@type":"Person","@id":"https:\/\/www.correiobraziliense.com.br\/cbradar\/#\/schema\/person\/5aa4bf3c8fa699c267933611de12978b","name":"guilherme_saude","image":{"@type":"ImageObject","inLanguage":"pt-BR","@id":"https:\/\/www.correiobraziliense.com.br\/cbradar\/#\/schema\/person\/image\/","url":"https:\/\/secure.gravatar.com\/avatar\/df9adfb835d344bc0af109d41756253f?s=96&d=mm&r=g","contentUrl":"https:\/\/secure.gravatar.com\/avatar\/df9adfb835d344bc0af109d41756253f?s=96&d=mm&r=g","caption":"guilherme_saude"},"url":"https:\/\/www.correiobraziliense.com.br\/cbradar\/author\/guilherme_saude\/"}]}},"_links":{"self":[{"href":"https:\/\/www.correiobraziliense.com.br\/cbradar\/wp-json\/wp\/v2\/posts\/113493","targetHints":{"allow":["GET"]}}],"collection":[{"href":"https:\/\/www.correiobraziliense.com.br\/cbradar\/wp-json\/wp\/v2\/posts"}],"about":[{"href":"https:\/\/www.correiobraziliense.com.br\/cbradar\/wp-json\/wp\/v2\/types\/post"}],"author":[{"embeddable":true,"href":"https:\/\/www.correiobraziliense.com.br\/cbradar\/wp-json\/wp\/v2\/users\/14"}],"replies":[{"embeddable":true,"href":"https:\/\/www.correiobraziliense.com.br\/cbradar\/wp-json\/wp\/v2\/comments?post=113493"}],"version-history":[{"count":1,"href":"https:\/\/www.correiobraziliense.com.br\/cbradar\/wp-json\/wp\/v2\/posts\/113493\/revisions"}],"predecessor-version":[{"id":113494,"href":"https:\/\/www.correiobraziliense.com.br\/cbradar\/wp-json\/wp\/v2\/posts\/113493\/revisions\/113494"}],"wp:featuredmedia":[{"embeddable":true,"href":"https:\/\/www.correiobraziliense.com.br\/cbradar\/wp-json\/wp\/v2\/media\/42781"}],"wp:attachment":[{"href":"https:\/\/www.correiobraziliense.com.br\/cbradar\/wp-json\/wp\/v2\/media?parent=113493"}],"wp:term":[{"taxonomy":"category","embeddable":true,"href":"https:\/\/www.correiobraziliense.com.br\/cbradar\/wp-json\/wp\/v2\/categories?post=113493"},{"taxonomy":"post_tag","embeddable":true,"href":"https:\/\/www.correiobraziliense.com.br\/cbradar\/wp-json\/wp\/v2\/tags?post=113493"}],"curies":[{"name":"wp","href":"https:\/\/api.w.org\/{rel}","templated":true}]}}