{"id":11353,"date":"2025-03-12T22:10:00","date_gmt":"2025-03-13T01:10:00","guid":{"rendered":"https:\/\/www.correiobraziliense.com.br\/cbradar\/?p=11353"},"modified":"2025-03-11T11:41:49","modified_gmt":"2025-03-11T14:41:49","slug":"quem-e-doechii-eleita-mulher-do-ano-pela-billboard","status":"publish","type":"post","link":"https:\/\/www.correiobraziliense.com.br\/cbradar\/quem-e-doechii-eleita-mulher-do-ano-pela-billboard\/","title":{"rendered":"Quem \u00e9 Doechii, eleita mulher do ano pela Billboard?"},"content":{"rendered":"\n<p>Em 2025, a rapper norte-americana <strong>Doechii <\/strong>foi reconhecida como a Mulher do Ano pela renomada revista <strong>Billboard<\/strong>. Este reconhecimento vem ap\u00f3s um ano de conquistas significativas na carreira da artista, que inclui uma vit\u00f3ria hist\u00f3rica no <strong>Grammy<\/strong>. A cerim\u00f4nia de homenagem est\u00e1 programada para ocorrer no final deste m\u00eas, celebrando sua influ\u00eancia e sucesso no cen\u00e1rio musical.<\/p>\n\n\n\n<p>Doechii, que lan\u00e7ou seu primeiro projeto musical em 2019, rapidamente se destacou na ind\u00fastria. No entanto, foi apenas nos \u00faltimos anos que ela alcan\u00e7ou o estrelato, conquistando f\u00e3s ilustres como <strong>Kendrick Lamar, Billie Eilish e Sza<\/strong>. Sua trajet\u00f3ria \u00e9 marcada por uma s\u00e9rie de sucessos que a consolidaram como uma das principais vozes do rap contempor\u00e2neo.<\/p>\n\n\n\n<h2 class=\"wp-block-heading\"><strong>Quais foram os marcos na carreira de Doechii?<\/strong><\/h2>\n\n\n\n<p>Um dos momentos mais marcantes na carreira de Doechii ocorreu em 2021, quando sua can\u00e7\u00e3o &#8220;<strong>Yucky Blucky Fruitcake<\/strong>&#8221; se tornou viral. Este sucesso inicial foi apenas o come\u00e7o de uma s\u00e9rie de lan\u00e7amentos que capturaram a aten\u00e7\u00e3o do p\u00fablico e da cr\u00edtica. Em 2025, seu EP &#8220;<strong>Alligator Bites Never Heal<\/strong>&#8221; n\u00e3o s\u00f3 recebeu aclama\u00e7\u00e3o, mas tamb\u00e9m a levou a conquistar o pr\u00eamio de Melhor \u00c1lbum de Rap no Grammy.<\/p>\n\n\n\n<p>Al\u00e9m disso, Doechii continua a dominar as redes sociais com sua m\u00fasica &#8220;<strong>Anxiety<\/strong>&#8220;, uma colabora\u00e7\u00e3o com o rapper jamaicano <strong>Sleepy Hallow<\/strong>. Esta faixa n\u00e3o apenas refor\u00e7a sua presen\u00e7a no cen\u00e1rio musical, mas tamb\u00e9m demonstra sua capacidade de inovar e se conectar com uma audi\u00eancia global.<\/p>\n\n\n\n<figure class=\"wp-block-image size-large\"><img decoding=\"async\" width=\"1024\" height=\"576\" src=\"https:\/\/www.correiobraziliense.com.br\/cbradar\/wp-content\/uploads\/2025\/03\/Doechii-2-1024x576.png\" alt=\"Quem \u00e9 Doechii, eleita mulher do ano pela Billboard?\" class=\"wp-image-11354\" srcset=\"https:\/\/www.correiobraziliense.com.br\/cbradar\/wp-content\/uploads\/2025\/03\/Doechii-2-1024x576.png 1024w, https:\/\/www.correiobraziliense.com.br\/cbradar\/wp-content\/uploads\/2025\/03\/Doechii-2-300x169.png 300w, https:\/\/www.correiobraziliense.com.br\/cbradar\/wp-content\/uploads\/2025\/03\/Doechii-2-768x432.png 768w, https:\/\/www.correiobraziliense.com.br\/cbradar\/wp-content\/uploads\/2025\/03\/Doechii-2-750x422.png 750w, https:\/\/www.correiobraziliense.com.br\/cbradar\/wp-content\/uploads\/2025\/03\/Doechii-2-1140x641.png 1140w, https:\/\/www.correiobraziliense.com.br\/cbradar\/wp-content\/uploads\/2025\/03\/Doechii-2.png 1280w\" sizes=\"(max-width: 1024px) 100vw, 1024px\" \/><figcaption class=\"wp-element-caption\">Doechii. Fonte: instagram \/ @doechii<\/figcaption><\/figure>\n\n\n\n<h2 class=\"wp-block-heading\"><strong>Como Doechii impactou a ind\u00fastria musical?<\/strong><\/h2>\n\n\n\n<p>Doechii n\u00e3o \u00e9 apenas uma artista de sucesso; ela tamb\u00e9m representa uma nova era no rap, onde a diversidade e a inova\u00e7\u00e3o s\u00e3o celebradas. Sua m\u00fasica aborda temas variados, refletindo experi\u00eancias pessoais e sociais que ressoam com muitos ouvintes. Esta autenticidade e habilidade de contar hist\u00f3rias s\u00e3o fatores que a diferenciam e a tornam uma figura influente na ind\u00fastria.<\/p>\n\n\n\n<p>Al\u00e9m de sua m\u00fasica, Doechii \u00e9 reconhecida por seu estilo \u00fanico e presen\u00e7a de palco cativante. Ela continua a inspirar uma nova gera\u00e7\u00e3o de artistas, mostrando que \u00e9 poss\u00edvel alcan\u00e7ar o sucesso mantendo-se fiel a si mesma.<\/p>\n\n\n\n<blockquote class=\"instagram-media\" data-instgrm-captioned data-instgrm-permalink=\"https:\/\/www.instagram.com\/reel\/DHCEIRSSeJG\/?utm_source=ig_embed&amp;utm_campaign=loading\" data-instgrm-version=\"14\" style=\" background:#FFF; border:0; border-radius:3px; box-shadow:0 0 1px 0 rgba(0,0,0,0.5),0 1px 10px 0 rgba(0,0,0,0.15); margin: 1px; max-width:540px; min-width:326px; padding:0; width:99.375%; width:-webkit-calc(100% - 2px); width:calc(100% - 2px);\"><div style=\"padding:16px;\"> <a href=\"https:\/\/www.instagram.com\/reel\/DHCEIRSSeJG\/?utm_source=ig_embed&amp;utm_campaign=loading\" style=\" background:#FFFFFF; line-height:0; padding:0 0; text-align:center; text-decoration:none; width:100%;\" target=\"_blank\"> <div style=\" display: flex; flex-direction: row; align-items: center;\"> <div style=\"background-color: #F4F4F4; border-radius: 50%; flex-grow: 0; height: 40px; margin-right: 14px; width: 40px;\"><\/div> <div style=\"display: flex; flex-direction: column; flex-grow: 1; justify-content: center;\"> <div style=\" background-color: #F4F4F4; border-radius: 4px; flex-grow: 0; height: 14px; margin-bottom: 6px; width: 100px;\"><\/div> <div style=\" background-color: #F4F4F4; border-radius: 4px; flex-grow: 0; height: 14px; width: 60px;\"><\/div><\/div><\/div><div style=\"padding: 19% 0;\"><\/div> <div style=\"display:block; height:50px; margin:0 auto 12px; width:50px;\"><svg width=\"50px\" height=\"50px\" viewBox=\"0 0 60 60\" version=\"1.1\" xmlns=\"https:\/\/www.w3.org\/2000\/svg\" xmlns:xlink=\"https:\/\/www.w3.org\/1999\/xlink\"><g stroke=\"none\" stroke-width=\"1\" fill=\"none\" fill-rule=\"evenodd\"><g transform=\"translate(-511.000000, -20.000000)\" fill=\"#000000\"><g><path d=\"M556.869,30.41 C554.814,30.41 553.148,32.076 553.148,34.131 C553.148,36.186 554.814,37.852 556.869,37.852 C558.924,37.852 560.59,36.186 560.59,34.131 C560.59,32.076 558.924,30.41 556.869,30.41 M541,60.657 C535.114,60.657 530.342,55.887 530.342,50 C530.342,44.114 535.114,39.342 541,39.342 C546.887,39.342 551.658,44.114 551.658,50 C551.658,55.887 546.887,60.657 541,60.657 M541,33.886 C532.1,33.886 524.886,41.1 524.886,50 C524.886,58.899 532.1,66.113 541,66.113 C549.9,66.113 557.115,58.899 557.115,50 C557.115,41.1 549.9,33.886 541,33.886 M565.378,62.101 C565.244,65.022 564.756,66.606 564.346,67.663 C563.803,69.06 563.154,70.057 562.106,71.106 C561.058,72.155 560.06,72.803 558.662,73.347 C557.607,73.757 556.021,74.244 553.102,74.378 C549.944,74.521 548.997,74.552 541,74.552 C533.003,74.552 532.056,74.521 528.898,74.378 C525.979,74.244 524.393,73.757 523.338,73.347 C521.94,72.803 520.942,72.155 519.894,71.106 C518.846,70.057 518.197,69.06 517.654,67.663 C517.244,66.606 516.755,65.022 516.623,62.101 C516.479,58.943 516.448,57.996 516.448,50 C516.448,42.003 516.479,41.056 516.623,37.899 C516.755,34.978 517.244,33.391 517.654,32.338 C518.197,30.938 518.846,29.942 519.894,28.894 C520.942,27.846 521.94,27.196 523.338,26.654 C524.393,26.244 525.979,25.756 528.898,25.623 C532.057,25.479 533.004,25.448 541,25.448 C548.997,25.448 549.943,25.479 553.102,25.623 C556.021,25.756 557.607,26.244 558.662,26.654 C560.06,27.196 561.058,27.846 562.106,28.894 C563.154,29.942 563.803,30.938 564.346,32.338 C564.756,33.391 565.244,34.978 565.378,37.899 C565.522,41.056 565.552,42.003 565.552,50 C565.552,57.996 565.522,58.943 565.378,62.101 M570.82,37.631 C570.674,34.438 570.167,32.258 569.425,30.349 C568.659,28.377 567.633,26.702 565.965,25.035 C564.297,23.368 562.623,22.342 560.652,21.575 C558.743,20.834 556.562,20.326 553.369,20.18 C550.169,20.033 549.148,20 541,20 C532.853,20 531.831,20.033 528.631,20.18 C525.438,20.326 523.257,20.834 521.349,21.575 C519.376,22.342 517.703,23.368 516.035,25.035 C514.368,26.702 513.342,28.377 512.574,30.349 C511.834,32.258 511.326,34.438 511.181,37.631 C511.035,40.831 511,41.851 511,50 C511,58.147 511.035,59.17 511.181,62.369 C511.326,65.562 511.834,67.743 512.574,69.651 C513.342,71.625 514.368,73.296 516.035,74.965 C517.703,76.634 519.376,77.658 521.349,78.425 C523.257,79.167 525.438,79.673 528.631,79.82 C531.831,79.965 532.853,80.001 541,80.001 C549.148,80.001 550.169,79.965 553.369,79.82 C556.562,79.673 558.743,79.167 560.652,78.425 C562.623,77.658 564.297,76.634 565.965,74.965 C567.633,73.296 568.659,71.625 569.425,69.651 C570.167,67.743 570.674,65.562 570.82,62.369 C570.966,59.17 571,58.147 571,50 C571,41.851 570.966,40.831 570.82,37.631\"><\/path><\/g><\/g><\/g><\/svg><\/div><div style=\"padding-top: 8px;\"> <div style=\" color:#3897f0; font-family:Arial,sans-serif; font-size:14px; font-style:normal; font-weight:550; line-height:18px;\">Ver essa foto no Instagram<\/div><\/div><div style=\"padding: 12.5% 0;\"><\/div> <div style=\"display: flex; flex-direction: row; margin-bottom: 14px; align-items: center;\"><div> <div style=\"background-color: #F4F4F4; border-radius: 50%; height: 12.5px; width: 12.5px; transform: translateX(0px) translateY(7px);\"><\/div> <div style=\"background-color: #F4F4F4; height: 12.5px; transform: rotate(-45deg) translateX(3px) translateY(1px); width: 12.5px; flex-grow: 0; margin-right: 14px; margin-left: 2px;\"><\/div> <div style=\"background-color: #F4F4F4; border-radius: 50%; height: 12.5px; width: 12.5px; transform: translateX(9px) translateY(-18px);\"><\/div><\/div><div style=\"margin-left: 8px;\"> <div style=\" background-color: #F4F4F4; border-radius: 50%; flex-grow: 0; height: 20px; width: 20px;\"><\/div> <div style=\" width: 0; height: 0; border-top: 2px solid transparent; border-left: 6px solid #f4f4f4; border-bottom: 2px solid transparent; transform: translateX(16px) translateY(-4px) rotate(30deg)\"><\/div><\/div><div style=\"margin-left: auto;\"> <div style=\" width: 0px; border-top: 8px solid #F4F4F4; border-right: 8px solid transparent; transform: translateY(16px);\"><\/div> <div style=\" background-color: #F4F4F4; flex-grow: 0; height: 12px; width: 16px; transform: translateY(-4px);\"><\/div> <div style=\" width: 0; height: 0; border-top: 8px solid #F4F4F4; border-left: 8px solid transparent; transform: translateY(-4px) translateX(8px);\"><\/div><\/div><\/div> <div style=\"display: flex; flex-direction: column; flex-grow: 1; justify-content: center; margin-bottom: 24px;\"> <div style=\" background-color: #F4F4F4; border-radius: 4px; flex-grow: 0; height: 14px; margin-bottom: 6px; width: 224px;\"><\/div> <div style=\" background-color: #F4F4F4; border-radius: 4px; flex-grow: 0; height: 14px; width: 144px;\"><\/div><\/div><\/a><p style=\" color:#c9c8cd; font-family:Arial,sans-serif; font-size:14px; line-height:17px; margin-bottom:0; margin-top:8px; overflow:hidden; padding:8px 0 7px; text-align:center; text-overflow:ellipsis; white-space:nowrap;\"><a href=\"https:\/\/www.instagram.com\/reel\/DHCEIRSSeJG\/?utm_source=ig_embed&amp;utm_campaign=loading\" style=\" color:#c9c8cd; font-family:Arial,sans-serif; font-size:14px; font-style:normal; font-weight:normal; line-height:17px; text-decoration:none;\" target=\"_blank\">Uma publica\u00e7\u00e3o compartilhada por Nike (@nike)<\/a><\/p><\/div><\/blockquote>\n<script async src=\"\/\/www.instagram.com\/embed.js\"><\/script>\n\n\n\n<h2 class=\"wp-block-heading\"><strong>O que o futuro reserva para Doechii?<\/strong><\/h2>\n\n\n\n<p>Com uma carreira em ascens\u00e3o e um reconhecimento crescente, o futuro de Doechii parece promissor. Ela continua a trabalhar em novos projetos, explorando diferentes sonoridades e colaborando com outros artistas renomados. Sua capacidade de se reinventar e surpreender o p\u00fablico garante que ela permanecer\u00e1 uma for\u00e7a dominante na m\u00fasica por muitos anos.<\/p>\n\n\n\n<p>\u00c0 medida que Doechii continua a evoluir como artista, \u00e9 esperado que ela continue a quebrar barreiras e redefinir o que significa ser uma estrela do rap no s\u00e9culo XXI. Sua hist\u00f3ria \u00e9 um testemunho de talento, perseveran\u00e7a e a capacidade de transformar desafios em oportunidades.<\/p>\n","protected":false},"excerpt":{"rendered":"<p>Doechii, a rapper americana que conquistou a ind\u00fastria musical em ascens\u00e3o. Da viraliza\u00e7\u00e3o de &#8216;Yucky Blucky Fruitcake&#8217; ao pr\u00eamio Grammy.<\/p>\n","protected":false},"author":3,"featured_media":11355,"comment_status":"open","ping_status":"open","sticky":false,"template":"","format":"standard","meta":{"_yoast_wpseo_focuskw":"Doechii","_yoast_wpseo_title":"%%title%%","_yoast_wpseo_metadesc":"Doechii, a rapper americana que conquistou a ind\u00fastria musical em ascens\u00e3o. Da viraliza\u00e7\u00e3o de 'Yucky Blucky Fruitcake' ao pr\u00eamio Grammy.","jnews-multi-image_gallery":[],"jnews_single_post":{"format":"standard"},"jnews_primary_category":[],"jnews_social_meta":[],"jnews_override_counter":[],"footnotes":""},"categories":[112],"post_tag":[1788,1787],"class_list":["post-11353","post","type-post","status-publish","format-standard","has-post-thumbnail","hentry","category-curiosidades","tag-billboard","tag-doechii"],"yoast_head":"<!-- This site is optimized with the Yoast SEO plugin v24.6 - https:\/\/yoast.com\/wordpress\/plugins\/seo\/ -->\n<title>Quem \u00e9 Doechii, eleita mulher do ano pela Billboard?<\/title>\n<meta name=\"description\" content=\"Doechii, a rapper americana que conquistou a ind\u00fastria musical em ascens\u00e3o. Da viraliza\u00e7\u00e3o de &#039;Yucky Blucky Fruitcake&#039; ao pr\u00eamio Grammy.\" \/>\n<meta name=\"robots\" content=\"index, follow, max-snippet:-1, max-image-preview:large, max-video-preview:-1\" \/>\n<link rel=\"canonical\" href=\"https:\/\/www.correiobraziliense.com.br\/cbradar\/quem-e-doechii-eleita-mulher-do-ano-pela-billboard\/\" \/>\n<meta property=\"og:locale\" content=\"pt_BR\" \/>\n<meta property=\"og:type\" content=\"article\" \/>\n<meta property=\"og:title\" content=\"Quem \u00e9 Doechii, eleita mulher do ano pela Billboard?\" \/>\n<meta property=\"og:description\" content=\"Doechii, a rapper americana que conquistou a ind\u00fastria musical em ascens\u00e3o. Da viraliza\u00e7\u00e3o de &#039;Yucky Blucky Fruitcake&#039; ao pr\u00eamio Grammy.\" \/>\n<meta property=\"og:url\" content=\"https:\/\/www.correiobraziliense.com.br\/cbradar\/quem-e-doechii-eleita-mulher-do-ano-pela-billboard\/\" \/>\n<meta property=\"og:site_name\" content=\"Correio Braziliense - Radar\" \/>\n<meta property=\"article:published_time\" content=\"2025-03-13T01:10:00+00:00\" \/>\n<meta property=\"og:image\" content=\"https:\/\/www.correiobraziliense.com.br\/cbradar\/wp-content\/uploads\/2025\/03\/Doechii.png\" \/>\n\t<meta property=\"og:image:width\" content=\"1280\" \/>\n\t<meta property=\"og:image:height\" content=\"720\" \/>\n\t<meta property=\"og:image:type\" content=\"image\/png\" \/>\n<meta name=\"author\" content=\"Larissa Carvalho\" \/>\n<meta name=\"twitter:card\" content=\"summary_large_image\" \/>\n<meta name=\"twitter:label1\" content=\"Escrito por\" \/>\n\t<meta name=\"twitter:data1\" content=\"Larissa Carvalho\" \/>\n\t<meta name=\"twitter:label2\" content=\"Est. tempo de leitura\" \/>\n\t<meta name=\"twitter:data2\" content=\"3 minutos\" \/>\n<!-- \/ Yoast SEO plugin. -->","yoast_head_json":{"title":"Quem \u00e9 Doechii, eleita mulher do ano pela Billboard?","description":"Doechii, a rapper americana que conquistou a ind\u00fastria musical em ascens\u00e3o. Da viraliza\u00e7\u00e3o de 'Yucky Blucky Fruitcake' ao pr\u00eamio Grammy.","robots":{"index":"index","follow":"follow","max-snippet":"max-snippet:-1","max-image-preview":"max-image-preview:large","max-video-preview":"max-video-preview:-1"},"canonical":"https:\/\/www.correiobraziliense.com.br\/cbradar\/quem-e-doechii-eleita-mulher-do-ano-pela-billboard\/","og_locale":"pt_BR","og_type":"article","og_title":"Quem \u00e9 Doechii, eleita mulher do ano pela Billboard?","og_description":"Doechii, a rapper americana que conquistou a ind\u00fastria musical em ascens\u00e3o. Da viraliza\u00e7\u00e3o de 'Yucky Blucky Fruitcake' ao pr\u00eamio Grammy.","og_url":"https:\/\/www.correiobraziliense.com.br\/cbradar\/quem-e-doechii-eleita-mulher-do-ano-pela-billboard\/","og_site_name":"Correio Braziliense - Radar","article_published_time":"2025-03-13T01:10:00+00:00","og_image":[{"width":1280,"height":720,"url":"https:\/\/www.correiobraziliense.com.br\/cbradar\/wp-content\/uploads\/2025\/03\/Doechii.png","type":"image\/png"}],"author":"Larissa Carvalho","twitter_card":"summary_large_image","twitter_misc":{"Escrito por":"Larissa Carvalho","Est. tempo de leitura":"3 minutos"},"schema":{"@context":"https:\/\/schema.org","@graph":[{"@type":"WebPage","@id":"https:\/\/www.correiobraziliense.com.br\/cbradar\/quem-e-doechii-eleita-mulher-do-ano-pela-billboard\/","url":"https:\/\/www.correiobraziliense.com.br\/cbradar\/quem-e-doechii-eleita-mulher-do-ano-pela-billboard\/","name":"Quem \u00e9 Doechii, eleita mulher do ano pela Billboard?","isPartOf":{"@id":"https:\/\/www.correiobraziliense.com.br\/cbradar\/#website"},"primaryImageOfPage":{"@id":"https:\/\/www.correiobraziliense.com.br\/cbradar\/quem-e-doechii-eleita-mulher-do-ano-pela-billboard\/#primaryimage"},"image":{"@id":"https:\/\/www.correiobraziliense.com.br\/cbradar\/quem-e-doechii-eleita-mulher-do-ano-pela-billboard\/#primaryimage"},"thumbnailUrl":"https:\/\/www.correiobraziliense.com.br\/cbradar\/wp-content\/uploads\/2025\/03\/Doechii.png","datePublished":"2025-03-13T01:10:00+00:00","author":{"@id":"https:\/\/www.correiobraziliense.com.br\/cbradar\/#\/schema\/person\/58422787644df994b53a19d3e56c1513"},"description":"Doechii, a rapper americana que conquistou a ind\u00fastria musical em ascens\u00e3o. Da viraliza\u00e7\u00e3o de 'Yucky Blucky Fruitcake' ao pr\u00eamio Grammy.","breadcrumb":{"@id":"https:\/\/www.correiobraziliense.com.br\/cbradar\/quem-e-doechii-eleita-mulher-do-ano-pela-billboard\/#breadcrumb"},"inLanguage":"pt-BR","potentialAction":[{"@type":"ReadAction","target":["https:\/\/www.correiobraziliense.com.br\/cbradar\/quem-e-doechii-eleita-mulher-do-ano-pela-billboard\/"]}]},{"@type":"ImageObject","inLanguage":"pt-BR","@id":"https:\/\/www.correiobraziliense.com.br\/cbradar\/quem-e-doechii-eleita-mulher-do-ano-pela-billboard\/#primaryimage","url":"https:\/\/www.correiobraziliense.com.br\/cbradar\/wp-content\/uploads\/2025\/03\/Doechii.png","contentUrl":"https:\/\/www.correiobraziliense.com.br\/cbradar\/wp-content\/uploads\/2025\/03\/Doechii.png","width":1280,"height":720,"caption":"Doechii. Fonte: instagram \/ @doechii"},{"@type":"BreadcrumbList","@id":"https:\/\/www.correiobraziliense.com.br\/cbradar\/quem-e-doechii-eleita-mulher-do-ano-pela-billboard\/#breadcrumb","itemListElement":[{"@type":"ListItem","position":1,"name":"In\u00edcio","item":"https:\/\/www.correiobraziliense.com.br\/cbradar\/"},{"@type":"ListItem","position":2,"name":"Quem \u00e9 Doechii, eleita mulher do ano pela Billboard?"}]},{"@type":"WebSite","@id":"https:\/\/www.correiobraziliense.com.br\/cbradar\/#website","url":"https:\/\/www.correiobraziliense.com.br\/cbradar\/","name":"Correio Braziliense - Radar","description":"Acompanhe as \u00faltimas not\u00edcias e fique bem informado sobre tudo o que acontece no Brasil e no mundo.","potentialAction":[{"@type":"SearchAction","target":{"@type":"EntryPoint","urlTemplate":"https:\/\/www.correiobraziliense.com.br\/cbradar\/?s={search_term_string}"},"query-input":{"@type":"PropertyValueSpecification","valueRequired":true,"valueName":"search_term_string"}}],"inLanguage":"pt-BR"},{"@type":"Person","@id":"https:\/\/www.correiobraziliense.com.br\/cbradar\/#\/schema\/person\/58422787644df994b53a19d3e56c1513","name":"Larissa Carvalho","image":{"@type":"ImageObject","inLanguage":"pt-BR","@id":"https:\/\/www.correiobraziliense.com.br\/cbradar\/#\/schema\/person\/image\/","url":"https:\/\/secure.gravatar.com\/avatar\/fe4f91a0de32b52a838d0d612abdc1aa?s=96&d=mm&r=g","contentUrl":"https:\/\/secure.gravatar.com\/avatar\/fe4f91a0de32b52a838d0d612abdc1aa?s=96&d=mm&r=g","caption":"Larissa Carvalho"},"url":"https:\/\/www.correiobraziliense.com.br\/cbradar\/author\/larissamyth\/"}]}},"_links":{"self":[{"href":"https:\/\/www.correiobraziliense.com.br\/cbradar\/wp-json\/wp\/v2\/posts\/11353","targetHints":{"allow":["GET"]}}],"collection":[{"href":"https:\/\/www.correiobraziliense.com.br\/cbradar\/wp-json\/wp\/v2\/posts"}],"about":[{"href":"https:\/\/www.correiobraziliense.com.br\/cbradar\/wp-json\/wp\/v2\/types\/post"}],"author":[{"embeddable":true,"href":"https:\/\/www.correiobraziliense.com.br\/cbradar\/wp-json\/wp\/v2\/users\/3"}],"replies":[{"embeddable":true,"href":"https:\/\/www.correiobraziliense.com.br\/cbradar\/wp-json\/wp\/v2\/comments?post=11353"}],"version-history":[{"count":1,"href":"https:\/\/www.correiobraziliense.com.br\/cbradar\/wp-json\/wp\/v2\/posts\/11353\/revisions"}],"predecessor-version":[{"id":11356,"href":"https:\/\/www.correiobraziliense.com.br\/cbradar\/wp-json\/wp\/v2\/posts\/11353\/revisions\/11356"}],"wp:featuredmedia":[{"embeddable":true,"href":"https:\/\/www.correiobraziliense.com.br\/cbradar\/wp-json\/wp\/v2\/media\/11355"}],"wp:attachment":[{"href":"https:\/\/www.correiobraziliense.com.br\/cbradar\/wp-json\/wp\/v2\/media?parent=11353"}],"wp:term":[{"taxonomy":"category","embeddable":true,"href":"https:\/\/www.correiobraziliense.com.br\/cbradar\/wp-json\/wp\/v2\/categories?post=11353"},{"taxonomy":"post_tag","embeddable":true,"href":"https:\/\/www.correiobraziliense.com.br\/cbradar\/wp-json\/wp\/v2\/post_tag?post=11353"}],"curies":[{"name":"wp","href":"https:\/\/api.w.org\/{rel}","templated":true}]}}