{"id":11365,"date":"2025-03-12T18:10:00","date_gmt":"2025-03-12T21:10:00","guid":{"rendered":"https:\/\/www.correiobraziliense.com.br\/cbradar\/?p=11365"},"modified":"2025-03-11T13:25:45","modified_gmt":"2025-03-11T16:25:45","slug":"terceiro-filme-de-avatar-sera-o-mais-longo-da-franquia","status":"publish","type":"post","link":"https:\/\/www.correiobraziliense.com.br\/cbradar\/terceiro-filme-de-avatar-sera-o-mais-longo-da-franquia\/","title":{"rendered":"Terceiro filme de Avatar ser\u00e1 o mais longo da franquia"},"content":{"rendered":"\n<p>O aguardado terceiro filme da franquia Avatar, intitulado\u00a0<strong>Avatar: Fogo e Cinzas<\/strong>, est\u00e1 programado para estrear em dezembro de 2025. Dirigido por <strong>James Cameron<\/strong>, o longa promete ser o mais longo da s\u00e9rie at\u00e9 agora, superando as dura\u00e7\u00f5es dos dois primeiros filmes. Com um elenco estrelado, incluindo <strong>Zo\u00eb Salda\u00f1a<\/strong> e <strong>Sam Worthington<\/strong>, o filme busca expandir ainda mais o universo de <strong>Pandora<\/strong>.<\/p>\n\n\n\n<p>Os dois primeiros filmes da franquia arrecadaram mais de 5,2 bilh\u00f5es de d\u00f3lares nas bilheterias mundiais, estabelecendo Avatar como uma das s\u00e9ries cinematogr\u00e1ficas mais lucrativas da hist\u00f3ria. O novo filme n\u00e3o apenas continua a saga, mas tamb\u00e9m promete explorar mais profundamente os personagens e suas hist\u00f3rias pessoais, algo que Cameron destacou como uma prioridade durante o desenvolvimento do roteiro.<\/p>\n\n\n\n<h2 class=\"wp-block-heading\"><strong>Quais s\u00e3o as expectativas para Avatar: Fogo e Cinzas?<\/strong><\/h2>\n\n\n\n<p>James Cameron, em entrevista \u00e0 <strong>Empire<\/strong>, revelou que o terceiro filme ser\u00e1 mais longo que os anteriores, que tiveram dura\u00e7\u00f5es de 2h 42m e 3h 12m, respectivamente. Segundo o diretor, a decis\u00e3o de estender o tempo de tela foi motivada pela necessidade de aprofundar o desenvolvimento dos personagens, algo que ele sentiu que faltou nos filmes anteriores.<\/p>\n\n\n\n<p>Cameron mencionou que muitas ideias excelentes foram reunidas no primeiro ato do segundo filme, mas que o ritmo acelerado impediu uma explora\u00e7\u00e3o mais detalhada dos personagens. Assim, o terceiro filme foi concebido para oferecer uma narrativa mais rica e envolvente, permitindo ao p\u00fablico uma conex\u00e3o mais profunda com os protagonistas.<\/p>\n\n\n\n<figure class=\"wp-block-image size-large\"><img decoding=\"async\" width=\"1024\" height=\"576\" src=\"https:\/\/www.correiobraziliense.com.br\/cbradar\/wp-content\/uploads\/2025\/03\/Avatar-1024x576.png\" alt=\"Terceiro filme de Avatar ser\u00e1 o mais longo da franquia\" class=\"wp-image-11369\" srcset=\"https:\/\/www.correiobraziliense.com.br\/cbradar\/wp-content\/uploads\/2025\/03\/Avatar-1024x576.png 1024w, https:\/\/www.correiobraziliense.com.br\/cbradar\/wp-content\/uploads\/2025\/03\/Avatar-300x169.png 300w, https:\/\/www.correiobraziliense.com.br\/cbradar\/wp-content\/uploads\/2025\/03\/Avatar-768x432.png 768w, https:\/\/www.correiobraziliense.com.br\/cbradar\/wp-content\/uploads\/2025\/03\/Avatar-750x422.png 750w, https:\/\/www.correiobraziliense.com.br\/cbradar\/wp-content\/uploads\/2025\/03\/Avatar-1140x641.png 1140w, https:\/\/www.correiobraziliense.com.br\/cbradar\/wp-content\/uploads\/2025\/03\/Avatar.png 1280w\" sizes=\"(max-width: 1024px) 100vw, 1024px\" \/><figcaption class=\"wp-element-caption\">Avatar. Fonte: divulga\u00e7\u00e3o \/ Empire<\/figcaption><\/figure>\n\n\n\n<h2 class=\"wp-block-heading\"><strong>Como as experi\u00eancias pessoais influenciam o universo de Avatar?<\/strong><\/h2>\n\n\n\n<p>O diretor compartilhou que suas experi\u00eancias pessoais, incluindo sua inf\u00e2ncia e seu papel como pai, influenciaram significativamente a constru\u00e7\u00e3o dos personagens de Avatar. Ele descreveu Jake Sully, interpretado por Sam Worthington, como um personagem que reflete suas pr\u00f3prias experi\u00eancias e desafios como pai.<\/p>\n\n\n\n<p>Al\u00e9m disso, o roteirista <strong>Rick Jaffa<\/strong> tamb\u00e9m comentou sobre como suas viv\u00eancias pessoais se refletem na rela\u00e7\u00e3o entre os personagens <strong>Lo&#8217;ak <\/strong>e <strong>Neteyam<\/strong>. Jaffa mencionou que essa din\u00e2mica familiar foi inspirada em seu pr\u00f3prio relacionamento com seu irm\u00e3o mais velho, trazendo uma camada adicional de autenticidade e emo\u00e7\u00e3o \u00e0 narrativa.<\/p>\n\n\n\n<h2 class=\"wp-block-heading\"><strong>O que o p\u00fablico pode esperar de Avatar 3?<\/strong><\/h2>\n\n\n\n<p>Embora detalhes espec\u00edficos sobre a trama de&nbsp;<em>Avatar: Fogo e Cinzas<\/em>&nbsp;ainda sejam escassos, Cameron j\u00e1 indicou que o filme pode n\u00e3o atender a todas as expectativas do p\u00fablico. Ele sugere que o novo cap\u00edtulo da saga trar\u00e1 surpresas e abordagens inesperadas, desafiando as previs\u00f5es dos f\u00e3s.<\/p>\n\n\n\n<p>O elenco do filme tamb\u00e9m inclui nomes como <strong>Sigourney Weaver, Stephen Lang e Kate Winslet<\/strong>, prometendo performances memor\u00e1veis. Enquanto o p\u00fablico aguarda ansiosamente pela estreia, a expectativa \u00e9 que o terceiro filme da franquia Avatar continue a inovar e a cativar espectadores ao redor do mundo.<\/p>\n","protected":false},"excerpt":{"rendered":"<p>O terceiro filme da franquia Avatar, &#8216;Avatar: Fogo e Cinzas&#8217;, estreia em dezembro de 2025. O diretores Cameron promete narrativa profunda.<\/p>\n","protected":false},"author":3,"featured_media":11367,"comment_status":"open","ping_status":"open","sticky":false,"template":"","format":"standard","meta":{"_yoast_wpseo_focuskw":"avatar mais longo","_yoast_wpseo_title":"%%title%%","_yoast_wpseo_metadesc":"O terceiro filme da franquia Avatar, 'Avatar: Fogo e Cinzas', estreia em dezembro de 2025. O diretores Cameron promete narrativa profunda.","jnews-multi-image_gallery":[],"jnews_single_post":{"format":"standard"},"jnews_primary_category":[],"jnews_social_meta":[],"jnews_override_counter":[],"footnotes":""},"categories":[140],"post_tag":[1794],"class_list":["post-11365","post","type-post","status-publish","format-standard","has-post-thumbnail","hentry","category-entretenimento","tag-avatar"],"yoast_head":"<!-- This site is optimized with the Yoast SEO plugin v24.6 - https:\/\/yoast.com\/wordpress\/plugins\/seo\/ -->\n<title>Terceiro filme de Avatar ser\u00e1 o mais longo da franquia<\/title>\n<meta name=\"description\" content=\"O terceiro filme da franquia Avatar, &#039;Avatar: Fogo e Cinzas&#039;, estreia em dezembro de 2025. O diretores Cameron promete narrativa profunda.\" \/>\n<meta name=\"robots\" content=\"index, follow, max-snippet:-1, max-image-preview:large, max-video-preview:-1\" \/>\n<link rel=\"canonical\" href=\"https:\/\/www.correiobraziliense.com.br\/cbradar\/terceiro-filme-de-avatar-sera-o-mais-longo-da-franquia\/\" \/>\n<meta property=\"og:locale\" content=\"pt_BR\" \/>\n<meta property=\"og:type\" content=\"article\" \/>\n<meta property=\"og:title\" content=\"Terceiro filme de Avatar ser\u00e1 o mais longo da franquia\" \/>\n<meta property=\"og:description\" content=\"O terceiro filme da franquia Avatar, &#039;Avatar: Fogo e Cinzas&#039;, estreia em dezembro de 2025. O diretores Cameron promete narrativa profunda.\" \/>\n<meta property=\"og:url\" content=\"https:\/\/www.correiobraziliense.com.br\/cbradar\/terceiro-filme-de-avatar-sera-o-mais-longo-da-franquia\/\" \/>\n<meta property=\"og:site_name\" content=\"Correio Braziliense - Radar\" \/>\n<meta property=\"article:published_time\" content=\"2025-03-12T21:10:00+00:00\" \/>\n<meta property=\"og:image\" content=\"https:\/\/www.correiobraziliense.com.br\/cbradar\/wp-content\/uploads\/2025\/03\/BANNER-MYTH-1.png\" \/>\n\t<meta property=\"og:image:width\" content=\"1280\" \/>\n\t<meta property=\"og:image:height\" content=\"720\" \/>\n\t<meta property=\"og:image:type\" content=\"image\/png\" \/>\n<meta name=\"author\" content=\"Larissa Carvalho\" \/>\n<meta name=\"twitter:card\" content=\"summary_large_image\" \/>\n<meta name=\"twitter:label1\" content=\"Escrito por\" \/>\n\t<meta name=\"twitter:data1\" content=\"Larissa Carvalho\" \/>\n\t<meta name=\"twitter:label2\" content=\"Est. tempo de leitura\" \/>\n\t<meta name=\"twitter:data2\" content=\"3 minutos\" \/>\n<!-- \/ Yoast SEO plugin. -->","yoast_head_json":{"title":"Terceiro filme de Avatar ser\u00e1 o mais longo da franquia","description":"O terceiro filme da franquia Avatar, 'Avatar: Fogo e Cinzas', estreia em dezembro de 2025. O diretores Cameron promete narrativa profunda.","robots":{"index":"index","follow":"follow","max-snippet":"max-snippet:-1","max-image-preview":"max-image-preview:large","max-video-preview":"max-video-preview:-1"},"canonical":"https:\/\/www.correiobraziliense.com.br\/cbradar\/terceiro-filme-de-avatar-sera-o-mais-longo-da-franquia\/","og_locale":"pt_BR","og_type":"article","og_title":"Terceiro filme de Avatar ser\u00e1 o mais longo da franquia","og_description":"O terceiro filme da franquia Avatar, 'Avatar: Fogo e Cinzas', estreia em dezembro de 2025. O diretores Cameron promete narrativa profunda.","og_url":"https:\/\/www.correiobraziliense.com.br\/cbradar\/terceiro-filme-de-avatar-sera-o-mais-longo-da-franquia\/","og_site_name":"Correio Braziliense - Radar","article_published_time":"2025-03-12T21:10:00+00:00","og_image":[{"width":1280,"height":720,"url":"https:\/\/www.correiobraziliense.com.br\/cbradar\/wp-content\/uploads\/2025\/03\/BANNER-MYTH-1.png","type":"image\/png"}],"author":"Larissa Carvalho","twitter_card":"summary_large_image","twitter_misc":{"Escrito por":"Larissa Carvalho","Est. tempo de leitura":"3 minutos"},"schema":{"@context":"https:\/\/schema.org","@graph":[{"@type":"WebPage","@id":"https:\/\/www.correiobraziliense.com.br\/cbradar\/terceiro-filme-de-avatar-sera-o-mais-longo-da-franquia\/","url":"https:\/\/www.correiobraziliense.com.br\/cbradar\/terceiro-filme-de-avatar-sera-o-mais-longo-da-franquia\/","name":"Terceiro filme de Avatar ser\u00e1 o mais longo da franquia","isPartOf":{"@id":"https:\/\/www.correiobraziliense.com.br\/cbradar\/#website"},"primaryImageOfPage":{"@id":"https:\/\/www.correiobraziliense.com.br\/cbradar\/terceiro-filme-de-avatar-sera-o-mais-longo-da-franquia\/#primaryimage"},"image":{"@id":"https:\/\/www.correiobraziliense.com.br\/cbradar\/terceiro-filme-de-avatar-sera-o-mais-longo-da-franquia\/#primaryimage"},"thumbnailUrl":"https:\/\/www.correiobraziliense.com.br\/cbradar\/wp-content\/uploads\/2025\/03\/BANNER-MYTH-1.png","datePublished":"2025-03-12T21:10:00+00:00","author":{"@id":"https:\/\/www.correiobraziliense.com.br\/cbradar\/#\/schema\/person\/58422787644df994b53a19d3e56c1513"},"description":"O terceiro filme da franquia Avatar, 'Avatar: Fogo e Cinzas', estreia em dezembro de 2025. O diretores Cameron promete narrativa profunda.","breadcrumb":{"@id":"https:\/\/www.correiobraziliense.com.br\/cbradar\/terceiro-filme-de-avatar-sera-o-mais-longo-da-franquia\/#breadcrumb"},"inLanguage":"pt-BR","potentialAction":[{"@type":"ReadAction","target":["https:\/\/www.correiobraziliense.com.br\/cbradar\/terceiro-filme-de-avatar-sera-o-mais-longo-da-franquia\/"]}]},{"@type":"ImageObject","inLanguage":"pt-BR","@id":"https:\/\/www.correiobraziliense.com.br\/cbradar\/terceiro-filme-de-avatar-sera-o-mais-longo-da-franquia\/#primaryimage","url":"https:\/\/www.correiobraziliense.com.br\/cbradar\/wp-content\/uploads\/2025\/03\/BANNER-MYTH-1.png","contentUrl":"https:\/\/www.correiobraziliense.com.br\/cbradar\/wp-content\/uploads\/2025\/03\/BANNER-MYTH-1.png","width":1280,"height":720,"caption":"Avatar. Fonte: divulga\u00e7\u00e3o \/ Empire"},{"@type":"BreadcrumbList","@id":"https:\/\/www.correiobraziliense.com.br\/cbradar\/terceiro-filme-de-avatar-sera-o-mais-longo-da-franquia\/#breadcrumb","itemListElement":[{"@type":"ListItem","position":1,"name":"In\u00edcio","item":"https:\/\/www.correiobraziliense.com.br\/cbradar\/"},{"@type":"ListItem","position":2,"name":"Terceiro filme de Avatar ser\u00e1 o mais longo da franquia"}]},{"@type":"WebSite","@id":"https:\/\/www.correiobraziliense.com.br\/cbradar\/#website","url":"https:\/\/www.correiobraziliense.com.br\/cbradar\/","name":"Correio Braziliense - Radar","description":"Acompanhe as \u00faltimas not\u00edcias e fique bem informado sobre tudo o que acontece no Brasil e no mundo.","potentialAction":[{"@type":"SearchAction","target":{"@type":"EntryPoint","urlTemplate":"https:\/\/www.correiobraziliense.com.br\/cbradar\/?s={search_term_string}"},"query-input":{"@type":"PropertyValueSpecification","valueRequired":true,"valueName":"search_term_string"}}],"inLanguage":"pt-BR"},{"@type":"Person","@id":"https:\/\/www.correiobraziliense.com.br\/cbradar\/#\/schema\/person\/58422787644df994b53a19d3e56c1513","name":"Larissa Carvalho","image":{"@type":"ImageObject","inLanguage":"pt-BR","@id":"https:\/\/www.correiobraziliense.com.br\/cbradar\/#\/schema\/person\/image\/","url":"https:\/\/secure.gravatar.com\/avatar\/fe4f91a0de32b52a838d0d612abdc1aa?s=96&d=mm&r=g","contentUrl":"https:\/\/secure.gravatar.com\/avatar\/fe4f91a0de32b52a838d0d612abdc1aa?s=96&d=mm&r=g","caption":"Larissa Carvalho"},"url":"https:\/\/www.correiobraziliense.com.br\/cbradar\/author\/larissamyth\/"}]}},"_links":{"self":[{"href":"https:\/\/www.correiobraziliense.com.br\/cbradar\/wp-json\/wp\/v2\/posts\/11365","targetHints":{"allow":["GET"]}}],"collection":[{"href":"https:\/\/www.correiobraziliense.com.br\/cbradar\/wp-json\/wp\/v2\/posts"}],"about":[{"href":"https:\/\/www.correiobraziliense.com.br\/cbradar\/wp-json\/wp\/v2\/types\/post"}],"author":[{"embeddable":true,"href":"https:\/\/www.correiobraziliense.com.br\/cbradar\/wp-json\/wp\/v2\/users\/3"}],"replies":[{"embeddable":true,"href":"https:\/\/www.correiobraziliense.com.br\/cbradar\/wp-json\/wp\/v2\/comments?post=11365"}],"version-history":[{"count":1,"href":"https:\/\/www.correiobraziliense.com.br\/cbradar\/wp-json\/wp\/v2\/posts\/11365\/revisions"}],"predecessor-version":[{"id":11370,"href":"https:\/\/www.correiobraziliense.com.br\/cbradar\/wp-json\/wp\/v2\/posts\/11365\/revisions\/11370"}],"wp:featuredmedia":[{"embeddable":true,"href":"https:\/\/www.correiobraziliense.com.br\/cbradar\/wp-json\/wp\/v2\/media\/11367"}],"wp:attachment":[{"href":"https:\/\/www.correiobraziliense.com.br\/cbradar\/wp-json\/wp\/v2\/media?parent=11365"}],"wp:term":[{"taxonomy":"category","embeddable":true,"href":"https:\/\/www.correiobraziliense.com.br\/cbradar\/wp-json\/wp\/v2\/categories?post=11365"},{"taxonomy":"post_tag","embeddable":true,"href":"https:\/\/www.correiobraziliense.com.br\/cbradar\/wp-json\/wp\/v2\/post_tag?post=11365"}],"curies":[{"name":"wp","href":"https:\/\/api.w.org\/{rel}","templated":true}]}}