{"id":113663,"date":"2025-10-05T06:23:37","date_gmt":"2025-10-05T09:23:37","guid":{"rendered":"https:\/\/www.correiobraziliense.com.br\/cbradar\/?p=113663"},"modified":"2025-10-04T15:35:35","modified_gmt":"2025-10-04T18:35:35","slug":"o-cha-que-promete-alivar-sua-ansiedade-e-melhorar-o-sono","status":"publish","type":"post","link":"https:\/\/www.correiobraziliense.com.br\/cbradar\/o-cha-que-promete-alivar-sua-ansiedade-e-melhorar-o-sono\/","title":{"rendered":"O ch\u00e1 que promete alivar sua ansiedade e melhorar o sono"},"content":{"rendered":"\n<p>O <strong>Capim-Lim\u00e3o<\/strong>, conhecido cientificamente como Cymbopogon citratus, \u00e9 uma planta nativa das regi\u00f5es tropicais da \u00c1sia. Amplamente utilizado tanto na culin\u00e1ria quanto na medicina tradicional, o Capim-Lim\u00e3o \u00e9 um ingrediente essencial em v\u00e1rias culturas por causa de seu aroma \u00fanico e propriedades ben\u00e9ficas \u00e0 sa\u00fade.<\/p>\n\n\n\n<p>O aroma c\u00edtrico do Capim-Lim\u00e3o \u00e9 sua caracter\u00edstica mais marcante, tornando-o uma escolha popular para ch\u00e1s e infus\u00f5es. Na medicina tradicional, ele tem sido usado para tratar uma variedade de problemas de <a href=\"https:\/\/www.correiobraziliense.com.br\/cbradar\/dicas-para-acabar-com-a-prisao-de-ventre-sem-remedios\/\" target=\"_blank\" rel=\"noreferrer noopener\">sa\u00fade<\/a>, gra\u00e7as \u00e0s suas propriedades calmantes e digestivas.<\/p>\n\n\n\n<h2 class=\"wp-block-heading\">Quais s\u00e3o os benef\u00edcios do ch\u00e1 de Capim-Lim\u00e3o?<\/h2>\n\n\n\n<p>O ch\u00e1 de Capim-Lim\u00e3o \u00e9 conhecido por sua habilidade de proporcionar relaxamento e al\u00edvio do estresse. Contendo compostos como o citral, o ch\u00e1 ajuda a induzir uma sensa\u00e7\u00e3o de calma, sendo frequentemente consumido para promover um sono tranquilo. Al\u00e9m disso, a infus\u00e3o \u00e9 popularmente usada para aliviar ansiedade, oferecendo uma alternativa natural para quem busca m\u00e9todos de relaxamento.<\/p>\n\n\n<div class=\"wp-block-image\">\n<figure class=\"aligncenter size-large\"><img decoding=\"async\" width=\"1024\" height=\"576\" src=\"https:\/\/www.correiobraziliense.com.br\/cbradar\/wp-content\/uploads\/2025\/08\/Capim-Limao_1755835589473-1024x576.jpg\" alt=\"\" class=\"wp-image-90760\" srcset=\"https:\/\/www.correiobraziliense.com.br\/cbradar\/wp-content\/uploads\/2025\/08\/Capim-Limao_1755835589473-1024x576.jpg 1024w, https:\/\/www.correiobraziliense.com.br\/cbradar\/wp-content\/uploads\/2025\/08\/Capim-Limao_1755835589473-300x169.jpg 300w, https:\/\/www.correiobraziliense.com.br\/cbradar\/wp-content\/uploads\/2025\/08\/Capim-Limao_1755835589473-768x432.jpg 768w, https:\/\/www.correiobraziliense.com.br\/cbradar\/wp-content\/uploads\/2025\/08\/Capim-Limao_1755835589473-750x422.jpg 750w, https:\/\/www.correiobraziliense.com.br\/cbradar\/wp-content\/uploads\/2025\/08\/Capim-Limao_1755835589473-1140x641.jpg 1140w, https:\/\/www.correiobraziliense.com.br\/cbradar\/wp-content\/uploads\/2025\/08\/Capim-Limao_1755835589473.jpg 1280w\" sizes=\"(max-width: 1024px) 100vw, 1024px\" \/><figcaption class=\"wp-element-caption\">Capim-Lim\u00e3o &#8211; Cr\u00e9ditos: depositphotos.com \/ Denisfilm<\/figcaption><\/figure><\/div>\n\n\n<h2 class=\"wp-block-heading\">Como o Capim-Lim\u00e3o apoia \u00e0 sa\u00fade digestiva?<\/h2>\n\n\n\n<p>Al\u00e9m de suas propriedades calmantes, o capim-lim\u00e3o \u00e9 amplamente reconhecido por seus efeitos positivos na digest\u00e3o. Ele possui capacidades antiespasm\u00f3dicas, que podem ajudar a aliviar desconfortos gastrointestinais, como c\u00f3licas e incha\u00e7o. Essa caracter\u00edstica faz do ch\u00e1 um rem\u00e9dio caseiro eficaz para estimular um melhor funcionamento do sistema digestivo.<\/p>\n\n\n\n<h2 class=\"wp-block-heading\">Como a propriedade analg\u00e9sica do ch\u00e1 de Capim-Lim\u00e3o pode ajudar?<\/h2>\n\n\n\n<p>Outro uso valoroso do ch\u00e1 de Capim-Lim\u00e3o \u00e9 no al\u00edvio de dores de cabe\u00e7a tensionais. O citral e outros componentes anti-inflamat\u00f3rios presentes na planta ajudam a relaxar m\u00fasculos e reduzir tens\u00f5es, oferecendo um al\u00edvio natural para dores de cabe\u00e7a. Essa utiliza\u00e7\u00e3o como analg\u00e9sico leve torna a bebida uma escolha frequente para muitos.<\/p>\n\n\n\n<h2 class=\"wp-block-heading\">\u00c9 seguro consumir ch\u00e1 de Capim-Lim\u00e3o diariamente?<\/h2>\n\n\n\n<p>Embora o ch\u00e1 de Capim-Lim\u00e3o ofere\u00e7a v\u00e1rios benef\u00edcios \u00e0 sa\u00fade, \u00e9 recomend\u00e1vel consumi-lo com cautela. A ingest\u00e3o excessiva pode resultar em efeitos colaterais indesejados, e pessoas com alergia a gram\u00edneas devem ser especialmente cuidadosas. Consultar um profissional de sa\u00fade antes de adicionar novos elementos \u00e0 dieta \u00e9 sempre uma boa pr\u00e1tica para evitar poss\u00edveis intera\u00e7\u00f5es com tratamentos m\u00e9dicos em andamento.<\/p>\n\n\n\n<p>Para preparar o ch\u00e1 de Capim-Lim\u00e3o, ferva uma colher de sopa de suas folhas em \u00e1gua por alguns minutos e deixe descansar para liberar plenamente seus compostos ben\u00e9ficos. Integrar esta pr\u00e1tica a uma rotina de cuidados pessoais pode oferecer suporte natural ao bem-estar di\u00e1rio.<\/p>\n\n\n<a href=\"https:\/\/www.instagram.com\/dra.annaluisabf\/\" target=\"_blank\" rel=\"noopener\" style=\"text-decoration: none; color: inherit;\">\n    <span style=\"display: inline-block; border: 1px solid #ccc; border-radius: 10px; padding: 15px; max-width: 550px; font-family: sans-serif; box-shadow: 0 2px 5px rgba(0,0,0,0.1); width: 100%;\">\n\n      <!-- T\u00edtulo -->\n      <span style=\"display: block; margin: 0 0 15px 0; font-weight: bold; color: #2c3e50; text-align: center;\">\n        Entre em contato:\n      <\/span>\n\n      <!-- Linha do perfil -->\n      <span style=\"display: flex; align-items: center; gap: 15px;\">\n        <img decoding=\"async\"\n          src=\"https:\/\/www.correiobraziliense.com.br\/cbradar\/wp-content\/uploads\/2025\/08\/dra_anna_luisa.jpeg\"\n          alt=\"Foto da Dra. Anna Lu\u00edsa\"\n          style=\"border-radius: 50%; width: 80px; height: 80px; object-fit: cover;\"\n        \/>\n        <span style=\"display: flex; flex-direction: column;\">\n          <span style=\"font-size: 18px; font-weight: 700; color: #2c3e50;\">Dra. Anna Lu\u00edsa Barbosa Fernandes<\/span>\n          <span style=\"color: #555;\">CRM-GO 33.271<\/span>\n        <\/span>\n      <\/span>\n\n      <!-- Redes -->\n      <span style=\"display: flex; align-items: center; gap: 10px; margin-top: 12px;\">\n        <img decoding=\"async\" src=\"https:\/\/cdn-icons-png.flaticon.com\/24\/1384\/1384063.png\" alt=\"Instagram\" width=\"24\" height=\"24\" \/>\n        <span style=\"text-decoration: underline; color: #2c3e50;\">@dra.annaluisabf<\/span>\n      <\/span>\n\n    <\/span>\n  <\/a>\n\n\n<p><\/p>\n","protected":false},"excerpt":{"rendered":"<p>O Capim-Lim\u00e3o, conhecido cientificamente como Cymbopogon citratus, \u00e9 uma planta nativa das regi\u00f5es tropicais da \u00c1sia. Amplamente utilizado tanto na culin\u00e1ria quanto na medicina tradicional, o Capim-Lim\u00e3o \u00e9 um ingrediente essencial em v\u00e1rias culturas por causa de seu aroma \u00fanico e propriedades ben\u00e9ficas \u00e0 sa\u00fade. O aroma c\u00edtrico do Capim-Lim\u00e3o \u00e9 sua caracter\u00edstica mais marcante, [&hellip;]<\/p>\n","protected":false},"author":14,"featured_media":90761,"comment_status":"open","ping_status":"open","sticky":false,"template":"","format":"standard","meta":{"_yoast_wpseo_focuskw":"Capim","_yoast_wpseo_title":"","_yoast_wpseo_metadesc":"Capim-lim\u00e3o \u00e9 um calmante natural com a\u00e7\u00e3o digestiva e anti-inflamat\u00f3ria. Saiba como usar com seguran\u00e7a.","jnews-multi-image_gallery":[],"jnews_single_post":{"format":"standard"},"jnews_primary_category":[],"jnews_social_meta":[],"jnews_override_counter":[],"footnotes":""},"categories":[4404],"post_tag":[281,120,565],"class_list":["post-113663","post","type-post","status-publish","format-standard","has-post-thumbnail","hentry","category-saude","tag-alimentacao","tag-bem-estar","tag-saude"],"yoast_head":"<!-- This site is optimized with the Yoast SEO plugin v24.6 - https:\/\/yoast.com\/wordpress\/plugins\/seo\/ -->\n<title>O ch\u00e1 que promete alivar sua ansiedade e melhorar o sono - Correio Braziliense - Radar<\/title>\n<meta name=\"description\" content=\"Capim-lim\u00e3o \u00e9 um calmante natural com a\u00e7\u00e3o digestiva e anti-inflamat\u00f3ria. Saiba como usar com seguran\u00e7a.\" \/>\n<meta name=\"robots\" content=\"index, follow, max-snippet:-1, max-image-preview:large, max-video-preview:-1\" \/>\n<link rel=\"canonical\" href=\"https:\/\/www.correiobraziliense.com.br\/cbradar\/o-cha-que-promete-alivar-sua-ansiedade-e-melhorar-o-sono\/\" \/>\n<meta property=\"og:locale\" content=\"pt_BR\" \/>\n<meta property=\"og:type\" content=\"article\" \/>\n<meta property=\"og:title\" content=\"O ch\u00e1 que promete alivar sua ansiedade e melhorar o sono - Correio Braziliense - Radar\" \/>\n<meta property=\"og:description\" content=\"Capim-lim\u00e3o \u00e9 um calmante natural com a\u00e7\u00e3o digestiva e anti-inflamat\u00f3ria. Saiba como usar com seguran\u00e7a.\" \/>\n<meta property=\"og:url\" content=\"https:\/\/www.correiobraziliense.com.br\/cbradar\/o-cha-que-promete-alivar-sua-ansiedade-e-melhorar-o-sono\/\" \/>\n<meta property=\"og:site_name\" content=\"Correio Braziliense - Radar\" \/>\n<meta property=\"article:published_time\" content=\"2025-10-05T09:23:37+00:00\" \/>\n<meta property=\"og:image\" content=\"https:\/\/www.correiobraziliense.com.br\/cbradar\/wp-content\/uploads\/2025\/08\/Capim-Limao_1755835615998.jpg\" \/>\n\t<meta property=\"og:image:width\" content=\"1280\" \/>\n\t<meta property=\"og:image:height\" content=\"720\" \/>\n\t<meta property=\"og:image:type\" content=\"image\/jpeg\" \/>\n<meta name=\"author\" content=\"guilherme_saude\" \/>\n<meta name=\"twitter:card\" content=\"summary_large_image\" \/>\n<meta name=\"twitter:label1\" content=\"Escrito por\" \/>\n\t<meta name=\"twitter:data1\" content=\"guilherme_saude\" \/>\n\t<meta name=\"twitter:label2\" content=\"Est. tempo de leitura\" \/>\n\t<meta name=\"twitter:data2\" content=\"3 minutos\" \/>\n<!-- \/ Yoast SEO plugin. -->","yoast_head_json":{"title":"O ch\u00e1 que promete alivar sua ansiedade e melhorar o sono - Correio Braziliense - Radar","description":"Capim-lim\u00e3o \u00e9 um calmante natural com a\u00e7\u00e3o digestiva e anti-inflamat\u00f3ria. Saiba como usar com seguran\u00e7a.","robots":{"index":"index","follow":"follow","max-snippet":"max-snippet:-1","max-image-preview":"max-image-preview:large","max-video-preview":"max-video-preview:-1"},"canonical":"https:\/\/www.correiobraziliense.com.br\/cbradar\/o-cha-que-promete-alivar-sua-ansiedade-e-melhorar-o-sono\/","og_locale":"pt_BR","og_type":"article","og_title":"O ch\u00e1 que promete alivar sua ansiedade e melhorar o sono - Correio Braziliense - Radar","og_description":"Capim-lim\u00e3o \u00e9 um calmante natural com a\u00e7\u00e3o digestiva e anti-inflamat\u00f3ria. Saiba como usar com seguran\u00e7a.","og_url":"https:\/\/www.correiobraziliense.com.br\/cbradar\/o-cha-que-promete-alivar-sua-ansiedade-e-melhorar-o-sono\/","og_site_name":"Correio Braziliense - Radar","article_published_time":"2025-10-05T09:23:37+00:00","og_image":[{"width":1280,"height":720,"url":"https:\/\/www.correiobraziliense.com.br\/cbradar\/wp-content\/uploads\/2025\/08\/Capim-Limao_1755835615998.jpg","type":"image\/jpeg"}],"author":"guilherme_saude","twitter_card":"summary_large_image","twitter_misc":{"Escrito por":"guilherme_saude","Est. tempo de leitura":"3 minutos"},"schema":{"@context":"https:\/\/schema.org","@graph":[{"@type":"WebPage","@id":"https:\/\/www.correiobraziliense.com.br\/cbradar\/o-cha-que-promete-alivar-sua-ansiedade-e-melhorar-o-sono\/","url":"https:\/\/www.correiobraziliense.com.br\/cbradar\/o-cha-que-promete-alivar-sua-ansiedade-e-melhorar-o-sono\/","name":"O ch\u00e1 que promete alivar sua ansiedade e melhorar o sono - Correio Braziliense - Radar","isPartOf":{"@id":"https:\/\/www.correiobraziliense.com.br\/cbradar\/#website"},"primaryImageOfPage":{"@id":"https:\/\/www.correiobraziliense.com.br\/cbradar\/o-cha-que-promete-alivar-sua-ansiedade-e-melhorar-o-sono\/#primaryimage"},"image":{"@id":"https:\/\/www.correiobraziliense.com.br\/cbradar\/o-cha-que-promete-alivar-sua-ansiedade-e-melhorar-o-sono\/#primaryimage"},"thumbnailUrl":"https:\/\/www.correiobraziliense.com.br\/cbradar\/wp-content\/uploads\/2025\/08\/Capim-Limao_1755835615998.jpg","datePublished":"2025-10-05T09:23:37+00:00","author":{"@id":"https:\/\/www.correiobraziliense.com.br\/cbradar\/#\/schema\/person\/5aa4bf3c8fa699c267933611de12978b"},"description":"Capim-lim\u00e3o \u00e9 um calmante natural com a\u00e7\u00e3o digestiva e anti-inflamat\u00f3ria. Saiba como usar com seguran\u00e7a.","breadcrumb":{"@id":"https:\/\/www.correiobraziliense.com.br\/cbradar\/o-cha-que-promete-alivar-sua-ansiedade-e-melhorar-o-sono\/#breadcrumb"},"inLanguage":"pt-BR","potentialAction":[{"@type":"ReadAction","target":["https:\/\/www.correiobraziliense.com.br\/cbradar\/o-cha-que-promete-alivar-sua-ansiedade-e-melhorar-o-sono\/"]}]},{"@type":"ImageObject","inLanguage":"pt-BR","@id":"https:\/\/www.correiobraziliense.com.br\/cbradar\/o-cha-que-promete-alivar-sua-ansiedade-e-melhorar-o-sono\/#primaryimage","url":"https:\/\/www.correiobraziliense.com.br\/cbradar\/wp-content\/uploads\/2025\/08\/Capim-Limao_1755835615998.jpg","contentUrl":"https:\/\/www.correiobraziliense.com.br\/cbradar\/wp-content\/uploads\/2025\/08\/Capim-Limao_1755835615998.jpg","width":1280,"height":720,"caption":"Capim-Lim\u00e3o - Cr\u00e9ditos: depositphotos.com \/ Anny-ben"},{"@type":"BreadcrumbList","@id":"https:\/\/www.correiobraziliense.com.br\/cbradar\/o-cha-que-promete-alivar-sua-ansiedade-e-melhorar-o-sono\/#breadcrumb","itemListElement":[{"@type":"ListItem","position":1,"name":"In\u00edcio","item":"https:\/\/www.correiobraziliense.com.br\/cbradar\/"},{"@type":"ListItem","position":2,"name":"O ch\u00e1 que promete alivar sua ansiedade e melhorar o sono"}]},{"@type":"WebSite","@id":"https:\/\/www.correiobraziliense.com.br\/cbradar\/#website","url":"https:\/\/www.correiobraziliense.com.br\/cbradar\/","name":"Correio Braziliense - Radar","description":"Acompanhe as \u00faltimas not\u00edcias e fique bem informado sobre tudo o que acontece no Brasil e no mundo.","potentialAction":[{"@type":"SearchAction","target":{"@type":"EntryPoint","urlTemplate":"https:\/\/www.correiobraziliense.com.br\/cbradar\/?s={search_term_string}"},"query-input":{"@type":"PropertyValueSpecification","valueRequired":true,"valueName":"search_term_string"}}],"inLanguage":"pt-BR"},{"@type":"Person","@id":"https:\/\/www.correiobraziliense.com.br\/cbradar\/#\/schema\/person\/5aa4bf3c8fa699c267933611de12978b","name":"guilherme_saude","image":{"@type":"ImageObject","inLanguage":"pt-BR","@id":"https:\/\/www.correiobraziliense.com.br\/cbradar\/#\/schema\/person\/image\/","url":"https:\/\/secure.gravatar.com\/avatar\/df9adfb835d344bc0af109d41756253f?s=96&d=mm&r=g","contentUrl":"https:\/\/secure.gravatar.com\/avatar\/df9adfb835d344bc0af109d41756253f?s=96&d=mm&r=g","caption":"guilherme_saude"},"url":"https:\/\/www.correiobraziliense.com.br\/cbradar\/author\/guilherme_saude\/"}]}},"_links":{"self":[{"href":"https:\/\/www.correiobraziliense.com.br\/cbradar\/wp-json\/wp\/v2\/posts\/113663","targetHints":{"allow":["GET"]}}],"collection":[{"href":"https:\/\/www.correiobraziliense.com.br\/cbradar\/wp-json\/wp\/v2\/posts"}],"about":[{"href":"https:\/\/www.correiobraziliense.com.br\/cbradar\/wp-json\/wp\/v2\/types\/post"}],"author":[{"embeddable":true,"href":"https:\/\/www.correiobraziliense.com.br\/cbradar\/wp-json\/wp\/v2\/users\/14"}],"replies":[{"embeddable":true,"href":"https:\/\/www.correiobraziliense.com.br\/cbradar\/wp-json\/wp\/v2\/comments?post=113663"}],"version-history":[{"count":1,"href":"https:\/\/www.correiobraziliense.com.br\/cbradar\/wp-json\/wp\/v2\/posts\/113663\/revisions"}],"predecessor-version":[{"id":113690,"href":"https:\/\/www.correiobraziliense.com.br\/cbradar\/wp-json\/wp\/v2\/posts\/113663\/revisions\/113690"}],"wp:featuredmedia":[{"embeddable":true,"href":"https:\/\/www.correiobraziliense.com.br\/cbradar\/wp-json\/wp\/v2\/media\/90761"}],"wp:attachment":[{"href":"https:\/\/www.correiobraziliense.com.br\/cbradar\/wp-json\/wp\/v2\/media?parent=113663"}],"wp:term":[{"taxonomy":"category","embeddable":true,"href":"https:\/\/www.correiobraziliense.com.br\/cbradar\/wp-json\/wp\/v2\/categories?post=113663"},{"taxonomy":"post_tag","embeddable":true,"href":"https:\/\/www.correiobraziliense.com.br\/cbradar\/wp-json\/wp\/v2\/post_tag?post=113663"}],"curies":[{"name":"wp","href":"https:\/\/api.w.org\/{rel}","templated":true}]}}