{"id":113697,"date":"2025-10-05T11:03:00","date_gmt":"2025-10-05T14:03:00","guid":{"rendered":"https:\/\/www.correiobraziliense.com.br\/cbradar\/?p=113697"},"modified":"2025-10-04T15:28:43","modified_gmt":"2025-10-04T18:28:43","slug":"a-planta-que-vai-te-dar-disposicao-e-diminuir-o-cansaco","status":"publish","type":"post","link":"https:\/\/www.correiobraziliense.com.br\/cbradar\/a-planta-que-vai-te-dar-disposicao-e-diminuir-o-cansaco\/","title":{"rendered":"A planta que vai te dar disposi\u00e7\u00e3o e diminuir o cansa\u00e7o"},"content":{"rendered":"\n<p>O cultivo de plantas n\u00e3o s\u00f3 embeleza ambientes como tamb\u00e9m pode ser uma fonte valiosa de recursos naturais com propriedades revigorantes e energizantes. Uma dessas plantas, o&nbsp;<strong>Ginseng<\/strong>, destaca-se por seus efeitos revitalizantes, tornando-se uma op\u00e7\u00e3o vi\u00e1vel para quem busca est\u00edmulo f\u00edsico e mental de forma natural. Ter Ginseng cultivado em casa oferece a vantagem de acesso a uma solu\u00e7\u00e3o sempre fresca e de qualidade superior, al\u00e9m de fortalecer o v\u00ednculo com a natureza, algo que os suplementos industrializados n\u00e3o proporcionam.<\/p>\n\n\n\n<p>Embora muito apreciado no Oriente, especialmente na China, Coreia e Jap\u00e3o, onde o consumo \u00e9 registrado h\u00e1 mais de 5.000 anos, o Ginseng s\u00f3 ganhou aten\u00e7\u00e3o no Brasil mais recentemente. Em Quer\u00eancia do Norte, no Paran\u00e1, essa planta era vista apenas como um &#8220;mato&#8221; invasivo at\u00e9 que imigrantes japoneses reconheceram seu valor medicinal. A partir desse reconhecimento, estudos foram realizados, revelando que o Ginseng brasileiro possui propriedades t\u00e3o eficazes quanto as variedades asi\u00e1ticas mais prestigiadas.<\/p>\n\n\n\n<h2 class=\"wp-block-heading\">Quais s\u00e3o os benef\u00edcios do Ginseng brasileiro?<\/h2>\n\n\n\n<p>O Ginseng \u00e9 conhecido por seus diversos\u00a0<em>benef\u00edcios para a <a href=\"https:\/\/www.correiobraziliense.com.br\/cbradar\/dicas-para-acabar-com-a-prisao-de-ventre-sem-remedios\/\" target=\"_blank\" rel=\"noreferrer noopener\">sa\u00fade<\/a><\/em>, que incluem o aumento da energia, melhoria da performance f\u00edsica e mental, e refor\u00e7o do sistema imunol\u00f3gico. Suas propriedades estimulantes e revitalizantes tornam-no um &#8220;equil\u00edbrio&#8221; natural eficaz para o organismo, ajudando a combater o cansa\u00e7o e promover o bem-estar geral.<\/p>\n\n\n<div class=\"wp-block-image\">\n<figure class=\"aligncenter size-large\"><img decoding=\"async\" width=\"1024\" height=\"576\" src=\"https:\/\/www.correiobraziliense.com.br\/cbradar\/wp-content\/uploads\/2025\/10\/Ginseng_1759602500763-1024x576.jpg\" alt=\"\" class=\"wp-image-113704\" srcset=\"https:\/\/www.correiobraziliense.com.br\/cbradar\/wp-content\/uploads\/2025\/10\/Ginseng_1759602500763-1024x576.jpg 1024w, https:\/\/www.correiobraziliense.com.br\/cbradar\/wp-content\/uploads\/2025\/10\/Ginseng_1759602500763-300x169.jpg 300w, https:\/\/www.correiobraziliense.com.br\/cbradar\/wp-content\/uploads\/2025\/10\/Ginseng_1759602500763-768x432.jpg 768w, https:\/\/www.correiobraziliense.com.br\/cbradar\/wp-content\/uploads\/2025\/10\/Ginseng_1759602500763-750x422.jpg 750w, https:\/\/www.correiobraziliense.com.br\/cbradar\/wp-content\/uploads\/2025\/10\/Ginseng_1759602500763-1140x641.jpg 1140w, https:\/\/www.correiobraziliense.com.br\/cbradar\/wp-content\/uploads\/2025\/10\/Ginseng_1759602500763.jpg 1280w\" sizes=\"(max-width: 1024px) 100vw, 1024px\" \/><figcaption class=\"wp-element-caption\">Ginseng &#8211; Cr\u00e9ditos: depositphotos.com \/ leungchopan<\/figcaption><\/figure><\/div>\n\n\n<h2 class=\"wp-block-heading\">Como o cultivo de Ginseng impactou Quer\u00eancia do Norte?<\/h2>\n\n\n\n<p>O impacto do cultivo de Ginseng em Quer\u00eancia do Norte transcende os benef\u00edcios individuais, trazendo efeitos significativos para a economia local. A planta, que antes era considerada um obst\u00e1culo, agora ocupa um papel central no desenvolvimento econ\u00f4mico e na preserva\u00e7\u00e3o do ambiente nativo. A cultura do Ginseng contribui para a pr\u00e1tica de planta\u00e7\u00f5es org\u00e2nicas, j\u00e1 que seu cultivo tradicionalmente dispensa o uso de agroqu\u00edmicos. Essa transforma\u00e7\u00e3o reafirma a import\u00e2ncia do Ginseng como um elemento valioso no Paran\u00e1, ganhando reconhecimento em escala global.<\/p>\n\n\n\n<h2 class=\"wp-block-heading\">Como o Ginseng pode ser integrado no dia a dia?<\/h2>\n\n\n\n<p>Incorporar o Ginseng na rotina pode ser simples e ben\u00e9fico. Seja na forma de ch\u00e1, c\u00e1psulas ou em p\u00f3, o uso regular pode ajudar a manter o corpo ativo e a mente alerta. Para quem cultiva em casa, a planta pode ser colhida e utilizada fresca, garantindo uma experi\u00eancia mais aut\u00eantica e potencialmente mais eficaz. Al\u00e9m disso, cultivar essa planta pode ser uma atividade relaxante e recompensadora, estimulando uma conex\u00e3o mais profunda com a natureza.<\/p>\n\n\n\n<p>Ao longo dos anos, a hist\u00f3ria do Ginseng, especialmente em Quer\u00eancia do Norte, ilustra como o reconhecimento e valoriza\u00e7\u00e3o de um recurso podem redefinir pr\u00e1ticas locais e promover uma economia sustent\u00e1vel. Celebrar e explorar os benef\u00edcios dessa planta \u00e9 uma oportunidade tanto para melhorias pessoais quanto para o progresso coletivo.<\/p>\n\n\n<a href=\"https:\/\/www.instagram.com\/dra.annaluisabf\/\" target=\"_blank\" rel=\"noopener\" style=\"text-decoration: none; color: inherit;\">\n    <span style=\"display: inline-block; border: 1px solid #ccc; border-radius: 10px; padding: 15px; max-width: 550px; font-family: sans-serif; box-shadow: 0 2px 5px rgba(0,0,0,0.1); width: 100%;\">\n\n      <!-- T\u00edtulo -->\n      <span style=\"display: block; margin: 0 0 15px 0; font-weight: bold; color: #2c3e50; text-align: center;\">\n        Entre em contato:\n      <\/span>\n\n      <!-- Linha do perfil -->\n      <span style=\"display: flex; align-items: center; gap: 15px;\">\n        <img decoding=\"async\"\n          src=\"https:\/\/www.correiobraziliense.com.br\/cbradar\/wp-content\/uploads\/2025\/08\/dra_anna_luisa.jpeg\"\n          alt=\"Foto da Dra. Anna Lu\u00edsa\"\n          style=\"border-radius: 50%; width: 80px; height: 80px; object-fit: cover;\"\n        \/>\n        <span style=\"display: flex; flex-direction: column;\">\n          <span style=\"font-size: 18px; font-weight: 700; color: #2c3e50;\">Dra. Anna Lu\u00edsa Barbosa Fernandes<\/span>\n          <span style=\"color: #555;\">CRM-GO 33.271<\/span>\n        <\/span>\n      <\/span>\n\n      <!-- Redes -->\n      <span style=\"display: flex; align-items: center; gap: 10px; margin-top: 12px;\">\n        <img decoding=\"async\" src=\"https:\/\/cdn-icons-png.flaticon.com\/24\/1384\/1384063.png\" alt=\"Instagram\" width=\"24\" height=\"24\" \/>\n        <span style=\"text-decoration: underline; color: #2c3e50;\">@dra.annaluisabf<\/span>\n      <\/span>\n\n    <\/span>\n  <\/a>","protected":false},"excerpt":{"rendered":"<p>O cultivo de plantas n\u00e3o s\u00f3 embeleza ambientes como tamb\u00e9m pode ser uma fonte valiosa de recursos naturais com propriedades revigorantes e energizantes. Uma dessas plantas, o&nbsp;Ginseng, destaca-se por seus efeitos revitalizantes, tornando-se uma op\u00e7\u00e3o vi\u00e1vel para quem busca est\u00edmulo f\u00edsico e mental de forma natural. Ter Ginseng cultivado em casa oferece a vantagem de [&hellip;]<\/p>\n","protected":false},"author":14,"featured_media":113703,"comment_status":"open","ping_status":"open","sticky":false,"template":"","format":"standard","meta":{"_yoast_wpseo_focuskw":"Ginseng","_yoast_wpseo_title":"","_yoast_wpseo_metadesc":"O ginseng \u00e9 uma planta medicinal poderosa e acess\u00edvel. Descubra seus usos, benef\u00edcios e a hist\u00f3ria por tr\u00e1s de seu sucesso no Paran\u00e1.","jnews-multi-image_gallery":[],"jnews_single_post":{"format":"standard"},"jnews_primary_category":[],"jnews_social_meta":[],"jnews_override_counter":[],"footnotes":""},"categories":[4404],"post_tag":[1423,120,1318],"class_list":["post-113697","post","type-post","status-publish","format-standard","has-post-thumbnail","hentry","category-saude","tag-alimentos","tag-bem-estar","tag-saude-2"],"yoast_head":"<!-- This site is optimized with the Yoast SEO plugin v24.6 - https:\/\/yoast.com\/wordpress\/plugins\/seo\/ -->\n<title>A planta que vai te dar disposi\u00e7\u00e3o e diminuir o cansa\u00e7o - Correio Braziliense - Radar<\/title>\n<meta name=\"description\" content=\"O ginseng \u00e9 uma planta medicinal poderosa e acess\u00edvel. Descubra seus usos, benef\u00edcios e a hist\u00f3ria por tr\u00e1s de seu sucesso no Paran\u00e1.\" \/>\n<meta name=\"robots\" content=\"index, follow, max-snippet:-1, max-image-preview:large, max-video-preview:-1\" \/>\n<link rel=\"canonical\" href=\"https:\/\/www.correiobraziliense.com.br\/cbradar\/a-planta-que-vai-te-dar-disposicao-e-diminuir-o-cansaco\/\" \/>\n<meta property=\"og:locale\" content=\"pt_BR\" \/>\n<meta property=\"og:type\" content=\"article\" \/>\n<meta property=\"og:title\" content=\"A planta que vai te dar disposi\u00e7\u00e3o e diminuir o cansa\u00e7o - Correio Braziliense - Radar\" \/>\n<meta property=\"og:description\" content=\"O ginseng \u00e9 uma planta medicinal poderosa e acess\u00edvel. Descubra seus usos, benef\u00edcios e a hist\u00f3ria por tr\u00e1s de seu sucesso no Paran\u00e1.\" \/>\n<meta property=\"og:url\" content=\"https:\/\/www.correiobraziliense.com.br\/cbradar\/a-planta-que-vai-te-dar-disposicao-e-diminuir-o-cansaco\/\" \/>\n<meta property=\"og:site_name\" content=\"Correio Braziliense - Radar\" \/>\n<meta property=\"article:published_time\" content=\"2025-10-05T14:03:00+00:00\" \/>\n<meta property=\"og:image\" content=\"https:\/\/www.correiobraziliense.com.br\/cbradar\/wp-content\/uploads\/2025\/10\/Ginseng_1759602441611.jpg\" \/>\n\t<meta property=\"og:image:width\" content=\"1280\" \/>\n\t<meta property=\"og:image:height\" content=\"720\" \/>\n\t<meta property=\"og:image:type\" content=\"image\/jpeg\" \/>\n<meta name=\"author\" content=\"guilherme_saude\" \/>\n<meta name=\"twitter:card\" content=\"summary_large_image\" \/>\n<meta name=\"twitter:label1\" content=\"Escrito por\" \/>\n\t<meta name=\"twitter:data1\" content=\"guilherme_saude\" \/>\n\t<meta name=\"twitter:label2\" content=\"Est. tempo de leitura\" \/>\n\t<meta name=\"twitter:data2\" content=\"4 minutos\" \/>\n<!-- \/ Yoast SEO plugin. -->","yoast_head_json":{"title":"A planta que vai te dar disposi\u00e7\u00e3o e diminuir o cansa\u00e7o - Correio Braziliense - Radar","description":"O ginseng \u00e9 uma planta medicinal poderosa e acess\u00edvel. Descubra seus usos, benef\u00edcios e a hist\u00f3ria por tr\u00e1s de seu sucesso no Paran\u00e1.","robots":{"index":"index","follow":"follow","max-snippet":"max-snippet:-1","max-image-preview":"max-image-preview:large","max-video-preview":"max-video-preview:-1"},"canonical":"https:\/\/www.correiobraziliense.com.br\/cbradar\/a-planta-que-vai-te-dar-disposicao-e-diminuir-o-cansaco\/","og_locale":"pt_BR","og_type":"article","og_title":"A planta que vai te dar disposi\u00e7\u00e3o e diminuir o cansa\u00e7o - Correio Braziliense - Radar","og_description":"O ginseng \u00e9 uma planta medicinal poderosa e acess\u00edvel. Descubra seus usos, benef\u00edcios e a hist\u00f3ria por tr\u00e1s de seu sucesso no Paran\u00e1.","og_url":"https:\/\/www.correiobraziliense.com.br\/cbradar\/a-planta-que-vai-te-dar-disposicao-e-diminuir-o-cansaco\/","og_site_name":"Correio Braziliense - Radar","article_published_time":"2025-10-05T14:03:00+00:00","og_image":[{"width":1280,"height":720,"url":"https:\/\/www.correiobraziliense.com.br\/cbradar\/wp-content\/uploads\/2025\/10\/Ginseng_1759602441611.jpg","type":"image\/jpeg"}],"author":"guilherme_saude","twitter_card":"summary_large_image","twitter_misc":{"Escrito por":"guilherme_saude","Est. tempo de leitura":"4 minutos"},"schema":{"@context":"https:\/\/schema.org","@graph":[{"@type":"WebPage","@id":"https:\/\/www.correiobraziliense.com.br\/cbradar\/a-planta-que-vai-te-dar-disposicao-e-diminuir-o-cansaco\/","url":"https:\/\/www.correiobraziliense.com.br\/cbradar\/a-planta-que-vai-te-dar-disposicao-e-diminuir-o-cansaco\/","name":"A planta que vai te dar disposi\u00e7\u00e3o e diminuir o cansa\u00e7o - Correio Braziliense - Radar","isPartOf":{"@id":"https:\/\/www.correiobraziliense.com.br\/cbradar\/#website"},"primaryImageOfPage":{"@id":"https:\/\/www.correiobraziliense.com.br\/cbradar\/a-planta-que-vai-te-dar-disposicao-e-diminuir-o-cansaco\/#primaryimage"},"image":{"@id":"https:\/\/www.correiobraziliense.com.br\/cbradar\/a-planta-que-vai-te-dar-disposicao-e-diminuir-o-cansaco\/#primaryimage"},"thumbnailUrl":"https:\/\/www.correiobraziliense.com.br\/cbradar\/wp-content\/uploads\/2025\/10\/Ginseng_1759602441611.jpg","datePublished":"2025-10-05T14:03:00+00:00","author":{"@id":"https:\/\/www.correiobraziliense.com.br\/cbradar\/#\/schema\/person\/5aa4bf3c8fa699c267933611de12978b"},"description":"O ginseng \u00e9 uma planta medicinal poderosa e acess\u00edvel. Descubra seus usos, benef\u00edcios e a hist\u00f3ria por tr\u00e1s de seu sucesso no Paran\u00e1.","breadcrumb":{"@id":"https:\/\/www.correiobraziliense.com.br\/cbradar\/a-planta-que-vai-te-dar-disposicao-e-diminuir-o-cansaco\/#breadcrumb"},"inLanguage":"pt-BR","potentialAction":[{"@type":"ReadAction","target":["https:\/\/www.correiobraziliense.com.br\/cbradar\/a-planta-que-vai-te-dar-disposicao-e-diminuir-o-cansaco\/"]}]},{"@type":"ImageObject","inLanguage":"pt-BR","@id":"https:\/\/www.correiobraziliense.com.br\/cbradar\/a-planta-que-vai-te-dar-disposicao-e-diminuir-o-cansaco\/#primaryimage","url":"https:\/\/www.correiobraziliense.com.br\/cbradar\/wp-content\/uploads\/2025\/10\/Ginseng_1759602441611.jpg","contentUrl":"https:\/\/www.correiobraziliense.com.br\/cbradar\/wp-content\/uploads\/2025\/10\/Ginseng_1759602441611.jpg","width":1280,"height":720,"caption":"Ginseng - Cr\u00e9ditos: depositphotos.com \/ leungchopan"},{"@type":"BreadcrumbList","@id":"https:\/\/www.correiobraziliense.com.br\/cbradar\/a-planta-que-vai-te-dar-disposicao-e-diminuir-o-cansaco\/#breadcrumb","itemListElement":[{"@type":"ListItem","position":1,"name":"In\u00edcio","item":"https:\/\/www.correiobraziliense.com.br\/cbradar\/"},{"@type":"ListItem","position":2,"name":"A planta que vai te dar disposi\u00e7\u00e3o e diminuir o cansa\u00e7o"}]},{"@type":"WebSite","@id":"https:\/\/www.correiobraziliense.com.br\/cbradar\/#website","url":"https:\/\/www.correiobraziliense.com.br\/cbradar\/","name":"Correio Braziliense - Radar","description":"Acompanhe as \u00faltimas not\u00edcias e fique bem informado sobre tudo o que acontece no Brasil e no mundo.","potentialAction":[{"@type":"SearchAction","target":{"@type":"EntryPoint","urlTemplate":"https:\/\/www.correiobraziliense.com.br\/cbradar\/?s={search_term_string}"},"query-input":{"@type":"PropertyValueSpecification","valueRequired":true,"valueName":"search_term_string"}}],"inLanguage":"pt-BR"},{"@type":"Person","@id":"https:\/\/www.correiobraziliense.com.br\/cbradar\/#\/schema\/person\/5aa4bf3c8fa699c267933611de12978b","name":"guilherme_saude","image":{"@type":"ImageObject","inLanguage":"pt-BR","@id":"https:\/\/www.correiobraziliense.com.br\/cbradar\/#\/schema\/person\/image\/","url":"https:\/\/secure.gravatar.com\/avatar\/df9adfb835d344bc0af109d41756253f?s=96&d=mm&r=g","contentUrl":"https:\/\/secure.gravatar.com\/avatar\/df9adfb835d344bc0af109d41756253f?s=96&d=mm&r=g","caption":"guilherme_saude"},"url":"https:\/\/www.correiobraziliense.com.br\/cbradar\/author\/guilherme_saude\/"}]}},"_links":{"self":[{"href":"https:\/\/www.correiobraziliense.com.br\/cbradar\/wp-json\/wp\/v2\/posts\/113697","targetHints":{"allow":["GET"]}}],"collection":[{"href":"https:\/\/www.correiobraziliense.com.br\/cbradar\/wp-json\/wp\/v2\/posts"}],"about":[{"href":"https:\/\/www.correiobraziliense.com.br\/cbradar\/wp-json\/wp\/v2\/types\/post"}],"author":[{"embeddable":true,"href":"https:\/\/www.correiobraziliense.com.br\/cbradar\/wp-json\/wp\/v2\/users\/14"}],"replies":[{"embeddable":true,"href":"https:\/\/www.correiobraziliense.com.br\/cbradar\/wp-json\/wp\/v2\/comments?post=113697"}],"version-history":[{"count":1,"href":"https:\/\/www.correiobraziliense.com.br\/cbradar\/wp-json\/wp\/v2\/posts\/113697\/revisions"}],"predecessor-version":[{"id":113707,"href":"https:\/\/www.correiobraziliense.com.br\/cbradar\/wp-json\/wp\/v2\/posts\/113697\/revisions\/113707"}],"wp:featuredmedia":[{"embeddable":true,"href":"https:\/\/www.correiobraziliense.com.br\/cbradar\/wp-json\/wp\/v2\/media\/113703"}],"wp:attachment":[{"href":"https:\/\/www.correiobraziliense.com.br\/cbradar\/wp-json\/wp\/v2\/media?parent=113697"}],"wp:term":[{"taxonomy":"category","embeddable":true,"href":"https:\/\/www.correiobraziliense.com.br\/cbradar\/wp-json\/wp\/v2\/categories?post=113697"},{"taxonomy":"post_tag","embeddable":true,"href":"https:\/\/www.correiobraziliense.com.br\/cbradar\/wp-json\/wp\/v2\/post_tag?post=113697"}],"curies":[{"name":"wp","href":"https:\/\/api.w.org\/{rel}","templated":true}]}}