{"id":113746,"date":"2025-10-05T22:03:00","date_gmt":"2025-10-06T01:03:00","guid":{"rendered":"https:\/\/www.correiobraziliense.com.br\/cbradar\/?p=113746"},"modified":"2025-10-04T15:45:12","modified_gmt":"2025-10-04T18:45:12","slug":"o-erro-numero-1-que-as-pessoas-cometem-ao-comprar-carne-segundo-acougueiros","status":"publish","type":"post","link":"https:\/\/www.correiobraziliense.com.br\/cbradar\/o-erro-numero-1-que-as-pessoas-cometem-ao-comprar-carne-segundo-acougueiros\/","title":{"rendered":"O erro n\u00famero 1 que as pessoas cometem ao comprar carne, segundo a\u00e7ougueiros"},"content":{"rendered":"\n<p>No universo das carnes, a escolha do corte ideal pode parecer um desafio. Contudo, a solu\u00e7\u00e3o pode estar mais pr\u00f3xima do que voc\u00ea imagina: <strong>conversar com o a\u00e7ougueiro local<\/strong> pode transformar seu preparo. Aqui est\u00e3o alguns motivos para investir nessa pr\u00e1tica:<\/p>\n\n\n\n<ul class=\"wp-block-list\">\n<li>Dicas exclusivas sobre quais cortes est\u00e3o no auge de sabor.<\/li>\n\n\n\n<li>Sugest\u00f5es personalizadas de preparo para cada tipo de carne.<\/li>\n\n\n\n<li>Conhecimento direto sobre promo\u00e7\u00f5es e melhores pre\u00e7os.<\/li>\n<\/ul>\n\n\n\n<h2 class=\"wp-block-heading\">Por que devo pedir ajuda ao a\u00e7ougueiro?<\/h2>\n\n\n\n<p>O <strong>a\u00e7ougueiro<\/strong> \u00e9 um profissional que n\u00e3o apenas entrega a carne; ele est\u00e1 l\u00e1 para garantir que voc\u00ea tenha a melhor experi\u00eancia na cozinha. Enquanto voc\u00ea decide entre cortes como <strong>contra-fil\u00e9<\/strong> e <strong>picanha<\/strong>, ele pode orient\u00e1-lo sobre qual deles oferece o melhor sabor ou f\u00e1cil preparo.<\/p>\n\n\n\n<h2 class=\"wp-block-heading\">Qual \u00e9 o erro comum ao comprar carne?<\/h2>\n\n\n\n<p>Surpreendentemente, muitos clientes n\u00e3o perguntam ao <strong>a\u00e7ougueiro<\/strong> sobre como preparar os cortes. Essa consulta pode fazer toda a diferen\u00e7a na textura e no sabor final do prato.<\/p>\n\n\n\n<h2 class=\"wp-block-heading\">Como o a\u00e7ougueiro pode proteger sua sa\u00fade?<\/h2>\n\n\n\n<p>Seguran\u00e7a \u00e9 uma das prioridades do a\u00e7ougueiro. Ele sabe indicar as temperaturas certas para o preparo seguro de cada tipo de carne, como sobre as melhores pr\u00e1ticas para evitar o consumo de carne mal cozida.<\/p>\n\n\n\n<figure class=\"wp-block-image size-large\"><img decoding=\"async\" width=\"1024\" height=\"576\" src=\"https:\/\/www.correiobraziliense.com.br\/cbradar\/wp-content\/uploads\/2025\/10\/carne-acougue_1759603494764-1024x576.jpg\" alt=\"O erro n\u00famero 1 que as pessoas cometem ao comprar carne, segundo a\u00e7ougueiros\" class=\"wp-image-113749\" srcset=\"https:\/\/www.correiobraziliense.com.br\/cbradar\/wp-content\/uploads\/2025\/10\/carne-acougue_1759603494764-1024x576.jpg 1024w, https:\/\/www.correiobraziliense.com.br\/cbradar\/wp-content\/uploads\/2025\/10\/carne-acougue_1759603494764-300x169.jpg 300w, https:\/\/www.correiobraziliense.com.br\/cbradar\/wp-content\/uploads\/2025\/10\/carne-acougue_1759603494764-768x432.jpg 768w, https:\/\/www.correiobraziliense.com.br\/cbradar\/wp-content\/uploads\/2025\/10\/carne-acougue_1759603494764-750x422.jpg 750w, https:\/\/www.correiobraziliense.com.br\/cbradar\/wp-content\/uploads\/2025\/10\/carne-acougue_1759603494764-1140x641.jpg 1140w, https:\/\/www.correiobraziliense.com.br\/cbradar\/wp-content\/uploads\/2025\/10\/carne-acougue_1759603494764.jpg 1280w\" sizes=\"(max-width: 1024px) 100vw, 1024px\" \/><figcaption class=\"wp-element-caption\">carne a\u00e7ougue. Cr\u00e9ditos: depositphotos.com \/ VitalikRadko<\/figcaption><\/figure>\n\n\n\n<h2 class=\"wp-block-heading\">Construindo relacionamentos no a\u00e7ougue<\/h2>\n\n\n\n<p>Criar um v\u00ednculo com o a\u00e7ougueiro pode garantir cortes frescos e dicas exclusivas que apenas quem est\u00e1 diariamente naquele ambiente pode oferecer. Essas intera\u00e7\u00f5es enriquecem suas habilidades culin\u00e1rias e transformam suas refei\u00e7\u00f5es.<\/p>\n\n\n\n<p><strong>Dica r\u00e1pida:<\/strong> Aproveite as recomenda\u00e7\u00f5es do a\u00e7ougueiro sobre marinadas e temperos ideais para cada corte.<\/p>\n\n\n\n<h2 class=\"wp-block-heading\">Como utilizar essa informa\u00e7\u00e3o na pr\u00e1tica?<\/h2>\n\n\n\n<ul class=\"wp-block-list\">\n<li>Aumente suas habilidades culin\u00e1rias com dicas de especialistas.<\/li>\n\n\n\n<li>Aproveite o conhecimento para economizar em cortes mais acess\u00edveis.<\/li>\n\n\n\n<li>Torne-se um cliente mais informado e seguro em suas escolhas.<\/li>\n<\/ul>\n\n\n\n<p>Os a\u00e7ougueiros n\u00e3o s\u00e3o apenas vendedores; eles s\u00e3o seus aliados na cozinha, sempre prontos para garantir o melhor sabor na sua mesa. O segredo est\u00e1 em perguntar e aproveitar esse conhecimento \u00fanico. <strong>Conte com o a\u00e7ougueiro<\/strong> para fazer da sua refei\u00e7\u00e3o uma experi\u00eancia completa.<\/p>\n","protected":false},"excerpt":{"rendered":"<p>Descubra como aproveitar ao m\u00e1ximo sua visita ao a\u00e7ougue: dicas de especialistas para escolher cortes de carne ideais, evitar erros comuns e cozinhar com confian\u00e7a.<\/p>\n","protected":false},"author":3,"featured_media":113748,"comment_status":"open","ping_status":"open","sticky":false,"template":"","format":"standard","meta":{"_yoast_wpseo_focuskw":"erro comprar carne","_yoast_wpseo_title":"%%title%%","_yoast_wpseo_metadesc":"Descubra como aproveitar ao m\u00e1ximo sua visita ao a\u00e7ougue: dicas de especialistas para escolher cortes de carne ideais, evitar erros comuns e cozinhar com confian\u00e7a.","jnews-multi-image_gallery":[],"jnews_single_post":{"format":"standard"},"jnews_primary_category":[],"jnews_social_meta":[],"jnews_override_counter":[],"footnotes":""},"categories":[112],"post_tag":[281,1423,9559,144],"class_list":["post-113746","post","type-post","status-publish","format-standard","has-post-thumbnail","hentry","category-curiosidades","tag-alimentacao","tag-alimentos","tag-carnes","tag-curiosidades"],"yoast_head":"<!-- This site is optimized with the Yoast SEO plugin v24.6 - https:\/\/yoast.com\/wordpress\/plugins\/seo\/ -->\n<title>O erro n\u00famero 1 que as pessoas cometem ao comprar carne, segundo a\u00e7ougueiros<\/title>\n<meta name=\"description\" content=\"Descubra como aproveitar ao m\u00e1ximo sua visita ao a\u00e7ougue: dicas de especialistas para escolher cortes de carne ideais, evitar erros comuns e cozinhar com confian\u00e7a.\" \/>\n<meta name=\"robots\" content=\"index, follow, max-snippet:-1, max-image-preview:large, max-video-preview:-1\" \/>\n<link rel=\"canonical\" href=\"https:\/\/www.correiobraziliense.com.br\/cbradar\/o-erro-numero-1-que-as-pessoas-cometem-ao-comprar-carne-segundo-acougueiros\/\" \/>\n<meta property=\"og:locale\" content=\"pt_BR\" \/>\n<meta property=\"og:type\" content=\"article\" \/>\n<meta property=\"og:title\" content=\"O erro n\u00famero 1 que as pessoas cometem ao comprar carne, segundo a\u00e7ougueiros\" \/>\n<meta property=\"og:description\" content=\"Descubra como aproveitar ao m\u00e1ximo sua visita ao a\u00e7ougue: dicas de especialistas para escolher cortes de carne ideais, evitar erros comuns e cozinhar com confian\u00e7a.\" \/>\n<meta property=\"og:url\" content=\"https:\/\/www.correiobraziliense.com.br\/cbradar\/o-erro-numero-1-que-as-pessoas-cometem-ao-comprar-carne-segundo-acougueiros\/\" \/>\n<meta property=\"og:site_name\" content=\"Correio Braziliense - Radar\" \/>\n<meta property=\"article:published_time\" content=\"2025-10-06T01:03:00+00:00\" \/>\n<meta property=\"og:image\" content=\"https:\/\/www.correiobraziliense.com.br\/cbradar\/wp-content\/uploads\/2025\/10\/carne-acougue_1759603432477.jpg\" \/>\n\t<meta property=\"og:image:width\" content=\"1280\" \/>\n\t<meta property=\"og:image:height\" content=\"720\" \/>\n\t<meta property=\"og:image:type\" content=\"image\/jpeg\" \/>\n<meta name=\"author\" content=\"Larissa Carvalho\" \/>\n<meta name=\"twitter:card\" content=\"summary_large_image\" \/>\n<meta name=\"twitter:label1\" content=\"Escrito por\" \/>\n\t<meta name=\"twitter:data1\" content=\"Larissa Carvalho\" \/>\n\t<meta name=\"twitter:label2\" content=\"Est. tempo de leitura\" \/>\n\t<meta name=\"twitter:data2\" content=\"3 minutos\" \/>\n<!-- \/ Yoast SEO plugin. -->","yoast_head_json":{"title":"O erro n\u00famero 1 que as pessoas cometem ao comprar carne, segundo a\u00e7ougueiros","description":"Descubra como aproveitar ao m\u00e1ximo sua visita ao a\u00e7ougue: dicas de especialistas para escolher cortes de carne ideais, evitar erros comuns e cozinhar com confian\u00e7a.","robots":{"index":"index","follow":"follow","max-snippet":"max-snippet:-1","max-image-preview":"max-image-preview:large","max-video-preview":"max-video-preview:-1"},"canonical":"https:\/\/www.correiobraziliense.com.br\/cbradar\/o-erro-numero-1-que-as-pessoas-cometem-ao-comprar-carne-segundo-acougueiros\/","og_locale":"pt_BR","og_type":"article","og_title":"O erro n\u00famero 1 que as pessoas cometem ao comprar carne, segundo a\u00e7ougueiros","og_description":"Descubra como aproveitar ao m\u00e1ximo sua visita ao a\u00e7ougue: dicas de especialistas para escolher cortes de carne ideais, evitar erros comuns e cozinhar com confian\u00e7a.","og_url":"https:\/\/www.correiobraziliense.com.br\/cbradar\/o-erro-numero-1-que-as-pessoas-cometem-ao-comprar-carne-segundo-acougueiros\/","og_site_name":"Correio Braziliense - Radar","article_published_time":"2025-10-06T01:03:00+00:00","og_image":[{"width":1280,"height":720,"url":"https:\/\/www.correiobraziliense.com.br\/cbradar\/wp-content\/uploads\/2025\/10\/carne-acougue_1759603432477.jpg","type":"image\/jpeg"}],"author":"Larissa Carvalho","twitter_card":"summary_large_image","twitter_misc":{"Escrito por":"Larissa Carvalho","Est. tempo de leitura":"3 minutos"},"schema":{"@context":"https:\/\/schema.org","@graph":[{"@type":"WebPage","@id":"https:\/\/www.correiobraziliense.com.br\/cbradar\/o-erro-numero-1-que-as-pessoas-cometem-ao-comprar-carne-segundo-acougueiros\/","url":"https:\/\/www.correiobraziliense.com.br\/cbradar\/o-erro-numero-1-que-as-pessoas-cometem-ao-comprar-carne-segundo-acougueiros\/","name":"O erro n\u00famero 1 que as pessoas cometem ao comprar carne, segundo a\u00e7ougueiros","isPartOf":{"@id":"https:\/\/www.correiobraziliense.com.br\/cbradar\/#website"},"primaryImageOfPage":{"@id":"https:\/\/www.correiobraziliense.com.br\/cbradar\/o-erro-numero-1-que-as-pessoas-cometem-ao-comprar-carne-segundo-acougueiros\/#primaryimage"},"image":{"@id":"https:\/\/www.correiobraziliense.com.br\/cbradar\/o-erro-numero-1-que-as-pessoas-cometem-ao-comprar-carne-segundo-acougueiros\/#primaryimage"},"thumbnailUrl":"https:\/\/www.correiobraziliense.com.br\/cbradar\/wp-content\/uploads\/2025\/10\/carne-acougue_1759603432477.jpg","datePublished":"2025-10-06T01:03:00+00:00","author":{"@id":"https:\/\/www.correiobraziliense.com.br\/cbradar\/#\/schema\/person\/58422787644df994b53a19d3e56c1513"},"description":"Descubra como aproveitar ao m\u00e1ximo sua visita ao a\u00e7ougue: dicas de especialistas para escolher cortes de carne ideais, evitar erros comuns e cozinhar com confian\u00e7a.","breadcrumb":{"@id":"https:\/\/www.correiobraziliense.com.br\/cbradar\/o-erro-numero-1-que-as-pessoas-cometem-ao-comprar-carne-segundo-acougueiros\/#breadcrumb"},"inLanguage":"pt-BR","potentialAction":[{"@type":"ReadAction","target":["https:\/\/www.correiobraziliense.com.br\/cbradar\/o-erro-numero-1-que-as-pessoas-cometem-ao-comprar-carne-segundo-acougueiros\/"]}]},{"@type":"ImageObject","inLanguage":"pt-BR","@id":"https:\/\/www.correiobraziliense.com.br\/cbradar\/o-erro-numero-1-que-as-pessoas-cometem-ao-comprar-carne-segundo-acougueiros\/#primaryimage","url":"https:\/\/www.correiobraziliense.com.br\/cbradar\/wp-content\/uploads\/2025\/10\/carne-acougue_1759603432477.jpg","contentUrl":"https:\/\/www.correiobraziliense.com.br\/cbradar\/wp-content\/uploads\/2025\/10\/carne-acougue_1759603432477.jpg","width":1280,"height":720,"caption":"carne a\u00e7ougue. Cr\u00e9ditos: depositphotos.com \/ marischka"},{"@type":"BreadcrumbList","@id":"https:\/\/www.correiobraziliense.com.br\/cbradar\/o-erro-numero-1-que-as-pessoas-cometem-ao-comprar-carne-segundo-acougueiros\/#breadcrumb","itemListElement":[{"@type":"ListItem","position":1,"name":"In\u00edcio","item":"https:\/\/www.correiobraziliense.com.br\/cbradar\/"},{"@type":"ListItem","position":2,"name":"O erro n\u00famero 1 que as pessoas cometem ao comprar carne, segundo a\u00e7ougueiros"}]},{"@type":"WebSite","@id":"https:\/\/www.correiobraziliense.com.br\/cbradar\/#website","url":"https:\/\/www.correiobraziliense.com.br\/cbradar\/","name":"Correio Braziliense - Radar","description":"Acompanhe as \u00faltimas not\u00edcias e fique bem informado sobre tudo o que acontece no Brasil e no mundo.","potentialAction":[{"@type":"SearchAction","target":{"@type":"EntryPoint","urlTemplate":"https:\/\/www.correiobraziliense.com.br\/cbradar\/?s={search_term_string}"},"query-input":{"@type":"PropertyValueSpecification","valueRequired":true,"valueName":"search_term_string"}}],"inLanguage":"pt-BR"},{"@type":"Person","@id":"https:\/\/www.correiobraziliense.com.br\/cbradar\/#\/schema\/person\/58422787644df994b53a19d3e56c1513","name":"Larissa Carvalho","image":{"@type":"ImageObject","inLanguage":"pt-BR","@id":"https:\/\/www.correiobraziliense.com.br\/cbradar\/#\/schema\/person\/image\/","url":"https:\/\/secure.gravatar.com\/avatar\/fe4f91a0de32b52a838d0d612abdc1aa?s=96&d=mm&r=g","contentUrl":"https:\/\/secure.gravatar.com\/avatar\/fe4f91a0de32b52a838d0d612abdc1aa?s=96&d=mm&r=g","caption":"Larissa Carvalho"},"url":"https:\/\/www.correiobraziliense.com.br\/cbradar\/author\/larissamyth\/"}]}},"_links":{"self":[{"href":"https:\/\/www.correiobraziliense.com.br\/cbradar\/wp-json\/wp\/v2\/posts\/113746","targetHints":{"allow":["GET"]}}],"collection":[{"href":"https:\/\/www.correiobraziliense.com.br\/cbradar\/wp-json\/wp\/v2\/posts"}],"about":[{"href":"https:\/\/www.correiobraziliense.com.br\/cbradar\/wp-json\/wp\/v2\/types\/post"}],"author":[{"embeddable":true,"href":"https:\/\/www.correiobraziliense.com.br\/cbradar\/wp-json\/wp\/v2\/users\/3"}],"replies":[{"embeddable":true,"href":"https:\/\/www.correiobraziliense.com.br\/cbradar\/wp-json\/wp\/v2\/comments?post=113746"}],"version-history":[{"count":2,"href":"https:\/\/www.correiobraziliense.com.br\/cbradar\/wp-json\/wp\/v2\/posts\/113746\/revisions"}],"predecessor-version":[{"id":113750,"href":"https:\/\/www.correiobraziliense.com.br\/cbradar\/wp-json\/wp\/v2\/posts\/113746\/revisions\/113750"}],"wp:featuredmedia":[{"embeddable":true,"href":"https:\/\/www.correiobraziliense.com.br\/cbradar\/wp-json\/wp\/v2\/media\/113748"}],"wp:attachment":[{"href":"https:\/\/www.correiobraziliense.com.br\/cbradar\/wp-json\/wp\/v2\/media?parent=113746"}],"wp:term":[{"taxonomy":"category","embeddable":true,"href":"https:\/\/www.correiobraziliense.com.br\/cbradar\/wp-json\/wp\/v2\/categories?post=113746"},{"taxonomy":"post_tag","embeddable":true,"href":"https:\/\/www.correiobraziliense.com.br\/cbradar\/wp-json\/wp\/v2\/post_tag?post=113746"}],"curies":[{"name":"wp","href":"https:\/\/api.w.org\/{rel}","templated":true}]}}