{"id":11390,"date":"2025-03-12T09:30:00","date_gmt":"2025-03-12T12:30:00","guid":{"rendered":"https:\/\/www.correiobraziliense.com.br\/cbradar\/?p=11390"},"modified":"2025-03-11T14:17:11","modified_gmt":"2025-03-11T17:17:11","slug":"o-clima-nunca-muda-nessa-cidade-veja-detalhes","status":"publish","type":"post","link":"https:\/\/www.correiobraziliense.com.br\/cbradar\/o-clima-nunca-muda-nessa-cidade-veja-detalhes\/","title":{"rendered":"O clima nunca muda nessa cidade, veja detalhes"},"content":{"rendered":"\n<p>Na maioria das cidades do mundo, as pessoas vivem se preparando para mudan\u00e7as clim\u00e1ticas: inverno frio, ver\u00e3o quente, outono ameno e primavera florida. Mas existe um lugar onde <strong>o clima \u00e9 praticamente o mesmo o ano inteiro<\/strong>. Esse lugar \u00e9 <strong>Quito<\/strong>, a capital do Equador, onde n\u00e3o h\u00e1 ver\u00e3o nem inverno \u2013 <strong>apenas temperaturas constantes e agrad\u00e1veis todos os dias<\/strong>.<\/p>\n\n\n\n<p>Mas por que isso acontece? E como essa estabilidade clim\u00e1tica afeta o dia a dia dos moradores?<\/p>\n\n\n\n<h2 class=\"wp-block-heading\"><strong>Por que o clima de Quito nunca muda?<\/strong><\/h2>\n\n\n\n<p>Quito est\u00e1 localizada <strong>quase exatamente na linha do Equador<\/strong>, o que significa que a cidade recebe a mesma quantidade de luz solar ao longo do ano. Al\u00e9m disso, a capital equatoriana fica a <strong>2.850 metros de altitude<\/strong>, nos Andes, o que ajuda a manter as temperaturas <strong>nem muito quentes, nem muito frias<\/strong>.<\/p>\n\n\n\n<p>Como resultado, a cidade tem um clima ameno e est\u00e1vel, com temperaturas m\u00e9dias entre <strong>10\u202f\u00b0C e 22\u202f\u00b0C<\/strong> durante o ano inteiro.<\/p>\n\n\n\n<figure class=\"wp-block-image size-large\"><img decoding=\"async\" width=\"1024\" height=\"576\" src=\"https:\/\/www.correiobraziliense.com.br\/cbradar\/wp-content\/uploads\/2025\/03\/Quito_1741697663672-1024x576.jpg\" alt=\"O clima nunca muda nessa cidade, veja detalhes\" class=\"wp-image-11398\" srcset=\"https:\/\/www.correiobraziliense.com.br\/cbradar\/wp-content\/uploads\/2025\/03\/Quito_1741697663672-1024x576.jpg 1024w, https:\/\/www.correiobraziliense.com.br\/cbradar\/wp-content\/uploads\/2025\/03\/Quito_1741697663672-300x169.jpg 300w, https:\/\/www.correiobraziliense.com.br\/cbradar\/wp-content\/uploads\/2025\/03\/Quito_1741697663672-768x432.jpg 768w, https:\/\/www.correiobraziliense.com.br\/cbradar\/wp-content\/uploads\/2025\/03\/Quito_1741697663672-750x422.jpg 750w, https:\/\/www.correiobraziliense.com.br\/cbradar\/wp-content\/uploads\/2025\/03\/Quito_1741697663672-1140x641.jpg 1140w, https:\/\/www.correiobraziliense.com.br\/cbradar\/wp-content\/uploads\/2025\/03\/Quito_1741697663672.jpg 1280w\" sizes=\"(max-width: 1024px) 100vw, 1024px\" \/><figcaption class=\"wp-element-caption\">Quito. Cr\u00e9ditos: depositphotos.com \/ f11photo<\/figcaption><\/figure>\n\n\n\n<p><strong>Os fatores que contribuem para essa estabilidade incluem:<\/strong><\/p>\n\n\n\n<ul class=\"wp-block-list\">\n<li><strong>Posi\u00e7\u00e3o na linha do Equador<\/strong> \u2013 A quantidade de luz solar n\u00e3o varia ao longo do ano, eliminando esta\u00e7\u00f5es marcadas.<\/li>\n\n\n\n<li><strong>Altitude elevada<\/strong> \u2013 Mesmo estando em uma regi\u00e3o tropical, Quito n\u00e3o sofre com calor excessivo por estar nas montanhas.<\/li>\n\n\n\n<li><strong>Pouca varia\u00e7\u00e3o de temperatura entre dia e noite<\/strong> \u2013 A amplitude t\u00e9rmica \u00e9 pequena, tornando o clima previs\u00edvel.<\/li>\n<\/ul>\n\n\n\n<h2 class=\"wp-block-heading\"><strong>Como \u00e9 a vida em uma cidade sem esta\u00e7\u00f5es do ano?<\/strong><\/h2>\n\n\n\n<p>Para os moradores de Quito, a vida segue um ritmo diferente do resto do mundo. Algumas caracter\u00edsticas \u00fanicas da cidade incluem:<\/p>\n\n\n\n<ul class=\"wp-block-list\">\n<li><strong>Sem necessidade de roupas de inverno ou ver\u00e3o<\/strong> \u2013 A popula\u00e7\u00e3o usa roupas leves o ano inteiro, apenas adicionando um casaco \u00e0 noite.<\/li>\n\n\n\n<li><strong>Sem mudan\u00e7as dr\u00e1sticas na natureza<\/strong> \u2013 \u00c1rvores e plantas n\u00e3o perdem folhas no \u201coutono\u201d nem florescem mais no \u201cprimavera\u201d \u2013 a vegeta\u00e7\u00e3o se mant\u00e9m constante.<\/li>\n\n\n\n<li><strong>Turismo sem alta e baixa temporada<\/strong> \u2013 Como o clima n\u00e3o muda, Quito recebe visitantes de forma equilibrada ao longo do ano.<\/li>\n\n\n\n<li><strong>Feriados sem rela\u00e7\u00e3o com o clima<\/strong> \u2013 Enquanto outras cidades comemoram datas como o Natal na neve ou o ver\u00e3o nas praias, Quito mant\u00e9m uma atmosfera semelhante em todas as \u00e9pocas.<\/li>\n\n\n\n<li><strong>Previsibilidade total<\/strong> \u2013 Os moradores nunca precisam se preocupar com ondas de frio ou calor extremo.<\/li>\n<\/ul>\n\n\n\n<h3 class=\"wp-block-heading\"><strong>Curiosidades sobre Quito<\/strong><\/h3>\n\n\n\n<ul class=\"wp-block-list\">\n<li><strong>A segunda capital mais alta do mundo<\/strong> \u2013 Perdendo apenas para La Paz, na Bol\u00edvia.<\/li>\n\n\n\n<li><strong>Nascer e p\u00f4r do sol sempre no mesmo hor\u00e1rio<\/strong> \u2013 Como est\u00e1 na linha do Equador, a cidade tem dias com cerca de <strong>12 horas de luz o ano inteiro<\/strong>.<\/li>\n\n\n\n<li><strong>Primeira cidade a ser declarada Patrim\u00f4nio da Humanidade pela UNESCO<\/strong> \u2013 Devido ao seu centro hist\u00f3rico bem preservado.<\/li>\n\n\n\n<li><strong>Apelidada de &#8220;Cidade da Eterna Primavera&#8221;<\/strong> \u2013 Por causa de seu clima ameno e constante.<\/li>\n\n\n\n<li><strong>Apesar do clima est\u00e1vel, pode chover a qualquer momento<\/strong> \u2013 As chuvas s\u00e3o imprevis\u00edveis e podem ocorrer em qualquer \u00e9poca do ano.<\/li>\n<\/ul>\n\n\n\n<h2 class=\"wp-block-heading\"><strong>Quito \u00e9 o lugar perfeito para quem n\u00e3o gosta de mudan\u00e7as?<\/strong><\/h2>\n\n\n\n<p>Para muitas pessoas, o clima imprevis\u00edvel pode ser um problema. Mas em Quito, essa preocupa\u00e7\u00e3o simplesmente <strong>n\u00e3o existe<\/strong>. Os moradores vivem sem precisar se adaptar \u00e0s esta\u00e7\u00f5es, aproveitando uma temperatura agrad\u00e1vel todos os dias.<\/p>\n\n\n\n<p>Se voc\u00ea sonha em morar em um lugar onde o clima <strong>nunca muda<\/strong>, Quito pode ser o destino ideal.<\/p>\n","protected":false},"excerpt":{"rendered":"<p>Existe uma cidade onde o clima nunca muda \u2013 sem ver\u00e3o, sem inverno, sem extremos. Como os moradores lidam com isso?<\/p>\n","protected":false},"author":3,"featured_media":11397,"comment_status":"open","ping_status":"open","sticky":false,"template":"","format":"standard","meta":{"_yoast_wpseo_focuskw":"cidade clima n\u00e3o muda","_yoast_wpseo_title":"%%title%%","_yoast_wpseo_metadesc":"Existe uma cidade onde o clima nunca muda \u2013 sem ver\u00e3o, sem inverno, sem extremos. Como os moradores lidam com isso?","jnews-multi-image_gallery":[],"jnews_single_post":{"format":"standard"},"jnews_primary_category":[],"jnews_social_meta":[],"jnews_override_counter":[],"footnotes":""},"categories":[108],"post_tag":[109],"class_list":["post-11390","post","type-post","status-publish","format-standard","has-post-thumbnail","hentry","category-cidades","tag-cidades"],"yoast_head":"<!-- This site is optimized with the Yoast SEO plugin v24.6 - https:\/\/yoast.com\/wordpress\/plugins\/seo\/ -->\n<title>O clima nunca muda nessa cidade, veja detalhes<\/title>\n<meta name=\"description\" content=\"Existe uma cidade onde o clima nunca muda \u2013 sem ver\u00e3o, sem inverno, sem extremos. Como os moradores lidam com isso?\" \/>\n<meta name=\"robots\" content=\"index, follow, max-snippet:-1, max-image-preview:large, max-video-preview:-1\" \/>\n<link rel=\"canonical\" href=\"https:\/\/www.correiobraziliense.com.br\/cbradar\/o-clima-nunca-muda-nessa-cidade-veja-detalhes\/\" \/>\n<meta property=\"og:locale\" content=\"pt_BR\" \/>\n<meta property=\"og:type\" content=\"article\" \/>\n<meta property=\"og:title\" content=\"O clima nunca muda nessa cidade, veja detalhes\" \/>\n<meta property=\"og:description\" content=\"Existe uma cidade onde o clima nunca muda \u2013 sem ver\u00e3o, sem inverno, sem extremos. Como os moradores lidam com isso?\" \/>\n<meta property=\"og:url\" content=\"https:\/\/www.correiobraziliense.com.br\/cbradar\/o-clima-nunca-muda-nessa-cidade-veja-detalhes\/\" \/>\n<meta property=\"og:site_name\" content=\"Correio Braziliense - Radar\" \/>\n<meta property=\"article:published_time\" content=\"2025-03-12T12:30:00+00:00\" \/>\n<meta property=\"og:image\" content=\"https:\/\/www.correiobraziliense.com.br\/cbradar\/wp-content\/uploads\/2025\/03\/Quito_1741697536867.jpg\" \/>\n\t<meta property=\"og:image:width\" content=\"1280\" \/>\n\t<meta property=\"og:image:height\" content=\"720\" \/>\n\t<meta property=\"og:image:type\" content=\"image\/jpeg\" \/>\n<meta name=\"author\" content=\"Larissa Carvalho\" \/>\n<meta name=\"twitter:card\" content=\"summary_large_image\" \/>\n<meta name=\"twitter:label1\" content=\"Escrito por\" \/>\n\t<meta name=\"twitter:data1\" content=\"Larissa Carvalho\" \/>\n\t<meta name=\"twitter:label2\" content=\"Est. tempo de leitura\" \/>\n\t<meta name=\"twitter:data2\" content=\"4 minutos\" \/>\n<!-- \/ Yoast SEO plugin. -->","yoast_head_json":{"title":"O clima nunca muda nessa cidade, veja detalhes","description":"Existe uma cidade onde o clima nunca muda \u2013 sem ver\u00e3o, sem inverno, sem extremos. Como os moradores lidam com isso?","robots":{"index":"index","follow":"follow","max-snippet":"max-snippet:-1","max-image-preview":"max-image-preview:large","max-video-preview":"max-video-preview:-1"},"canonical":"https:\/\/www.correiobraziliense.com.br\/cbradar\/o-clima-nunca-muda-nessa-cidade-veja-detalhes\/","og_locale":"pt_BR","og_type":"article","og_title":"O clima nunca muda nessa cidade, veja detalhes","og_description":"Existe uma cidade onde o clima nunca muda \u2013 sem ver\u00e3o, sem inverno, sem extremos. Como os moradores lidam com isso?","og_url":"https:\/\/www.correiobraziliense.com.br\/cbradar\/o-clima-nunca-muda-nessa-cidade-veja-detalhes\/","og_site_name":"Correio Braziliense - Radar","article_published_time":"2025-03-12T12:30:00+00:00","og_image":[{"width":1280,"height":720,"url":"https:\/\/www.correiobraziliense.com.br\/cbradar\/wp-content\/uploads\/2025\/03\/Quito_1741697536867.jpg","type":"image\/jpeg"}],"author":"Larissa Carvalho","twitter_card":"summary_large_image","twitter_misc":{"Escrito por":"Larissa Carvalho","Est. tempo de leitura":"4 minutos"},"schema":{"@context":"https:\/\/schema.org","@graph":[{"@type":"WebPage","@id":"https:\/\/www.correiobraziliense.com.br\/cbradar\/o-clima-nunca-muda-nessa-cidade-veja-detalhes\/","url":"https:\/\/www.correiobraziliense.com.br\/cbradar\/o-clima-nunca-muda-nessa-cidade-veja-detalhes\/","name":"O clima nunca muda nessa cidade, veja detalhes","isPartOf":{"@id":"https:\/\/www.correiobraziliense.com.br\/cbradar\/#website"},"primaryImageOfPage":{"@id":"https:\/\/www.correiobraziliense.com.br\/cbradar\/o-clima-nunca-muda-nessa-cidade-veja-detalhes\/#primaryimage"},"image":{"@id":"https:\/\/www.correiobraziliense.com.br\/cbradar\/o-clima-nunca-muda-nessa-cidade-veja-detalhes\/#primaryimage"},"thumbnailUrl":"https:\/\/www.correiobraziliense.com.br\/cbradar\/wp-content\/uploads\/2025\/03\/Quito_1741697536867.jpg","datePublished":"2025-03-12T12:30:00+00:00","author":{"@id":"https:\/\/www.correiobraziliense.com.br\/cbradar\/#\/schema\/person\/58422787644df994b53a19d3e56c1513"},"description":"Existe uma cidade onde o clima nunca muda \u2013 sem ver\u00e3o, sem inverno, sem extremos. Como os moradores lidam com isso?","breadcrumb":{"@id":"https:\/\/www.correiobraziliense.com.br\/cbradar\/o-clima-nunca-muda-nessa-cidade-veja-detalhes\/#breadcrumb"},"inLanguage":"pt-BR","potentialAction":[{"@type":"ReadAction","target":["https:\/\/www.correiobraziliense.com.br\/cbradar\/o-clima-nunca-muda-nessa-cidade-veja-detalhes\/"]}]},{"@type":"ImageObject","inLanguage":"pt-BR","@id":"https:\/\/www.correiobraziliense.com.br\/cbradar\/o-clima-nunca-muda-nessa-cidade-veja-detalhes\/#primaryimage","url":"https:\/\/www.correiobraziliense.com.br\/cbradar\/wp-content\/uploads\/2025\/03\/Quito_1741697536867.jpg","contentUrl":"https:\/\/www.correiobraziliense.com.br\/cbradar\/wp-content\/uploads\/2025\/03\/Quito_1741697536867.jpg","width":1280,"height":720,"caption":"Quito. Cr\u00e9ditos: depositphotos.com \/ xura"},{"@type":"BreadcrumbList","@id":"https:\/\/www.correiobraziliense.com.br\/cbradar\/o-clima-nunca-muda-nessa-cidade-veja-detalhes\/#breadcrumb","itemListElement":[{"@type":"ListItem","position":1,"name":"In\u00edcio","item":"https:\/\/www.correiobraziliense.com.br\/cbradar\/"},{"@type":"ListItem","position":2,"name":"O clima nunca muda nessa cidade, veja detalhes"}]},{"@type":"WebSite","@id":"https:\/\/www.correiobraziliense.com.br\/cbradar\/#website","url":"https:\/\/www.correiobraziliense.com.br\/cbradar\/","name":"Correio Braziliense - Radar","description":"Acompanhe as \u00faltimas not\u00edcias e fique bem informado sobre tudo o que acontece no Brasil e no mundo.","potentialAction":[{"@type":"SearchAction","target":{"@type":"EntryPoint","urlTemplate":"https:\/\/www.correiobraziliense.com.br\/cbradar\/?s={search_term_string}"},"query-input":{"@type":"PropertyValueSpecification","valueRequired":true,"valueName":"search_term_string"}}],"inLanguage":"pt-BR"},{"@type":"Person","@id":"https:\/\/www.correiobraziliense.com.br\/cbradar\/#\/schema\/person\/58422787644df994b53a19d3e56c1513","name":"Larissa Carvalho","image":{"@type":"ImageObject","inLanguage":"pt-BR","@id":"https:\/\/www.correiobraziliense.com.br\/cbradar\/#\/schema\/person\/image\/","url":"https:\/\/secure.gravatar.com\/avatar\/fe4f91a0de32b52a838d0d612abdc1aa?s=96&d=mm&r=g","contentUrl":"https:\/\/secure.gravatar.com\/avatar\/fe4f91a0de32b52a838d0d612abdc1aa?s=96&d=mm&r=g","caption":"Larissa Carvalho"},"url":"https:\/\/www.correiobraziliense.com.br\/cbradar\/author\/larissamyth\/"}]}},"_links":{"self":[{"href":"https:\/\/www.correiobraziliense.com.br\/cbradar\/wp-json\/wp\/v2\/posts\/11390","targetHints":{"allow":["GET"]}}],"collection":[{"href":"https:\/\/www.correiobraziliense.com.br\/cbradar\/wp-json\/wp\/v2\/posts"}],"about":[{"href":"https:\/\/www.correiobraziliense.com.br\/cbradar\/wp-json\/wp\/v2\/types\/post"}],"author":[{"embeddable":true,"href":"https:\/\/www.correiobraziliense.com.br\/cbradar\/wp-json\/wp\/v2\/users\/3"}],"replies":[{"embeddable":true,"href":"https:\/\/www.correiobraziliense.com.br\/cbradar\/wp-json\/wp\/v2\/comments?post=11390"}],"version-history":[{"count":1,"href":"https:\/\/www.correiobraziliense.com.br\/cbradar\/wp-json\/wp\/v2\/posts\/11390\/revisions"}],"predecessor-version":[{"id":11399,"href":"https:\/\/www.correiobraziliense.com.br\/cbradar\/wp-json\/wp\/v2\/posts\/11390\/revisions\/11399"}],"wp:featuredmedia":[{"embeddable":true,"href":"https:\/\/www.correiobraziliense.com.br\/cbradar\/wp-json\/wp\/v2\/media\/11397"}],"wp:attachment":[{"href":"https:\/\/www.correiobraziliense.com.br\/cbradar\/wp-json\/wp\/v2\/media?parent=11390"}],"wp:term":[{"taxonomy":"category","embeddable":true,"href":"https:\/\/www.correiobraziliense.com.br\/cbradar\/wp-json\/wp\/v2\/categories?post=11390"},{"taxonomy":"post_tag","embeddable":true,"href":"https:\/\/www.correiobraziliense.com.br\/cbradar\/wp-json\/wp\/v2\/post_tag?post=11390"}],"curies":[{"name":"wp","href":"https:\/\/api.w.org\/{rel}","templated":true}]}}