{"id":11392,"date":"2025-03-12T08:50:00","date_gmt":"2025-03-12T11:50:00","guid":{"rendered":"https:\/\/www.correiobraziliense.com.br\/cbradar\/?p=11392"},"modified":"2025-03-12T00:32:30","modified_gmt":"2025-03-12T03:32:30","slug":"essa-descoberta-pode-mudar-tudo-que-se-sabe-sobre-meios-de-transporte","status":"publish","type":"post","link":"https:\/\/www.correiobraziliense.com.br\/cbradar\/essa-descoberta-pode-mudar-tudo-que-se-sabe-sobre-meios-de-transporte\/","title":{"rendered":"Essa descoberta pode mudar tudo que se sabe sobre meios de transporte"},"content":{"rendered":"\n<p>No<strong> <a href=\"https:\/\/www.nps.gov\/whsa\/index.htm\" target=\"_blank\" rel=\"noreferrer noopener\">Parque Nacional White Sands<\/a><\/strong>, no <strong>Novo M\u00e9xico<\/strong>, uma descoberta arqueol\u00f3gica recente pode transformar a compreens\u00e3o sobre os primeiros meios de transporte utilizados pela humanidade. Vest\u00edgios de pegadas humanas e marcas de arrasto, datados de aproximadamente 22.000 anos, indicam que os habitantes daquela \u00e9poca empregavam uma estrutura rudimentar para carregar cargas, conhecida como\u00a0<em>travois<\/em>. Esta descoberta \u00e9 significativa, pois representa a evid\u00eancia mais antiga de um sistema de transporte projetado por humanos, antecedendo a inven\u00e7\u00e3o da roda em cerca de 17.000 anos.<\/p>\n\n\n\n<p>O&nbsp;<strong>travois<\/strong>&nbsp;consiste em duas longas hastes de madeira amarradas em formato triangular ou em &#8220;X&#8221;, com uma extremidade sendo arrastada pelo ch\u00e3o enquanto a outra era segurada por uma pessoa. Tradicionalmente, esse tipo de ferramenta foi amplamente utilizado por culturas ind\u00edgenas das Grandes Plan\u00edcies da<strong> Am\u00e9rica do Norte,<\/strong> sendo puxado por c\u00e3es ou cavalos. No entanto, a nova evid\u00eancia sugere que, em White Sands, os primeiros humanos carregavam manualmente suas cargas pesadas.<\/p>\n\n\n\n<h2 class=\"wp-block-heading\"><strong>Quais s\u00e3o os tipos de marcas de arrasto encontradas?<\/strong><\/h2>\n\n\n\n<p>A equipe de arque\u00f3logos identificou diferentes padr\u00f5es de marcas de arrasto no solo, que foram classificados em tr\u00eas tipos distintos:<\/p>\n\n\n\n<figure class=\"wp-block-image size-large\"><img decoding=\"async\" width=\"1024\" height=\"576\" src=\"https:\/\/www.correiobraziliense.com.br\/cbradar\/wp-content\/uploads\/2025\/03\/Arqueologicas_1741697484969-1024x576.jpg\" alt=\"Essa descoberta pode mudar o que se sabe sobre meios de transporte\" class=\"wp-image-11394\" srcset=\"https:\/\/www.correiobraziliense.com.br\/cbradar\/wp-content\/uploads\/2025\/03\/Arqueologicas_1741697484969-1024x576.jpg 1024w, https:\/\/www.correiobraziliense.com.br\/cbradar\/wp-content\/uploads\/2025\/03\/Arqueologicas_1741697484969-300x169.jpg 300w, https:\/\/www.correiobraziliense.com.br\/cbradar\/wp-content\/uploads\/2025\/03\/Arqueologicas_1741697484969-768x432.jpg 768w, https:\/\/www.correiobraziliense.com.br\/cbradar\/wp-content\/uploads\/2025\/03\/Arqueologicas_1741697484969-750x422.jpg 750w, https:\/\/www.correiobraziliense.com.br\/cbradar\/wp-content\/uploads\/2025\/03\/Arqueologicas_1741697484969-1140x641.jpg 1140w, https:\/\/www.correiobraziliense.com.br\/cbradar\/wp-content\/uploads\/2025\/03\/Arqueologicas_1741697484969.jpg 1280w\" sizes=\"(max-width: 1024px) 100vw, 1024px\" \/><figcaption class=\"wp-element-caption\">Arqueol\u00f3gicas. Cr\u00e9ditos: depositphotos.com \/ AllaSerebrina<\/figcaption><\/figure>\n\n\n\n<ul class=\"wp-block-list\">\n<li><strong>Tipo I:<\/strong>&nbsp;Sulcos profundos e estreitos, que \u00e0s vezes se bifurcam.<\/li>\n\n\n\n<li><strong>Tipo II:<\/strong>&nbsp;Canais largos e rasos, seguindo trajet\u00f3rias mais retil\u00edneas.<\/li>\n\n\n\n<li><strong>Tipo III:<\/strong>&nbsp;Duas linhas paralelas, possivelmente deixadas por um travois em formato de &#8220;X&#8221;.<\/li>\n<\/ul>\n\n\n\n<p>Al\u00e9m das marcas de arrasto, pegadas de diferentes tamanhos foram encontradas ao lado dessas trilhas, sugerindo que crian\u00e7as acompanhavam os adultos durante o transporte, possivelmente participando do deslocamento da carga.<\/p>\n\n\n\n<h2 class=\"wp-block-heading\"><strong>Como os pesquisadores chegaram a essa conclus\u00e3o?<\/strong><\/h2>\n\n\n\n<p>Antes de concluir que as marcas foram feitas por um&nbsp;<em>travois<\/em>, os pesquisadores consideraram outras possibilidades. Eles investigaram se as trilhas poderiam ter sido causadas por animais, como mamutes ou pregui\u00e7as gigantes, arrastando caudas ou trombas no solo. Outras hip\u00f3teses inclu\u00edam destro\u00e7os naturais, como galhos e troncos, ou marcas de barcos primitivos e tren\u00f3s improvisados. No entanto, todas essas hip\u00f3teses foram descartadas, pois as marcas n\u00e3o correspondiam aos padr\u00f5es naturais deixados por animais ou fen\u00f4menos clim\u00e1ticos.<\/p>\n\n\n\n<h2 class=\"wp-block-heading\"><strong>Impacto da descoberta na hist\u00f3ria da mobilidade humana<\/strong><\/h2>\n\n\n\n<p>A descoberta das pegadas e das marcas de arrasto no Novo M\u00e9xico sugere que os humanos da \u00e9poca j\u00e1 estavam buscando maneiras eficientes de carregar objetos pesados, demonstrando uma inova\u00e7\u00e3o tecnol\u00f3gica muito mais antiga do que se pensava. At\u00e9 ent\u00e3o, acreditava-se que os primeiros sistemas de transporte humano surgiram apenas com o advento da roda, por volta de 5.000 a.C. No entanto, a evid\u00eancia de White Sands indica que os primeiros habitantes das Am\u00e9ricas j\u00e1 estavam desenvolvendo formas rudimentares de transporte mais de 22.000 anos atr\u00e1s.<\/p>\n\n\n\n<p>Al\u00e9m de desafiar as concep\u00e7\u00f5es tradicionais sobre o deslocamento humano, essa descoberta tamb\u00e9m refor\u00e7a a teoria de que os primeiros habitantes das Am\u00e9ricas chegaram ao continente muito antes do que se acreditava, possivelmente por volta de 33.000 anos atr\u00e1s. Isso sugere que a mobilidade humana na pr\u00e9-hist\u00f3ria era mais avan\u00e7ada do que se imaginava, abrindo novas perspectivas sobre como os primeiros humanos transportavam seus pertences e exploravam seu ambiente.<\/p>\n\n\n\n<p><\/p>\n","protected":false},"excerpt":{"rendered":"<p>Recentes descobertas arqueol\u00f3gicas no Parque Nacional White Sands revelam evid\u00eancias de sistemas primitivos de transporte.<\/p>\n","protected":false},"author":3,"featured_media":11393,"comment_status":"open","ping_status":"open","sticky":false,"template":"","format":"standard","meta":{"_yoast_wpseo_focuskw":"descoberta meios de transporte","_yoast_wpseo_title":"%%title%%","_yoast_wpseo_metadesc":"Recentes descobertas arqueol\u00f3gicas no Parque Nacional White Sands revelam evid\u00eancias de sistemas primitivos de transporte.","jnews-multi-image_gallery":[],"jnews_single_post":{"format":"standard"},"jnews_primary_category":[],"jnews_social_meta":[],"jnews_override_counter":[],"footnotes":""},"categories":[112],"post_tag":[1226,1431],"class_list":["post-11392","post","type-post","status-publish","format-standard","has-post-thumbnail","hentry","category-curiosidades","tag-arqueologia","tag-curiosidade"],"yoast_head":"<!-- This site is optimized with the Yoast SEO plugin v24.6 - https:\/\/yoast.com\/wordpress\/plugins\/seo\/ -->\n<title>Essa descoberta pode mudar tudo que se sabe sobre meios de transporte<\/title>\n<meta name=\"description\" content=\"Recentes descobertas arqueol\u00f3gicas no Parque Nacional White Sands revelam evid\u00eancias de sistemas primitivos de transporte.\" \/>\n<meta name=\"robots\" content=\"index, follow, max-snippet:-1, max-image-preview:large, max-video-preview:-1\" \/>\n<link rel=\"canonical\" href=\"https:\/\/www.correiobraziliense.com.br\/cbradar\/essa-descoberta-pode-mudar-tudo-que-se-sabe-sobre-meios-de-transporte\/\" \/>\n<meta property=\"og:locale\" content=\"pt_BR\" \/>\n<meta property=\"og:type\" content=\"article\" \/>\n<meta property=\"og:title\" content=\"Essa descoberta pode mudar tudo que se sabe sobre meios de transporte\" \/>\n<meta property=\"og:description\" content=\"Recentes descobertas arqueol\u00f3gicas no Parque Nacional White Sands revelam evid\u00eancias de sistemas primitivos de transporte.\" \/>\n<meta property=\"og:url\" content=\"https:\/\/www.correiobraziliense.com.br\/cbradar\/essa-descoberta-pode-mudar-tudo-que-se-sabe-sobre-meios-de-transporte\/\" \/>\n<meta property=\"og:site_name\" content=\"Correio Braziliense - Radar\" \/>\n<meta property=\"article:published_time\" content=\"2025-03-12T11:50:00+00:00\" \/>\n<meta property=\"og:image\" content=\"https:\/\/www.correiobraziliense.com.br\/cbradar\/wp-content\/uploads\/2025\/03\/Arqueologicas_1741697437530.jpg\" \/>\n\t<meta property=\"og:image:width\" content=\"1280\" \/>\n\t<meta property=\"og:image:height\" content=\"720\" \/>\n\t<meta property=\"og:image:type\" content=\"image\/jpeg\" \/>\n<meta name=\"author\" content=\"Larissa Carvalho\" \/>\n<meta name=\"twitter:card\" content=\"summary_large_image\" \/>\n<meta name=\"twitter:label1\" content=\"Escrito por\" \/>\n\t<meta name=\"twitter:data1\" content=\"Larissa Carvalho\" \/>\n\t<meta name=\"twitter:label2\" content=\"Est. tempo de leitura\" \/>\n\t<meta name=\"twitter:data2\" content=\"4 minutos\" \/>\n<!-- \/ Yoast SEO plugin. -->","yoast_head_json":{"title":"Essa descoberta pode mudar tudo que se sabe sobre meios de transporte","description":"Recentes descobertas arqueol\u00f3gicas no Parque Nacional White Sands revelam evid\u00eancias de sistemas primitivos de transporte.","robots":{"index":"index","follow":"follow","max-snippet":"max-snippet:-1","max-image-preview":"max-image-preview:large","max-video-preview":"max-video-preview:-1"},"canonical":"https:\/\/www.correiobraziliense.com.br\/cbradar\/essa-descoberta-pode-mudar-tudo-que-se-sabe-sobre-meios-de-transporte\/","og_locale":"pt_BR","og_type":"article","og_title":"Essa descoberta pode mudar tudo que se sabe sobre meios de transporte","og_description":"Recentes descobertas arqueol\u00f3gicas no Parque Nacional White Sands revelam evid\u00eancias de sistemas primitivos de transporte.","og_url":"https:\/\/www.correiobraziliense.com.br\/cbradar\/essa-descoberta-pode-mudar-tudo-que-se-sabe-sobre-meios-de-transporte\/","og_site_name":"Correio Braziliense - Radar","article_published_time":"2025-03-12T11:50:00+00:00","og_image":[{"width":1280,"height":720,"url":"https:\/\/www.correiobraziliense.com.br\/cbradar\/wp-content\/uploads\/2025\/03\/Arqueologicas_1741697437530.jpg","type":"image\/jpeg"}],"author":"Larissa Carvalho","twitter_card":"summary_large_image","twitter_misc":{"Escrito por":"Larissa Carvalho","Est. tempo de leitura":"4 minutos"},"schema":{"@context":"https:\/\/schema.org","@graph":[{"@type":"WebPage","@id":"https:\/\/www.correiobraziliense.com.br\/cbradar\/essa-descoberta-pode-mudar-tudo-que-se-sabe-sobre-meios-de-transporte\/","url":"https:\/\/www.correiobraziliense.com.br\/cbradar\/essa-descoberta-pode-mudar-tudo-que-se-sabe-sobre-meios-de-transporte\/","name":"Essa descoberta pode mudar tudo que se sabe sobre meios de transporte","isPartOf":{"@id":"https:\/\/www.correiobraziliense.com.br\/cbradar\/#website"},"primaryImageOfPage":{"@id":"https:\/\/www.correiobraziliense.com.br\/cbradar\/essa-descoberta-pode-mudar-tudo-que-se-sabe-sobre-meios-de-transporte\/#primaryimage"},"image":{"@id":"https:\/\/www.correiobraziliense.com.br\/cbradar\/essa-descoberta-pode-mudar-tudo-que-se-sabe-sobre-meios-de-transporte\/#primaryimage"},"thumbnailUrl":"https:\/\/www.correiobraziliense.com.br\/cbradar\/wp-content\/uploads\/2025\/03\/Arqueologicas_1741697437530.jpg","datePublished":"2025-03-12T11:50:00+00:00","author":{"@id":"https:\/\/www.correiobraziliense.com.br\/cbradar\/#\/schema\/person\/58422787644df994b53a19d3e56c1513"},"description":"Recentes descobertas arqueol\u00f3gicas no Parque Nacional White Sands revelam evid\u00eancias de sistemas primitivos de transporte.","breadcrumb":{"@id":"https:\/\/www.correiobraziliense.com.br\/cbradar\/essa-descoberta-pode-mudar-tudo-que-se-sabe-sobre-meios-de-transporte\/#breadcrumb"},"inLanguage":"pt-BR","potentialAction":[{"@type":"ReadAction","target":["https:\/\/www.correiobraziliense.com.br\/cbradar\/essa-descoberta-pode-mudar-tudo-que-se-sabe-sobre-meios-de-transporte\/"]}]},{"@type":"ImageObject","inLanguage":"pt-BR","@id":"https:\/\/www.correiobraziliense.com.br\/cbradar\/essa-descoberta-pode-mudar-tudo-que-se-sabe-sobre-meios-de-transporte\/#primaryimage","url":"https:\/\/www.correiobraziliense.com.br\/cbradar\/wp-content\/uploads\/2025\/03\/Arqueologicas_1741697437530.jpg","contentUrl":"https:\/\/www.correiobraziliense.com.br\/cbradar\/wp-content\/uploads\/2025\/03\/Arqueologicas_1741697437530.jpg","width":1280,"height":720,"caption":"Arqueol\u00f3gicas. Cr\u00e9ditos: depositphotos.com \/ lucianmilasan"},{"@type":"BreadcrumbList","@id":"https:\/\/www.correiobraziliense.com.br\/cbradar\/essa-descoberta-pode-mudar-tudo-que-se-sabe-sobre-meios-de-transporte\/#breadcrumb","itemListElement":[{"@type":"ListItem","position":1,"name":"In\u00edcio","item":"https:\/\/www.correiobraziliense.com.br\/cbradar\/"},{"@type":"ListItem","position":2,"name":"Essa descoberta pode mudar tudo que se sabe sobre meios de transporte"}]},{"@type":"WebSite","@id":"https:\/\/www.correiobraziliense.com.br\/cbradar\/#website","url":"https:\/\/www.correiobraziliense.com.br\/cbradar\/","name":"Correio Braziliense - Radar","description":"Acompanhe as \u00faltimas not\u00edcias e fique bem informado sobre tudo o que acontece no Brasil e no mundo.","potentialAction":[{"@type":"SearchAction","target":{"@type":"EntryPoint","urlTemplate":"https:\/\/www.correiobraziliense.com.br\/cbradar\/?s={search_term_string}"},"query-input":{"@type":"PropertyValueSpecification","valueRequired":true,"valueName":"search_term_string"}}],"inLanguage":"pt-BR"},{"@type":"Person","@id":"https:\/\/www.correiobraziliense.com.br\/cbradar\/#\/schema\/person\/58422787644df994b53a19d3e56c1513","name":"Larissa Carvalho","image":{"@type":"ImageObject","inLanguage":"pt-BR","@id":"https:\/\/www.correiobraziliense.com.br\/cbradar\/#\/schema\/person\/image\/","url":"https:\/\/secure.gravatar.com\/avatar\/fe4f91a0de32b52a838d0d612abdc1aa?s=96&d=mm&r=g","contentUrl":"https:\/\/secure.gravatar.com\/avatar\/fe4f91a0de32b52a838d0d612abdc1aa?s=96&d=mm&r=g","caption":"Larissa Carvalho"},"url":"https:\/\/www.correiobraziliense.com.br\/cbradar\/author\/larissamyth\/"}]}},"_links":{"self":[{"href":"https:\/\/www.correiobraziliense.com.br\/cbradar\/wp-json\/wp\/v2\/posts\/11392","targetHints":{"allow":["GET"]}}],"collection":[{"href":"https:\/\/www.correiobraziliense.com.br\/cbradar\/wp-json\/wp\/v2\/posts"}],"about":[{"href":"https:\/\/www.correiobraziliense.com.br\/cbradar\/wp-json\/wp\/v2\/types\/post"}],"author":[{"embeddable":true,"href":"https:\/\/www.correiobraziliense.com.br\/cbradar\/wp-json\/wp\/v2\/users\/3"}],"replies":[{"embeddable":true,"href":"https:\/\/www.correiobraziliense.com.br\/cbradar\/wp-json\/wp\/v2\/comments?post=11392"}],"version-history":[{"count":3,"href":"https:\/\/www.correiobraziliense.com.br\/cbradar\/wp-json\/wp\/v2\/posts\/11392\/revisions"}],"predecessor-version":[{"id":11639,"href":"https:\/\/www.correiobraziliense.com.br\/cbradar\/wp-json\/wp\/v2\/posts\/11392\/revisions\/11639"}],"wp:featuredmedia":[{"embeddable":true,"href":"https:\/\/www.correiobraziliense.com.br\/cbradar\/wp-json\/wp\/v2\/media\/11393"}],"wp:attachment":[{"href":"https:\/\/www.correiobraziliense.com.br\/cbradar\/wp-json\/wp\/v2\/media?parent=11392"}],"wp:term":[{"taxonomy":"category","embeddable":true,"href":"https:\/\/www.correiobraziliense.com.br\/cbradar\/wp-json\/wp\/v2\/categories?post=11392"},{"taxonomy":"post_tag","embeddable":true,"href":"https:\/\/www.correiobraziliense.com.br\/cbradar\/wp-json\/wp\/v2\/post_tag?post=11392"}],"curies":[{"name":"wp","href":"https:\/\/api.w.org\/{rel}","templated":true}]}}