{"id":11409,"date":"2025-03-12T20:10:00","date_gmt":"2025-03-12T23:10:00","guid":{"rendered":"https:\/\/www.correiobraziliense.com.br\/cbradar\/?p=11409"},"modified":"2025-03-11T11:42:20","modified_gmt":"2025-03-11T14:42:20","slug":"conheca-a-cidade-que-comecou-a-ser-construida-e-nunca-foi-terminada","status":"publish","type":"post","link":"https:\/\/www.correiobraziliense.com.br\/cbradar\/conheca-a-cidade-que-comecou-a-ser-construida-e-nunca-foi-terminada\/","title":{"rendered":"Conhe\u00e7a a cidade que come\u00e7ou a ser constru\u00edda e nunca foi terminada"},"content":{"rendered":"\n<p>Em muitos lugares do mundo, cidades crescem rapidamente para atender a demanda da popula\u00e7\u00e3o. Mas em <strong>Ordos, na China<\/strong>, aconteceu o contr\u00e1rio: <strong>uma cidade inteira foi constru\u00edda, mas quase ningu\u00e9m se mudou para l\u00e1<\/strong>.<\/p>\n\n\n\n<p>Conhecida como a <strong>&#8220;cidade fantasma da China&#8221;<\/strong>, Ordos foi projetada para ser um s\u00edmbolo de modernidade e progresso. No entanto, ruas largas, arranha-c\u00e9us e bairros luxuosos ficaram quase completamente vazios. Mas por que essa cidade nunca foi terminada?<\/p>\n\n\n\n<h2 class=\"wp-block-heading\"><strong>O plano ambicioso de Ordos<\/strong><\/h2>\n\n\n\n<p>Ordos est\u00e1 localizada na <strong>Mong\u00f3lia Interior<\/strong>, uma regi\u00e3o rica em carv\u00e3o, g\u00e1s natural e minerais. Com o boom econ\u00f4mico da China nos anos 2000, o governo decidiu construir uma nova \u00e1rea chamada <strong>Kangbashi<\/strong>, que deveria abrigar <strong>1 milh\u00e3o de pessoas<\/strong> e se tornar um dos principais centros urbanos do pa\u00eds.<\/p>\n\n\n\n<p>O projeto inclu\u00eda:<\/p>\n\n\n\n<ul class=\"wp-block-list\">\n<li><strong>Arranha-c\u00e9us modernos<\/strong><\/li>\n\n\n\n<li><strong>Museus, teatros e centros culturais futuristas<\/strong><\/li>\n\n\n\n<li><strong>Lagos artificiais e pra\u00e7as enormes<\/strong><\/li>\n\n\n\n<li><strong>Infraestrutura de transporte de ponta<\/strong><\/li>\n<\/ul>\n\n\n\n<p>No papel, Ordos parecia ser o futuro. Mas, na pr\u00e1tica, a cidade nunca foi totalmente ocupada.<\/p>\n\n\n\n<figure class=\"wp-block-image size-large\"><img decoding=\"async\" width=\"1024\" height=\"576\" src=\"https:\/\/www.correiobraziliense.com.br\/cbradar\/wp-content\/uploads\/2025\/03\/cidade-construcao_1741698611215-1024x576.jpg\" alt=\"Conhe\u00e7a a cidade que come\u00e7ou a ser constru\u00edda e nunca foi terminada\" class=\"wp-image-11414\" srcset=\"https:\/\/www.correiobraziliense.com.br\/cbradar\/wp-content\/uploads\/2025\/03\/cidade-construcao_1741698611215-1024x576.jpg 1024w, https:\/\/www.correiobraziliense.com.br\/cbradar\/wp-content\/uploads\/2025\/03\/cidade-construcao_1741698611215-300x169.jpg 300w, https:\/\/www.correiobraziliense.com.br\/cbradar\/wp-content\/uploads\/2025\/03\/cidade-construcao_1741698611215-768x432.jpg 768w, https:\/\/www.correiobraziliense.com.br\/cbradar\/wp-content\/uploads\/2025\/03\/cidade-construcao_1741698611215-750x422.jpg 750w, https:\/\/www.correiobraziliense.com.br\/cbradar\/wp-content\/uploads\/2025\/03\/cidade-construcao_1741698611215-1140x641.jpg 1140w, https:\/\/www.correiobraziliense.com.br\/cbradar\/wp-content\/uploads\/2025\/03\/cidade-construcao_1741698611215.jpg 1280w\" sizes=\"(max-width: 1024px) 100vw, 1024px\" \/><figcaption class=\"wp-element-caption\">Cidade em constru\u00e7\u00e3o. Cr\u00e9ditos: depositphotos.com \/ MarusiaBO<\/figcaption><\/figure>\n\n\n\n<h2 class=\"wp-block-heading\"><strong>Por que Ordos ficou vazia?<\/strong><\/h2>\n\n\n\n<p>Apesar do planejamento ambicioso, v\u00e1rios fatores impediram que a cidade fosse completamente habitada:<\/p>\n\n\n\n<ol class=\"wp-block-list\">\n<li><strong>Alugu\u00e9is e im\u00f3veis caros<\/strong> \u2013 A especula\u00e7\u00e3o imobili\u00e1ria fez os pre\u00e7os dispararem, afastando moradores comuns.<\/li>\n\n\n\n<li><strong>Falta de empregos<\/strong> \u2013 Como a cidade foi constru\u00edda do zero, n\u00e3o havia muitas oportunidades de trabalho.<\/li>\n\n\n\n<li><strong>Investidores compraram im\u00f3veis, mas ningu\u00e9m se mudou<\/strong> \u2013 Muitos apartamentos foram adquiridos como investimento, mas ficaram fechados.<\/li>\n\n\n\n<li><strong>Dist\u00e2ncia de grandes centros urbanos<\/strong> \u2013 Ordos fica em uma \u00e1rea remota, longe das principais cidades chinesas.<\/li>\n\n\n\n<li><strong>Crescimento desacelerado da economia chinesa<\/strong> \u2013 O pa\u00eds passou por mudan\u00e7as econ\u00f4micas que afetaram a demanda por novas cidades.<\/li>\n<\/ol>\n\n\n\n<p>O resultado? <strong>Uma cidade futurista, mas com ruas desertas e pr\u00e9dios vazios<\/strong>.<\/p>\n\n\n\n<h2 class=\"wp-block-heading\"><strong>Como \u00e9 a vida em uma cidade quase vazia?<\/strong><\/h2>\n\n\n\n<p>Embora Ordos tenha menos habitantes do que o esperado, algumas partes da cidade come\u00e7aram a ser ocupadas. Algumas caracter\u00edsticas do cotidiano incluem:<\/p>\n\n\n\n<ul class=\"wp-block-list\">\n<li><strong>Shopping centers e avenidas sem movimento<\/strong> \u2013 Lojas e restaurantes muitas vezes operam com poucos clientes.<\/li>\n\n\n\n<li><strong>Bairros completos sem moradores<\/strong> \u2013 Pr\u00e9dios de luxo ficaram fechados por anos, sem ningu\u00e9m para morar neles.<\/li>\n\n\n\n<li><strong>Eventos grandiosos, mas sem p\u00fablico<\/strong> \u2013 O governo tentou atrair habitantes organizando festivais e competi\u00e7\u00f5es, mas sem sucesso.<\/li>\n\n\n\n<li><strong>Pouca vida noturna e poucos servi\u00e7os<\/strong> \u2013 Sem muitos moradores, a cidade tem pouca atividade comercial.<\/li>\n\n\n\n<li><strong>Tentativas de revitaliza\u00e7\u00e3o<\/strong> \u2013 Nos \u00faltimos anos, algumas \u00e1reas come\u00e7aram a ganhar vida, mas o progresso \u00e9 lento.<\/li>\n<\/ul>\n\n\n\n<h2 class=\"wp-block-heading\"><strong>Curiosidades sobre Ordos<\/strong><\/h2>\n\n\n\n<ul class=\"wp-block-list\">\n<li><strong>Uma das cidades mais modernas da China&#8230; mas vazia<\/strong> \u2013 Ordos foi projetada para ser um exemplo de urbaniza\u00e7\u00e3o inteligente, mas falhou em atrair moradores.<\/li>\n\n\n\n<li><strong>Est\u00e1tuas e monumentos grandiosos<\/strong> \u2013 A cidade tem algumas das maiores est\u00e1tuas da China, incluindo um imenso monumento a Genghis Khan.<\/li>\n\n\n\n<li><strong>Foi usada como exemplo de &#8220;bolha imobili\u00e1ria&#8221;<\/strong> \u2013 O fracasso de Ordos virou um s\u00edmbolo dos problemas do mercado imobili\u00e1rio chin\u00eas.<\/li>\n\n\n\n<li><strong>Ainda h\u00e1 esperan\u00e7a<\/strong> \u2013 O governo continua incentivando empresas e universidades a se instalarem na cidade para atrair mais pessoas.<\/li>\n\n\n\n<li><strong>J\u00e1 foi cen\u00e1rio de filmes e reportagens<\/strong> \u2013 O visual surreal da cidade vazia chamou a aten\u00e7\u00e3o da m\u00eddia internacional.<\/li>\n<\/ul>\n\n\n\n<h2 class=\"wp-block-heading\"><strong>Ordos pode um dia ser ocupada?<\/strong><\/h2>\n\n\n\n<p>Embora tenha sido considerada um <strong>fracasso urbano<\/strong>, Ordos ainda tem potencial para ser revitalizada. Aos poucos, mais pessoas est\u00e3o se mudando para a cidade, e algumas empresas est\u00e3o come\u00e7ando a operar l\u00e1.<\/p>\n\n\n\n<p>Mas, por enquanto, Ordos continua sendo <strong>uma das cidades mais modernas e menos habitadas do mundo<\/strong> \u2013 um lembrete de que nem toda expans\u00e3o urbana acontece como planejado.<\/p>\n","protected":false},"excerpt":{"rendered":"<p>Uma cidade inteira foi constru\u00edda para 1 milh\u00e3o de pessoas, mas permaneceu vazia. Por qu\u00ea? Descubra os mist\u00e9rios da cidade fantasma moderna.<\/p>\n","protected":false},"author":3,"featured_media":11411,"comment_status":"open","ping_status":"open","sticky":false,"template":"","format":"standard","meta":{"_yoast_wpseo_focuskw":"cidade nunca terminada","_yoast_wpseo_title":"%%title%%","_yoast_wpseo_metadesc":"Uma cidade inteira foi constru\u00edda para 1 milh\u00e3o de pessoas, mas permaneceu vazia. Por qu\u00ea? Descubra os mist\u00e9rios da cidade fantasma moderna.","jnews-multi-image_gallery":[],"jnews_single_post":{"format":"standard"},"jnews_primary_category":[],"jnews_social_meta":[],"jnews_override_counter":[],"footnotes":""},"categories":[108],"post_tag":[109],"class_list":["post-11409","post","type-post","status-publish","format-standard","has-post-thumbnail","hentry","category-cidades","tag-cidades"],"yoast_head":"<!-- This site is optimized with the Yoast SEO plugin v24.6 - https:\/\/yoast.com\/wordpress\/plugins\/seo\/ -->\n<title>Conhe\u00e7a a cidade que come\u00e7ou a ser constru\u00edda e nunca foi terminada<\/title>\n<meta name=\"description\" content=\"Uma cidade inteira foi constru\u00edda para 1 milh\u00e3o de pessoas, mas permaneceu vazia. Por qu\u00ea? Descubra os mist\u00e9rios da cidade fantasma moderna.\" \/>\n<meta name=\"robots\" content=\"index, follow, max-snippet:-1, max-image-preview:large, max-video-preview:-1\" \/>\n<link rel=\"canonical\" href=\"https:\/\/www.correiobraziliense.com.br\/cbradar\/conheca-a-cidade-que-comecou-a-ser-construida-e-nunca-foi-terminada\/\" \/>\n<meta property=\"og:locale\" content=\"pt_BR\" \/>\n<meta property=\"og:type\" content=\"article\" \/>\n<meta property=\"og:title\" content=\"Conhe\u00e7a a cidade que come\u00e7ou a ser constru\u00edda e nunca foi terminada\" \/>\n<meta property=\"og:description\" content=\"Uma cidade inteira foi constru\u00edda para 1 milh\u00e3o de pessoas, mas permaneceu vazia. Por qu\u00ea? Descubra os mist\u00e9rios da cidade fantasma moderna.\" \/>\n<meta property=\"og:url\" content=\"https:\/\/www.correiobraziliense.com.br\/cbradar\/conheca-a-cidade-que-comecou-a-ser-construida-e-nunca-foi-terminada\/\" \/>\n<meta property=\"og:site_name\" content=\"Correio Braziliense - Radar\" \/>\n<meta property=\"article:published_time\" content=\"2025-03-12T23:10:00+00:00\" \/>\n<meta property=\"og:image\" content=\"https:\/\/www.correiobraziliense.com.br\/cbradar\/wp-content\/uploads\/2025\/03\/cidade-construcao_1741698530792.jpg\" \/>\n\t<meta property=\"og:image:width\" content=\"1280\" \/>\n\t<meta property=\"og:image:height\" content=\"720\" \/>\n\t<meta property=\"og:image:type\" content=\"image\/jpeg\" \/>\n<meta name=\"author\" content=\"Larissa Carvalho\" \/>\n<meta name=\"twitter:card\" content=\"summary_large_image\" \/>\n<meta name=\"twitter:label1\" content=\"Escrito por\" \/>\n\t<meta name=\"twitter:data1\" content=\"Larissa Carvalho\" \/>\n\t<meta name=\"twitter:label2\" content=\"Est. tempo de leitura\" \/>\n\t<meta name=\"twitter:data2\" content=\"4 minutos\" \/>\n<!-- \/ Yoast SEO plugin. -->","yoast_head_json":{"title":"Conhe\u00e7a a cidade que come\u00e7ou a ser constru\u00edda e nunca foi terminada","description":"Uma cidade inteira foi constru\u00edda para 1 milh\u00e3o de pessoas, mas permaneceu vazia. Por qu\u00ea? Descubra os mist\u00e9rios da cidade fantasma moderna.","robots":{"index":"index","follow":"follow","max-snippet":"max-snippet:-1","max-image-preview":"max-image-preview:large","max-video-preview":"max-video-preview:-1"},"canonical":"https:\/\/www.correiobraziliense.com.br\/cbradar\/conheca-a-cidade-que-comecou-a-ser-construida-e-nunca-foi-terminada\/","og_locale":"pt_BR","og_type":"article","og_title":"Conhe\u00e7a a cidade que come\u00e7ou a ser constru\u00edda e nunca foi terminada","og_description":"Uma cidade inteira foi constru\u00edda para 1 milh\u00e3o de pessoas, mas permaneceu vazia. Por qu\u00ea? Descubra os mist\u00e9rios da cidade fantasma moderna.","og_url":"https:\/\/www.correiobraziliense.com.br\/cbradar\/conheca-a-cidade-que-comecou-a-ser-construida-e-nunca-foi-terminada\/","og_site_name":"Correio Braziliense - Radar","article_published_time":"2025-03-12T23:10:00+00:00","og_image":[{"width":1280,"height":720,"url":"https:\/\/www.correiobraziliense.com.br\/cbradar\/wp-content\/uploads\/2025\/03\/cidade-construcao_1741698530792.jpg","type":"image\/jpeg"}],"author":"Larissa Carvalho","twitter_card":"summary_large_image","twitter_misc":{"Escrito por":"Larissa Carvalho","Est. tempo de leitura":"4 minutos"},"schema":{"@context":"https:\/\/schema.org","@graph":[{"@type":"WebPage","@id":"https:\/\/www.correiobraziliense.com.br\/cbradar\/conheca-a-cidade-que-comecou-a-ser-construida-e-nunca-foi-terminada\/","url":"https:\/\/www.correiobraziliense.com.br\/cbradar\/conheca-a-cidade-que-comecou-a-ser-construida-e-nunca-foi-terminada\/","name":"Conhe\u00e7a a cidade que come\u00e7ou a ser constru\u00edda e nunca foi terminada","isPartOf":{"@id":"https:\/\/www.correiobraziliense.com.br\/cbradar\/#website"},"primaryImageOfPage":{"@id":"https:\/\/www.correiobraziliense.com.br\/cbradar\/conheca-a-cidade-que-comecou-a-ser-construida-e-nunca-foi-terminada\/#primaryimage"},"image":{"@id":"https:\/\/www.correiobraziliense.com.br\/cbradar\/conheca-a-cidade-que-comecou-a-ser-construida-e-nunca-foi-terminada\/#primaryimage"},"thumbnailUrl":"https:\/\/www.correiobraziliense.com.br\/cbradar\/wp-content\/uploads\/2025\/03\/cidade-construcao_1741698530792.jpg","datePublished":"2025-03-12T23:10:00+00:00","author":{"@id":"https:\/\/www.correiobraziliense.com.br\/cbradar\/#\/schema\/person\/58422787644df994b53a19d3e56c1513"},"description":"Uma cidade inteira foi constru\u00edda para 1 milh\u00e3o de pessoas, mas permaneceu vazia. Por qu\u00ea? Descubra os mist\u00e9rios da cidade fantasma moderna.","breadcrumb":{"@id":"https:\/\/www.correiobraziliense.com.br\/cbradar\/conheca-a-cidade-que-comecou-a-ser-construida-e-nunca-foi-terminada\/#breadcrumb"},"inLanguage":"pt-BR","potentialAction":[{"@type":"ReadAction","target":["https:\/\/www.correiobraziliense.com.br\/cbradar\/conheca-a-cidade-que-comecou-a-ser-construida-e-nunca-foi-terminada\/"]}]},{"@type":"ImageObject","inLanguage":"pt-BR","@id":"https:\/\/www.correiobraziliense.com.br\/cbradar\/conheca-a-cidade-que-comecou-a-ser-construida-e-nunca-foi-terminada\/#primaryimage","url":"https:\/\/www.correiobraziliense.com.br\/cbradar\/wp-content\/uploads\/2025\/03\/cidade-construcao_1741698530792.jpg","contentUrl":"https:\/\/www.correiobraziliense.com.br\/cbradar\/wp-content\/uploads\/2025\/03\/cidade-construcao_1741698530792.jpg","width":1280,"height":720,"caption":"Cidade em constru\u00e7\u00e3o. Cr\u00e9ditos: depositphotos.com \/ Y-Boychenko"},{"@type":"BreadcrumbList","@id":"https:\/\/www.correiobraziliense.com.br\/cbradar\/conheca-a-cidade-que-comecou-a-ser-construida-e-nunca-foi-terminada\/#breadcrumb","itemListElement":[{"@type":"ListItem","position":1,"name":"In\u00edcio","item":"https:\/\/www.correiobraziliense.com.br\/cbradar\/"},{"@type":"ListItem","position":2,"name":"Conhe\u00e7a a cidade que come\u00e7ou a ser constru\u00edda e nunca foi terminada"}]},{"@type":"WebSite","@id":"https:\/\/www.correiobraziliense.com.br\/cbradar\/#website","url":"https:\/\/www.correiobraziliense.com.br\/cbradar\/","name":"Correio Braziliense - Radar","description":"Acompanhe as \u00faltimas not\u00edcias e fique bem informado sobre tudo o que acontece no Brasil e no mundo.","potentialAction":[{"@type":"SearchAction","target":{"@type":"EntryPoint","urlTemplate":"https:\/\/www.correiobraziliense.com.br\/cbradar\/?s={search_term_string}"},"query-input":{"@type":"PropertyValueSpecification","valueRequired":true,"valueName":"search_term_string"}}],"inLanguage":"pt-BR"},{"@type":"Person","@id":"https:\/\/www.correiobraziliense.com.br\/cbradar\/#\/schema\/person\/58422787644df994b53a19d3e56c1513","name":"Larissa Carvalho","image":{"@type":"ImageObject","inLanguage":"pt-BR","@id":"https:\/\/www.correiobraziliense.com.br\/cbradar\/#\/schema\/person\/image\/","url":"https:\/\/secure.gravatar.com\/avatar\/fe4f91a0de32b52a838d0d612abdc1aa?s=96&d=mm&r=g","contentUrl":"https:\/\/secure.gravatar.com\/avatar\/fe4f91a0de32b52a838d0d612abdc1aa?s=96&d=mm&r=g","caption":"Larissa Carvalho"},"url":"https:\/\/www.correiobraziliense.com.br\/cbradar\/author\/larissamyth\/"}]}},"_links":{"self":[{"href":"https:\/\/www.correiobraziliense.com.br\/cbradar\/wp-json\/wp\/v2\/posts\/11409","targetHints":{"allow":["GET"]}}],"collection":[{"href":"https:\/\/www.correiobraziliense.com.br\/cbradar\/wp-json\/wp\/v2\/posts"}],"about":[{"href":"https:\/\/www.correiobraziliense.com.br\/cbradar\/wp-json\/wp\/v2\/types\/post"}],"author":[{"embeddable":true,"href":"https:\/\/www.correiobraziliense.com.br\/cbradar\/wp-json\/wp\/v2\/users\/3"}],"replies":[{"embeddable":true,"href":"https:\/\/www.correiobraziliense.com.br\/cbradar\/wp-json\/wp\/v2\/comments?post=11409"}],"version-history":[{"count":1,"href":"https:\/\/www.correiobraziliense.com.br\/cbradar\/wp-json\/wp\/v2\/posts\/11409\/revisions"}],"predecessor-version":[{"id":11415,"href":"https:\/\/www.correiobraziliense.com.br\/cbradar\/wp-json\/wp\/v2\/posts\/11409\/revisions\/11415"}],"wp:featuredmedia":[{"embeddable":true,"href":"https:\/\/www.correiobraziliense.com.br\/cbradar\/wp-json\/wp\/v2\/media\/11411"}],"wp:attachment":[{"href":"https:\/\/www.correiobraziliense.com.br\/cbradar\/wp-json\/wp\/v2\/media?parent=11409"}],"wp:term":[{"taxonomy":"category","embeddable":true,"href":"https:\/\/www.correiobraziliense.com.br\/cbradar\/wp-json\/wp\/v2\/categories?post=11409"},{"taxonomy":"post_tag","embeddable":true,"href":"https:\/\/www.correiobraziliense.com.br\/cbradar\/wp-json\/wp\/v2\/post_tag?post=11409"}],"curies":[{"name":"wp","href":"https:\/\/api.w.org\/{rel}","templated":true}]}}