{"id":114110,"date":"2025-10-06T12:53:00","date_gmt":"2025-10-06T15:53:00","guid":{"rendered":"https:\/\/www.correiobraziliense.com.br\/cbradar\/?p=114110"},"modified":"2025-10-05T13:42:37","modified_gmt":"2025-10-05T16:42:37","slug":"o-truque-para-manter-sua-horta-livre-de-pragas-sem-produtos-quimicos","status":"publish","type":"post","link":"https:\/\/www.correiobraziliense.com.br\/cbradar\/o-truque-para-manter-sua-horta-livre-de-pragas-sem-produtos-quimicos\/","title":{"rendered":"O truque para manter sua horta livre de pragas sem produtos qu\u00edmicos"},"content":{"rendered":"\n<p>Manter uma horta saud\u00e1vel \u00e9 um desafio que muitos jardineiros enfrentam, especialmente quando surgem pragas que podem comprometer o crescimento das plantas. No entanto, \u00e9 poss\u00edvel controlar esses invasores sem recorrer a produtos qu\u00edmicos agressivos, preservando a sa\u00fade do solo, das plantas e at\u00e9 da sua fam\u00edlia. Com estrat\u00e9gias naturais, a horta continua produtiva, bonita e ecol\u00f3gica.<\/p>\n\n\n\n<p>A pr\u00e1tica de m\u00e9todos naturais tamb\u00e9m incentiva o equil\u00edbrio do ecossistema na horta. <strong>Plantas saud\u00e1veis e solo f\u00e9rtil s\u00e3o menos vulner\u00e1veis a ataques de pragas<\/strong>, e o uso de solu\u00e7\u00f5es caseiras contribui para um cultivo sustent\u00e1vel, seguro e eficiente, respeitando o meio ambiente e promovendo a biodiversidade.<\/p>\n\n\n\n<h2 class=\"wp-block-heading\">Como identificar as principais pragas?<\/h2>\n\n\n\n<p>O primeiro passo para combater pragas \u00e9 saber reconhec\u00ea-las. Entre os insetos mais comuns est\u00e3o pulg\u00f5es, lagartas, formigas e cochonilhas, que atacam folhas, caules e ra\u00edzes. Observar regularmente suas plantas permite identificar precocemente os problemas e agir antes que os danos se tornem graves.<\/p>\n\n\n\n<p>Al\u00e9m de insetos, doen\u00e7as f\u00fangicas tamb\u00e9m podem prejudicar a horta. Manchas nas folhas e crescimento lento s\u00e3o sinais de alerta. <strong>Plantas que recebem luz e ventila\u00e7\u00e3o adequadas s\u00e3o mais resistentes<\/strong>, mas a aten\u00e7\u00e3o constante \u00e9 essencial para manter a horta produtiva e saud\u00e1vel durante o ano todo.<\/p>\n\n\n<div class=\"wp-block-image\">\n<figure class=\"aligncenter size-large\"><img decoding=\"async\" width=\"1024\" height=\"576\" src=\"https:\/\/www.correiobraziliense.com.br\/cbradar\/wp-content\/uploads\/2025\/10\/horta_com_pragas_1280x720-1024x576.png\" alt=\"O truque para manter sua horta livre de pragas sem produtos qu\u00edmicos\" class=\"wp-image-114185\" srcset=\"https:\/\/www.correiobraziliense.com.br\/cbradar\/wp-content\/uploads\/2025\/10\/horta_com_pragas_1280x720-1024x576.png 1024w, https:\/\/www.correiobraziliense.com.br\/cbradar\/wp-content\/uploads\/2025\/10\/horta_com_pragas_1280x720-300x169.png 300w, https:\/\/www.correiobraziliense.com.br\/cbradar\/wp-content\/uploads\/2025\/10\/horta_com_pragas_1280x720-768x432.png 768w, https:\/\/www.correiobraziliense.com.br\/cbradar\/wp-content\/uploads\/2025\/10\/horta_com_pragas_1280x720-750x422.png 750w, https:\/\/www.correiobraziliense.com.br\/cbradar\/wp-content\/uploads\/2025\/10\/horta_com_pragas_1280x720-1140x641.png 1140w, https:\/\/www.correiobraziliense.com.br\/cbradar\/wp-content\/uploads\/2025\/10\/horta_com_pragas_1280x720.png 1280w\" sizes=\"(max-width: 1024px) 100vw, 1024px\" \/><figcaption class=\"wp-element-caption\">Horta destru\u00edda por pragas \/\/ Cr\u00e9ditos: @mauramyth &#8211; Lovart IA<\/figcaption><\/figure><\/div>\n\n\n<h2 class=\"wp-block-heading\">Plantas que ajudam a repelir pragas naturalmente<\/h2>\n\n\n\n<p>Uma das estrat\u00e9gias mais eficazes \u00e9 cultivar plantas que atuam como repelentes naturais. Elas liberam subst\u00e2ncias arom\u00e1ticas que afastam insetos sem prejudicar as esp\u00e9cies cultivadas.<\/p>\n\n\n\n<ul class=\"wp-block-list\">\n<li><strong>Manjeric\u00e3o:<\/strong> afasta mosquitos e moscas.<\/li>\n\n\n\n<li><strong>Hortel\u00e3:<\/strong> repele pulg\u00f5es e formigas.<\/li>\n\n\n\n<li><strong>Alecrim:<\/strong> protege contra lagartas.<\/li>\n\n\n\n<li><strong>Cal\u00eandula:<\/strong> atrai insetos ben\u00e9ficos que combatem pragas.<\/li>\n<\/ul>\n\n\n\n<p><strong>Essas plantas podem ser intercaladas entre vegetais ou pr\u00f3ximas \u00e0 horta<\/strong>, criando uma barreira natural contra os invasores e promovendo diversidade biol\u00f3gica.<\/p>\n\n\n\n<h2 class=\"wp-block-heading\">Solu\u00e7\u00f5es caseiras para proteger suas plantas<\/h2>\n\n\n\n<p>Al\u00e9m de plantas repelentes, \u00e9 poss\u00edvel preparar solu\u00e7\u00f5es simples e eficazes em casa. Um exemplo \u00e9 a mistura de \u00e1gua com sab\u00e3o neutro, que elimina pulg\u00f5es e outros insetos sugadores. Outra op\u00e7\u00e3o \u00e9 o \u00f3leo de neem, extra\u00eddo de \u00e1rvores da \u00cdndia, que age como pesticida natural sem prejudicar o solo.<\/p>\n\n\n\n<p>A aplica\u00e7\u00e3o deve ser feita nas folhas, principalmente na parte inferior, onde os insetos costumam se concentrar. <strong>O uso dessas solu\u00e7\u00f5es com regularidade mant\u00e9m a horta protegida e evita a necessidade de produtos qu\u00edmicos agressivos<\/strong>, garantindo alimentos mais saud\u00e1veis.<\/p>\n\n\n\n<h2 class=\"wp-block-heading\">Cuidados culturais que reduzem pragas<\/h2>\n\n\n\n<p>A preven\u00e7\u00e3o \u00e9 sempre a melhor estrat\u00e9gia. Manter o solo aerado e bem drenado ajuda a impedir que fungos se proliferem. Tamb\u00e9m \u00e9 importante alternar o cultivo de diferentes esp\u00e9cies ao longo do ano, pr\u00e1tica conhecida como rota\u00e7\u00e3o de culturas, que dificulta a reprodu\u00e7\u00e3o de pragas espec\u00edficas.<\/p>\n\n\n\n<p>Remover folhas e frutos ca\u00eddos \u00e9 outra medida preventiva. Esses materiais podem abrigar insetos e fungos. <strong>Hortas limpas e organizadas n\u00e3o somente previnem pragas, mas tamb\u00e9m facilitam a colheita e aumentam a produtividade.<\/strong><\/p>\n\n\n\n<p><strong>Leia tamb\u00e9m: <a href=\"https:\/\/www.correiobraziliense.com.br\/cbradar\/a-flor-que-quase-nao-precisa-de-rega-e-enche-a-casa-de-cor\/\" target=\"_blank\" rel=\"noreferrer noopener\">A flor que quase n\u00e3o precisa de rega e enche a casa de cor<\/a>.<\/strong><\/p>\n\n\n\n<h2 class=\"wp-block-heading\">Benef\u00edcios de uma horta sem qu\u00edmicos<\/h2>\n\n\n\n<p>Uma horta livre de produtos qu\u00edmicos garante alimentos mais seguros e nutritivos. Al\u00e9m disso, promove um ambiente mais saud\u00e1vel para voc\u00ea e sua fam\u00edlia, preservando insetos ben\u00e9ficos, p\u00e1ssaros e microorganismos do solo. Plantas fortes, bem cuidadas e protegidas naturalmente t\u00eam folhas mais verdes, frutos mais saborosos e uma apar\u00eancia vigorosa.<\/p>\n\n\n\n<p>Cultivar naturalmente tamb\u00e9m incentiva h\u00e1bitos sustent\u00e1veis e conscientes. <strong>Ao aprender a lidar com pragas de maneira org\u00e2nica, o jardineiro desenvolve uma conex\u00e3o mais profunda com a natureza<\/strong>, entendendo o ciclo de vida das plantas e fortalecendo seu jardim para resistir a desafios futuros.<\/p>\n","protected":false},"excerpt":{"rendered":"<p>Manter uma horta saud\u00e1vel \u00e9 um desafio que muitos jardineiros enfrentam, especialmente quando surgem pragas que podem comprometer o crescimento das plantas. No entanto, \u00e9 poss\u00edvel controlar esses invasores sem recorrer a produtos qu\u00edmicos agressivos, preservando a sa\u00fade do solo, das plantas e at\u00e9 da sua fam\u00edlia. Com estrat\u00e9gias naturais, a horta continua produtiva, bonita [&hellip;]<\/p>\n","protected":false},"author":8,"featured_media":114186,"comment_status":"open","ping_status":"open","sticky":false,"template":"","format":"standard","meta":{"_yoast_wpseo_focuskw":"horta","_yoast_wpseo_title":"","_yoast_wpseo_metadesc":"Descubra como expulsar pragas da sua horta naturalmente e manter suas plantas saud\u00e1veis sem usar produtos qu\u00edmicos.","jnews-multi-image_gallery":[],"jnews_single_post":{"format":"standard"},"jnews_primary_category":[],"jnews_social_meta":[],"jnews_override_counter":[],"footnotes":""},"categories":[136],"tags":[137,943,919],"class_list":["post-114110","post","type-post","status-publish","format-standard","has-post-thumbnail","hentry","category-jardinagem","tag-como-plantar","tag-horta","tag-pragas"],"yoast_head":"<!-- This site is optimized with the Yoast SEO plugin v24.6 - https:\/\/yoast.com\/wordpress\/plugins\/seo\/ -->\n<title>O truque para manter sua horta livre de pragas sem produtos qu\u00edmicos - Correio Braziliense - Radar<\/title>\n<meta name=\"description\" content=\"Descubra como expulsar pragas da sua horta naturalmente e manter suas plantas saud\u00e1veis sem usar produtos qu\u00edmicos.\" \/>\n<meta name=\"robots\" content=\"index, follow, max-snippet:-1, max-image-preview:large, max-video-preview:-1\" \/>\n<link rel=\"canonical\" href=\"https:\/\/www.correiobraziliense.com.br\/cbradar\/o-truque-para-manter-sua-horta-livre-de-pragas-sem-produtos-quimicos\/\" \/>\n<meta property=\"og:locale\" content=\"pt_BR\" \/>\n<meta property=\"og:type\" content=\"article\" \/>\n<meta property=\"og:title\" content=\"O truque para manter sua horta livre de pragas sem produtos qu\u00edmicos - Correio Braziliense - Radar\" \/>\n<meta property=\"og:description\" content=\"Descubra como expulsar pragas da sua horta naturalmente e manter suas plantas saud\u00e1veis sem usar produtos qu\u00edmicos.\" \/>\n<meta property=\"og:url\" content=\"https:\/\/www.correiobraziliense.com.br\/cbradar\/o-truque-para-manter-sua-horta-livre-de-pragas-sem-produtos-quimicos\/\" \/>\n<meta property=\"og:site_name\" content=\"Correio Braziliense - Radar\" \/>\n<meta property=\"article:published_time\" content=\"2025-10-06T15:53:00+00:00\" \/>\n<meta property=\"og:image\" content=\"https:\/\/www.correiobraziliense.com.br\/cbradar\/wp-content\/uploads\/2025\/10\/Design-sem-nome-10.png\" \/>\n\t<meta property=\"og:image:width\" content=\"1280\" \/>\n\t<meta property=\"og:image:height\" content=\"720\" \/>\n\t<meta property=\"og:image:type\" content=\"image\/png\" \/>\n<meta name=\"author\" content=\"Maura Pereira\" \/>\n<meta name=\"twitter:card\" content=\"summary_large_image\" \/>\n<meta name=\"twitter:label1\" content=\"Escrito por\" \/>\n\t<meta name=\"twitter:data1\" content=\"Maura Pereira\" \/>\n\t<meta name=\"twitter:label2\" content=\"Est. tempo de leitura\" \/>\n\t<meta name=\"twitter:data2\" content=\"4 minutos\" \/>\n<!-- \/ Yoast SEO plugin. -->","yoast_head_json":{"title":"O truque para manter sua horta livre de pragas sem produtos qu\u00edmicos - Correio Braziliense - Radar","description":"Descubra como expulsar pragas da sua horta naturalmente e manter suas plantas saud\u00e1veis sem usar produtos qu\u00edmicos.","robots":{"index":"index","follow":"follow","max-snippet":"max-snippet:-1","max-image-preview":"max-image-preview:large","max-video-preview":"max-video-preview:-1"},"canonical":"https:\/\/www.correiobraziliense.com.br\/cbradar\/o-truque-para-manter-sua-horta-livre-de-pragas-sem-produtos-quimicos\/","og_locale":"pt_BR","og_type":"article","og_title":"O truque para manter sua horta livre de pragas sem produtos qu\u00edmicos - Correio Braziliense - Radar","og_description":"Descubra como expulsar pragas da sua horta naturalmente e manter suas plantas saud\u00e1veis sem usar produtos qu\u00edmicos.","og_url":"https:\/\/www.correiobraziliense.com.br\/cbradar\/o-truque-para-manter-sua-horta-livre-de-pragas-sem-produtos-quimicos\/","og_site_name":"Correio Braziliense - Radar","article_published_time":"2025-10-06T15:53:00+00:00","og_image":[{"width":1280,"height":720,"url":"https:\/\/www.correiobraziliense.com.br\/cbradar\/wp-content\/uploads\/2025\/10\/Design-sem-nome-10.png","type":"image\/png"}],"author":"Maura Pereira","twitter_card":"summary_large_image","twitter_misc":{"Escrito por":"Maura Pereira","Est. tempo de leitura":"4 minutos"},"schema":{"@context":"https:\/\/schema.org","@graph":[{"@type":"WebPage","@id":"https:\/\/www.correiobraziliense.com.br\/cbradar\/o-truque-para-manter-sua-horta-livre-de-pragas-sem-produtos-quimicos\/","url":"https:\/\/www.correiobraziliense.com.br\/cbradar\/o-truque-para-manter-sua-horta-livre-de-pragas-sem-produtos-quimicos\/","name":"O truque para manter sua horta livre de pragas sem produtos qu\u00edmicos - Correio Braziliense - Radar","isPartOf":{"@id":"https:\/\/www.correiobraziliense.com.br\/cbradar\/#website"},"primaryImageOfPage":{"@id":"https:\/\/www.correiobraziliense.com.br\/cbradar\/o-truque-para-manter-sua-horta-livre-de-pragas-sem-produtos-quimicos\/#primaryimage"},"image":{"@id":"https:\/\/www.correiobraziliense.com.br\/cbradar\/o-truque-para-manter-sua-horta-livre-de-pragas-sem-produtos-quimicos\/#primaryimage"},"thumbnailUrl":"https:\/\/www.correiobraziliense.com.br\/cbradar\/wp-content\/uploads\/2025\/10\/Design-sem-nome-10.png","datePublished":"2025-10-06T15:53:00+00:00","author":{"@id":"https:\/\/www.correiobraziliense.com.br\/cbradar\/#\/schema\/person\/4053c651a9bfc785afc6f4cbc9032fd3"},"description":"Descubra como expulsar pragas da sua horta naturalmente e manter suas plantas saud\u00e1veis sem usar produtos qu\u00edmicos.","breadcrumb":{"@id":"https:\/\/www.correiobraziliense.com.br\/cbradar\/o-truque-para-manter-sua-horta-livre-de-pragas-sem-produtos-quimicos\/#breadcrumb"},"inLanguage":"pt-BR","potentialAction":[{"@type":"ReadAction","target":["https:\/\/www.correiobraziliense.com.br\/cbradar\/o-truque-para-manter-sua-horta-livre-de-pragas-sem-produtos-quimicos\/"]}]},{"@type":"ImageObject","inLanguage":"pt-BR","@id":"https:\/\/www.correiobraziliense.com.br\/cbradar\/o-truque-para-manter-sua-horta-livre-de-pragas-sem-produtos-quimicos\/#primaryimage","url":"https:\/\/www.correiobraziliense.com.br\/cbradar\/wp-content\/uploads\/2025\/10\/Design-sem-nome-10.png","contentUrl":"https:\/\/www.correiobraziliense.com.br\/cbradar\/wp-content\/uploads\/2025\/10\/Design-sem-nome-10.png","width":1280,"height":720,"caption":"Como salvar a horta de pragas? \/\/ Cr\u00e9ditos: @mauramyth - Lovart IA"},{"@type":"BreadcrumbList","@id":"https:\/\/www.correiobraziliense.com.br\/cbradar\/o-truque-para-manter-sua-horta-livre-de-pragas-sem-produtos-quimicos\/#breadcrumb","itemListElement":[{"@type":"ListItem","position":1,"name":"In\u00edcio","item":"https:\/\/www.correiobraziliense.com.br\/cbradar\/"},{"@type":"ListItem","position":2,"name":"O truque para manter sua horta livre de pragas sem produtos qu\u00edmicos"}]},{"@type":"WebSite","@id":"https:\/\/www.correiobraziliense.com.br\/cbradar\/#website","url":"https:\/\/www.correiobraziliense.com.br\/cbradar\/","name":"Correio Braziliense - Radar","description":"Acompanhe as \u00faltimas not\u00edcias e fique bem informado sobre tudo o que acontece no Brasil e no mundo.","potentialAction":[{"@type":"SearchAction","target":{"@type":"EntryPoint","urlTemplate":"https:\/\/www.correiobraziliense.com.br\/cbradar\/?s={search_term_string}"},"query-input":{"@type":"PropertyValueSpecification","valueRequired":true,"valueName":"search_term_string"}}],"inLanguage":"pt-BR"},{"@type":"Person","@id":"https:\/\/www.correiobraziliense.com.br\/cbradar\/#\/schema\/person\/4053c651a9bfc785afc6f4cbc9032fd3","name":"Maura Pereira","image":{"@type":"ImageObject","inLanguage":"pt-BR","@id":"https:\/\/www.correiobraziliense.com.br\/cbradar\/#\/schema\/person\/image\/","url":"https:\/\/secure.gravatar.com\/avatar\/3effd6bdadfa447f15089c7f7144eaa6?s=96&d=mm&r=g","contentUrl":"https:\/\/secure.gravatar.com\/avatar\/3effd6bdadfa447f15089c7f7144eaa6?s=96&d=mm&r=g","caption":"Maura Pereira"},"sameAs":["https:\/\/www.correiobraziliense.com.br\/"],"url":"https:\/\/www.correiobraziliense.com.br\/cbradar\/author\/mauramyth\/"}]}},"_links":{"self":[{"href":"https:\/\/www.correiobraziliense.com.br\/cbradar\/wp-json\/wp\/v2\/posts\/114110","targetHints":{"allow":["GET"]}}],"collection":[{"href":"https:\/\/www.correiobraziliense.com.br\/cbradar\/wp-json\/wp\/v2\/posts"}],"about":[{"href":"https:\/\/www.correiobraziliense.com.br\/cbradar\/wp-json\/wp\/v2\/types\/post"}],"author":[{"embeddable":true,"href":"https:\/\/www.correiobraziliense.com.br\/cbradar\/wp-json\/wp\/v2\/users\/8"}],"replies":[{"embeddable":true,"href":"https:\/\/www.correiobraziliense.com.br\/cbradar\/wp-json\/wp\/v2\/comments?post=114110"}],"version-history":[{"count":9,"href":"https:\/\/www.correiobraziliense.com.br\/cbradar\/wp-json\/wp\/v2\/posts\/114110\/revisions"}],"predecessor-version":[{"id":114190,"href":"https:\/\/www.correiobraziliense.com.br\/cbradar\/wp-json\/wp\/v2\/posts\/114110\/revisions\/114190"}],"wp:featuredmedia":[{"embeddable":true,"href":"https:\/\/www.correiobraziliense.com.br\/cbradar\/wp-json\/wp\/v2\/media\/114186"}],"wp:attachment":[{"href":"https:\/\/www.correiobraziliense.com.br\/cbradar\/wp-json\/wp\/v2\/media?parent=114110"}],"wp:term":[{"taxonomy":"category","embeddable":true,"href":"https:\/\/www.correiobraziliense.com.br\/cbradar\/wp-json\/wp\/v2\/categories?post=114110"},{"taxonomy":"post_tag","embeddable":true,"href":"https:\/\/www.correiobraziliense.com.br\/cbradar\/wp-json\/wp\/v2\/tags?post=114110"}],"curies":[{"name":"wp","href":"https:\/\/api.w.org\/{rel}","templated":true}]}}