{"id":11416,"date":"2025-03-12T21:30:00","date_gmt":"2025-03-13T00:30:00","guid":{"rendered":"https:\/\/www.correiobraziliense.com.br\/cbradar\/?p=11416"},"modified":"2025-03-11T11:41:57","modified_gmt":"2025-03-11T14:41:57","slug":"conheca-a-cidade-onde-e-possivel-ir-para-tres-paises-em-segundos","status":"publish","type":"post","link":"https:\/\/www.correiobraziliense.com.br\/cbradar\/conheca-a-cidade-onde-e-possivel-ir-para-tres-paises-em-segundos\/","title":{"rendered":"Conhe\u00e7a a cidade onde \u00e9 poss\u00edvel ir para tr\u00eas pa\u00edses em segundos"},"content":{"rendered":"\n<p>Normalmente, atravessar de um pa\u00eds para outro exige longas viagens e postos de controle. Mas existe um lugar onde voc\u00ea pode <strong>cruzar diversas fronteiras em poucos minutos, sem nem perceber<\/strong>. Esse lugar \u00e9 <strong>Baarle<\/strong>, uma cidade dividida entre a <strong>Holanda e a B\u00e9lgica<\/strong>, onde as fronteiras s\u00e3o t\u00e3o confusas que <strong>casas, lojas e ruas pertencem a dois pa\u00edses ao mesmo tempo<\/strong>.<\/p>\n\n\n\n<p>Mas como isso aconteceu? E como os moradores lidam com essa divis\u00e3o incomum?<\/p>\n\n\n\n<h2 class=\"wp-block-heading\"><strong>Baarle: a cidade mais fragmentada do mundo<\/strong><\/h2>\n\n\n\n<p>Baarle \u00e9 composta por duas cidades vizinhas: <strong>Baarle-Nassau (Holanda)<\/strong> e <strong>Baarle-Hertog (B\u00e9lgica)<\/strong>. No entanto, a fronteira entre os dois pa\u00edses n\u00e3o \u00e9 uma linha reta \u2013 <strong>ela se entrela\u00e7a de maneira t\u00e3o ca\u00f3tica que h\u00e1 22 peda\u00e7os de territ\u00f3rio belga dentro da parte holandesa e at\u00e9 enclaves holandeses dentro dos enclaves belgas<\/strong>.<\/p>\n\n\n\n<p>O resultado? Em uma simples caminhada pela cidade, voc\u00ea pode <strong>cruzar a fronteira entre Holanda e B\u00e9lgica mais de 20 vezes<\/strong>!<\/p>\n\n\n\n<p>Essa divis\u00e3o se formou na <strong>Idade M\u00e9dia<\/strong>, quando terras foram negociadas entre duques e senhores feudais sem uma padroniza\u00e7\u00e3o clara. Com o tempo, a confus\u00e3o foi mantida, tornando Baarle um dos lugares mais peculiares do mundo.<\/p>\n\n\n\n<figure class=\"wp-block-image size-large\"><img decoding=\"async\" width=\"1024\" height=\"576\" src=\"https:\/\/www.correiobraziliense.com.br\/cbradar\/wp-content\/uploads\/2025\/03\/Baarle_1741699026832-1024x576.jpg\" alt=\"Conhe\u00e7a a cidade onde \u00e9 poss\u00edvel ir para tr\u00eas pa\u00edses em segundos\" class=\"wp-image-11422\" srcset=\"https:\/\/www.correiobraziliense.com.br\/cbradar\/wp-content\/uploads\/2025\/03\/Baarle_1741699026832-1024x576.jpg 1024w, https:\/\/www.correiobraziliense.com.br\/cbradar\/wp-content\/uploads\/2025\/03\/Baarle_1741699026832-300x169.jpg 300w, https:\/\/www.correiobraziliense.com.br\/cbradar\/wp-content\/uploads\/2025\/03\/Baarle_1741699026832-768x432.jpg 768w, https:\/\/www.correiobraziliense.com.br\/cbradar\/wp-content\/uploads\/2025\/03\/Baarle_1741699026832-750x422.jpg 750w, https:\/\/www.correiobraziliense.com.br\/cbradar\/wp-content\/uploads\/2025\/03\/Baarle_1741699026832-1140x641.jpg 1140w, https:\/\/www.correiobraziliense.com.br\/cbradar\/wp-content\/uploads\/2025\/03\/Baarle_1741699026832.jpg 1280w\" sizes=\"(max-width: 1024px) 100vw, 1024px\" \/><figcaption class=\"wp-element-caption\">Baarle. Cr\u00e9ditos: depositphotos.com \/ naiveangel.com@gmail.com<\/figcaption><\/figure>\n\n\n\n<h2 class=\"wp-block-heading\"><strong>Como Baarle funciona no dia a dia?<\/strong><\/h2>\n\n\n\n<p>Apesar da confus\u00e3o, os moradores de Baarle j\u00e1 se acostumaram a viver em dois pa\u00edses ao mesmo tempo. Algumas situa\u00e7\u00f5es curiosas incluem:<\/p>\n\n\n\n<ul class=\"wp-block-list\">\n<li><strong>Casas e lojas com duas nacionalidades<\/strong> \u2013 Algumas constru\u00e7\u00f5es possuem portas em dois pa\u00edses, e a nacionalidade da casa \u00e9 definida pela entrada principal.<\/li>\n\n\n\n<li><strong>Endere\u00e7o depende da porta<\/strong> \u2013 Se uma casa tem uma porta na B\u00e9lgica e outra na Holanda, a localiza\u00e7\u00e3o oficial depende da porta principal.<\/li>\n\n\n\n<li><strong>Duas leis, dois governos<\/strong> \u2013 H\u00e1 uma prefeitura holandesa e uma belga, e cada lado segue regras diferentes para impostos e servi\u00e7os.<\/li>\n\n\n\n<li><strong>Hor\u00e1rios comerciais diferentes<\/strong> \u2013 Na B\u00e9lgica, lojas podem fechar mais tarde do que na Holanda, ent\u00e3o comerciantes movem suas mercadorias para a parte belga quando o lado holand\u00eas precisa fechar.<\/li>\n\n\n\n<li><strong>Divis\u00e3o at\u00e9 nas cal\u00e7adas<\/strong> \u2013 Algumas ruas t\u00eam placas no ch\u00e3o indicando a troca de pa\u00eds v\u00e1rias vezes ao longo de poucos metros.<\/li>\n<\/ul>\n\n\n\n<p>Essa situa\u00e7\u00e3o levou a momentos curiosos ao longo da hist\u00f3ria. Durante a pandemia de COVID-19, algumas lojas precisaram fechar na parte holandesa, mas continuaram funcionando no lado belga \u2013 <strong>no mesmo pr\u00e9dio!<\/strong><\/p>\n\n\n\n<h2 class=\"wp-block-heading\"><strong>Curiosidades sobre Baarle<\/strong><\/h2>\n\n\n\n<ul class=\"wp-block-list\">\n<li><strong>A cidade com mais fronteiras internas do mundo<\/strong> \u2013 S\u00e3o mais de <strong>30 fragmentos de territ\u00f3rio entre os dois pa\u00edses<\/strong>.<\/li>\n\n\n\n<li><strong>Um simples passo pode mudar tudo<\/strong> \u2013 Em algumas casas, a cozinha pode estar na Holanda e o quarto na B\u00e9lgica.<\/li>\n\n\n\n<li><strong>Passaporte desnecess\u00e1rio<\/strong> \u2013 Apesar das m\u00faltiplas fronteiras, os moradores circulam livremente gra\u00e7as ao Acordo de Schengen.<\/li>\n\n\n\n<li><strong>J\u00e1 foi usada para contrabando<\/strong> \u2013 No passado, comerciantes usavam a confus\u00e3o da fronteira para evitar impostos e regulamentos.<\/li>\n\n\n\n<li><strong>Destino tur\u00edstico \u00fanico<\/strong> \u2013 Baarle atrai visitantes de todo o mundo que querem experimentar a sensa\u00e7\u00e3o de atravessar pa\u00edses em segundos.<\/li>\n<\/ul>\n\n\n\n<h2 class=\"wp-block-heading\"><strong>Baarle \u00e9 um modelo de conviv\u00eancia internacional?<\/strong><\/h2>\n\n\n\n<p>Apesar da divis\u00e3o, Baarle prova que <strong>fronteiras podem ser flex\u00edveis e pac\u00edficas<\/strong>. Enquanto muitas partes do mundo enfrentam disputas territoriais, essa pequena cidade mostra que \u00e9 poss\u00edvel viver entre dois pa\u00edses sem barreiras reais.<\/p>\n\n\n\n<p>Em Baarle, uma simples ida ao supermercado pode significar <strong>caminhar entre Holanda e B\u00e9lgica v\u00e1rias vezes<\/strong> \u2013 e para os moradores, isso j\u00e1 virou rotina.<\/p>\n","protected":false},"excerpt":{"rendered":"<p>Existe uma cidade onde voc\u00ea pode cruzar de um pa\u00eds para outro em segundos, sem perceber. Descubra os mist\u00e9rios da cidade fragmentada.<\/p>\n","protected":false},"author":3,"featured_media":11421,"comment_status":"open","ping_status":"open","sticky":false,"template":"","format":"standard","meta":{"_yoast_wpseo_focuskw":"cidade tr\u00eas pa\u00edses","_yoast_wpseo_title":"%%title%%","_yoast_wpseo_metadesc":"Existe uma cidade onde voc\u00ea pode cruzar de um pa\u00eds para outro em segundos, sem perceber. Descubra os mist\u00e9rios da cidade fragmentada.","jnews-multi-image_gallery":[],"jnews_single_post":{"format":"standard"},"jnews_primary_category":[],"jnews_social_meta":[],"jnews_override_counter":[],"footnotes":""},"categories":[108],"post_tag":[109],"class_list":["post-11416","post","type-post","status-publish","format-standard","has-post-thumbnail","hentry","category-cidades","tag-cidades"],"yoast_head":"<!-- This site is optimized with the Yoast SEO plugin v24.6 - https:\/\/yoast.com\/wordpress\/plugins\/seo\/ -->\n<title>Conhe\u00e7a a cidade onde \u00e9 poss\u00edvel ir para tr\u00eas pa\u00edses em segundos<\/title>\n<meta name=\"description\" content=\"Existe uma cidade onde voc\u00ea pode cruzar de um pa\u00eds para outro em segundos, sem perceber. Descubra os mist\u00e9rios da cidade fragmentada.\" \/>\n<meta name=\"robots\" content=\"index, follow, max-snippet:-1, max-image-preview:large, max-video-preview:-1\" \/>\n<link rel=\"canonical\" href=\"https:\/\/www.correiobraziliense.com.br\/cbradar\/conheca-a-cidade-onde-e-possivel-ir-para-tres-paises-em-segundos\/\" \/>\n<meta property=\"og:locale\" content=\"pt_BR\" \/>\n<meta property=\"og:type\" content=\"article\" \/>\n<meta property=\"og:title\" content=\"Conhe\u00e7a a cidade onde \u00e9 poss\u00edvel ir para tr\u00eas pa\u00edses em segundos\" \/>\n<meta property=\"og:description\" content=\"Existe uma cidade onde voc\u00ea pode cruzar de um pa\u00eds para outro em segundos, sem perceber. Descubra os mist\u00e9rios da cidade fragmentada.\" \/>\n<meta property=\"og:url\" content=\"https:\/\/www.correiobraziliense.com.br\/cbradar\/conheca-a-cidade-onde-e-possivel-ir-para-tres-paises-em-segundos\/\" \/>\n<meta property=\"og:site_name\" content=\"Correio Braziliense - Radar\" \/>\n<meta property=\"article:published_time\" content=\"2025-03-13T00:30:00+00:00\" \/>\n<meta property=\"og:image\" content=\"https:\/\/www.correiobraziliense.com.br\/cbradar\/wp-content\/uploads\/2025\/03\/Baarle_1741698997442.jpg\" \/>\n\t<meta property=\"og:image:width\" content=\"1280\" \/>\n\t<meta property=\"og:image:height\" content=\"720\" \/>\n\t<meta property=\"og:image:type\" content=\"image\/jpeg\" \/>\n<meta name=\"author\" content=\"Larissa Carvalho\" \/>\n<meta name=\"twitter:card\" content=\"summary_large_image\" \/>\n<meta name=\"twitter:label1\" content=\"Escrito por\" \/>\n\t<meta name=\"twitter:data1\" content=\"Larissa Carvalho\" \/>\n\t<meta name=\"twitter:label2\" content=\"Est. tempo de leitura\" \/>\n\t<meta name=\"twitter:data2\" content=\"4 minutos\" \/>\n<!-- \/ Yoast SEO plugin. -->","yoast_head_json":{"title":"Conhe\u00e7a a cidade onde \u00e9 poss\u00edvel ir para tr\u00eas pa\u00edses em segundos","description":"Existe uma cidade onde voc\u00ea pode cruzar de um pa\u00eds para outro em segundos, sem perceber. Descubra os mist\u00e9rios da cidade fragmentada.","robots":{"index":"index","follow":"follow","max-snippet":"max-snippet:-1","max-image-preview":"max-image-preview:large","max-video-preview":"max-video-preview:-1"},"canonical":"https:\/\/www.correiobraziliense.com.br\/cbradar\/conheca-a-cidade-onde-e-possivel-ir-para-tres-paises-em-segundos\/","og_locale":"pt_BR","og_type":"article","og_title":"Conhe\u00e7a a cidade onde \u00e9 poss\u00edvel ir para tr\u00eas pa\u00edses em segundos","og_description":"Existe uma cidade onde voc\u00ea pode cruzar de um pa\u00eds para outro em segundos, sem perceber. Descubra os mist\u00e9rios da cidade fragmentada.","og_url":"https:\/\/www.correiobraziliense.com.br\/cbradar\/conheca-a-cidade-onde-e-possivel-ir-para-tres-paises-em-segundos\/","og_site_name":"Correio Braziliense - Radar","article_published_time":"2025-03-13T00:30:00+00:00","og_image":[{"width":1280,"height":720,"url":"https:\/\/www.correiobraziliense.com.br\/cbradar\/wp-content\/uploads\/2025\/03\/Baarle_1741698997442.jpg","type":"image\/jpeg"}],"author":"Larissa Carvalho","twitter_card":"summary_large_image","twitter_misc":{"Escrito por":"Larissa Carvalho","Est. tempo de leitura":"4 minutos"},"schema":{"@context":"https:\/\/schema.org","@graph":[{"@type":"WebPage","@id":"https:\/\/www.correiobraziliense.com.br\/cbradar\/conheca-a-cidade-onde-e-possivel-ir-para-tres-paises-em-segundos\/","url":"https:\/\/www.correiobraziliense.com.br\/cbradar\/conheca-a-cidade-onde-e-possivel-ir-para-tres-paises-em-segundos\/","name":"Conhe\u00e7a a cidade onde \u00e9 poss\u00edvel ir para tr\u00eas pa\u00edses em segundos","isPartOf":{"@id":"https:\/\/www.correiobraziliense.com.br\/cbradar\/#website"},"primaryImageOfPage":{"@id":"https:\/\/www.correiobraziliense.com.br\/cbradar\/conheca-a-cidade-onde-e-possivel-ir-para-tres-paises-em-segundos\/#primaryimage"},"image":{"@id":"https:\/\/www.correiobraziliense.com.br\/cbradar\/conheca-a-cidade-onde-e-possivel-ir-para-tres-paises-em-segundos\/#primaryimage"},"thumbnailUrl":"https:\/\/www.correiobraziliense.com.br\/cbradar\/wp-content\/uploads\/2025\/03\/Baarle_1741698997442.jpg","datePublished":"2025-03-13T00:30:00+00:00","author":{"@id":"https:\/\/www.correiobraziliense.com.br\/cbradar\/#\/schema\/person\/58422787644df994b53a19d3e56c1513"},"description":"Existe uma cidade onde voc\u00ea pode cruzar de um pa\u00eds para outro em segundos, sem perceber. Descubra os mist\u00e9rios da cidade fragmentada.","breadcrumb":{"@id":"https:\/\/www.correiobraziliense.com.br\/cbradar\/conheca-a-cidade-onde-e-possivel-ir-para-tres-paises-em-segundos\/#breadcrumb"},"inLanguage":"pt-BR","potentialAction":[{"@type":"ReadAction","target":["https:\/\/www.correiobraziliense.com.br\/cbradar\/conheca-a-cidade-onde-e-possivel-ir-para-tres-paises-em-segundos\/"]}]},{"@type":"ImageObject","inLanguage":"pt-BR","@id":"https:\/\/www.correiobraziliense.com.br\/cbradar\/conheca-a-cidade-onde-e-possivel-ir-para-tres-paises-em-segundos\/#primaryimage","url":"https:\/\/www.correiobraziliense.com.br\/cbradar\/wp-content\/uploads\/2025\/03\/Baarle_1741698997442.jpg","contentUrl":"https:\/\/www.correiobraziliense.com.br\/cbradar\/wp-content\/uploads\/2025\/03\/Baarle_1741698997442.jpg","width":1280,"height":720,"caption":"Baarle. Cr\u00e9ditos: depositphotos.com \/ wlerooy"},{"@type":"BreadcrumbList","@id":"https:\/\/www.correiobraziliense.com.br\/cbradar\/conheca-a-cidade-onde-e-possivel-ir-para-tres-paises-em-segundos\/#breadcrumb","itemListElement":[{"@type":"ListItem","position":1,"name":"In\u00edcio","item":"https:\/\/www.correiobraziliense.com.br\/cbradar\/"},{"@type":"ListItem","position":2,"name":"Conhe\u00e7a a cidade onde \u00e9 poss\u00edvel ir para tr\u00eas pa\u00edses em segundos"}]},{"@type":"WebSite","@id":"https:\/\/www.correiobraziliense.com.br\/cbradar\/#website","url":"https:\/\/www.correiobraziliense.com.br\/cbradar\/","name":"Correio Braziliense - Radar","description":"Acompanhe as \u00faltimas not\u00edcias e fique bem informado sobre tudo o que acontece no Brasil e no mundo.","potentialAction":[{"@type":"SearchAction","target":{"@type":"EntryPoint","urlTemplate":"https:\/\/www.correiobraziliense.com.br\/cbradar\/?s={search_term_string}"},"query-input":{"@type":"PropertyValueSpecification","valueRequired":true,"valueName":"search_term_string"}}],"inLanguage":"pt-BR"},{"@type":"Person","@id":"https:\/\/www.correiobraziliense.com.br\/cbradar\/#\/schema\/person\/58422787644df994b53a19d3e56c1513","name":"Larissa Carvalho","image":{"@type":"ImageObject","inLanguage":"pt-BR","@id":"https:\/\/www.correiobraziliense.com.br\/cbradar\/#\/schema\/person\/image\/","url":"https:\/\/secure.gravatar.com\/avatar\/fe4f91a0de32b52a838d0d612abdc1aa?s=96&d=mm&r=g","contentUrl":"https:\/\/secure.gravatar.com\/avatar\/fe4f91a0de32b52a838d0d612abdc1aa?s=96&d=mm&r=g","caption":"Larissa Carvalho"},"url":"https:\/\/www.correiobraziliense.com.br\/cbradar\/author\/larissamyth\/"}]}},"_links":{"self":[{"href":"https:\/\/www.correiobraziliense.com.br\/cbradar\/wp-json\/wp\/v2\/posts\/11416","targetHints":{"allow":["GET"]}}],"collection":[{"href":"https:\/\/www.correiobraziliense.com.br\/cbradar\/wp-json\/wp\/v2\/posts"}],"about":[{"href":"https:\/\/www.correiobraziliense.com.br\/cbradar\/wp-json\/wp\/v2\/types\/post"}],"author":[{"embeddable":true,"href":"https:\/\/www.correiobraziliense.com.br\/cbradar\/wp-json\/wp\/v2\/users\/3"}],"replies":[{"embeddable":true,"href":"https:\/\/www.correiobraziliense.com.br\/cbradar\/wp-json\/wp\/v2\/comments?post=11416"}],"version-history":[{"count":1,"href":"https:\/\/www.correiobraziliense.com.br\/cbradar\/wp-json\/wp\/v2\/posts\/11416\/revisions"}],"predecessor-version":[{"id":11423,"href":"https:\/\/www.correiobraziliense.com.br\/cbradar\/wp-json\/wp\/v2\/posts\/11416\/revisions\/11423"}],"wp:featuredmedia":[{"embeddable":true,"href":"https:\/\/www.correiobraziliense.com.br\/cbradar\/wp-json\/wp\/v2\/media\/11421"}],"wp:attachment":[{"href":"https:\/\/www.correiobraziliense.com.br\/cbradar\/wp-json\/wp\/v2\/media?parent=11416"}],"wp:term":[{"taxonomy":"category","embeddable":true,"href":"https:\/\/www.correiobraziliense.com.br\/cbradar\/wp-json\/wp\/v2\/categories?post=11416"},{"taxonomy":"post_tag","embeddable":true,"href":"https:\/\/www.correiobraziliense.com.br\/cbradar\/wp-json\/wp\/v2\/post_tag?post=11416"}],"curies":[{"name":"wp","href":"https:\/\/api.w.org\/{rel}","templated":true}]}}