{"id":11420,"date":"2025-03-12T10:30:00","date_gmt":"2025-03-12T13:30:00","guid":{"rendered":"https:\/\/www.correiobraziliense.com.br\/cbradar\/?p=11420"},"modified":"2025-04-24T13:23:13","modified_gmt":"2025-04-24T16:23:13","slug":"a-melhor-serie-da-netflix-para-quem-gosta-de-viagem-no-tempo","status":"publish","type":"post","link":"https:\/\/www.correiobraziliense.com.br\/cbradar\/a-melhor-serie-da-netflix-para-quem-gosta-de-viagem-no-tempo\/","title":{"rendered":"A melhor s\u00e9rie da Netflix para quem gosta de viagem no tempo"},"content":{"rendered":"\n<p>Lan\u00e7ada em 2023, a s\u00e9rie francesa <em>V\u00f3rtex<\/em> \u00e9 um thriller policial fascinante que explora a tem\u00e1tica da viagem no tempo. Com uma \u00fanica temporada, a produ\u00e7\u00e3o se destaca por sua trama envolvente, sendo uma escolha ideal para quem busca uma maratona de fim de semana.<\/p>\n\n\n\n<p>A hist\u00f3ria, ambientada em 2025, segue Ludovic B\u00e9guin, um policial forense que ainda sofre com a perda de sua esposa, M\u00e9lanie, h\u00e1 27 anos. Durante uma simula\u00e7\u00e3o de realidade virtual, Ludovic descobre uma anomalia que lhe permite se comunicar com M\u00e9lanie no passado. Esse encontro inesperado leva Ludovic a tentar alterar os eventos que causaram a morte de sua esposa, desencadeando uma s\u00e9rie de consequ\u00eancias imprevis\u00edveis.<\/p>\n\n\n\n<h2 class=\"wp-block-heading\"><strong>Como a s\u00e9rie explora a tem\u00e1tica de viagem no tempo?<\/strong><\/h2>\n\n\n\n<p>A<a href=\"https:\/\/masterdica.com\/serie-de-viagem-no-tempo-na-netflix-vai-te-vortex\/\" target=\"_blank\" rel=\"noreferrer noopener\"> viagem no tempo<\/a> \u00e9 um tema recorrente em fic\u00e7\u00e3o cient\u00edfica, mas\u00a0<em>V\u00f3rtex<\/em>\u00a0aborda o assunto de maneira \u00fanica. A s\u00e9rie utiliza uma falha em uma simula\u00e7\u00e3o de realidade virtual como ponto de partida para a comunica\u00e7\u00e3o entre tempos diferentes. Essa abordagem tecnol\u00f3gica traz uma nova perspectiva ao g\u00eanero, misturando elementos de fic\u00e7\u00e3o cient\u00edfica com drama policial.<\/p>\n\n\n\n<p>O protagonista, Ludovic, enfrenta o dilema de alterar o passado para salvar M\u00e9lanie, o que levanta quest\u00f5es sobre as consequ\u00eancias de mexer com o tempo. A s\u00e9rie explora como essas a\u00e7\u00f5es podem afetar n\u00e3o apenas o presente de Ludovic, mas tamb\u00e9m a vida de sua filha e seu novo relacionamento, criando um enredo cheio de tens\u00e3o e suspense.<\/p>\n\n\n\n<figure class=\"wp-block-image size-large\"><img decoding=\"async\" width=\"1024\" height=\"576\" src=\"https:\/\/www.correiobraziliense.com.br\/cbradar\/wp-content\/uploads\/2025\/03\/Vortex-1024x576.png\" alt=\"A melhor s\u00e9rie da Netflix para quem gosta de viagem no tempo\" class=\"wp-image-11479\" srcset=\"https:\/\/www.correiobraziliense.com.br\/cbradar\/wp-content\/uploads\/2025\/03\/Vortex-1024x576.png 1024w, https:\/\/www.correiobraziliense.com.br\/cbradar\/wp-content\/uploads\/2025\/03\/Vortex-300x169.png 300w, https:\/\/www.correiobraziliense.com.br\/cbradar\/wp-content\/uploads\/2025\/03\/Vortex-768x432.png 768w, https:\/\/www.correiobraziliense.com.br\/cbradar\/wp-content\/uploads\/2025\/03\/Vortex-750x422.png 750w, https:\/\/www.correiobraziliense.com.br\/cbradar\/wp-content\/uploads\/2025\/03\/Vortex-1140x641.png 1140w, https:\/\/www.correiobraziliense.com.br\/cbradar\/wp-content\/uploads\/2025\/03\/Vortex.png 1280w\" sizes=\"(max-width: 1024px) 100vw, 1024px\" \/><figcaption class=\"wp-element-caption\">Vortex. Fonte: divulga\u00e7\u00e3o \/Netflix<\/figcaption><\/figure>\n\n\n\n<h2 class=\"wp-block-heading\"><strong>Quais Temas Importantes a S\u00e9rie Aborda?<\/strong><\/h2>\n\n\n\n<p>Al\u00e9m da viagem no tempo,&nbsp;<em>V\u00f3rtex<\/em>&nbsp;aborda temas profundos e relevantes. O luto \u00e9 um elemento central, com Ludovic lidando com a dor da perda de M\u00e9lanie e a possibilidade de reverter seu destino. A s\u00e9rie tamb\u00e9m toca em quest\u00f5es de feminilidade e viol\u00eancia contra a mulher, adicionando camadas de complexidade ao enredo.<\/p>\n\n\n\n<p>Esses temas s\u00e3o tratados com sensibilidade, enriquecendo a narrativa e proporcionando ao p\u00fablico uma experi\u00eancia emocionalmente envolvente. A atua\u00e7\u00e3o do elenco, composto por atores talentosos, contribui para a autenticidade e profundidade dos personagens, mesmo que muitos deles n\u00e3o sejam amplamente conhecidos fora da Fran\u00e7a.<\/p>\n\n\n\n<iframe loading=\"lazy\" width=\"560\" height=\"315\" src=\"https:\/\/www.youtube.com\/embed\/MJHnV8a8Tg8?si=fmbYB301CkfMV8PK\" title=\"YouTube video player\" frameborder=\"0\" allow=\"accelerometer; autoplay; clipboard-write; encrypted-media; gyroscope; picture-in-picture; web-share\" referrerpolicy=\"strict-origin-when-cross-origin\" allowfullscreen><\/iframe>\n\n\n\n<h2 class=\"wp-block-heading\"><strong>Por que vale a pena assistir a V\u00f3rtex?<\/strong><\/h2>\n\n\n\n<p><em>V\u00f3rtex<\/em>&nbsp;se destaca por sua originalidade e capacidade de surpreender o espectador a cada epis\u00f3dio. A s\u00e9rie foge dos clich\u00eas comuns em hist\u00f3rias de viagem no tempo, oferecendo um final satisfat\u00f3rio e bem constru\u00eddo. A combina\u00e7\u00e3o de um enredo intrigante, temas relevantes e atua\u00e7\u00f5es convincentes faz de&nbsp;<em>V\u00f3rtex<\/em>&nbsp;uma escolha imperd\u00edvel para os f\u00e3s do g\u00eanero.<\/p>\n\n\n\n<p>Para aqueles que buscam uma s\u00e9rie curta, mas impactante,&nbsp;<em>V\u00f3rtex<\/em>&nbsp;\u00e9 uma excelente op\u00e7\u00e3o. Com sua mistura de suspense, drama e fic\u00e7\u00e3o cient\u00edfica, a s\u00e9rie promete prender a aten\u00e7\u00e3o do in\u00edcio ao fim, fazendo valer cada minuto investido na maratona.<\/p>\n\n\n\n<p><\/p>\n","protected":false},"excerpt":{"rendered":"<p>&#8220;A s\u00e9rie francesa *Vortex* (2023) \u00e9 um emocionante drama policial que explora a viagem no tempo. Veja detalhes sobre a produ\u00e7\u00e3o!<\/p>\n","protected":false},"author":3,"featured_media":11430,"comment_status":"open","ping_status":"open","sticky":false,"template":"","format":"standard","meta":{"_yoast_wpseo_focuskw":"V\u00f3rtex","_yoast_wpseo_title":"%%title%%","_yoast_wpseo_metadesc":"\"A s\u00e9rie francesa *Vortex* (2023) \u00e9 um emocionante drama policial que explora a viagem no tempo. Veja detalhes sobre a produ\u00e7\u00e3o!","jnews-multi-image_gallery":[],"jnews_single_post":{"format":"standard"},"jnews_primary_category":[],"jnews_social_meta":[],"jnews_override_counter":[],"footnotes":""},"categories":[140],"post_tag":[141,568],"class_list":["post-11420","post","type-post","status-publish","format-standard","has-post-thumbnail","hentry","category-entretenimento","tag-netflix","tag-series-e-filmes"],"yoast_head":"<!-- This site is optimized with the Yoast SEO plugin v24.6 - https:\/\/yoast.com\/wordpress\/plugins\/seo\/ -->\n<title>A melhor s\u00e9rie da Netflix para quem gosta de viagem no tempo<\/title>\n<meta name=\"description\" content=\"&quot;A s\u00e9rie francesa *Vortex* (2023) \u00e9 um emocionante drama policial que explora a viagem no tempo. Veja detalhes sobre a produ\u00e7\u00e3o!\" \/>\n<meta name=\"robots\" content=\"index, follow, max-snippet:-1, max-image-preview:large, max-video-preview:-1\" \/>\n<link rel=\"canonical\" href=\"https:\/\/www.correiobraziliense.com.br\/cbradar\/a-melhor-serie-da-netflix-para-quem-gosta-de-viagem-no-tempo\/\" \/>\n<meta property=\"og:locale\" content=\"pt_BR\" \/>\n<meta property=\"og:type\" content=\"article\" \/>\n<meta property=\"og:title\" content=\"A melhor s\u00e9rie da Netflix para quem gosta de viagem no tempo\" \/>\n<meta property=\"og:description\" content=\"&quot;A s\u00e9rie francesa *Vortex* (2023) \u00e9 um emocionante drama policial que explora a viagem no tempo. Veja detalhes sobre a produ\u00e7\u00e3o!\" \/>\n<meta property=\"og:url\" content=\"https:\/\/www.correiobraziliense.com.br\/cbradar\/a-melhor-serie-da-netflix-para-quem-gosta-de-viagem-no-tempo\/\" \/>\n<meta property=\"og:site_name\" content=\"Correio Braziliense - Radar\" \/>\n<meta property=\"article:published_time\" content=\"2025-03-12T13:30:00+00:00\" \/>\n<meta property=\"article:modified_time\" content=\"2025-04-24T16:23:13+00:00\" \/>\n<meta property=\"og:image\" content=\"https:\/\/www.correiobraziliense.com.br\/cbradar\/wp-content\/uploads\/2025\/03\/tempo_1741699569589.jpg\" \/>\n\t<meta property=\"og:image:width\" content=\"1280\" \/>\n\t<meta property=\"og:image:height\" content=\"720\" \/>\n\t<meta property=\"og:image:type\" content=\"image\/jpeg\" \/>\n<meta name=\"author\" content=\"Larissa Carvalho\" \/>\n<meta name=\"twitter:card\" content=\"summary_large_image\" \/>\n<meta name=\"twitter:label1\" content=\"Escrito por\" \/>\n\t<meta name=\"twitter:data1\" content=\"Larissa Carvalho\" \/>\n\t<meta name=\"twitter:label2\" content=\"Est. tempo de leitura\" \/>\n\t<meta name=\"twitter:data2\" content=\"4 minutos\" \/>\n<!-- \/ Yoast SEO plugin. -->","yoast_head_json":{"title":"A melhor s\u00e9rie da Netflix para quem gosta de viagem no tempo","description":"\"A s\u00e9rie francesa *Vortex* (2023) \u00e9 um emocionante drama policial que explora a viagem no tempo. Veja detalhes sobre a produ\u00e7\u00e3o!","robots":{"index":"index","follow":"follow","max-snippet":"max-snippet:-1","max-image-preview":"max-image-preview:large","max-video-preview":"max-video-preview:-1"},"canonical":"https:\/\/www.correiobraziliense.com.br\/cbradar\/a-melhor-serie-da-netflix-para-quem-gosta-de-viagem-no-tempo\/","og_locale":"pt_BR","og_type":"article","og_title":"A melhor s\u00e9rie da Netflix para quem gosta de viagem no tempo","og_description":"\"A s\u00e9rie francesa *Vortex* (2023) \u00e9 um emocionante drama policial que explora a viagem no tempo. Veja detalhes sobre a produ\u00e7\u00e3o!","og_url":"https:\/\/www.correiobraziliense.com.br\/cbradar\/a-melhor-serie-da-netflix-para-quem-gosta-de-viagem-no-tempo\/","og_site_name":"Correio Braziliense - Radar","article_published_time":"2025-03-12T13:30:00+00:00","article_modified_time":"2025-04-24T16:23:13+00:00","og_image":[{"width":1280,"height":720,"url":"https:\/\/www.correiobraziliense.com.br\/cbradar\/wp-content\/uploads\/2025\/03\/tempo_1741699569589.jpg","type":"image\/jpeg"}],"author":"Larissa Carvalho","twitter_card":"summary_large_image","twitter_misc":{"Escrito por":"Larissa Carvalho","Est. tempo de leitura":"4 minutos"},"schema":{"@context":"https:\/\/schema.org","@graph":[{"@type":"WebPage","@id":"https:\/\/www.correiobraziliense.com.br\/cbradar\/a-melhor-serie-da-netflix-para-quem-gosta-de-viagem-no-tempo\/","url":"https:\/\/www.correiobraziliense.com.br\/cbradar\/a-melhor-serie-da-netflix-para-quem-gosta-de-viagem-no-tempo\/","name":"A melhor s\u00e9rie da Netflix para quem gosta de viagem no tempo","isPartOf":{"@id":"https:\/\/www.correiobraziliense.com.br\/cbradar\/#website"},"primaryImageOfPage":{"@id":"https:\/\/www.correiobraziliense.com.br\/cbradar\/a-melhor-serie-da-netflix-para-quem-gosta-de-viagem-no-tempo\/#primaryimage"},"image":{"@id":"https:\/\/www.correiobraziliense.com.br\/cbradar\/a-melhor-serie-da-netflix-para-quem-gosta-de-viagem-no-tempo\/#primaryimage"},"thumbnailUrl":"https:\/\/www.correiobraziliense.com.br\/cbradar\/wp-content\/uploads\/2025\/03\/tempo_1741699569589.jpg","datePublished":"2025-03-12T13:30:00+00:00","dateModified":"2025-04-24T16:23:13+00:00","author":{"@id":"https:\/\/www.correiobraziliense.com.br\/cbradar\/#\/schema\/person\/58422787644df994b53a19d3e56c1513"},"description":"\"A s\u00e9rie francesa *Vortex* (2023) \u00e9 um emocionante drama policial que explora a viagem no tempo. Veja detalhes sobre a produ\u00e7\u00e3o!","breadcrumb":{"@id":"https:\/\/www.correiobraziliense.com.br\/cbradar\/a-melhor-serie-da-netflix-para-quem-gosta-de-viagem-no-tempo\/#breadcrumb"},"inLanguage":"pt-BR","potentialAction":[{"@type":"ReadAction","target":["https:\/\/www.correiobraziliense.com.br\/cbradar\/a-melhor-serie-da-netflix-para-quem-gosta-de-viagem-no-tempo\/"]}]},{"@type":"ImageObject","inLanguage":"pt-BR","@id":"https:\/\/www.correiobraziliense.com.br\/cbradar\/a-melhor-serie-da-netflix-para-quem-gosta-de-viagem-no-tempo\/#primaryimage","url":"https:\/\/www.correiobraziliense.com.br\/cbradar\/wp-content\/uploads\/2025\/03\/tempo_1741699569589.jpg","contentUrl":"https:\/\/www.correiobraziliense.com.br\/cbradar\/wp-content\/uploads\/2025\/03\/tempo_1741699569589.jpg","width":1280,"height":720,"caption":"tempo. Cr\u00e9ditos: depositphotos.com \/ logoff"},{"@type":"BreadcrumbList","@id":"https:\/\/www.correiobraziliense.com.br\/cbradar\/a-melhor-serie-da-netflix-para-quem-gosta-de-viagem-no-tempo\/#breadcrumb","itemListElement":[{"@type":"ListItem","position":1,"name":"In\u00edcio","item":"https:\/\/www.correiobraziliense.com.br\/cbradar\/"},{"@type":"ListItem","position":2,"name":"A melhor s\u00e9rie da Netflix para quem gosta de viagem no tempo"}]},{"@type":"WebSite","@id":"https:\/\/www.correiobraziliense.com.br\/cbradar\/#website","url":"https:\/\/www.correiobraziliense.com.br\/cbradar\/","name":"Correio Braziliense - Radar","description":"Acompanhe as \u00faltimas not\u00edcias e fique bem informado sobre tudo o que acontece no Brasil e no mundo.","potentialAction":[{"@type":"SearchAction","target":{"@type":"EntryPoint","urlTemplate":"https:\/\/www.correiobraziliense.com.br\/cbradar\/?s={search_term_string}"},"query-input":{"@type":"PropertyValueSpecification","valueRequired":true,"valueName":"search_term_string"}}],"inLanguage":"pt-BR"},{"@type":"Person","@id":"https:\/\/www.correiobraziliense.com.br\/cbradar\/#\/schema\/person\/58422787644df994b53a19d3e56c1513","name":"Larissa Carvalho","image":{"@type":"ImageObject","inLanguage":"pt-BR","@id":"https:\/\/www.correiobraziliense.com.br\/cbradar\/#\/schema\/person\/image\/","url":"https:\/\/secure.gravatar.com\/avatar\/fe4f91a0de32b52a838d0d612abdc1aa?s=96&d=mm&r=g","contentUrl":"https:\/\/secure.gravatar.com\/avatar\/fe4f91a0de32b52a838d0d612abdc1aa?s=96&d=mm&r=g","caption":"Larissa Carvalho"},"url":"https:\/\/www.correiobraziliense.com.br\/cbradar\/author\/larissamyth\/"}]}},"_links":{"self":[{"href":"https:\/\/www.correiobraziliense.com.br\/cbradar\/wp-json\/wp\/v2\/posts\/11420","targetHints":{"allow":["GET"]}}],"collection":[{"href":"https:\/\/www.correiobraziliense.com.br\/cbradar\/wp-json\/wp\/v2\/posts"}],"about":[{"href":"https:\/\/www.correiobraziliense.com.br\/cbradar\/wp-json\/wp\/v2\/types\/post"}],"author":[{"embeddable":true,"href":"https:\/\/www.correiobraziliense.com.br\/cbradar\/wp-json\/wp\/v2\/users\/3"}],"replies":[{"embeddable":true,"href":"https:\/\/www.correiobraziliense.com.br\/cbradar\/wp-json\/wp\/v2\/comments?post=11420"}],"version-history":[{"count":3,"href":"https:\/\/www.correiobraziliense.com.br\/cbradar\/wp-json\/wp\/v2\/posts\/11420\/revisions"}],"predecessor-version":[{"id":27866,"href":"https:\/\/www.correiobraziliense.com.br\/cbradar\/wp-json\/wp\/v2\/posts\/11420\/revisions\/27866"}],"wp:featuredmedia":[{"embeddable":true,"href":"https:\/\/www.correiobraziliense.com.br\/cbradar\/wp-json\/wp\/v2\/media\/11430"}],"wp:attachment":[{"href":"https:\/\/www.correiobraziliense.com.br\/cbradar\/wp-json\/wp\/v2\/media?parent=11420"}],"wp:term":[{"taxonomy":"category","embeddable":true,"href":"https:\/\/www.correiobraziliense.com.br\/cbradar\/wp-json\/wp\/v2\/categories?post=11420"},{"taxonomy":"post_tag","embeddable":true,"href":"https:\/\/www.correiobraziliense.com.br\/cbradar\/wp-json\/wp\/v2\/post_tag?post=11420"}],"curies":[{"name":"wp","href":"https:\/\/api.w.org\/{rel}","templated":true}]}}