{"id":11432,"date":"2025-03-13T07:23:00","date_gmt":"2025-03-13T10:23:00","guid":{"rendered":"https:\/\/www.correiobraziliense.com.br\/cbradar\/?p=11432"},"modified":"2025-03-11T21:24:25","modified_gmt":"2025-03-12T00:24:25","slug":"you-o-que-esperar-do-desfecho-da-ultima-temporada","status":"publish","type":"post","link":"https:\/\/www.correiobraziliense.com.br\/cbradar\/you-o-que-esperar-do-desfecho-da-ultima-temporada\/","title":{"rendered":"You: o que esperar do desfecho da \u00faltima temporada"},"content":{"rendered":"\n<p>A s\u00e9rie &#8220;<strong>You<\/strong>&#8221; chega \u00e0 sua quinta e \u00faltima temporada, trazendo <strong>Joe Goldberg<\/strong> de volta a <strong>Nova York<\/strong>, cen\u00e1rio onde sua jornada de obsess\u00f5es e crimes come\u00e7ou. O desfecho da trama, que estreia em 24 de abril de 2025 na <strong><a href=\"https:\/\/www.netflix.com\/br\/\" target=\"_blank\" rel=\"noreferrer noopener\">Netflix<\/a><\/strong>, ocorre tr\u00eas anos ap\u00f3s os eventos da quarta temporada. <strong>Penn Badgley reprisa <\/strong>seu papel como Joe, que agora tenta equilibrar sua vida entre a elite nova-iorquina e a cria\u00e7\u00e3o de seu filho, <strong>Henry<\/strong>.<\/p>\n\n\n\n<p>Ao lado de sua nova parceira, <strong>Kate<\/strong>, interpretada por <strong>Charlotte Ritchie<\/strong>, Joe se envolve na administra\u00e7\u00e3o da empresa que ela herdou de seu pai, uma das v\u00edtimas de Joe na temporada anterior. Apesar de seus esfor\u00e7os para manter uma fachada de normalidade, as tend\u00eancias obsessivas e psicosexuais de Joe amea\u00e7am desmoronar sua vida cuidadosamente constru\u00edda.<\/p>\n\n\n\n<h2 class=\"wp-block-heading\"><strong>Quem \u00e9 Bronte na nova temporada?<\/strong><\/h2>\n\n\n\n<p>Nesta temporada, surge Bronte, uma dramaturga interpretada por<strong> Madeline Brewer<\/strong>, que parece ser a primeira pessoa a realmente compreender Joe. No entanto, essa compreens\u00e3o pode ser ilus\u00f3ria, considerando o hist\u00f3rico de Joe com relacionamentos complexos e destrutivos. A presen\u00e7a de Bronte adiciona uma nova camada \u00e0 narrativa, desafiando Joe a confrontar suas motiva\u00e7\u00f5es mais profundas.<\/p>\n\n\n\n<figure class=\"wp-block-image size-large\"><img decoding=\"async\" width=\"1024\" height=\"576\" src=\"https:\/\/www.correiobraziliense.com.br\/cbradar\/wp-content\/uploads\/2025\/03\/Netflix-_1741698885514-1-1024x576.jpg\" alt=\"You: o que esperar do desfecho da \u00faltima temporada\" class=\"wp-image-11435\" srcset=\"https:\/\/www.correiobraziliense.com.br\/cbradar\/wp-content\/uploads\/2025\/03\/Netflix-_1741698885514-1-1024x576.jpg 1024w, https:\/\/www.correiobraziliense.com.br\/cbradar\/wp-content\/uploads\/2025\/03\/Netflix-_1741698885514-1-300x169.jpg 300w, https:\/\/www.correiobraziliense.com.br\/cbradar\/wp-content\/uploads\/2025\/03\/Netflix-_1741698885514-1-768x432.jpg 768w, https:\/\/www.correiobraziliense.com.br\/cbradar\/wp-content\/uploads\/2025\/03\/Netflix-_1741698885514-1-750x422.jpg 750w, https:\/\/www.correiobraziliense.com.br\/cbradar\/wp-content\/uploads\/2025\/03\/Netflix-_1741698885514-1-1140x641.jpg 1140w, https:\/\/www.correiobraziliense.com.br\/cbradar\/wp-content\/uploads\/2025\/03\/Netflix-_1741698885514-1.jpg 1280w\" sizes=\"(max-width: 1024px) 100vw, 1024px\" \/><figcaption class=\"wp-element-caption\">You. Cr\u00e9ditos: depositphotos.com \/ Info@vantagedrones.co.uk<\/figcaption><\/figure>\n\n\n\n<h2 class=\"wp-block-heading\"><strong>Quais conflitos Joe Enfrenta?<\/strong><\/h2>\n\n\n\n<p>Al\u00e9m de suas lutas internas, Joe se v\u00ea envolvido em uma guerra corporativa ao estilo &#8220;<strong>Succession<\/strong>&#8220;, envolvendo Kate, sua irm\u00e3 g\u00eamea Maddie (<strong>Anna Camp<\/strong>) e seu meio-irm\u00e3o Teddy (<strong>Griffin Matthews<\/strong>). A temporada promete cr\u00edticas afiadas \u00e0 classe bilion\u00e1ria e uma ca\u00e7a ao criminoso impulsionada pelas redes sociais, que pode finalmente levar \u00e0 queda de Joe.<\/p>\n\n\n\n<iframe loading=\"lazy\" width=\"560\" height=\"315\" src=\"https:\/\/www.youtube.com\/embed\/fp4i_lRYXrc?si=IUafKTaBE0lUJxMV\" title=\"YouTube video player\" frameborder=\"0\" allow=\"accelerometer; autoplay; clipboard-write; encrypted-media; gyroscope; picture-in-picture; web-share\" referrerpolicy=\"strict-origin-when-cross-origin\" allowfullscreen><\/iframe>\n\n\n\n<h2 class=\"wp-block-heading\"><strong>O futuro de Joe Goldberg<\/strong><\/h2>\n\n\n\n<p>Em entrevista ao Tudum, da Netflix, Penn Badgley compartilhou suas reflex\u00f5es sobre a temporada final e a despedida de seu personagem. Ele descreveu o momento como &#8220;agridoce&#8221;, destacando a mistura de emo\u00e7\u00f5es ao encerrar um cap\u00edtulo significativo de sua carreira. Ap\u00f3s quase sete anos no papel de Joe, Badgley expressa satisfa\u00e7\u00e3o em seguir em frente, enquanto reconhece a complexidade de deixar para tr\u00e1s um personagem t\u00e3o ic\u00f4nico.<\/p>\n\n\n\n<p>Com a estreia da \u00faltima temporada de &#8220;You&#8221;, os f\u00e3s aguardam ansiosamente para ver como a hist\u00f3ria de Joe Goldberg se desenrolar\u00e1 e se ele finalmente enfrentar\u00e1 as consequ\u00eancias de suas a\u00e7\u00f5es. A s\u00e9rie promete um final emocionante e repleto de reviravoltas, mantendo o p\u00fablico cativado at\u00e9 o \u00faltimo momento.<\/p>\n","protected":false},"excerpt":{"rendered":"<p>A quinta e \u00faltima temporada da s\u00e9rie You chega em abril de 2025, com o retorno de Joe Goldberg a Nova York, onde sua jornada come\u00e7ou.<\/p>\n","protected":false},"author":3,"featured_media":11433,"comment_status":"open","ping_status":"open","sticky":false,"template":"","format":"standard","meta":{"_yoast_wpseo_focuskw":"you s\u00e9rie","_yoast_wpseo_title":"%%title%%","_yoast_wpseo_metadesc":"A quinta e \u00faltima temporada da s\u00e9rie You chega em abril de 2025, com o retorno de Joe Goldberg a Nova York, onde sua jornada come\u00e7ou.","jnews-multi-image_gallery":[],"jnews_single_post":{"format":"standard"},"jnews_primary_category":[],"jnews_social_meta":[],"jnews_override_counter":[],"footnotes":""},"categories":[140],"post_tag":[141,1833],"class_list":["post-11432","post","type-post","status-publish","format-standard","has-post-thumbnail","hentry","category-entretenimento","tag-netflix","tag-you"],"yoast_head":"<!-- This site is optimized with the Yoast SEO plugin v24.6 - https:\/\/yoast.com\/wordpress\/plugins\/seo\/ -->\n<title>You: o que esperar do desfecho da \u00faltima temporada<\/title>\n<meta name=\"description\" content=\"A quinta e \u00faltima temporada da s\u00e9rie You chega em abril de 2025, com o retorno de Joe Goldberg a Nova York, onde sua jornada come\u00e7ou.\" \/>\n<meta name=\"robots\" content=\"index, follow, max-snippet:-1, max-image-preview:large, max-video-preview:-1\" \/>\n<link rel=\"canonical\" href=\"https:\/\/www.correiobraziliense.com.br\/cbradar\/you-o-que-esperar-do-desfecho-da-ultima-temporada\/\" \/>\n<meta property=\"og:locale\" content=\"pt_BR\" \/>\n<meta property=\"og:type\" content=\"article\" \/>\n<meta property=\"og:title\" content=\"You: o que esperar do desfecho da \u00faltima temporada\" \/>\n<meta property=\"og:description\" content=\"A quinta e \u00faltima temporada da s\u00e9rie You chega em abril de 2025, com o retorno de Joe Goldberg a Nova York, onde sua jornada come\u00e7ou.\" \/>\n<meta property=\"og:url\" content=\"https:\/\/www.correiobraziliense.com.br\/cbradar\/you-o-que-esperar-do-desfecho-da-ultima-temporada\/\" \/>\n<meta property=\"og:site_name\" content=\"Correio Braziliense - Radar\" \/>\n<meta property=\"article:published_time\" content=\"2025-03-13T10:23:00+00:00\" \/>\n<meta property=\"og:image\" content=\"https:\/\/www.correiobraziliense.com.br\/cbradar\/wp-content\/uploads\/2025\/03\/Penn-Badgley-_1741700050633.jpg\" \/>\n\t<meta property=\"og:image:width\" content=\"1279\" \/>\n\t<meta property=\"og:image:height\" content=\"720\" \/>\n\t<meta property=\"og:image:type\" content=\"image\/jpeg\" \/>\n<meta name=\"author\" content=\"Larissa Carvalho\" \/>\n<meta name=\"twitter:card\" content=\"summary_large_image\" \/>\n<meta name=\"twitter:label1\" content=\"Escrito por\" \/>\n\t<meta name=\"twitter:data1\" content=\"Larissa Carvalho\" \/>\n\t<meta name=\"twitter:label2\" content=\"Est. tempo de leitura\" \/>\n\t<meta name=\"twitter:data2\" content=\"3 minutos\" \/>\n<!-- \/ Yoast SEO plugin. -->","yoast_head_json":{"title":"You: o que esperar do desfecho da \u00faltima temporada","description":"A quinta e \u00faltima temporada da s\u00e9rie You chega em abril de 2025, com o retorno de Joe Goldberg a Nova York, onde sua jornada come\u00e7ou.","robots":{"index":"index","follow":"follow","max-snippet":"max-snippet:-1","max-image-preview":"max-image-preview:large","max-video-preview":"max-video-preview:-1"},"canonical":"https:\/\/www.correiobraziliense.com.br\/cbradar\/you-o-que-esperar-do-desfecho-da-ultima-temporada\/","og_locale":"pt_BR","og_type":"article","og_title":"You: o que esperar do desfecho da \u00faltima temporada","og_description":"A quinta e \u00faltima temporada da s\u00e9rie You chega em abril de 2025, com o retorno de Joe Goldberg a Nova York, onde sua jornada come\u00e7ou.","og_url":"https:\/\/www.correiobraziliense.com.br\/cbradar\/you-o-que-esperar-do-desfecho-da-ultima-temporada\/","og_site_name":"Correio Braziliense - Radar","article_published_time":"2025-03-13T10:23:00+00:00","og_image":[{"width":1279,"height":720,"url":"https:\/\/www.correiobraziliense.com.br\/cbradar\/wp-content\/uploads\/2025\/03\/Penn-Badgley-_1741700050633.jpg","type":"image\/jpeg"}],"author":"Larissa Carvalho","twitter_card":"summary_large_image","twitter_misc":{"Escrito por":"Larissa Carvalho","Est. tempo de leitura":"3 minutos"},"schema":{"@context":"https:\/\/schema.org","@graph":[{"@type":"WebPage","@id":"https:\/\/www.correiobraziliense.com.br\/cbradar\/you-o-que-esperar-do-desfecho-da-ultima-temporada\/","url":"https:\/\/www.correiobraziliense.com.br\/cbradar\/you-o-que-esperar-do-desfecho-da-ultima-temporada\/","name":"You: o que esperar do desfecho da \u00faltima temporada","isPartOf":{"@id":"https:\/\/www.correiobraziliense.com.br\/cbradar\/#website"},"primaryImageOfPage":{"@id":"https:\/\/www.correiobraziliense.com.br\/cbradar\/you-o-que-esperar-do-desfecho-da-ultima-temporada\/#primaryimage"},"image":{"@id":"https:\/\/www.correiobraziliense.com.br\/cbradar\/you-o-que-esperar-do-desfecho-da-ultima-temporada\/#primaryimage"},"thumbnailUrl":"https:\/\/www.correiobraziliense.com.br\/cbradar\/wp-content\/uploads\/2025\/03\/Penn-Badgley-_1741700050633.jpg","datePublished":"2025-03-13T10:23:00+00:00","author":{"@id":"https:\/\/www.correiobraziliense.com.br\/cbradar\/#\/schema\/person\/58422787644df994b53a19d3e56c1513"},"description":"A quinta e \u00faltima temporada da s\u00e9rie You chega em abril de 2025, com o retorno de Joe Goldberg a Nova York, onde sua jornada come\u00e7ou.","breadcrumb":{"@id":"https:\/\/www.correiobraziliense.com.br\/cbradar\/you-o-que-esperar-do-desfecho-da-ultima-temporada\/#breadcrumb"},"inLanguage":"pt-BR","potentialAction":[{"@type":"ReadAction","target":["https:\/\/www.correiobraziliense.com.br\/cbradar\/you-o-que-esperar-do-desfecho-da-ultima-temporada\/"]}]},{"@type":"ImageObject","inLanguage":"pt-BR","@id":"https:\/\/www.correiobraziliense.com.br\/cbradar\/you-o-que-esperar-do-desfecho-da-ultima-temporada\/#primaryimage","url":"https:\/\/www.correiobraziliense.com.br\/cbradar\/wp-content\/uploads\/2025\/03\/Penn-Badgley-_1741700050633.jpg","contentUrl":"https:\/\/www.correiobraziliense.com.br\/cbradar\/wp-content\/uploads\/2025\/03\/Penn-Badgley-_1741700050633.jpg","width":1279,"height":720,"caption":"Penn Badgley. Cr\u00e9ditos: depositphotos.com \/ s_bukley"},{"@type":"BreadcrumbList","@id":"https:\/\/www.correiobraziliense.com.br\/cbradar\/you-o-que-esperar-do-desfecho-da-ultima-temporada\/#breadcrumb","itemListElement":[{"@type":"ListItem","position":1,"name":"In\u00edcio","item":"https:\/\/www.correiobraziliense.com.br\/cbradar\/"},{"@type":"ListItem","position":2,"name":"You: o que esperar do desfecho da \u00faltima temporada"}]},{"@type":"WebSite","@id":"https:\/\/www.correiobraziliense.com.br\/cbradar\/#website","url":"https:\/\/www.correiobraziliense.com.br\/cbradar\/","name":"Correio Braziliense - Radar","description":"Acompanhe as \u00faltimas not\u00edcias e fique bem informado sobre tudo o que acontece no Brasil e no mundo.","potentialAction":[{"@type":"SearchAction","target":{"@type":"EntryPoint","urlTemplate":"https:\/\/www.correiobraziliense.com.br\/cbradar\/?s={search_term_string}"},"query-input":{"@type":"PropertyValueSpecification","valueRequired":true,"valueName":"search_term_string"}}],"inLanguage":"pt-BR"},{"@type":"Person","@id":"https:\/\/www.correiobraziliense.com.br\/cbradar\/#\/schema\/person\/58422787644df994b53a19d3e56c1513","name":"Larissa Carvalho","image":{"@type":"ImageObject","inLanguage":"pt-BR","@id":"https:\/\/www.correiobraziliense.com.br\/cbradar\/#\/schema\/person\/image\/","url":"https:\/\/secure.gravatar.com\/avatar\/fe4f91a0de32b52a838d0d612abdc1aa?s=96&d=mm&r=g","contentUrl":"https:\/\/secure.gravatar.com\/avatar\/fe4f91a0de32b52a838d0d612abdc1aa?s=96&d=mm&r=g","caption":"Larissa Carvalho"},"url":"https:\/\/www.correiobraziliense.com.br\/cbradar\/author\/larissamyth\/"}]}},"_links":{"self":[{"href":"https:\/\/www.correiobraziliense.com.br\/cbradar\/wp-json\/wp\/v2\/posts\/11432","targetHints":{"allow":["GET"]}}],"collection":[{"href":"https:\/\/www.correiobraziliense.com.br\/cbradar\/wp-json\/wp\/v2\/posts"}],"about":[{"href":"https:\/\/www.correiobraziliense.com.br\/cbradar\/wp-json\/wp\/v2\/types\/post"}],"author":[{"embeddable":true,"href":"https:\/\/www.correiobraziliense.com.br\/cbradar\/wp-json\/wp\/v2\/users\/3"}],"replies":[{"embeddable":true,"href":"https:\/\/www.correiobraziliense.com.br\/cbradar\/wp-json\/wp\/v2\/comments?post=11432"}],"version-history":[{"count":2,"href":"https:\/\/www.correiobraziliense.com.br\/cbradar\/wp-json\/wp\/v2\/posts\/11432\/revisions"}],"predecessor-version":[{"id":11518,"href":"https:\/\/www.correiobraziliense.com.br\/cbradar\/wp-json\/wp\/v2\/posts\/11432\/revisions\/11518"}],"wp:featuredmedia":[{"embeddable":true,"href":"https:\/\/www.correiobraziliense.com.br\/cbradar\/wp-json\/wp\/v2\/media\/11433"}],"wp:attachment":[{"href":"https:\/\/www.correiobraziliense.com.br\/cbradar\/wp-json\/wp\/v2\/media?parent=11432"}],"wp:term":[{"taxonomy":"category","embeddable":true,"href":"https:\/\/www.correiobraziliense.com.br\/cbradar\/wp-json\/wp\/v2\/categories?post=11432"},{"taxonomy":"post_tag","embeddable":true,"href":"https:\/\/www.correiobraziliense.com.br\/cbradar\/wp-json\/wp\/v2\/post_tag?post=11432"}],"curies":[{"name":"wp","href":"https:\/\/api.w.org\/{rel}","templated":true}]}}