{"id":11437,"date":"2025-03-13T08:30:00","date_gmt":"2025-03-13T11:30:00","guid":{"rendered":"https:\/\/www.correiobraziliense.com.br\/cbradar\/?p=11437"},"modified":"2025-03-11T21:24:42","modified_gmt":"2025-03-12T00:24:42","slug":"o-que-esperar-do-novo-samsung-galaxy-s25-edge","status":"publish","type":"post","link":"https:\/\/www.correiobraziliense.com.br\/cbradar\/o-que-esperar-do-novo-samsung-galaxy-s25-edge\/","title":{"rendered":"O que esperar do novo Samsung Galaxy S25 Edge"},"content":{"rendered":"\n<p>O <strong><a href=\"https:\/\/www.samsung.com\/br\/\" target=\"_blank\" rel=\"noreferrer noopener\">Samsung Galaxy S25 Edge<\/a><\/strong> \u00e9 um dos lan\u00e7amentos mais aguardados no mercado de <strong>smartphones <\/strong>para 2025. Com um design inovador e especifica\u00e7\u00f5es impressionantes, o dispositivo promete ser uma op\u00e7\u00e3o atraente para os consumidores que buscam tecnologia de ponta. Uma das caracter\u00edsticas mais not\u00e1veis do Galaxy S25 Edge \u00e9 seu peso, que deve ser de apenas 162g, tornando-o um dos aparelhos mais leves de sua categoria.<\/p>\n\n\n\n<p>Al\u00e9m do peso reduzido, o Galaxy S25 Edge se destaca por sua espessura. Com apenas 5,84 mm, o smartphone \u00e9 mais fino que muitos de seus concorrentes, incluindo o <strong>iPhone 16<\/strong> e o Galaxy S25 padr\u00e3o. Essa caracter\u00edstica pode ser um diferencial importante para usu\u00e1rios que valorizam a portabilidade e o design elegante em seus dispositivos m\u00f3veis.<\/p>\n\n\n\n<h2 class=\"wp-block-heading\"><strong>Quais s\u00e3o as especifica\u00e7\u00f5es t\u00e9cnicas do Galaxy S25 Edge?<\/strong><\/h2>\n\n\n\n<p>O Galaxy S25 Edge n\u00e3o impressiona apenas pelo design, mas tamb\u00e9m pelas suas especifica\u00e7\u00f5es t\u00e9cnicas. Equipado com o poderoso chip <strong>Snapdragon 8 Elite<\/strong>, o smartphone promete um desempenho r\u00e1pido e eficiente. Al\u00e9m disso, o dispositivo vem com 12 GB de RAM e 256 GB de armazenamento interno, oferecendo espa\u00e7o de sobra para aplicativos, fotos e v\u00eddeos.<\/p>\n\n\n\n<figure class=\"wp-block-image size-large\"><img decoding=\"async\" width=\"1024\" height=\"576\" src=\"https:\/\/www.correiobraziliense.com.br\/cbradar\/wp-content\/uploads\/2025\/03\/Samsung-_1741700410712-1024x576.jpg\" alt=\"Samsung Galaxy S25 Edge: O Que Esperar do Novo Modelo?\" class=\"wp-image-11440\" srcset=\"https:\/\/www.correiobraziliense.com.br\/cbradar\/wp-content\/uploads\/2025\/03\/Samsung-_1741700410712-1024x576.jpg 1024w, https:\/\/www.correiobraziliense.com.br\/cbradar\/wp-content\/uploads\/2025\/03\/Samsung-_1741700410712-300x169.jpg 300w, https:\/\/www.correiobraziliense.com.br\/cbradar\/wp-content\/uploads\/2025\/03\/Samsung-_1741700410712-768x432.jpg 768w, https:\/\/www.correiobraziliense.com.br\/cbradar\/wp-content\/uploads\/2025\/03\/Samsung-_1741700410712-750x422.jpg 750w, https:\/\/www.correiobraziliense.com.br\/cbradar\/wp-content\/uploads\/2025\/03\/Samsung-_1741700410712-1140x641.jpg 1140w, https:\/\/www.correiobraziliense.com.br\/cbradar\/wp-content\/uploads\/2025\/03\/Samsung-_1741700410712.jpg 1280w\" sizes=\"(max-width: 1024px) 100vw, 1024px\" \/><figcaption class=\"wp-element-caption\">Samsung .Cr\u00e9ditos: depositphotos.com \/ tomeqs<\/figcaption><\/figure>\n\n\n\n<p>Outro ponto de destaque \u00e9 a bateria de 3.900 mAh, que, apesar de menor em compara\u00e7\u00e3o a outros modelos, deve proporcionar uma autonomia satisfat\u00f3ria devido \u00e0 efici\u00eancia energ\u00e9tica do processador. A constru\u00e7\u00e3o do aparelho tamb\u00e9m merece aten\u00e7\u00e3o, com uma traseira em cer\u00e2mica e laterais em liga de alum\u00ednio, conferindo ao Galaxy S25 Edge um acabamento premium.<\/p>\n\n\n\n<h2 class=\"wp-block-heading\"><strong>Qual ser\u00e1 o pre\u00e7o do Galaxy S25 Edge?<\/strong><\/h2>\n\n\n\n<p>O pre\u00e7o do Galaxy S25 Edge \u00e9 um dos aspectos mais discutidos entre os entusiastas de tecnologia. De acordo com informa\u00e7\u00f5es de insiders, o valor do aparelho deve ser semelhante ao do Galaxy S25, que foi lan\u00e7ado por cerca de US$ 1.000, ou aproximadamente R$ 8.500. Essa faixa de pre\u00e7o pode tornar o Galaxy S25 Edge uma op\u00e7\u00e3o competitiva no mercado, especialmente para aqueles que buscam um smartphone fino e leve sem comprometer o desempenho.<\/p>\n\n\n\n<p>No entanto, h\u00e1 especula\u00e7\u00f5es de que o pre\u00e7o possa subir para algo entre US$ 1.100 e US$ 1.200, aproximando-se do valor do Galaxy S25 Ultra. Caso isso aconte\u00e7a, o Galaxy S25 Edge ainda poder\u00e1 atrair consumidores que valorizam seu design diferenciado e especifica\u00e7\u00f5es robustas.<\/p>\n\n\n\n<h2 class=\"wp-block-heading\"><strong>Quando o Galaxy S25 Edge ser\u00e1 lan\u00e7ado?<\/strong><\/h2>\n\n\n\n<p>A data de lan\u00e7amento do Galaxy S25 Edge ainda n\u00e3o foi oficialmente confirmada pela Samsung. No entanto, rumores indicam que o aparelho pode chegar ao mercado entre abril e maio de 2025. Essa expectativa gera grande interesse entre os consumidores, que aguardam ansiosamente por mais detalhes sobre o dispositivo.<\/p>\n\n\n\n<p>Com um conjunto de caracter\u00edsticas que combinam design elegante, especifica\u00e7\u00f5es t\u00e9cnicas avan\u00e7adas e um pre\u00e7o potencialmente competitivo, o Galaxy S25 Edge tem tudo para ser um sucesso entre os usu\u00e1rios de smartphones em 2025.<\/p>\n\n\n\n<h2 class=\"wp-block-heading\" id=\"info-header\"><\/h2>\n","protected":false},"excerpt":{"rendered":"<p>Leia tudo sobre o pr\u00f3ximo lan\u00e7amento da Samsung: o Galaxy S25 Edge \u00e9 um smartphone fino e leve, com desempenho poderoso e design inovador.<\/p>\n","protected":false},"author":3,"featured_media":11442,"comment_status":"open","ping_status":"open","sticky":false,"template":"","format":"standard","meta":{"_yoast_wpseo_focuskw":"Samsung Galaxy S25","_yoast_wpseo_title":"%%title%%","_yoast_wpseo_metadesc":"Leia tudo sobre o pr\u00f3ximo lan\u00e7amento da Samsung: o Galaxy S25 Edge \u00e9 um smartphone fino e leve, com desempenho poderoso e design inovador.","jnews-multi-image_gallery":[],"jnews_single_post":{"format":"standard"},"jnews_primary_category":[],"jnews_social_meta":[],"jnews_override_counter":[],"footnotes":""},"categories":[115],"post_tag":[156,1834],"class_list":["post-11437","post","type-post","status-publish","format-standard","has-post-thumbnail","hentry","category-tecnologia","tag-samsung","tag-samsung-galaxy"],"yoast_head":"<!-- This site is optimized with the Yoast SEO plugin v24.6 - https:\/\/yoast.com\/wordpress\/plugins\/seo\/ -->\n<title>O que esperar do novo Samsung Galaxy S25 Edge<\/title>\n<meta name=\"description\" content=\"Leia tudo sobre o pr\u00f3ximo lan\u00e7amento da Samsung: o Galaxy S25 Edge \u00e9 um smartphone fino e leve, com desempenho poderoso e design inovador.\" \/>\n<meta name=\"robots\" content=\"index, follow, max-snippet:-1, max-image-preview:large, max-video-preview:-1\" \/>\n<link rel=\"canonical\" href=\"https:\/\/www.correiobraziliense.com.br\/cbradar\/o-que-esperar-do-novo-samsung-galaxy-s25-edge\/\" \/>\n<meta property=\"og:locale\" content=\"pt_BR\" \/>\n<meta property=\"og:type\" content=\"article\" \/>\n<meta property=\"og:title\" content=\"O que esperar do novo Samsung Galaxy S25 Edge\" \/>\n<meta property=\"og:description\" content=\"Leia tudo sobre o pr\u00f3ximo lan\u00e7amento da Samsung: o Galaxy S25 Edge \u00e9 um smartphone fino e leve, com desempenho poderoso e design inovador.\" \/>\n<meta property=\"og:url\" content=\"https:\/\/www.correiobraziliense.com.br\/cbradar\/o-que-esperar-do-novo-samsung-galaxy-s25-edge\/\" \/>\n<meta property=\"og:site_name\" content=\"Correio Braziliense - Radar\" \/>\n<meta property=\"article:published_time\" content=\"2025-03-13T11:30:00+00:00\" \/>\n<meta property=\"og:image\" content=\"https:\/\/www.correiobraziliense.com.br\/cbradar\/wp-content\/uploads\/2025\/03\/Samsung-_1741700475576.jpg\" \/>\n\t<meta property=\"og:image:width\" content=\"1280\" \/>\n\t<meta property=\"og:image:height\" content=\"720\" \/>\n\t<meta property=\"og:image:type\" content=\"image\/jpeg\" \/>\n<meta name=\"author\" content=\"Larissa Carvalho\" \/>\n<meta name=\"twitter:card\" content=\"summary_large_image\" \/>\n<meta name=\"twitter:label1\" content=\"Escrito por\" \/>\n\t<meta name=\"twitter:data1\" content=\"Larissa Carvalho\" \/>\n\t<meta name=\"twitter:label2\" content=\"Est. tempo de leitura\" \/>\n\t<meta name=\"twitter:data2\" content=\"3 minutos\" \/>\n<!-- \/ Yoast SEO plugin. -->","yoast_head_json":{"title":"O que esperar do novo Samsung Galaxy S25 Edge","description":"Leia tudo sobre o pr\u00f3ximo lan\u00e7amento da Samsung: o Galaxy S25 Edge \u00e9 um smartphone fino e leve, com desempenho poderoso e design inovador.","robots":{"index":"index","follow":"follow","max-snippet":"max-snippet:-1","max-image-preview":"max-image-preview:large","max-video-preview":"max-video-preview:-1"},"canonical":"https:\/\/www.correiobraziliense.com.br\/cbradar\/o-que-esperar-do-novo-samsung-galaxy-s25-edge\/","og_locale":"pt_BR","og_type":"article","og_title":"O que esperar do novo Samsung Galaxy S25 Edge","og_description":"Leia tudo sobre o pr\u00f3ximo lan\u00e7amento da Samsung: o Galaxy S25 Edge \u00e9 um smartphone fino e leve, com desempenho poderoso e design inovador.","og_url":"https:\/\/www.correiobraziliense.com.br\/cbradar\/o-que-esperar-do-novo-samsung-galaxy-s25-edge\/","og_site_name":"Correio Braziliense - Radar","article_published_time":"2025-03-13T11:30:00+00:00","og_image":[{"width":1280,"height":720,"url":"https:\/\/www.correiobraziliense.com.br\/cbradar\/wp-content\/uploads\/2025\/03\/Samsung-_1741700475576.jpg","type":"image\/jpeg"}],"author":"Larissa Carvalho","twitter_card":"summary_large_image","twitter_misc":{"Escrito por":"Larissa Carvalho","Est. tempo de leitura":"3 minutos"},"schema":{"@context":"https:\/\/schema.org","@graph":[{"@type":"WebPage","@id":"https:\/\/www.correiobraziliense.com.br\/cbradar\/o-que-esperar-do-novo-samsung-galaxy-s25-edge\/","url":"https:\/\/www.correiobraziliense.com.br\/cbradar\/o-que-esperar-do-novo-samsung-galaxy-s25-edge\/","name":"O que esperar do novo Samsung Galaxy S25 Edge","isPartOf":{"@id":"https:\/\/www.correiobraziliense.com.br\/cbradar\/#website"},"primaryImageOfPage":{"@id":"https:\/\/www.correiobraziliense.com.br\/cbradar\/o-que-esperar-do-novo-samsung-galaxy-s25-edge\/#primaryimage"},"image":{"@id":"https:\/\/www.correiobraziliense.com.br\/cbradar\/o-que-esperar-do-novo-samsung-galaxy-s25-edge\/#primaryimage"},"thumbnailUrl":"https:\/\/www.correiobraziliense.com.br\/cbradar\/wp-content\/uploads\/2025\/03\/Samsung-_1741700475576.jpg","datePublished":"2025-03-13T11:30:00+00:00","author":{"@id":"https:\/\/www.correiobraziliense.com.br\/cbradar\/#\/schema\/person\/58422787644df994b53a19d3e56c1513"},"description":"Leia tudo sobre o pr\u00f3ximo lan\u00e7amento da Samsung: o Galaxy S25 Edge \u00e9 um smartphone fino e leve, com desempenho poderoso e design inovador.","breadcrumb":{"@id":"https:\/\/www.correiobraziliense.com.br\/cbradar\/o-que-esperar-do-novo-samsung-galaxy-s25-edge\/#breadcrumb"},"inLanguage":"pt-BR","potentialAction":[{"@type":"ReadAction","target":["https:\/\/www.correiobraziliense.com.br\/cbradar\/o-que-esperar-do-novo-samsung-galaxy-s25-edge\/"]}]},{"@type":"ImageObject","inLanguage":"pt-BR","@id":"https:\/\/www.correiobraziliense.com.br\/cbradar\/o-que-esperar-do-novo-samsung-galaxy-s25-edge\/#primaryimage","url":"https:\/\/www.correiobraziliense.com.br\/cbradar\/wp-content\/uploads\/2025\/03\/Samsung-_1741700475576.jpg","contentUrl":"https:\/\/www.correiobraziliense.com.br\/cbradar\/wp-content\/uploads\/2025\/03\/Samsung-_1741700475576.jpg","width":1280,"height":720,"caption":"Samsung.Cr\u00e9ditos: depositphotos.com \/ 4eX"},{"@type":"BreadcrumbList","@id":"https:\/\/www.correiobraziliense.com.br\/cbradar\/o-que-esperar-do-novo-samsung-galaxy-s25-edge\/#breadcrumb","itemListElement":[{"@type":"ListItem","position":1,"name":"In\u00edcio","item":"https:\/\/www.correiobraziliense.com.br\/cbradar\/"},{"@type":"ListItem","position":2,"name":"O que esperar do novo Samsung Galaxy S25 Edge"}]},{"@type":"WebSite","@id":"https:\/\/www.correiobraziliense.com.br\/cbradar\/#website","url":"https:\/\/www.correiobraziliense.com.br\/cbradar\/","name":"Correio Braziliense - Radar","description":"Acompanhe as \u00faltimas not\u00edcias e fique bem informado sobre tudo o que acontece no Brasil e no mundo.","potentialAction":[{"@type":"SearchAction","target":{"@type":"EntryPoint","urlTemplate":"https:\/\/www.correiobraziliense.com.br\/cbradar\/?s={search_term_string}"},"query-input":{"@type":"PropertyValueSpecification","valueRequired":true,"valueName":"search_term_string"}}],"inLanguage":"pt-BR"},{"@type":"Person","@id":"https:\/\/www.correiobraziliense.com.br\/cbradar\/#\/schema\/person\/58422787644df994b53a19d3e56c1513","name":"Larissa Carvalho","image":{"@type":"ImageObject","inLanguage":"pt-BR","@id":"https:\/\/www.correiobraziliense.com.br\/cbradar\/#\/schema\/person\/image\/","url":"https:\/\/secure.gravatar.com\/avatar\/fe4f91a0de32b52a838d0d612abdc1aa?s=96&d=mm&r=g","contentUrl":"https:\/\/secure.gravatar.com\/avatar\/fe4f91a0de32b52a838d0d612abdc1aa?s=96&d=mm&r=g","caption":"Larissa Carvalho"},"url":"https:\/\/www.correiobraziliense.com.br\/cbradar\/author\/larissamyth\/"}]}},"_links":{"self":[{"href":"https:\/\/www.correiobraziliense.com.br\/cbradar\/wp-json\/wp\/v2\/posts\/11437","targetHints":{"allow":["GET"]}}],"collection":[{"href":"https:\/\/www.correiobraziliense.com.br\/cbradar\/wp-json\/wp\/v2\/posts"}],"about":[{"href":"https:\/\/www.correiobraziliense.com.br\/cbradar\/wp-json\/wp\/v2\/types\/post"}],"author":[{"embeddable":true,"href":"https:\/\/www.correiobraziliense.com.br\/cbradar\/wp-json\/wp\/v2\/users\/3"}],"replies":[{"embeddable":true,"href":"https:\/\/www.correiobraziliense.com.br\/cbradar\/wp-json\/wp\/v2\/comments?post=11437"}],"version-history":[{"count":2,"href":"https:\/\/www.correiobraziliense.com.br\/cbradar\/wp-json\/wp\/v2\/posts\/11437\/revisions"}],"predecessor-version":[{"id":11520,"href":"https:\/\/www.correiobraziliense.com.br\/cbradar\/wp-json\/wp\/v2\/posts\/11437\/revisions\/11520"}],"wp:featuredmedia":[{"embeddable":true,"href":"https:\/\/www.correiobraziliense.com.br\/cbradar\/wp-json\/wp\/v2\/media\/11442"}],"wp:attachment":[{"href":"https:\/\/www.correiobraziliense.com.br\/cbradar\/wp-json\/wp\/v2\/media?parent=11437"}],"wp:term":[{"taxonomy":"category","embeddable":true,"href":"https:\/\/www.correiobraziliense.com.br\/cbradar\/wp-json\/wp\/v2\/categories?post=11437"},{"taxonomy":"post_tag","embeddable":true,"href":"https:\/\/www.correiobraziliense.com.br\/cbradar\/wp-json\/wp\/v2\/post_tag?post=11437"}],"curies":[{"name":"wp","href":"https:\/\/api.w.org\/{rel}","templated":true}]}}