{"id":11457,"date":"2025-03-12T15:30:00","date_gmt":"2025-03-12T18:30:00","guid":{"rendered":"https:\/\/www.correiobraziliense.com.br\/cbradar\/?p=11457"},"modified":"2025-03-12T00:34:34","modified_gmt":"2025-03-12T03:34:34","slug":"uma-jornada-imersiva-ao-mundo-do-sobrenatural-de-stranger-things","status":"publish","type":"post","link":"https:\/\/www.correiobraziliense.com.br\/cbradar\/uma-jornada-imersiva-ao-mundo-do-sobrenatural-de-stranger-things\/","title":{"rendered":"Uma jornada imersiva ao mundo do sobrenatural de Stranger Things"},"content":{"rendered":"\n<p>A s\u00e9rie de sucesso da <strong>Netflix<\/strong>, <strong>&#8220;<a href=\"https:\/\/www.netflix.com\/br\/title\/80057281\" target=\"_blank\" rel=\"noreferrer noopener\">Stranger Things<\/a><\/strong>&#8220;, ganha vida em uma exposi\u00e7\u00e3o imersiva que chega ao <strong>Rio de Janeiro<\/strong> em abril de 2025. Ap\u00f3s passar por cidades como Nova York, Los Angeles, Paris e Londres, a experi\u00eancia oferece aos f\u00e3s a oportunidade de mergulhar no universo da fict\u00edcia cidade de Hawkins, ambientada nos anos 1980. A pr\u00e9-venda de ingressos j\u00e1 est\u00e1 dispon\u00edvel, e a venda para o p\u00fablico geral come\u00e7a em 19 de mar\u00e7o.<\/p>\n\n\n\n<p>Com uma \u00e1rea de 2.500 m\u00b2, a exposi\u00e7\u00e3o ser\u00e1 montada no estacionamento do <strong>Barra Shopping<\/strong>. Os visitantes poder\u00e3o explorar locais ic\u00f4nicos da s\u00e9rie, como o <strong>Laborat\u00f3rio Nacional de Hawkins <\/strong>e a enigm\u00e1tica <strong>Sala do Arco-\u00cdris.<\/strong> Al\u00e9m disso, o Mundo Invertido, uma dimens\u00e3o paralela repleta de mist\u00e9rios, tamb\u00e9m estar\u00e1 presente na experi\u00eancia.<\/p>\n\n\n\n<h2 class=\"wp-block-heading\"><strong>O que esperar de &#8216;Stranger Things: the experience&#8217;?<\/strong><\/h2>\n\n\n\n<p>A exposi\u00e7\u00e3o promete uma jornada imersiva semelhante \u00e0 vivida pelos personagens principais da s\u00e9rie, como <strong>Eleven<\/strong>, <strong>Mike<\/strong>, <strong>Max<\/strong>, <strong>Will <\/strong>e <strong>Dustin<\/strong>. Os visitantes enfrentar\u00e3o desafios e enigmas, enquanto a cidade de Hawkins est\u00e1 em perigo. A experi\u00eancia \u00e9 enriquecida com efeitos visuais 3D e 4D, cen\u00e1rios hiper-realistas e a participa\u00e7\u00e3o de 20 atores, garantindo uma imers\u00e3o completa no universo de &#8220;Stranger Things&#8221;.<\/p>\n\n\n\n<figure class=\"wp-block-image size-large\"><img decoding=\"async\" width=\"1024\" height=\"576\" src=\"https:\/\/www.correiobraziliense.com.br\/cbradar\/wp-content\/uploads\/2025\/03\/Stranger-Things_1741701626376-1024x576.jpg\" alt=\"Uma Jornada Imersiva ao Mundo do Sobrenatural\" class=\"wp-image-11459\" srcset=\"https:\/\/www.correiobraziliense.com.br\/cbradar\/wp-content\/uploads\/2025\/03\/Stranger-Things_1741701626376-1024x576.jpg 1024w, https:\/\/www.correiobraziliense.com.br\/cbradar\/wp-content\/uploads\/2025\/03\/Stranger-Things_1741701626376-300x169.jpg 300w, https:\/\/www.correiobraziliense.com.br\/cbradar\/wp-content\/uploads\/2025\/03\/Stranger-Things_1741701626376-768x432.jpg 768w, https:\/\/www.correiobraziliense.com.br\/cbradar\/wp-content\/uploads\/2025\/03\/Stranger-Things_1741701626376-750x422.jpg 750w, https:\/\/www.correiobraziliense.com.br\/cbradar\/wp-content\/uploads\/2025\/03\/Stranger-Things_1741701626376-1140x641.jpg 1140w, https:\/\/www.correiobraziliense.com.br\/cbradar\/wp-content\/uploads\/2025\/03\/Stranger-Things_1741701626376.jpg 1280w\" sizes=\"(max-width: 1024px) 100vw, 1024px\" \/><figcaption class=\"wp-element-caption\">Stranger Things.Cr\u00e9ditos: depositphotos.com \/ davidzfr<\/figcaption><\/figure>\n\n\n\n<h2 class=\"wp-block-heading\"><strong>Quais s\u00e3o as atra\u00e7\u00f5es gastron\u00f4micas dispon\u00edveis?<\/strong><\/h2>\n\n\n\n<p>Ap\u00f3s a jornada imersiva, os visitantes poder\u00e3o desfrutar de uma \u00e1rea tem\u00e1tica chamada Mix-Tape. Neste espa\u00e7o, ser\u00e3o oferecidas op\u00e7\u00f5es gastron\u00f4micas inspiradas na s\u00e9rie, como o famoso sorvete Scoops Ahoy, a pizza da Surfer Boy e drinks tem\u00e1ticos do bar de &#8220;Stranger Things&#8221;. Esta \u00e9 uma oportunidade \u00fanica de continuar a experi\u00eancia em um ambiente que remete \u00e0 atmosfera da s\u00e9rie.<\/p>\n\n\n\n<h2 class=\"wp-block-heading\"><strong>Informa\u00e7\u00f5es importantes para os visitantes<\/strong><\/h2>\n\n\n\n<p>\u00c9 importante destacar que a entrada n\u00e3o ser\u00e1 permitida para crian\u00e7as com menos de 5 anos. Menores de 12 anos devem estar acompanhados por um adulto respons\u00e1vel. Os ingressos t\u00eam pre\u00e7os a partir de R$ 40, e o cadastro para a pr\u00e9-venda pode ser feito online at\u00e9 o dia 16 de mar\u00e7o. A experi\u00eancia promete ser uma atra\u00e7\u00e3o imperd\u00edvel para os f\u00e3s da s\u00e9rie e para aqueles que buscam uma aventura \u00fanica e envolvente.<\/p>\n\n\n\n<p>Com a chegada de &#8220;Stranger Things: The Experience&#8221; ao Rio de Janeiro, os f\u00e3s ter\u00e3o a chance de vivenciar de perto o mundo de Hawkins e seus mist\u00e9rios. A combina\u00e7\u00e3o de cen\u00e1rios detalhados, efeitos especiais e uma atmosfera nost\u00e1lgica dos anos 1980 promete cativar e surpreender todos os visitantes.<\/p>\n","protected":false},"excerpt":{"rendered":"<p>Vivencie o universo de Stranger Things na exposi\u00e7\u00e3o imersiva que chega ao Rio em abril de 2025. Explore cen\u00e1rios ic\u00f4nicos da s\u00e9rie!<\/p>\n","protected":false},"author":3,"featured_media":11458,"comment_status":"open","ping_status":"open","sticky":false,"template":"","format":"standard","meta":{"_yoast_wpseo_focuskw":"Stranger Things","_yoast_wpseo_title":"%%title%%","_yoast_wpseo_metadesc":"Vivencie o universo de Stranger Things na exposi\u00e7\u00e3o imersiva que chega ao Rio em abril de 2025. Explore cen\u00e1rios ic\u00f4nicos da s\u00e9rie!","jnews-multi-image_gallery":[],"jnews_single_post":{"format":"standard"},"jnews_primary_category":[],"jnews_social_meta":[],"jnews_override_counter":[],"footnotes":""},"categories":[140],"post_tag":[568,1797],"class_list":["post-11457","post","type-post","status-publish","format-standard","has-post-thumbnail","hentry","category-entretenimento","tag-series-e-filmes","tag-strangher-thins"],"yoast_head":"<!-- This site is optimized with the Yoast SEO plugin v24.6 - https:\/\/yoast.com\/wordpress\/plugins\/seo\/ -->\n<title>Uma jornada imersiva ao mundo do sobrenatural de Stranger Things<\/title>\n<meta name=\"description\" content=\"Vivencie o universo de Stranger Things na exposi\u00e7\u00e3o imersiva que chega ao Rio em abril de 2025. Explore cen\u00e1rios ic\u00f4nicos da s\u00e9rie!\" \/>\n<meta name=\"robots\" content=\"index, follow, max-snippet:-1, max-image-preview:large, max-video-preview:-1\" \/>\n<link rel=\"canonical\" href=\"https:\/\/www.correiobraziliense.com.br\/cbradar\/uma-jornada-imersiva-ao-mundo-do-sobrenatural-de-stranger-things\/\" \/>\n<meta property=\"og:locale\" content=\"pt_BR\" \/>\n<meta property=\"og:type\" content=\"article\" \/>\n<meta property=\"og:title\" content=\"Uma jornada imersiva ao mundo do sobrenatural de Stranger Things\" \/>\n<meta property=\"og:description\" content=\"Vivencie o universo de Stranger Things na exposi\u00e7\u00e3o imersiva que chega ao Rio em abril de 2025. Explore cen\u00e1rios ic\u00f4nicos da s\u00e9rie!\" \/>\n<meta property=\"og:url\" content=\"https:\/\/www.correiobraziliense.com.br\/cbradar\/uma-jornada-imersiva-ao-mundo-do-sobrenatural-de-stranger-things\/\" \/>\n<meta property=\"og:site_name\" content=\"Correio Braziliense - Radar\" \/>\n<meta property=\"article:published_time\" content=\"2025-03-12T18:30:00+00:00\" \/>\n<meta property=\"og:image\" content=\"https:\/\/www.correiobraziliense.com.br\/cbradar\/wp-content\/uploads\/2025\/03\/Stranger-Things_1741701525526.jpg\" \/>\n\t<meta property=\"og:image:width\" content=\"1280\" \/>\n\t<meta property=\"og:image:height\" content=\"720\" \/>\n\t<meta property=\"og:image:type\" content=\"image\/jpeg\" \/>\n<meta name=\"author\" content=\"Larissa Carvalho\" \/>\n<meta name=\"twitter:card\" content=\"summary_large_image\" \/>\n<meta name=\"twitter:label1\" content=\"Escrito por\" \/>\n\t<meta name=\"twitter:data1\" content=\"Larissa Carvalho\" \/>\n\t<meta name=\"twitter:label2\" content=\"Est. tempo de leitura\" \/>\n\t<meta name=\"twitter:data2\" content=\"3 minutos\" \/>\n<!-- \/ Yoast SEO plugin. -->","yoast_head_json":{"title":"Uma jornada imersiva ao mundo do sobrenatural de Stranger Things","description":"Vivencie o universo de Stranger Things na exposi\u00e7\u00e3o imersiva que chega ao Rio em abril de 2025. Explore cen\u00e1rios ic\u00f4nicos da s\u00e9rie!","robots":{"index":"index","follow":"follow","max-snippet":"max-snippet:-1","max-image-preview":"max-image-preview:large","max-video-preview":"max-video-preview:-1"},"canonical":"https:\/\/www.correiobraziliense.com.br\/cbradar\/uma-jornada-imersiva-ao-mundo-do-sobrenatural-de-stranger-things\/","og_locale":"pt_BR","og_type":"article","og_title":"Uma jornada imersiva ao mundo do sobrenatural de Stranger Things","og_description":"Vivencie o universo de Stranger Things na exposi\u00e7\u00e3o imersiva que chega ao Rio em abril de 2025. Explore cen\u00e1rios ic\u00f4nicos da s\u00e9rie!","og_url":"https:\/\/www.correiobraziliense.com.br\/cbradar\/uma-jornada-imersiva-ao-mundo-do-sobrenatural-de-stranger-things\/","og_site_name":"Correio Braziliense - Radar","article_published_time":"2025-03-12T18:30:00+00:00","og_image":[{"width":1280,"height":720,"url":"https:\/\/www.correiobraziliense.com.br\/cbradar\/wp-content\/uploads\/2025\/03\/Stranger-Things_1741701525526.jpg","type":"image\/jpeg"}],"author":"Larissa Carvalho","twitter_card":"summary_large_image","twitter_misc":{"Escrito por":"Larissa Carvalho","Est. tempo de leitura":"3 minutos"},"schema":{"@context":"https:\/\/schema.org","@graph":[{"@type":"WebPage","@id":"https:\/\/www.correiobraziliense.com.br\/cbradar\/uma-jornada-imersiva-ao-mundo-do-sobrenatural-de-stranger-things\/","url":"https:\/\/www.correiobraziliense.com.br\/cbradar\/uma-jornada-imersiva-ao-mundo-do-sobrenatural-de-stranger-things\/","name":"Uma jornada imersiva ao mundo do sobrenatural de Stranger Things","isPartOf":{"@id":"https:\/\/www.correiobraziliense.com.br\/cbradar\/#website"},"primaryImageOfPage":{"@id":"https:\/\/www.correiobraziliense.com.br\/cbradar\/uma-jornada-imersiva-ao-mundo-do-sobrenatural-de-stranger-things\/#primaryimage"},"image":{"@id":"https:\/\/www.correiobraziliense.com.br\/cbradar\/uma-jornada-imersiva-ao-mundo-do-sobrenatural-de-stranger-things\/#primaryimage"},"thumbnailUrl":"https:\/\/www.correiobraziliense.com.br\/cbradar\/wp-content\/uploads\/2025\/03\/Stranger-Things_1741701525526.jpg","datePublished":"2025-03-12T18:30:00+00:00","author":{"@id":"https:\/\/www.correiobraziliense.com.br\/cbradar\/#\/schema\/person\/58422787644df994b53a19d3e56c1513"},"description":"Vivencie o universo de Stranger Things na exposi\u00e7\u00e3o imersiva que chega ao Rio em abril de 2025. Explore cen\u00e1rios ic\u00f4nicos da s\u00e9rie!","breadcrumb":{"@id":"https:\/\/www.correiobraziliense.com.br\/cbradar\/uma-jornada-imersiva-ao-mundo-do-sobrenatural-de-stranger-things\/#breadcrumb"},"inLanguage":"pt-BR","potentialAction":[{"@type":"ReadAction","target":["https:\/\/www.correiobraziliense.com.br\/cbradar\/uma-jornada-imersiva-ao-mundo-do-sobrenatural-de-stranger-things\/"]}]},{"@type":"ImageObject","inLanguage":"pt-BR","@id":"https:\/\/www.correiobraziliense.com.br\/cbradar\/uma-jornada-imersiva-ao-mundo-do-sobrenatural-de-stranger-things\/#primaryimage","url":"https:\/\/www.correiobraziliense.com.br\/cbradar\/wp-content\/uploads\/2025\/03\/Stranger-Things_1741701525526.jpg","contentUrl":"https:\/\/www.correiobraziliense.com.br\/cbradar\/wp-content\/uploads\/2025\/03\/Stranger-Things_1741701525526.jpg","width":1280,"height":720,"caption":"Stranger Things.Cr\u00e9ditos: depositphotos.com \/ Jean_Nelson"},{"@type":"BreadcrumbList","@id":"https:\/\/www.correiobraziliense.com.br\/cbradar\/uma-jornada-imersiva-ao-mundo-do-sobrenatural-de-stranger-things\/#breadcrumb","itemListElement":[{"@type":"ListItem","position":1,"name":"In\u00edcio","item":"https:\/\/www.correiobraziliense.com.br\/cbradar\/"},{"@type":"ListItem","position":2,"name":"Uma jornada imersiva ao mundo do sobrenatural de Stranger Things"}]},{"@type":"WebSite","@id":"https:\/\/www.correiobraziliense.com.br\/cbradar\/#website","url":"https:\/\/www.correiobraziliense.com.br\/cbradar\/","name":"Correio Braziliense - Radar","description":"Acompanhe as \u00faltimas not\u00edcias e fique bem informado sobre tudo o que acontece no Brasil e no mundo.","potentialAction":[{"@type":"SearchAction","target":{"@type":"EntryPoint","urlTemplate":"https:\/\/www.correiobraziliense.com.br\/cbradar\/?s={search_term_string}"},"query-input":{"@type":"PropertyValueSpecification","valueRequired":true,"valueName":"search_term_string"}}],"inLanguage":"pt-BR"},{"@type":"Person","@id":"https:\/\/www.correiobraziliense.com.br\/cbradar\/#\/schema\/person\/58422787644df994b53a19d3e56c1513","name":"Larissa Carvalho","image":{"@type":"ImageObject","inLanguage":"pt-BR","@id":"https:\/\/www.correiobraziliense.com.br\/cbradar\/#\/schema\/person\/image\/","url":"https:\/\/secure.gravatar.com\/avatar\/fe4f91a0de32b52a838d0d612abdc1aa?s=96&d=mm&r=g","contentUrl":"https:\/\/secure.gravatar.com\/avatar\/fe4f91a0de32b52a838d0d612abdc1aa?s=96&d=mm&r=g","caption":"Larissa Carvalho"},"url":"https:\/\/www.correiobraziliense.com.br\/cbradar\/author\/larissamyth\/"}]}},"_links":{"self":[{"href":"https:\/\/www.correiobraziliense.com.br\/cbradar\/wp-json\/wp\/v2\/posts\/11457","targetHints":{"allow":["GET"]}}],"collection":[{"href":"https:\/\/www.correiobraziliense.com.br\/cbradar\/wp-json\/wp\/v2\/posts"}],"about":[{"href":"https:\/\/www.correiobraziliense.com.br\/cbradar\/wp-json\/wp\/v2\/types\/post"}],"author":[{"embeddable":true,"href":"https:\/\/www.correiobraziliense.com.br\/cbradar\/wp-json\/wp\/v2\/users\/3"}],"replies":[{"embeddable":true,"href":"https:\/\/www.correiobraziliense.com.br\/cbradar\/wp-json\/wp\/v2\/comments?post=11457"}],"version-history":[{"count":3,"href":"https:\/\/www.correiobraziliense.com.br\/cbradar\/wp-json\/wp\/v2\/posts\/11457\/revisions"}],"predecessor-version":[{"id":11640,"href":"https:\/\/www.correiobraziliense.com.br\/cbradar\/wp-json\/wp\/v2\/posts\/11457\/revisions\/11640"}],"wp:featuredmedia":[{"embeddable":true,"href":"https:\/\/www.correiobraziliense.com.br\/cbradar\/wp-json\/wp\/v2\/media\/11458"}],"wp:attachment":[{"href":"https:\/\/www.correiobraziliense.com.br\/cbradar\/wp-json\/wp\/v2\/media?parent=11457"}],"wp:term":[{"taxonomy":"category","embeddable":true,"href":"https:\/\/www.correiobraziliense.com.br\/cbradar\/wp-json\/wp\/v2\/categories?post=11457"},{"taxonomy":"post_tag","embeddable":true,"href":"https:\/\/www.correiobraziliense.com.br\/cbradar\/wp-json\/wp\/v2\/post_tag?post=11457"}],"curies":[{"name":"wp","href":"https:\/\/api.w.org\/{rel}","templated":true}]}}