{"id":115669,"date":"2025-10-09T19:35:00","date_gmt":"2025-10-09T22:35:00","guid":{"rendered":"https:\/\/www.correiobraziliense.com.br\/cbradar\/?p=115669"},"modified":"2025-10-07T17:13:29","modified_gmt":"2025-10-07T20:13:29","slug":"a-beleza-dessa-cidade-do-rio-de-janeiro-atrai-visitantes-de-todo-o-pais","status":"publish","type":"post","link":"https:\/\/www.correiobraziliense.com.br\/cbradar\/a-beleza-dessa-cidade-do-rio-de-janeiro-atrai-visitantes-de-todo-o-pais\/","title":{"rendered":"A beleza dessa cidade do Rio de Janeiro atrai visitantes de todo o pa\u00eds"},"content":{"rendered":"\n<p><strong>Valen\u00e7a<\/strong>, no Vale do Caf\u00e9 de <strong>Rio de Janeiro<\/strong>, <strong>Brasil<\/strong>, a 160 km do <strong>Rio de Janeiro<\/strong> e pr\u00f3xima a <strong>Barra do Pira\u00ed<\/strong> e <strong>Rio das Flores<\/strong>, \u00e9 conhecida como \u201cPrincesa do Caf\u00e9\u201d. Com hist\u00f3ria ligada ao ciclo do caf\u00e9 e o distrito musical de <strong>Conservat\u00f3ria<\/strong>, <strong>Valen\u00e7a<\/strong> \u00e9 ideal para quem busca cultura e natureza. Vivencie o que torna esta cidade um ref\u00fagio hist\u00f3rico e musical.<\/p>\n\n\n\n<ul class=\"wp-block-list\">\n<li>Hist\u00f3ria rica do ciclo do caf\u00e9 com fazendas hist\u00f3ricas preservadas.<\/li>\n\n\n\n<li>Distrito de <strong>Conservat\u00f3ria<\/strong>, terra da seresta e m\u00fasica brasileira.<\/li>\n\n\n\n<li>Natureza exuberante com cachoeiras, trilhas e Serra da Beleza.<\/li>\n<\/ul>\n\n\n\n<h2 class=\"wp-block-heading\">Quais s\u00e3o as principais atra\u00e7\u00f5es tur\u00edsticas de Valen\u00e7a?<\/h2>\n\n\n\n<p>O distrito de <strong>Conservat\u00f3ria<\/strong> encanta com suas serestas e serenatas di\u00e1rias. \u00c9 considerado polo cultural, hist\u00f3rico e tur\u00edstico do Estado do Rio de Janeiro, segundo a <strong><a href=\"https:\/\/cultura.valenca.rj.gov.br\/\" target=\"_blank\" rel=\"noreferrer noopener\">Secretaria de Turismo de Valen\u00e7a<\/a><\/strong>.<\/p>\n\n\n\n<p>A <strong>Catedral de Nossa Senhora da Gl\u00f3ria<\/strong> preserva arquitetura neocolonial no <strong>Centro<\/strong>. \u00c9 um marco religioso e hist\u00f3rico da cidade.<\/p>\n\n\n\n<p>O <strong>T\u00fanel que Chora<\/strong> impressiona pela engenharia do s\u00e9culo XIX. Foi constru\u00eddo por escravos e goteja \u00e1gua constantemente, criando um efeito \u00fanico.<\/p>\n\n\n\n<p>A <strong>Serra da Beleza<\/strong> oferece trilhas ecol\u00f3gicas e vistas panor\u00e2micas. \u00c9 um destino para ecoturismo e aventura na regi\u00e3o.<\/p>\n\n\n\n<p>As <strong>Fazendas Hist\u00f3ricas do Caf\u00e9<\/strong> preservam casar\u00f5es coloniais e senzalas. Visitas guiadas mostram a hist\u00f3ria do Vale do Caf\u00e9 fluminense.<\/p>\n\n\n\n<ul class=\"wp-block-list\">\n<li><strong>Conservat\u00f3ria<\/strong>: Distrito musical com serestas e serenatas di\u00e1rias.<\/li>\n\n\n\n<li><strong>Catedral de Nossa Senhora da Gl\u00f3ria<\/strong>: Arquitetura neocolonial no Centro.<\/li>\n\n\n\n<li><strong>T\u00fanel que Chora<\/strong>: Engenharia hist\u00f3rica constru\u00edda por escravos.<\/li>\n\n\n\n<li><strong>Serra da Beleza<\/strong>: Trilhas ecol\u00f3gicas e vistas panor\u00e2micas.<\/li>\n\n\n\n<li><strong>Fazendas Hist\u00f3ricas<\/strong>: Casar\u00f5es coloniais do ciclo do caf\u00e9.<\/li>\n<\/ul>\n\n\n<div class=\"wp-block-image\">\n<figure class=\"aligncenter size-large\"><img decoding=\"async\" width=\"1024\" height=\"576\" src=\"https:\/\/www.correiobraziliense.com.br\/cbradar\/wp-content\/uploads\/2025\/10\/Design-sem-nome-25-1024x576.png\" alt=\"A beleza dessa cidade do Rio de Janeiro atrai visitantes de todo o pa\u00eds\" class=\"wp-image-115768\" srcset=\"https:\/\/www.correiobraziliense.com.br\/cbradar\/wp-content\/uploads\/2025\/10\/Design-sem-nome-25-1024x576.png 1024w, https:\/\/www.correiobraziliense.com.br\/cbradar\/wp-content\/uploads\/2025\/10\/Design-sem-nome-25-300x169.png 300w, https:\/\/www.correiobraziliense.com.br\/cbradar\/wp-content\/uploads\/2025\/10\/Design-sem-nome-25-768x432.png 768w, https:\/\/www.correiobraziliense.com.br\/cbradar\/wp-content\/uploads\/2025\/10\/Design-sem-nome-25-750x422.png 750w, https:\/\/www.correiobraziliense.com.br\/cbradar\/wp-content\/uploads\/2025\/10\/Design-sem-nome-25-1140x641.png 1140w, https:\/\/www.correiobraziliense.com.br\/cbradar\/wp-content\/uploads\/2025\/10\/Design-sem-nome-25.png 1280w\" sizes=\"(max-width: 1024px) 100vw, 1024px\" \/><figcaption class=\"wp-element-caption\">Valen\u00e7a \/\/ Cr\u00e9ditos: YouTube @IgorAlecsander<\/figcaption><\/figure><\/div>\n\n\n<h2 class=\"wp-block-heading\">Como \u00e9 a vida cultural em Valen\u00e7a?<\/h2>\n\n\n\n<p><strong>Valen\u00e7a<\/strong> vibra com a tradi\u00e7\u00e3o seresteira de <strong>Conservat\u00f3ria<\/strong>. Jos\u00e9 Borges e Joubert foram os grandes incentivadores do movimento seresteiro, segundo a <strong>Secretaria Municipal de Cultura de Valen\u00e7a<\/strong>.<\/p>\n\n\n\n<p>O <strong>Museu da M\u00fasica e da Imagem<\/strong> re\u00fane acervo de compositores brasileiros. Exposi\u00e7\u00f5es celebram a hist\u00f3ria da m\u00fasica popular nacional.<\/p>\n\n\n\n<p>Festivais de m\u00fasica acontecem ao longo do ano em <strong>Conservat\u00f3ria<\/strong>. Artistas de todo o pa\u00eds apresentam-se em bares e pra\u00e7as.<\/p>\n\n\n\n<p>A gastronomia destaca comida caseira mineira e fluminense. Restaurantes tradicionais servem pratos em ambiente acolhedor.<\/p>\n\n\n\n<figure class=\"wp-block-embed aligncenter is-type-video is-provider-youtube wp-block-embed-youtube wp-embed-aspect-16-9 wp-has-aspect-ratio\"><div class=\"wp-block-embed__wrapper\">\n<div class=\"jeg_video_container jeg_video_content\"><iframe loading=\"lazy\" title=\"VALEN\u00c7A RJ - Vale do Caf\u00e9 | Paisagens Drone 4K - M\u00fasica Relaxante\" width=\"500\" height=\"281\" src=\"https:\/\/www.youtube.com\/embed\/D_JSEmXUVio?feature=oembed\" frameborder=\"0\" allow=\"accelerometer; autoplay; clipboard-write; encrypted-media; gyroscope; picture-in-picture; web-share\" referrerpolicy=\"strict-origin-when-cross-origin\" allowfullscreen><\/iframe><\/div>\n<\/div><figcaption class=\"wp-element-caption\">Valen\u00e7a \/\/ Cr\u00e9ditos: YouTube @IgorAlecsander<\/figcaption><\/figure>\n\n\n\n<h2 class=\"wp-block-heading\">Por que Valen\u00e7a \u00e9 refer\u00eancia em m\u00fasica?<\/h2>\n\n\n\n<p><strong>Valen\u00e7a<\/strong>, especialmente <strong>Conservat\u00f3ria<\/strong>, \u00e9 conhecida pela tradi\u00e7\u00e3o seresteira, segundo a <strong>Prefeitura de Valen\u00e7a<\/strong>. As noites de Conservat\u00f3ria s\u00e3o frescas e agrad\u00e1veis, com temperatura m\u00e9dia de 20 graus.<\/p>\n\n\n\n<p>M\u00fasicos percorrem as ruas com viol\u00f5es e cavaquinhos. Serestas acontecem diariamente em bares e pra\u00e7as.<\/p>\n\n\n\n<p>A cidade atrai visitantes em busca de romantismo e m\u00fasica ao vivo. Hot\u00e9is e pousadas oferecem experi\u00eancias tem\u00e1ticas.<\/p>\n\n\n<div class=\"wp-block-image\">\n<figure class=\"aligncenter size-large\"><img decoding=\"async\" width=\"1024\" height=\"576\" src=\"https:\/\/www.correiobraziliense.com.br\/cbradar\/wp-content\/uploads\/2025\/10\/Design-sem-nome-24-1024x576.png\" alt=\"A beleza dessa cidade do Rio de Janeiro atrai visitantes de todo o pa\u00eds\" class=\"wp-image-115769\" srcset=\"https:\/\/www.correiobraziliense.com.br\/cbradar\/wp-content\/uploads\/2025\/10\/Design-sem-nome-24-1024x576.png 1024w, https:\/\/www.correiobraziliense.com.br\/cbradar\/wp-content\/uploads\/2025\/10\/Design-sem-nome-24-300x169.png 300w, https:\/\/www.correiobraziliense.com.br\/cbradar\/wp-content\/uploads\/2025\/10\/Design-sem-nome-24-768x432.png 768w, https:\/\/www.correiobraziliense.com.br\/cbradar\/wp-content\/uploads\/2025\/10\/Design-sem-nome-24-750x422.png 750w, https:\/\/www.correiobraziliense.com.br\/cbradar\/wp-content\/uploads\/2025\/10\/Design-sem-nome-24-1140x641.png 1140w, https:\/\/www.correiobraziliense.com.br\/cbradar\/wp-content\/uploads\/2025\/10\/Design-sem-nome-24.png 1280w\" sizes=\"(max-width: 1024px) 100vw, 1024px\" \/><figcaption class=\"wp-element-caption\">Valen\u00e7a \/\/ Cr\u00e9ditos: YouTube @IgorAlecsander<\/figcaption><\/figure><\/div>\n\n\n<h2 class=\"wp-block-heading\">A hist\u00f3ria do ciclo do caf\u00e9 e o T\u00fanel que Chora<\/h2>\n\n\n\n<p><strong>Valen\u00e7a<\/strong> prosperou durante o ciclo do caf\u00e9 no s\u00e9culo XIX. Fazendas produziram milh\u00f5es de sacas que enriqueceram a regi\u00e3o.<\/p>\n\n\n\n<p>O <strong>T\u00fanel que Chora<\/strong> foi constru\u00eddo para a ferrovia que escoava o caf\u00e9. A obra utilizou m\u00e3o de obra escrava e atravessa a montanha.<\/p>\n\n\n\n<p>Hoje, fazendas hist\u00f3ricas preservam a mem\u00f3ria da \u00e9poca. Visitantes conhecem senzalas, casas-grandes e maquin\u00e1rios antigos.<\/p>\n\n\n<div class=\"wp-block-image\">\n<figure class=\"aligncenter size-large\"><img decoding=\"async\" width=\"1024\" height=\"576\" src=\"https:\/\/www.correiobraziliense.com.br\/cbradar\/wp-content\/uploads\/2025\/10\/Design-sem-nome-22-1024x576.png\" alt=\"\" class=\"wp-image-115771\" srcset=\"https:\/\/www.correiobraziliense.com.br\/cbradar\/wp-content\/uploads\/2025\/10\/Design-sem-nome-22-1024x576.png 1024w, https:\/\/www.correiobraziliense.com.br\/cbradar\/wp-content\/uploads\/2025\/10\/Design-sem-nome-22-300x169.png 300w, https:\/\/www.correiobraziliense.com.br\/cbradar\/wp-content\/uploads\/2025\/10\/Design-sem-nome-22-768x432.png 768w, https:\/\/www.correiobraziliense.com.br\/cbradar\/wp-content\/uploads\/2025\/10\/Design-sem-nome-22-750x422.png 750w, https:\/\/www.correiobraziliense.com.br\/cbradar\/wp-content\/uploads\/2025\/10\/Design-sem-nome-22-1140x641.png 1140w, https:\/\/www.correiobraziliense.com.br\/cbradar\/wp-content\/uploads\/2025\/10\/Design-sem-nome-22.png 1280w\" sizes=\"(max-width: 1024px) 100vw, 1024px\" \/><figcaption class=\"wp-element-caption\">Valen\u00e7a \/\/ Cr\u00e9ditos: Wikimedia Commons<\/figcaption><\/figure><\/div>\n\n\n<h2 class=\"wp-block-heading\">Melhor \u00e9poca para visitar Valen\u00e7a?<\/h2>\n\n\n\n<p>Entre <strong>abril e setembro<\/strong>, <strong>Valen\u00e7a<\/strong> tem temperaturas entre 15\u202f\u00b0C e 25\u202f\u00b0C, segundo o <strong>Climatempo<\/strong>. O clima seco e frio favorece passeios, especialmente em <strong>Conservat\u00f3ria<\/strong>.<\/p>\n\n\n\n<p>O per\u00edodo de <strong>junho a agosto<\/strong> \u00e9 ideal para festivais de m\u00fasica. Serestas e serenatas ocupam as noites do distrito musical.<\/p>\n\n\n\n<p>Entre <strong>outubro e mar\u00e7o<\/strong>, as chuvas s\u00e3o mais frequentes. As temperaturas sobem, mas permanecem amenas na altitude de <strong>Conservat\u00f3ria<\/strong>.<\/p>\n\n\n\n<p>Festividades religiosas e culturais acontecem ao longo do ano. O planejamento antecipado garante melhor aproveitamento das atra\u00e7\u00f5es.<\/p>\n\n\n\n<p><strong><strong>Leia tamb\u00e9m: <a href=\"https:\/\/www.correiobraziliense.com.br\/cbradar\/a-cidade-brasileira-perfeita-para-viver-com-saude-e-educacao-de-excelencia\/\" target=\"_blank\" rel=\"noreferrer noopener\">A cidade brasileira perfeita para viver com sa\u00fade e educa\u00e7\u00e3o de excel\u00eancia.<\/a><\/strong><\/strong><\/p>\n\n\n\n<h2 class=\"wp-block-heading\">Vivencie Valen\u00e7a<\/h2>\n\n\n\n<p><strong>Valen\u00e7a<\/strong> une hist\u00f3ria do caf\u00e9, m\u00fasica seresteira e natureza exuberante em <strong>Rio de Janeiro<\/strong>. De <strong>Conservat\u00f3ria<\/strong> ao <strong>T\u00fanel que Chora<\/strong>, \u00e9 um destino rom\u00e2ntico e cultural. Planeje sua viagem para viver as serestas, conhecer as fazendas hist\u00f3ricas e aproveitar o clima ameno da &#8220;Princesa do Caf\u00e9&#8221;.<\/p>\n\n\n\n<ul class=\"wp-block-list\">\n<li>Hist\u00f3ria rica do ciclo do caf\u00e9 com fazendas preservadas.<\/li>\n\n\n\n<li>Tradi\u00e7\u00e3o seresteira em <strong>Conservat\u00f3ria<\/strong> com m\u00fasica di\u00e1ria.<\/li>\n\n\n\n<li>Natureza com cachoeiras, trilhas e Serra da Beleza.<\/li>\n<\/ul>\n","protected":false},"excerpt":{"rendered":"<p>Valen\u00e7a, no Vale do Caf\u00e9 de Rio de Janeiro, Brasil, a 160 km do Rio de Janeiro e pr\u00f3xima a Barra do Pira\u00ed e Rio das Flores, \u00e9 conhecida como \u201cPrincesa do Caf\u00e9\u201d. Com hist\u00f3ria ligada ao ciclo do caf\u00e9 e o distrito musical de Conservat\u00f3ria, Valen\u00e7a \u00e9 ideal para quem busca cultura e natureza. [&hellip;]<\/p>\n","protected":false},"author":8,"featured_media":115767,"comment_status":"open","ping_status":"open","sticky":false,"template":"","format":"standard","meta":{"_yoast_wpseo_focuskw":"cidade","_yoast_wpseo_title":"","_yoast_wpseo_metadesc":"Conhe\u00e7a a cidade do Rio de Janeiro que atrai visitantes com charme, cultura vibrante e paisagens incr\u00edveis em cada canto.","jnews-multi-image_gallery":[],"jnews_single_post":{"format":"standard"},"jnews_primary_category":[],"jnews_social_meta":[],"jnews_override_counter":[],"footnotes":""},"categories":[108,111],"post_tag":[225,304,10701],"class_list":["post-115669","post","type-post","status-publish","format-standard","has-post-thumbnail","hentry","category-cidades","category-turismo","tag-brasil","tag-rio-de-janeiro","tag-valenca"],"yoast_head":"<!-- This site is optimized with the Yoast SEO plugin v24.6 - https:\/\/yoast.com\/wordpress\/plugins\/seo\/ -->\n<title>A beleza dessa cidade do Rio de Janeiro atrai visitantes de todo o pa\u00eds - Correio Braziliense - Radar<\/title>\n<meta name=\"description\" content=\"Conhe\u00e7a a cidade do Rio de Janeiro que atrai visitantes com charme, cultura vibrante e paisagens incr\u00edveis em cada canto.\" \/>\n<meta name=\"robots\" content=\"index, follow, max-snippet:-1, max-image-preview:large, max-video-preview:-1\" \/>\n<link rel=\"canonical\" href=\"https:\/\/www.correiobraziliense.com.br\/cbradar\/a-beleza-dessa-cidade-do-rio-de-janeiro-atrai-visitantes-de-todo-o-pais\/\" \/>\n<meta property=\"og:locale\" content=\"pt_BR\" \/>\n<meta property=\"og:type\" content=\"article\" \/>\n<meta property=\"og:title\" content=\"A beleza dessa cidade do Rio de Janeiro atrai visitantes de todo o pa\u00eds - Correio Braziliense - Radar\" \/>\n<meta property=\"og:description\" content=\"Conhe\u00e7a a cidade do Rio de Janeiro que atrai visitantes com charme, cultura vibrante e paisagens incr\u00edveis em cada canto.\" \/>\n<meta property=\"og:url\" content=\"https:\/\/www.correiobraziliense.com.br\/cbradar\/a-beleza-dessa-cidade-do-rio-de-janeiro-atrai-visitantes-de-todo-o-pais\/\" \/>\n<meta property=\"og:site_name\" content=\"Correio Braziliense - Radar\" \/>\n<meta property=\"article:published_time\" content=\"2025-10-09T22:35:00+00:00\" \/>\n<meta property=\"og:image\" content=\"https:\/\/www.correiobraziliense.com.br\/cbradar\/wp-content\/uploads\/2025\/10\/Design-sem-nome-26.png\" \/>\n\t<meta property=\"og:image:width\" content=\"1280\" \/>\n\t<meta property=\"og:image:height\" content=\"720\" \/>\n\t<meta property=\"og:image:type\" content=\"image\/png\" \/>\n<meta name=\"author\" content=\"Maura Pereira\" \/>\n<meta name=\"twitter:card\" content=\"summary_large_image\" \/>\n<meta name=\"twitter:label1\" content=\"Escrito por\" \/>\n\t<meta name=\"twitter:data1\" content=\"Maura Pereira\" \/>\n\t<meta name=\"twitter:label2\" content=\"Est. tempo de leitura\" \/>\n\t<meta name=\"twitter:data2\" content=\"5 minutos\" \/>\n<!-- \/ Yoast SEO plugin. -->","yoast_head_json":{"title":"A beleza dessa cidade do Rio de Janeiro atrai visitantes de todo o pa\u00eds - Correio Braziliense - Radar","description":"Conhe\u00e7a a cidade do Rio de Janeiro que atrai visitantes com charme, cultura vibrante e paisagens incr\u00edveis em cada canto.","robots":{"index":"index","follow":"follow","max-snippet":"max-snippet:-1","max-image-preview":"max-image-preview:large","max-video-preview":"max-video-preview:-1"},"canonical":"https:\/\/www.correiobraziliense.com.br\/cbradar\/a-beleza-dessa-cidade-do-rio-de-janeiro-atrai-visitantes-de-todo-o-pais\/","og_locale":"pt_BR","og_type":"article","og_title":"A beleza dessa cidade do Rio de Janeiro atrai visitantes de todo o pa\u00eds - Correio Braziliense - Radar","og_description":"Conhe\u00e7a a cidade do Rio de Janeiro que atrai visitantes com charme, cultura vibrante e paisagens incr\u00edveis em cada canto.","og_url":"https:\/\/www.correiobraziliense.com.br\/cbradar\/a-beleza-dessa-cidade-do-rio-de-janeiro-atrai-visitantes-de-todo-o-pais\/","og_site_name":"Correio Braziliense - Radar","article_published_time":"2025-10-09T22:35:00+00:00","og_image":[{"width":1280,"height":720,"url":"https:\/\/www.correiobraziliense.com.br\/cbradar\/wp-content\/uploads\/2025\/10\/Design-sem-nome-26.png","type":"image\/png"}],"author":"Maura Pereira","twitter_card":"summary_large_image","twitter_misc":{"Escrito por":"Maura Pereira","Est. tempo de leitura":"5 minutos"},"schema":{"@context":"https:\/\/schema.org","@graph":[{"@type":"WebPage","@id":"https:\/\/www.correiobraziliense.com.br\/cbradar\/a-beleza-dessa-cidade-do-rio-de-janeiro-atrai-visitantes-de-todo-o-pais\/","url":"https:\/\/www.correiobraziliense.com.br\/cbradar\/a-beleza-dessa-cidade-do-rio-de-janeiro-atrai-visitantes-de-todo-o-pais\/","name":"A beleza dessa cidade do Rio de Janeiro atrai visitantes de todo o pa\u00eds - Correio Braziliense - Radar","isPartOf":{"@id":"https:\/\/www.correiobraziliense.com.br\/cbradar\/#website"},"primaryImageOfPage":{"@id":"https:\/\/www.correiobraziliense.com.br\/cbradar\/a-beleza-dessa-cidade-do-rio-de-janeiro-atrai-visitantes-de-todo-o-pais\/#primaryimage"},"image":{"@id":"https:\/\/www.correiobraziliense.com.br\/cbradar\/a-beleza-dessa-cidade-do-rio-de-janeiro-atrai-visitantes-de-todo-o-pais\/#primaryimage"},"thumbnailUrl":"https:\/\/www.correiobraziliense.com.br\/cbradar\/wp-content\/uploads\/2025\/10\/Design-sem-nome-26.png","datePublished":"2025-10-09T22:35:00+00:00","author":{"@id":"https:\/\/www.correiobraziliense.com.br\/cbradar\/#\/schema\/person\/4053c651a9bfc785afc6f4cbc9032fd3"},"description":"Conhe\u00e7a a cidade do Rio de Janeiro que atrai visitantes com charme, cultura vibrante e paisagens incr\u00edveis em cada canto.","breadcrumb":{"@id":"https:\/\/www.correiobraziliense.com.br\/cbradar\/a-beleza-dessa-cidade-do-rio-de-janeiro-atrai-visitantes-de-todo-o-pais\/#breadcrumb"},"inLanguage":"pt-BR","potentialAction":[{"@type":"ReadAction","target":["https:\/\/www.correiobraziliense.com.br\/cbradar\/a-beleza-dessa-cidade-do-rio-de-janeiro-atrai-visitantes-de-todo-o-pais\/"]}]},{"@type":"ImageObject","inLanguage":"pt-BR","@id":"https:\/\/www.correiobraziliense.com.br\/cbradar\/a-beleza-dessa-cidade-do-rio-de-janeiro-atrai-visitantes-de-todo-o-pais\/#primaryimage","url":"https:\/\/www.correiobraziliense.com.br\/cbradar\/wp-content\/uploads\/2025\/10\/Design-sem-nome-26.png","contentUrl":"https:\/\/www.correiobraziliense.com.br\/cbradar\/wp-content\/uploads\/2025\/10\/Design-sem-nome-26.png","width":1280,"height":720,"caption":"Valen\u00e7a, no Rio de Janeiro, se destaca pelo charme hist\u00f3rico, natureza preservada e clima tranquilo do interior. \/\/ Cr\u00e9ditos: YouTube @IgorAlecsander"},{"@type":"BreadcrumbList","@id":"https:\/\/www.correiobraziliense.com.br\/cbradar\/a-beleza-dessa-cidade-do-rio-de-janeiro-atrai-visitantes-de-todo-o-pais\/#breadcrumb","itemListElement":[{"@type":"ListItem","position":1,"name":"In\u00edcio","item":"https:\/\/www.correiobraziliense.com.br\/cbradar\/"},{"@type":"ListItem","position":2,"name":"A beleza dessa cidade do Rio de Janeiro atrai visitantes de todo o pa\u00eds"}]},{"@type":"WebSite","@id":"https:\/\/www.correiobraziliense.com.br\/cbradar\/#website","url":"https:\/\/www.correiobraziliense.com.br\/cbradar\/","name":"Correio Braziliense - Radar","description":"Acompanhe as \u00faltimas not\u00edcias e fique bem informado sobre tudo o que acontece no Brasil e no mundo.","potentialAction":[{"@type":"SearchAction","target":{"@type":"EntryPoint","urlTemplate":"https:\/\/www.correiobraziliense.com.br\/cbradar\/?s={search_term_string}"},"query-input":{"@type":"PropertyValueSpecification","valueRequired":true,"valueName":"search_term_string"}}],"inLanguage":"pt-BR"},{"@type":"Person","@id":"https:\/\/www.correiobraziliense.com.br\/cbradar\/#\/schema\/person\/4053c651a9bfc785afc6f4cbc9032fd3","name":"Maura Pereira","image":{"@type":"ImageObject","inLanguage":"pt-BR","@id":"https:\/\/www.correiobraziliense.com.br\/cbradar\/#\/schema\/person\/image\/","url":"https:\/\/secure.gravatar.com\/avatar\/3effd6bdadfa447f15089c7f7144eaa6?s=96&d=mm&r=g","contentUrl":"https:\/\/secure.gravatar.com\/avatar\/3effd6bdadfa447f15089c7f7144eaa6?s=96&d=mm&r=g","caption":"Maura Pereira"},"sameAs":["https:\/\/www.correiobraziliense.com.br\/"],"url":"https:\/\/www.correiobraziliense.com.br\/cbradar\/author\/mauramyth\/"}]}},"_links":{"self":[{"href":"https:\/\/www.correiobraziliense.com.br\/cbradar\/wp-json\/wp\/v2\/posts\/115669","targetHints":{"allow":["GET"]}}],"collection":[{"href":"https:\/\/www.correiobraziliense.com.br\/cbradar\/wp-json\/wp\/v2\/posts"}],"about":[{"href":"https:\/\/www.correiobraziliense.com.br\/cbradar\/wp-json\/wp\/v2\/types\/post"}],"author":[{"embeddable":true,"href":"https:\/\/www.correiobraziliense.com.br\/cbradar\/wp-json\/wp\/v2\/users\/8"}],"replies":[{"embeddable":true,"href":"https:\/\/www.correiobraziliense.com.br\/cbradar\/wp-json\/wp\/v2\/comments?post=115669"}],"version-history":[{"count":11,"href":"https:\/\/www.correiobraziliense.com.br\/cbradar\/wp-json\/wp\/v2\/posts\/115669\/revisions"}],"predecessor-version":[{"id":115779,"href":"https:\/\/www.correiobraziliense.com.br\/cbradar\/wp-json\/wp\/v2\/posts\/115669\/revisions\/115779"}],"wp:featuredmedia":[{"embeddable":true,"href":"https:\/\/www.correiobraziliense.com.br\/cbradar\/wp-json\/wp\/v2\/media\/115767"}],"wp:attachment":[{"href":"https:\/\/www.correiobraziliense.com.br\/cbradar\/wp-json\/wp\/v2\/media?parent=115669"}],"wp:term":[{"taxonomy":"category","embeddable":true,"href":"https:\/\/www.correiobraziliense.com.br\/cbradar\/wp-json\/wp\/v2\/categories?post=115669"},{"taxonomy":"post_tag","embeddable":true,"href":"https:\/\/www.correiobraziliense.com.br\/cbradar\/wp-json\/wp\/v2\/post_tag?post=115669"}],"curies":[{"name":"wp","href":"https:\/\/api.w.org\/{rel}","templated":true}]}}