{"id":115984,"date":"2025-10-15T17:15:00","date_gmt":"2025-10-15T20:15:00","guid":{"rendered":"https:\/\/www.correiobraziliense.com.br\/cbradar\/?p=115984"},"modified":"2025-10-14T14:34:05","modified_gmt":"2025-10-14T17:34:05","slug":"o-efeito-da-respiracao-profunda-no-controle-do-estresse","status":"publish","type":"post","link":"https:\/\/www.correiobraziliense.com.br\/cbradar\/o-efeito-da-respiracao-profunda-no-controle-do-estresse\/","title":{"rendered":"O efeito da respira\u00e7\u00e3o profunda no controle do estresse"},"content":{"rendered":"\n<p>Em um mundo cada vez mais acelerado, compreender o&nbsp;<strong>efeito da respira\u00e7\u00e3o profunda<\/strong>&nbsp;no controle do estresse se tornou essencial.&nbsp;<strong>Pr\u00e1ticas simples<\/strong>&nbsp;como esta podem transformar sua qualidade de vida de forma significativa.&nbsp;No artigo de hoje, exploraremos como a respira\u00e7\u00e3o profunda age no corpo e mente.<\/p>\n\n\n\n<ul class=\"wp-block-list\">\n<li>Os benef\u00edcios inesperados da respira\u00e7\u00e3o profunda.<\/li>\n\n\n\n<li>T\u00e9cnicas pr\u00e1ticas para incorporar no dia a dia.<\/li>\n\n\n\n<li>Mitos e verdades sobre a efic\u00e1cia da pr\u00e1tica.<\/li>\n<\/ul>\n\n\n\n<h2 class=\"wp-block-heading\">Como a respira\u00e7\u00e3o profunda impacta o corpo?<\/h2>\n\n\n\n<p>Primeiramente, a&nbsp;<strong>respira\u00e7\u00e3o profunda<\/strong>&nbsp;\u00e9 eficaz em reduzir a frequ\u00eancia card\u00edaca. Isso promove a sensa\u00e7\u00e3o de calma imediata. Al\u00e9m disso, ajuda na oxigena\u00e7\u00e3o do c\u00e9rebro, melhorando a capacidade cognitiva e o foco.<\/p>\n\n\n\n<p>Outro ponto \u00e9 o fortalecimento do sistema imunol\u00f3gico. Uma pr\u00e1tica regular pode aumentar a resist\u00eancia do corpo a doen\u00e7as comuns. Por \u00faltimo, contribui para a libera\u00e7\u00e3o de endorfinas, os chamados horm\u00f4nios da felicidade, elevando o bem-estar geral.<\/p>\n\n\n\n<h2 class=\"wp-block-heading\">Quais s\u00e3o as melhores t\u00e9cnicas de respira\u00e7\u00e3o profunda?<\/h2>\n\n\n\n<p>Uma das t\u00e9cnicas mais conhecidas \u00e9 a respira\u00e7\u00e3o diafragm\u00e1tica. Consiste em inspirar profundamente pelo&nbsp;<strong>nariz<\/strong>&nbsp;e expirar lentamente pela boca, expandindo o abd\u00f4men. Outra t\u00e9cnica \u00e9 a respira\u00e7\u00e3o 4-7-8, um m\u00e9todo que regula o ritmo respirat\u00f3rio melhorando o relaxamento.<\/p>\n\n\n\n<p>Al\u00e9m disso, a pr\u00e1tica de medita\u00e7\u00e3o guiada com foco na respira\u00e7\u00e3o pode potencializar os&nbsp;<strong>benef\u00edcios<\/strong>. Incorporar essas t\u00e9cnicas na rotina di\u00e1ria pode trazer melhorias not\u00e1veis na qualidade de vida.<\/p>\n\n\n\n<p>Leia tamb\u00e9m: <a href=\"https:\/\/www.correiobraziliense.com.br\/cbradar\/treino-rapido-de-5-minutos-que-ativa-todo-o-corpo-e-queima-gordura\" target=\"_blank\" rel=\"noreferrer noopener\">Treino r\u00e1pido de 5 minutos que ativa todo o corpo e queima gordura<\/a><\/p>\n\n\n\n<h2 class=\"wp-block-heading\">Quais s\u00e3o os mitos sobre a efic\u00e1cia da respira\u00e7\u00e3o profunda?<\/h2>\n\n\n\n<p>Um mito comum \u00e9 que apenas longas sess\u00f5es de&nbsp;<strong>respira\u00e7\u00e3o profunda<\/strong>&nbsp;s\u00e3o efetivas. Na verdade, breves momentos ao longo do dia tamb\u00e9m s\u00e3o ben\u00e9ficos. Outro equ\u00edvoco \u00e9 acreditar que \u00e9 uma solu\u00e7\u00e3o imediata para todos os tipos de estresse.<\/p>\n\n\n\n<p>Embora seja uma ferramenta poderosa, ela deve ser aliada a outras pr\u00e1ticas de bem-estar. Finalmente, desmistificar que a pr\u00e1tica \u00e9 complicada \u00e9 crucial; ela \u00e9, na verdade, acess\u00edvel a todos.<\/p>\n\n\n<div class=\"wp-block-image\">\n<figure class=\"aligncenter size-large\"><img decoding=\"async\" width=\"1024\" height=\"576\" src=\"https:\/\/www.correiobraziliense.com.br\/cbradar\/wp-content\/uploads\/2025\/07\/respiracao_1752025493021-1024x576.jpg\" alt=\"O efeito da respira\u00e7\u00e3o profunda no controle do estresse\" class=\"wp-image-66911\" srcset=\"https:\/\/www.correiobraziliense.com.br\/cbradar\/wp-content\/uploads\/2025\/07\/respiracao_1752025493021-1024x576.jpg 1024w, https:\/\/www.correiobraziliense.com.br\/cbradar\/wp-content\/uploads\/2025\/07\/respiracao_1752025493021-300x169.jpg 300w, https:\/\/www.correiobraziliense.com.br\/cbradar\/wp-content\/uploads\/2025\/07\/respiracao_1752025493021-768x432.jpg 768w, https:\/\/www.correiobraziliense.com.br\/cbradar\/wp-content\/uploads\/2025\/07\/respiracao_1752025493021-750x422.jpg 750w, https:\/\/www.correiobraziliense.com.br\/cbradar\/wp-content\/uploads\/2025\/07\/respiracao_1752025493021-1140x641.jpg 1140w, https:\/\/www.correiobraziliense.com.br\/cbradar\/wp-content\/uploads\/2025\/07\/respiracao_1752025493021.jpg 1280w\" sizes=\"(max-width: 1024px) 100vw, 1024px\" \/><figcaption class=\"wp-element-caption\">Um homem respirando &#8211; Cr\u00e9ditos: depositphotos.com \/ RostyslavOleksin<\/figcaption><\/figure><\/div>\n\n\n<h2 class=\"wp-block-heading\">A respira\u00e7\u00e3o profunda pode ser parte da rotina di\u00e1ria?<\/h2>\n\n\n\n<p>Sim, integrar a&nbsp;<strong><a href=\"https:\/\/pmc-ncbi-nlm-nih-gov.translate.goog\/articles\/PMC9877284\/?_x_tr_sl=en&amp;_x_tr_tl=pt&amp;_x_tr_hl=pt&amp;_x_tr_pto=tc\" target=\"_blank\" rel=\"noreferrer noopener\">respira\u00e7\u00e3o profunda<\/a><\/strong>&nbsp;\u00e0 rotina \u00e9 simples e pr\u00e1tico. Recomenda-se iniciar com cinco minutos por dia, preferencialmente em um ambiente tranquilo. A pr\u00e1tica pode ser feita ao acordar, nos intervalos de trabalho ou antes de dormir.<\/p>\n\n\n\n<p>Al\u00e9m disso, aplicar a t\u00e9cnica em momentos de tens\u00e3o ou estresse extremo pode ajudar no gerenciamento eficaz de emo\u00e7\u00f5es. A persist\u00eancia e const\u00e2ncia s\u00e3o fundamentais para perceber os efeitos.<\/p>\n\n\n\n<h2 class=\"wp-block-heading\">Principais insights sobre o efeito da respira\u00e7\u00e3o profunda<\/h2>\n\n\n\n<p>A&nbsp;<strong>simplicidade da respira\u00e7\u00e3o profunda<\/strong>&nbsp;esconde um grande poder transformador. Com uma pr\u00e1tica regular, s\u00e3o in\u00fameros os&nbsp;<strong>benef\u00edcios<\/strong>&nbsp;agregados \u00e0 sa\u00fade f\u00edsica e mental. Conhecer suas t\u00e9cnicas permite uma aplica\u00e7\u00e3o di\u00e1ria f\u00e1cil e pr\u00e1tica.<\/p>\n\n\n\n<ul class=\"wp-block-list\">\n<li>Respira\u00e7\u00e3o profunda reduz o estresse e melhora o bem-estar geral.<\/li>\n\n\n\n<li>T\u00e9cnicas simples podem ser incorporadas facilmente \u00e0 rotina.<\/li>\n\n\n\n<li>Combina com outras pr\u00e1ticas de autocuidado para resultados melhores.<\/li>\n<\/ul>\n\n\n\n<p><em>Leia tamb\u00e9m: <a href=\"https:\/\/www.correiobraziliense.com.br\/cbradar\/esse-alimento-comum-na-casa-dos-brasileiros-pode-melhorar-a-sua-memoria\" target=\"_blank\" rel=\"noreferrer noopener\">Esse alimento comum na casa dos brasileiros pode melhorar a sua mem\u00f3ria<\/a><\/em><\/p>\n","protected":false},"excerpt":{"rendered":"<p>A respira\u00e7\u00e3o profunda ajuda a controlar o estresse, promovendo mais calma, equil\u00edbrio emocional e bem-estar di\u00e1rio<\/p>\n","protected":false},"author":11,"featured_media":54862,"comment_status":"open","ping_status":"open","sticky":false,"template":"","format":"standard","meta":{"_yoast_wpseo_focuskw":"efeito respira\u00e7\u00e3o profunda","_yoast_wpseo_title":"%%title%%","_yoast_wpseo_metadesc":"A respira\u00e7\u00e3o profunda ajuda a controlar o estresse, promovendo mais calma, equil\u00edbrio emocional e bem-estar di\u00e1rio","jnews-multi-image_gallery":[],"jnews_single_post":{"format":"standard"},"jnews_primary_category":[],"jnews_social_meta":[],"jnews_override_counter":[],"footnotes":""},"categories":[119],"post_tag":[121,1486,1318],"class_list":["post-115984","post","type-post","status-publish","format-standard","has-post-thumbnail","hentry","category-bem-estar","tag-estresse","tag-respiracao","tag-saude-2"],"yoast_head":"<!-- This site is optimized with the Yoast SEO plugin v24.6 - https:\/\/yoast.com\/wordpress\/plugins\/seo\/ -->\n<title>O efeito da respira\u00e7\u00e3o profunda no controle do estresse<\/title>\n<meta name=\"description\" content=\"A respira\u00e7\u00e3o profunda ajuda a controlar o estresse, promovendo mais calma, equil\u00edbrio emocional e bem-estar di\u00e1rio\" \/>\n<meta name=\"robots\" content=\"index, follow, max-snippet:-1, max-image-preview:large, max-video-preview:-1\" \/>\n<link rel=\"canonical\" href=\"https:\/\/www.correiobraziliense.com.br\/cbradar\/o-efeito-da-respiracao-profunda-no-controle-do-estresse\/\" \/>\n<meta property=\"og:locale\" content=\"pt_BR\" \/>\n<meta property=\"og:type\" content=\"article\" \/>\n<meta property=\"og:title\" content=\"O efeito da respira\u00e7\u00e3o profunda no controle do estresse\" \/>\n<meta property=\"og:description\" content=\"A respira\u00e7\u00e3o profunda ajuda a controlar o estresse, promovendo mais calma, equil\u00edbrio emocional e bem-estar di\u00e1rio\" \/>\n<meta property=\"og:url\" content=\"https:\/\/www.correiobraziliense.com.br\/cbradar\/o-efeito-da-respiracao-profunda-no-controle-do-estresse\/\" \/>\n<meta property=\"og:site_name\" content=\"Correio Braziliense - Radar\" \/>\n<meta property=\"article:published_time\" content=\"2025-10-15T20:15:00+00:00\" \/>\n<meta property=\"og:image\" content=\"https:\/\/www.correiobraziliense.com.br\/cbradar\/wp-content\/uploads\/2025\/06\/estresse_1750162416845.jpg\" \/>\n\t<meta property=\"og:image:width\" content=\"1280\" \/>\n\t<meta property=\"og:image:height\" content=\"720\" \/>\n\t<meta property=\"og:image:type\" content=\"image\/jpeg\" \/>\n<meta name=\"author\" content=\"Paulo Custodio\" \/>\n<meta name=\"twitter:card\" content=\"summary_large_image\" \/>\n<meta name=\"twitter:label1\" content=\"Escrito por\" \/>\n\t<meta name=\"twitter:data1\" content=\"Paulo Custodio\" \/>\n\t<meta name=\"twitter:label2\" content=\"Est. tempo de leitura\" \/>\n\t<meta name=\"twitter:data2\" content=\"4 minutos\" \/>\n<!-- \/ Yoast SEO plugin. -->","yoast_head_json":{"title":"O efeito da respira\u00e7\u00e3o profunda no controle do estresse","description":"A respira\u00e7\u00e3o profunda ajuda a controlar o estresse, promovendo mais calma, equil\u00edbrio emocional e bem-estar di\u00e1rio","robots":{"index":"index","follow":"follow","max-snippet":"max-snippet:-1","max-image-preview":"max-image-preview:large","max-video-preview":"max-video-preview:-1"},"canonical":"https:\/\/www.correiobraziliense.com.br\/cbradar\/o-efeito-da-respiracao-profunda-no-controle-do-estresse\/","og_locale":"pt_BR","og_type":"article","og_title":"O efeito da respira\u00e7\u00e3o profunda no controle do estresse","og_description":"A respira\u00e7\u00e3o profunda ajuda a controlar o estresse, promovendo mais calma, equil\u00edbrio emocional e bem-estar di\u00e1rio","og_url":"https:\/\/www.correiobraziliense.com.br\/cbradar\/o-efeito-da-respiracao-profunda-no-controle-do-estresse\/","og_site_name":"Correio Braziliense - Radar","article_published_time":"2025-10-15T20:15:00+00:00","og_image":[{"width":1280,"height":720,"url":"https:\/\/www.correiobraziliense.com.br\/cbradar\/wp-content\/uploads\/2025\/06\/estresse_1750162416845.jpg","type":"image\/jpeg"}],"author":"Paulo Custodio","twitter_card":"summary_large_image","twitter_misc":{"Escrito por":"Paulo Custodio","Est. tempo de leitura":"4 minutos"},"schema":{"@context":"https:\/\/schema.org","@graph":[{"@type":"WebPage","@id":"https:\/\/www.correiobraziliense.com.br\/cbradar\/o-efeito-da-respiracao-profunda-no-controle-do-estresse\/","url":"https:\/\/www.correiobraziliense.com.br\/cbradar\/o-efeito-da-respiracao-profunda-no-controle-do-estresse\/","name":"O efeito da respira\u00e7\u00e3o profunda no controle do estresse","isPartOf":{"@id":"https:\/\/www.correiobraziliense.com.br\/cbradar\/#website"},"primaryImageOfPage":{"@id":"https:\/\/www.correiobraziliense.com.br\/cbradar\/o-efeito-da-respiracao-profunda-no-controle-do-estresse\/#primaryimage"},"image":{"@id":"https:\/\/www.correiobraziliense.com.br\/cbradar\/o-efeito-da-respiracao-profunda-no-controle-do-estresse\/#primaryimage"},"thumbnailUrl":"https:\/\/www.correiobraziliense.com.br\/cbradar\/wp-content\/uploads\/2025\/06\/estresse_1750162416845.jpg","datePublished":"2025-10-15T20:15:00+00:00","author":{"@id":"https:\/\/www.correiobraziliense.com.br\/cbradar\/#\/schema\/person\/4cec7857301a9a1a2ef249893cd908d3"},"description":"A respira\u00e7\u00e3o profunda ajuda a controlar o estresse, promovendo mais calma, equil\u00edbrio emocional e bem-estar di\u00e1rio","breadcrumb":{"@id":"https:\/\/www.correiobraziliense.com.br\/cbradar\/o-efeito-da-respiracao-profunda-no-controle-do-estresse\/#breadcrumb"},"inLanguage":"pt-BR","potentialAction":[{"@type":"ReadAction","target":["https:\/\/www.correiobraziliense.com.br\/cbradar\/o-efeito-da-respiracao-profunda-no-controle-do-estresse\/"]}]},{"@type":"ImageObject","inLanguage":"pt-BR","@id":"https:\/\/www.correiobraziliense.com.br\/cbradar\/o-efeito-da-respiracao-profunda-no-controle-do-estresse\/#primaryimage","url":"https:\/\/www.correiobraziliense.com.br\/cbradar\/wp-content\/uploads\/2025\/06\/estresse_1750162416845.jpg","contentUrl":"https:\/\/www.correiobraziliense.com.br\/cbradar\/wp-content\/uploads\/2025\/06\/estresse_1750162416845.jpg","width":1280,"height":720,"caption":"Estresse - Cr\u00e9ditos: depositphotos.com \/ alphaspirit"},{"@type":"BreadcrumbList","@id":"https:\/\/www.correiobraziliense.com.br\/cbradar\/o-efeito-da-respiracao-profunda-no-controle-do-estresse\/#breadcrumb","itemListElement":[{"@type":"ListItem","position":1,"name":"In\u00edcio","item":"https:\/\/www.correiobraziliense.com.br\/cbradar\/"},{"@type":"ListItem","position":2,"name":"O efeito da respira\u00e7\u00e3o profunda no controle do estresse"}]},{"@type":"WebSite","@id":"https:\/\/www.correiobraziliense.com.br\/cbradar\/#website","url":"https:\/\/www.correiobraziliense.com.br\/cbradar\/","name":"Correio Braziliense - Radar","description":"Acompanhe as \u00faltimas not\u00edcias e fique bem informado sobre tudo o que acontece no Brasil e no mundo.","potentialAction":[{"@type":"SearchAction","target":{"@type":"EntryPoint","urlTemplate":"https:\/\/www.correiobraziliense.com.br\/cbradar\/?s={search_term_string}"},"query-input":{"@type":"PropertyValueSpecification","valueRequired":true,"valueName":"search_term_string"}}],"inLanguage":"pt-BR"},{"@type":"Person","@id":"https:\/\/www.correiobraziliense.com.br\/cbradar\/#\/schema\/person\/4cec7857301a9a1a2ef249893cd908d3","name":"Paulo Custodio","image":{"@type":"ImageObject","inLanguage":"pt-BR","@id":"https:\/\/www.correiobraziliense.com.br\/cbradar\/#\/schema\/person\/image\/","url":"https:\/\/secure.gravatar.com\/avatar\/bcd67168d1534e8fcf4f45c726a87cea?s=96&d=mm&r=g","contentUrl":"https:\/\/secure.gravatar.com\/avatar\/bcd67168d1534e8fcf4f45c726a87cea?s=96&d=mm&r=g","caption":"Paulo Custodio"},"sameAs":["https:\/\/www.correiobraziliense.com.br\/cbradar"],"url":"https:\/\/www.correiobraziliense.com.br\/cbradar\/author\/paulomyth\/"}]}},"_links":{"self":[{"href":"https:\/\/www.correiobraziliense.com.br\/cbradar\/wp-json\/wp\/v2\/posts\/115984","targetHints":{"allow":["GET"]}}],"collection":[{"href":"https:\/\/www.correiobraziliense.com.br\/cbradar\/wp-json\/wp\/v2\/posts"}],"about":[{"href":"https:\/\/www.correiobraziliense.com.br\/cbradar\/wp-json\/wp\/v2\/types\/post"}],"author":[{"embeddable":true,"href":"https:\/\/www.correiobraziliense.com.br\/cbradar\/wp-json\/wp\/v2\/users\/11"}],"replies":[{"embeddable":true,"href":"https:\/\/www.correiobraziliense.com.br\/cbradar\/wp-json\/wp\/v2\/comments?post=115984"}],"version-history":[{"count":2,"href":"https:\/\/www.correiobraziliense.com.br\/cbradar\/wp-json\/wp\/v2\/posts\/115984\/revisions"}],"predecessor-version":[{"id":119411,"href":"https:\/\/www.correiobraziliense.com.br\/cbradar\/wp-json\/wp\/v2\/posts\/115984\/revisions\/119411"}],"wp:featuredmedia":[{"embeddable":true,"href":"https:\/\/www.correiobraziliense.com.br\/cbradar\/wp-json\/wp\/v2\/media\/54862"}],"wp:attachment":[{"href":"https:\/\/www.correiobraziliense.com.br\/cbradar\/wp-json\/wp\/v2\/media?parent=115984"}],"wp:term":[{"taxonomy":"category","embeddable":true,"href":"https:\/\/www.correiobraziliense.com.br\/cbradar\/wp-json\/wp\/v2\/categories?post=115984"},{"taxonomy":"post_tag","embeddable":true,"href":"https:\/\/www.correiobraziliense.com.br\/cbradar\/wp-json\/wp\/v2\/post_tag?post=115984"}],"curies":[{"name":"wp","href":"https:\/\/api.w.org\/{rel}","templated":true}]}}