{"id":11608,"date":"2025-03-13T20:10:00","date_gmt":"2025-03-13T23:10:00","guid":{"rendered":"https:\/\/www.correiobraziliense.com.br\/cbradar\/?p=11608"},"modified":"2025-03-11T21:25:22","modified_gmt":"2025-03-12T00:25:22","slug":"conheca-a-cidade-onde-a-agua-do-mar-brilha-no-escuro","status":"publish","type":"post","link":"https:\/\/www.correiobraziliense.com.br\/cbradar\/conheca-a-cidade-onde-a-agua-do-mar-brilha-no-escuro\/","title":{"rendered":"Conhe\u00e7a a cidade onde a \u00e1gua do mar brilha no escuro"},"content":{"rendered":"\n<p>Imagine caminhar \u00e0 beira-mar \u00e0 noite e ver as ondas brilhando com um intenso tom azul, como se as estrelas tivessem ca\u00eddo no oceano. Esse fen\u00f4meno incr\u00edvel acontece em <strong>Vaadhoo<\/strong>, uma ilha nas Maldivas, onde a \u00e1gua do mar brilha no escuro devido \u00e0 <strong>bioluminesc\u00eancia<\/strong>.<\/p>\n\n\n\n<p>Mas o que causa esse brilho m\u00e1gico? E por que esse fen\u00f4meno s\u00f3 ocorre em alguns lugares do mundo?<\/p>\n\n\n\n<h2 class=\"wp-block-heading\"><strong>O que faz a \u00e1gua do mar brilhar?<\/strong><\/h2>\n\n\n\n<p>O efeito luminoso das \u00e1guas de Vaadhoo \u00e9 causado por organismos microsc\u00f3picos chamados <strong>fitopl\u00e2nctons bioluminescentes<\/strong>, que emitem luz quando s\u00e3o perturbados. Esse brilho azul intenso pode ser ativado por:<\/p>\n\n\n\n<ul class=\"wp-block-list\">\n<li><strong>Ondas quebrando na praia<\/strong><\/li>\n\n\n\n<li><strong>Pegadas deixadas na areia molhada<\/strong><\/li>\n\n\n\n<li><strong>Movimento de um barco ou at\u00e9 o toque de uma pessoa na \u00e1gua<\/strong><\/li>\n<\/ul>\n\n\n\n<p>Essa luz azulada \u00e9 um <strong>mecanismo de defesa natural<\/strong> dos fitopl\u00e2nctons. Quando sentem perigo, eles emitem um flash de luz para assustar predadores ou confundir outras criaturas marinhas.<\/p>\n\n\n\n<figure class=\"wp-block-image size-large\"><img decoding=\"async\" width=\"1024\" height=\"576\" src=\"https:\/\/www.correiobraziliense.com.br\/cbradar\/wp-content\/uploads\/2025\/03\/Maldivas_1741738436981-1024x576.jpg\" alt=\"Conhe\u00e7a a cidade onde a \u00e1gua do mar brilha no escuro\" class=\"wp-image-11612\" srcset=\"https:\/\/www.correiobraziliense.com.br\/cbradar\/wp-content\/uploads\/2025\/03\/Maldivas_1741738436981-1024x576.jpg 1024w, https:\/\/www.correiobraziliense.com.br\/cbradar\/wp-content\/uploads\/2025\/03\/Maldivas_1741738436981-300x169.jpg 300w, https:\/\/www.correiobraziliense.com.br\/cbradar\/wp-content\/uploads\/2025\/03\/Maldivas_1741738436981-768x432.jpg 768w, https:\/\/www.correiobraziliense.com.br\/cbradar\/wp-content\/uploads\/2025\/03\/Maldivas_1741738436981-750x422.jpg 750w, https:\/\/www.correiobraziliense.com.br\/cbradar\/wp-content\/uploads\/2025\/03\/Maldivas_1741738436981-1140x641.jpg 1140w, https:\/\/www.correiobraziliense.com.br\/cbradar\/wp-content\/uploads\/2025\/03\/Maldivas_1741738436981.jpg 1280w\" sizes=\"(max-width: 1024px) 100vw, 1024px\" \/><figcaption class=\"wp-element-caption\">Maldivas. Cr\u00e9ditos: depositphotos.com \/ AlexGukBO<\/figcaption><\/figure>\n\n\n\n<h2 class=\"wp-block-heading\"><strong>Por que Vaadhoo \u00e9 t\u00e3o especial?<\/strong><\/h2>\n\n\n\n<p>Embora o fen\u00f4meno da bioluminesc\u00eancia ocorra em outras partes do mundo, as <strong>praias das Maldivas s\u00e3o especialmente famosas<\/strong> porque oferecem uma das exibi\u00e7\u00f5es mais brilhantes e duradouras. Isso ocorre devido \u00e0 combina\u00e7\u00e3o de:<\/p>\n\n\n\n<ul class=\"wp-block-list\">\n<li><strong>\u00c1guas tropicais ricas em fitopl\u00e2nctons<\/strong><\/li>\n\n\n\n<li><strong>Temperaturas ideais para o crescimento desses microrganismos<\/strong><\/li>\n\n\n\n<li><strong>Baixa polui\u00e7\u00e3o luminosa, tornando o efeito ainda mais vis\u00edvel<\/strong><\/li>\n<\/ul>\n\n\n\n<p>Al\u00e9m disso, as Maldivas s\u00e3o um dos <strong>destinos tur\u00edsticos mais paradis\u00edacos do mundo<\/strong>, e essa praia brilhante se tornou uma das atra\u00e7\u00f5es mais procuradas pelos viajantes.<\/p>\n\n\n\n<h2 class=\"wp-block-heading\"><strong>Como \u00e9 a experi\u00eancia de ver o mar brilhando?<\/strong><\/h2>\n\n\n\n<p>Visitar Vaadhoo \u00e0 noite \u00e9 uma experi\u00eancia surreal. Os turistas descrevem a sensa\u00e7\u00e3o como:<\/p>\n\n\n\n<ul class=\"wp-block-list\">\n<li><strong>Um &#8220;tapete de estrelas&#8221; sob os p\u00e9s<\/strong> \u2013 Cada passo na areia molhada cria pequenos rastros brilhantes.<\/li>\n\n\n\n<li><strong>\u00c1gua reluzente ao mergulhar<\/strong> \u2013 Movimentos na \u00e1gua fazem surgir ondas de luz azul ao redor do corpo.<\/li>\n\n\n\n<li><strong>Sil\u00eancio e magia<\/strong> \u2013 O cen\u00e1rio tranquilo, combinado com a luz natural, cria uma atmosfera inesquec\u00edvel.<\/li>\n<\/ul>\n\n\n\n<p>Al\u00e9m disso, muitos visitantes tentam capturar fotos do fen\u00f4meno, embora seja desafiador registrar a beleza da bioluminesc\u00eancia sem o equipamento adequado.<\/p>\n\n\n\n<h2 class=\"wp-block-heading\"><strong>Curiosidades sobre a bioluminesc\u00eancia em Vaadhoo<\/strong><\/h2>\n\n\n\n<ul class=\"wp-block-list\">\n<li><strong>O fen\u00f4meno ocorre principalmente entre julho e fevereiro<\/strong>, quando a concentra\u00e7\u00e3o de fitopl\u00e2nctons \u00e9 maior.<\/li>\n\n\n\n<li><strong>Outros lugares do mundo tamb\u00e9m t\u00eam esse efeito<\/strong>, como Porto Rico, Calif\u00f3rnia e Austr\u00e1lia, mas as Maldivas oferecem um dos espet\u00e1culos mais intensos.<\/li>\n\n\n\n<li><strong>A luz azul \u00e9 fria<\/strong>, diferente do fogo, pois vem de rea\u00e7\u00f5es qu\u00edmicas biol\u00f3gicas e n\u00e3o do calor.<\/li>\n\n\n\n<li><strong>Mesmo sendo um fen\u00f4meno natural, ele n\u00e3o acontece todas as noites<\/strong>, dependendo das condi\u00e7\u00f5es do mar e do clima.<\/li>\n\n\n\n<li><strong>O fen\u00f4meno j\u00e1 inspirou filmes e videogames<\/strong>, incluindo cenas de bioluminesc\u00eancia em produ\u00e7\u00f5es como <em>Avatar<\/em>.<\/li>\n<\/ul>\n\n\n\n<h2 class=\"wp-block-heading\"><strong>O que Vaadhoo pode nos ensinar sobre a natureza?<\/strong><\/h2>\n\n\n\n<p>A bioluminesc\u00eancia de Vaadhoo nos lembra de como a natureza pode ser m\u00e1gica e surpreendente. Esse espet\u00e1culo natural mostra que mesmo os menores organismos podem criar algo de beleza incompar\u00e1vel, transformando um simples oceano em um <strong>mar de estrelas vivas<\/strong>.<\/p>\n\n\n\n<p>Se existe um lugar onde a ci\u00eancia e a fantasia se encontram, esse lugar com certeza \u00e9 Vaadhoo.<\/p>\n","protected":false},"excerpt":{"rendered":"<p>Existe uma ilha onde a \u00e1gua do mar brilha no escuro, criando um espet\u00e1culo azul m\u00e1gico. Como isso \u00e9 poss\u00edvel? Descubra os mist\u00e9rios.<\/p>\n","protected":false},"author":3,"featured_media":11610,"comment_status":"open","ping_status":"open","sticky":false,"template":"","format":"standard","meta":{"_yoast_wpseo_focuskw":"cidade \u00e1gua brilha","_yoast_wpseo_title":"%%title%%","_yoast_wpseo_metadesc":"Existe uma ilha onde a \u00e1gua do mar brilha no escuro, criando um espet\u00e1culo azul m\u00e1gico. Como isso \u00e9 poss\u00edvel? Descubra os mist\u00e9rios.","jnews-multi-image_gallery":[],"jnews_single_post":{"format":"standard"},"jnews_primary_category":[],"jnews_social_meta":[],"jnews_override_counter":[],"footnotes":""},"categories":[108],"post_tag":[109],"class_list":["post-11608","post","type-post","status-publish","format-standard","has-post-thumbnail","hentry","category-cidades","tag-cidades"],"yoast_head":"<!-- This site is optimized with the Yoast SEO plugin v24.6 - https:\/\/yoast.com\/wordpress\/plugins\/seo\/ -->\n<title>Conhe\u00e7a a cidade onde a \u00e1gua do mar brilha no escuro<\/title>\n<meta name=\"description\" content=\"Existe uma ilha onde a \u00e1gua do mar brilha no escuro, criando um espet\u00e1culo azul m\u00e1gico. Como isso \u00e9 poss\u00edvel? Descubra os mist\u00e9rios.\" \/>\n<meta name=\"robots\" content=\"index, follow, max-snippet:-1, max-image-preview:large, max-video-preview:-1\" \/>\n<link rel=\"canonical\" href=\"https:\/\/www.correiobraziliense.com.br\/cbradar\/conheca-a-cidade-onde-a-agua-do-mar-brilha-no-escuro\/\" \/>\n<meta property=\"og:locale\" content=\"pt_BR\" \/>\n<meta property=\"og:type\" content=\"article\" \/>\n<meta property=\"og:title\" content=\"Conhe\u00e7a a cidade onde a \u00e1gua do mar brilha no escuro\" \/>\n<meta property=\"og:description\" content=\"Existe uma ilha onde a \u00e1gua do mar brilha no escuro, criando um espet\u00e1culo azul m\u00e1gico. Como isso \u00e9 poss\u00edvel? Descubra os mist\u00e9rios.\" \/>\n<meta property=\"og:url\" content=\"https:\/\/www.correiobraziliense.com.br\/cbradar\/conheca-a-cidade-onde-a-agua-do-mar-brilha-no-escuro\/\" \/>\n<meta property=\"og:site_name\" content=\"Correio Braziliense - Radar\" \/>\n<meta property=\"article:published_time\" content=\"2025-03-13T23:10:00+00:00\" \/>\n<meta property=\"og:image\" content=\"https:\/\/www.correiobraziliense.com.br\/cbradar\/wp-content\/uploads\/2025\/03\/Maldivas_1741738405668.jpg\" \/>\n\t<meta property=\"og:image:width\" content=\"1280\" \/>\n\t<meta property=\"og:image:height\" content=\"720\" \/>\n\t<meta property=\"og:image:type\" content=\"image\/jpeg\" \/>\n<meta name=\"author\" content=\"Larissa Carvalho\" \/>\n<meta name=\"twitter:card\" content=\"summary_large_image\" \/>\n<meta name=\"twitter:label1\" content=\"Escrito por\" \/>\n\t<meta name=\"twitter:data1\" content=\"Larissa Carvalho\" \/>\n\t<meta name=\"twitter:label2\" content=\"Est. tempo de leitura\" \/>\n\t<meta name=\"twitter:data2\" content=\"4 minutos\" \/>\n<!-- \/ Yoast SEO plugin. -->","yoast_head_json":{"title":"Conhe\u00e7a a cidade onde a \u00e1gua do mar brilha no escuro","description":"Existe uma ilha onde a \u00e1gua do mar brilha no escuro, criando um espet\u00e1culo azul m\u00e1gico. Como isso \u00e9 poss\u00edvel? Descubra os mist\u00e9rios.","robots":{"index":"index","follow":"follow","max-snippet":"max-snippet:-1","max-image-preview":"max-image-preview:large","max-video-preview":"max-video-preview:-1"},"canonical":"https:\/\/www.correiobraziliense.com.br\/cbradar\/conheca-a-cidade-onde-a-agua-do-mar-brilha-no-escuro\/","og_locale":"pt_BR","og_type":"article","og_title":"Conhe\u00e7a a cidade onde a \u00e1gua do mar brilha no escuro","og_description":"Existe uma ilha onde a \u00e1gua do mar brilha no escuro, criando um espet\u00e1culo azul m\u00e1gico. Como isso \u00e9 poss\u00edvel? Descubra os mist\u00e9rios.","og_url":"https:\/\/www.correiobraziliense.com.br\/cbradar\/conheca-a-cidade-onde-a-agua-do-mar-brilha-no-escuro\/","og_site_name":"Correio Braziliense - Radar","article_published_time":"2025-03-13T23:10:00+00:00","og_image":[{"width":1280,"height":720,"url":"https:\/\/www.correiobraziliense.com.br\/cbradar\/wp-content\/uploads\/2025\/03\/Maldivas_1741738405668.jpg","type":"image\/jpeg"}],"author":"Larissa Carvalho","twitter_card":"summary_large_image","twitter_misc":{"Escrito por":"Larissa Carvalho","Est. tempo de leitura":"4 minutos"},"schema":{"@context":"https:\/\/schema.org","@graph":[{"@type":"WebPage","@id":"https:\/\/www.correiobraziliense.com.br\/cbradar\/conheca-a-cidade-onde-a-agua-do-mar-brilha-no-escuro\/","url":"https:\/\/www.correiobraziliense.com.br\/cbradar\/conheca-a-cidade-onde-a-agua-do-mar-brilha-no-escuro\/","name":"Conhe\u00e7a a cidade onde a \u00e1gua do mar brilha no escuro","isPartOf":{"@id":"https:\/\/www.correiobraziliense.com.br\/cbradar\/#website"},"primaryImageOfPage":{"@id":"https:\/\/www.correiobraziliense.com.br\/cbradar\/conheca-a-cidade-onde-a-agua-do-mar-brilha-no-escuro\/#primaryimage"},"image":{"@id":"https:\/\/www.correiobraziliense.com.br\/cbradar\/conheca-a-cidade-onde-a-agua-do-mar-brilha-no-escuro\/#primaryimage"},"thumbnailUrl":"https:\/\/www.correiobraziliense.com.br\/cbradar\/wp-content\/uploads\/2025\/03\/Maldivas_1741738405668.jpg","datePublished":"2025-03-13T23:10:00+00:00","author":{"@id":"https:\/\/www.correiobraziliense.com.br\/cbradar\/#\/schema\/person\/58422787644df994b53a19d3e56c1513"},"description":"Existe uma ilha onde a \u00e1gua do mar brilha no escuro, criando um espet\u00e1culo azul m\u00e1gico. Como isso \u00e9 poss\u00edvel? Descubra os mist\u00e9rios.","breadcrumb":{"@id":"https:\/\/www.correiobraziliense.com.br\/cbradar\/conheca-a-cidade-onde-a-agua-do-mar-brilha-no-escuro\/#breadcrumb"},"inLanguage":"pt-BR","potentialAction":[{"@type":"ReadAction","target":["https:\/\/www.correiobraziliense.com.br\/cbradar\/conheca-a-cidade-onde-a-agua-do-mar-brilha-no-escuro\/"]}]},{"@type":"ImageObject","inLanguage":"pt-BR","@id":"https:\/\/www.correiobraziliense.com.br\/cbradar\/conheca-a-cidade-onde-a-agua-do-mar-brilha-no-escuro\/#primaryimage","url":"https:\/\/www.correiobraziliense.com.br\/cbradar\/wp-content\/uploads\/2025\/03\/Maldivas_1741738405668.jpg","contentUrl":"https:\/\/www.correiobraziliense.com.br\/cbradar\/wp-content\/uploads\/2025\/03\/Maldivas_1741738405668.jpg","width":1280,"height":720,"caption":"Maldivas. Cr\u00e9ditos: depositphotos.com \/ AlexGukBO"},{"@type":"BreadcrumbList","@id":"https:\/\/www.correiobraziliense.com.br\/cbradar\/conheca-a-cidade-onde-a-agua-do-mar-brilha-no-escuro\/#breadcrumb","itemListElement":[{"@type":"ListItem","position":1,"name":"In\u00edcio","item":"https:\/\/www.correiobraziliense.com.br\/cbradar\/"},{"@type":"ListItem","position":2,"name":"Conhe\u00e7a a cidade onde a \u00e1gua do mar brilha no escuro"}]},{"@type":"WebSite","@id":"https:\/\/www.correiobraziliense.com.br\/cbradar\/#website","url":"https:\/\/www.correiobraziliense.com.br\/cbradar\/","name":"Correio Braziliense - Radar","description":"Acompanhe as \u00faltimas not\u00edcias e fique bem informado sobre tudo o que acontece no Brasil e no mundo.","potentialAction":[{"@type":"SearchAction","target":{"@type":"EntryPoint","urlTemplate":"https:\/\/www.correiobraziliense.com.br\/cbradar\/?s={search_term_string}"},"query-input":{"@type":"PropertyValueSpecification","valueRequired":true,"valueName":"search_term_string"}}],"inLanguage":"pt-BR"},{"@type":"Person","@id":"https:\/\/www.correiobraziliense.com.br\/cbradar\/#\/schema\/person\/58422787644df994b53a19d3e56c1513","name":"Larissa Carvalho","image":{"@type":"ImageObject","inLanguage":"pt-BR","@id":"https:\/\/www.correiobraziliense.com.br\/cbradar\/#\/schema\/person\/image\/","url":"https:\/\/secure.gravatar.com\/avatar\/fe4f91a0de32b52a838d0d612abdc1aa?s=96&d=mm&r=g","contentUrl":"https:\/\/secure.gravatar.com\/avatar\/fe4f91a0de32b52a838d0d612abdc1aa?s=96&d=mm&r=g","caption":"Larissa Carvalho"},"url":"https:\/\/www.correiobraziliense.com.br\/cbradar\/author\/larissamyth\/"}]}},"_links":{"self":[{"href":"https:\/\/www.correiobraziliense.com.br\/cbradar\/wp-json\/wp\/v2\/posts\/11608","targetHints":{"allow":["GET"]}}],"collection":[{"href":"https:\/\/www.correiobraziliense.com.br\/cbradar\/wp-json\/wp\/v2\/posts"}],"about":[{"href":"https:\/\/www.correiobraziliense.com.br\/cbradar\/wp-json\/wp\/v2\/types\/post"}],"author":[{"embeddable":true,"href":"https:\/\/www.correiobraziliense.com.br\/cbradar\/wp-json\/wp\/v2\/users\/3"}],"replies":[{"embeddable":true,"href":"https:\/\/www.correiobraziliense.com.br\/cbradar\/wp-json\/wp\/v2\/comments?post=11608"}],"version-history":[{"count":1,"href":"https:\/\/www.correiobraziliense.com.br\/cbradar\/wp-json\/wp\/v2\/posts\/11608\/revisions"}],"predecessor-version":[{"id":11613,"href":"https:\/\/www.correiobraziliense.com.br\/cbradar\/wp-json\/wp\/v2\/posts\/11608\/revisions\/11613"}],"wp:featuredmedia":[{"embeddable":true,"href":"https:\/\/www.correiobraziliense.com.br\/cbradar\/wp-json\/wp\/v2\/media\/11610"}],"wp:attachment":[{"href":"https:\/\/www.correiobraziliense.com.br\/cbradar\/wp-json\/wp\/v2\/media?parent=11608"}],"wp:term":[{"taxonomy":"category","embeddable":true,"href":"https:\/\/www.correiobraziliense.com.br\/cbradar\/wp-json\/wp\/v2\/categories?post=11608"},{"taxonomy":"post_tag","embeddable":true,"href":"https:\/\/www.correiobraziliense.com.br\/cbradar\/wp-json\/wp\/v2\/post_tag?post=11608"}],"curies":[{"name":"wp","href":"https:\/\/api.w.org\/{rel}","templated":true}]}}